{"id":3085,"date":"2022-07-08T19:52:25","date_gmt":"2022-07-08T19:52:25","guid":{"rendered":"https:\/\/jbcnews.com.br\/?p=3085"},"modified":"2024-04-25T04:44:50","modified_gmt":"2024-04-25T04:44:50","slug":"mbappe-e-messi-entram-em-conflito-no-psg-por-conta-de-neymar-diz-jornal","status":"publish","type":"post","link":"https:\/\/jbcnews.com.br\/index.php\/2022\/07\/08\/mbappe-e-messi-entram-em-conflito-no-psg-por-conta-de-neymar-diz-jornal\/","title":{"rendered":"Mbapp\u00e9 e Messi entram em conflito no PSG por conta de Neymar, diz jornal."},"content":{"rendered":"\n<div id=\"fb-root\"><\/div>\n<script async=\"\" defer=\"\" crossorigin=\"anonymous\" src=\"https:\/\/connect.facebook.net\/pt_BR\/sdk.js#xfbml=1&amp;version=v8.0\" nonce=\"umdzmuzQ\">\n<\/script>\n\n\n<script>\n\nvar conteudo_fb = encodeURIComponent(document.title + \" \" + window.location.href); \nvar conteudo_tw = encodeURIComponent(document.title + \" \" + window.location.href); \n\ndocument.getElementById('btfb').dataHref=conteudo_fb; \ndocument.getElementById('btfb').href='https:\/\/www.facebook.com\/sharer\/sharer.php?u='+conteudo_fb+'&src=sdkpreparse'; \n\ndocument.getElementById('atw').dataText=conteudo_tw; \n\n\tfunction share_whatsapp() {\n\t\tvar conteudo_wp = encodeURIComponent(document.title + \" \" + window.location.href); \n\t\tvar linkwp = \"https:\/\/api.whatsapp.com\/send?text=\" + conteudo_wp; \n\t\twindow.open(linkwp); \n\t}\n\n<\/script>\n\n<div style=\"width: 500px; height: 40px; \">\n\t<div style=\"display: nonex; width: auto; vertical-align: top; \">\n\t\t<div id=\"btfb\" class=\"fb-share-button\" data-href=\"\" data-layout=\"button\" data-size=\"small\" style=\"float: left; \">\n\t\t\t<a id=\"abtfb\" target=\"_blank\" href=\"\" class=\"fb-xfbml-parse-ignore\" style=\" \" rel=\"noopener noreferrer\">Compartilhar<\/a>\n\t\t<\/div>\n\t\t<div style=\"float: left; height: 40px; margin-left: 10px; margin-top: 7px; \">\n\t\t\t<img decoding=\"async\" src=\"https:\/\/getsupbrasil.com.br\/ftpclientes\/brasilnordeste\/images\/share-whatsapp.png\" style=\"height: 18px; cursor: pointer;  \" onclick=\"share_whatsapp(); \">\n\t\t<\/div>\n\t\t<div style=\"float: left; height: 40px; margin-left: 10px; margin-top: 7px; \">\n\t\t\t<a href=\"https:\/\/twitter.com\/share?ref_src=twsrc%5Etfw\" class=\"twitter-share-button\" data-text=\"\" data-via=\"BrasilNordeste2\" data-lang=\"pt\" data-show-count=\"false\">Tweet<\/a><script async=\"\" src=\"https:\/\/platform.twitter.com\/widgets.js\" charset=\"utf-8\"><\/script>\n\t\t<\/div>\n\t\t<div style=\"clear: both; \"><\/div>\n\t<\/div>\n\n\t<!-- <img decoding=\"async\" src=\"https:\/\/getsupbrazil.com.br\/brasilnordeste\/images\/share-facebook.png\" style=\"height: 18px; cursor: pointer; \" onclick=\"share_facebook(); \" > -->\n\n<\/div>\n<br>\n\n\n\n<p>O clima no Paris Saint-Germain n\u00e3o est\u00e1 bom. Kylian Mbappe e Lionel Messi entraram em rota de colis\u00e3o por conta de Neymar, segundo informa o &#8220;Mundo Desportivo&#8221;. A poss\u00edvel sa\u00edda do brasileiro \u00e9 alvo de conflito entre os dois astros.<\/p>\n\n\n\n<p>Ap\u00f3s Mbappe renovar seu contrato, o atacante exigiu mais lideran\u00e7a dentro do vesti\u00e1rio. O camisa sete gostaria que Neymar deixasse o PSG por conta de indisciplinas, enquanto Messi quer o companheiro no elenco por tudo o que agrega esportivamente.<\/p>\n\n\n\n<ul><li>Veja em quais ataques Neymar poderia jogar na Europa<\/li><\/ul>\n\n\n\n<p>A sa\u00edda de Neymar da Fran\u00e7a n\u00e3o \u00e9 algo f\u00e1cil, principalmente ap\u00f3s o camisa 10 ter ativado uma cl\u00e1usula de renova\u00e7\u00e3o contratual autom\u00e1tica em que passou a ter v\u00ednculo com o Paris Saint-Germain at\u00e9 2027.<\/p>\n\n\n\n<p>Por conta de seu alto sal\u00e1rio, diversos clubes n\u00e3o possuem condi\u00e7\u00f5es econ\u00f4micas para contratar o atacante brasileiro. No entanto, o astro da Sele\u00e7\u00e3o Brasileira vem sendo especulado no Chelsea, embora n\u00e3o haja nenhuma proposta oficial.<\/p>\n","protected":false},"excerpt":{"rendered":"<p>Compartilhar Tweet O clima no Paris Saint-Germain n\u00e3o est\u00e1 bom. Kylian Mbappe e Lionel Messi entraram em rota de colis\u00e3o por conta de Neymar, segundo informa<span class=\"excerpt-hellip\"> [\u2026]<\/span><\/p>\n","protected":false},"author":1,"featured_media":3086,"comment_status":"open","ping_status":"open","sticky":false,"template":"","format":"standard","meta":{"footnotes":""},"categories":[3,23],"tags":[],"yoast_head":"<!-- This site is optimized with the Yoast SEO plugin v22.6 - https:\/\/yoast.com\/wordpress\/plugins\/seo\/ -->\n<title>Mbapp\u00e9 e Messi entram em conflito no PSG por conta de Neymar, diz jornal. - JBCNews<\/title>\n<meta name=\"robots\" content=\"index, follow, max-snippet:-1, max-image-preview:large, max-video-preview:-1\" \/>\n<link rel=\"canonical\" href=\"https:\/\/jbcnews.com.br\/index.php\/2022\/07\/08\/mbappe-e-messi-entram-em-conflito-no-psg-por-conta-de-neymar-diz-jornal\/\" \/>\n<meta property=\"og:locale\" content=\"pt_BR\" \/>\n<meta property=\"og:type\" content=\"article\" \/>\n<meta property=\"og:title\" content=\"Mbapp\u00e9 e Messi entram em conflito no PSG por conta de Neymar, diz jornal. - JBCNews\" \/>\n<meta property=\"og:description\" content=\"Compartilhar Tweet O clima no Paris Saint-Germain n\u00e3o est\u00e1 bom. Kylian Mbappe e Lionel Messi entraram em rota de colis\u00e3o por conta de Neymar, segundo informa [\u2026]\" \/>\n<meta property=\"og:url\" content=\"https:\/\/jbcnews.com.br\/index.php\/2022\/07\/08\/mbappe-e-messi-entram-em-conflito-no-psg-por-conta-de-neymar-diz-jornal\/\" \/>\n<meta property=\"og:site_name\" content=\"JBCNews\" \/>\n<meta property=\"article:published_time\" content=\"2022-07-08T19:52:25+00:00\" \/>\n<meta property=\"article:modified_time\" content=\"2024-04-25T04:44:50+00:00\" \/>\n<meta property=\"og:image\" content=\"https:\/\/jbcnews.com.br\/wp-content\/uploads\/2022\/07\/image-2.png\" \/>\n\t<meta property=\"og:image:width\" content=\"846\" \/>\n\t<meta property=\"og:image:height\" content=\"578\" \/>\n\t<meta property=\"og:image:type\" content=\"image\/png\" \/>\n<meta name=\"author\" content=\"admin\" \/>\n<meta name=\"twitter:card\" content=\"summary_large_image\" \/>\n<meta name=\"twitter:label1\" content=\"Escrito por\" \/>\n\t<meta name=\"twitter:data1\" content=\"admin\" \/>\n\t<meta name=\"twitter:label2\" content=\"Est. tempo de leitura\" \/>\n\t<meta name=\"twitter:data2\" content=\"1 minuto\" \/>\n<script type=\"application\/ld+json\" class=\"yoast-schema-graph\">{\"@context\":\"https:\/\/schema.org\",\"@graph\":[{\"@type\":\"WebPage\",\"@id\":\"https:\/\/jbcnews.com.br\/index.php\/2022\/07\/08\/mbappe-e-messi-entram-em-conflito-no-psg-por-conta-de-neymar-diz-jornal\/\",\"url\":\"https:\/\/jbcnews.com.br\/index.php\/2022\/07\/08\/mbappe-e-messi-entram-em-conflito-no-psg-por-conta-de-neymar-diz-jornal\/\",\"name\":\"Mbapp\u00e9 e Messi entram em conflito no PSG por conta de Neymar, diz jornal. - JBCNews\",\"isPartOf\":{\"@id\":\"https:\/\/jbcnews.com.br\/#website\"},\"primaryImageOfPage\":{\"@id\":\"https:\/\/jbcnews.com.br\/index.php\/2022\/07\/08\/mbappe-e-messi-entram-em-conflito-no-psg-por-conta-de-neymar-diz-jornal\/#primaryimage\"},\"image\":{\"@id\":\"https:\/\/jbcnews.com.br\/index.php\/2022\/07\/08\/mbappe-e-messi-entram-em-conflito-no-psg-por-conta-de-neymar-diz-jornal\/#primaryimage\"},\"thumbnailUrl\":\"https:\/\/jbcnews.com.br\/wp-content\/uploads\/2022\/07\/image-2.png\",\"datePublished\":\"2022-07-08T19:52:25+00:00\",\"dateModified\":\"2024-04-25T04:44:50+00:00\",\"author\":{\"@id\":\"https:\/\/jbcnews.com.br\/#\/schema\/person\/3b597ec20ccf92d0adc436057caf9bbe\"},\"breadcrumb\":{\"@id\":\"https:\/\/jbcnews.com.br\/index.php\/2022\/07\/08\/mbappe-e-messi-entram-em-conflito-no-psg-por-conta-de-neymar-diz-jornal\/#breadcrumb\"},\"inLanguage\":\"pt-BR\",\"potentialAction\":[{\"@type\":\"ReadAction\",\"target\":[\"https:\/\/jbcnews.com.br\/index.php\/2022\/07\/08\/mbappe-e-messi-entram-em-conflito-no-psg-por-conta-de-neymar-diz-jornal\/\"]}]},{\"@type\":\"ImageObject\",\"inLanguage\":\"pt-BR\",\"@id\":\"https:\/\/jbcnews.com.br\/index.php\/2022\/07\/08\/mbappe-e-messi-entram-em-conflito-no-psg-por-conta-de-neymar-diz-jornal\/#primaryimage\",\"url\":\"https:\/\/jbcnews.com.br\/wp-content\/uploads\/2022\/07\/image-2.png\",\"contentUrl\":\"https:\/\/jbcnews.com.br\/wp-content\/uploads\/2022\/07\/image-2.png\",\"width\":846,\"height\":578},{\"@type\":\"BreadcrumbList\",\"@id\":\"https:\/\/jbcnews.com.br\/index.php\/2022\/07\/08\/mbappe-e-messi-entram-em-conflito-no-psg-por-conta-de-neymar-diz-jornal\/#breadcrumb\",\"itemListElement\":[{\"@type\":\"ListItem\",\"position\":1,\"name\":\"In\u00edcio\",\"item\":\"https:\/\/jbcnews.com.br\/\"},{\"@type\":\"ListItem\",\"position\":2,\"name\":\"Mbapp\u00e9 e Messi entram em conflito no PSG por conta de Neymar, diz jornal.\"}]},{\"@type\":\"WebSite\",\"@id\":\"https:\/\/jbcnews.com.br\/#website\",\"url\":\"https:\/\/jbcnews.com.br\/\",\"name\":\"JBCNews\",\"description\":\"Comunica\u00e7\u00e3o e Cultura\",\"potentialAction\":[{\"@type\":\"SearchAction\",\"target\":{\"@type\":\"EntryPoint\",\"urlTemplate\":\"https:\/\/jbcnews.com.br\/?s={search_term_string}\"},\"query-input\":\"required name=search_term_string\"}],\"inLanguage\":\"pt-BR\"},{\"@type\":\"Person\",\"@id\":\"https:\/\/jbcnews.com.br\/#\/schema\/person\/3b597ec20ccf92d0adc436057caf9bbe\",\"name\":\"admin\",\"image\":{\"@type\":\"ImageObject\",\"inLanguage\":\"pt-BR\",\"@id\":\"https:\/\/jbcnews.com.br\/#\/schema\/person\/image\/\",\"url\":\"https:\/\/secure.gravatar.com\/avatar\/fe848d2435b65c3ed1cdd3a8e8f3bb2d?s=96&d=mm&r=g\",\"contentUrl\":\"https:\/\/secure.gravatar.com\/avatar\/fe848d2435b65c3ed1cdd3a8e8f3bb2d?s=96&d=mm&r=g\",\"caption\":\"admin\"},\"sameAs\":[\"https:\/\/jbcnews.com.br\"],\"url\":\"https:\/\/jbcnews.com.br\/index.php\/author\/jbcnews\/\"}]}<\/script>\n<!-- \/ Yoast SEO plugin. -->","yoast_head_json":{"title":"Mbapp\u00e9 e Messi entram em conflito no PSG por conta de Neymar, diz jornal. - JBCNews","robots":{"index":"index","follow":"follow","max-snippet":"max-snippet:-1","max-image-preview":"max-image-preview:large","max-video-preview":"max-video-preview:-1"},"canonical":"https:\/\/jbcnews.com.br\/index.php\/2022\/07\/08\/mbappe-e-messi-entram-em-conflito-no-psg-por-conta-de-neymar-diz-jornal\/","og_locale":"pt_BR","og_type":"article","og_title":"Mbapp\u00e9 e Messi entram em conflito no PSG por conta de Neymar, diz jornal. - JBCNews","og_description":"Compartilhar Tweet O clima no Paris Saint-Germain n\u00e3o est\u00e1 bom. Kylian Mbappe e Lionel Messi entraram em rota de colis\u00e3o por conta de Neymar, segundo informa [\u2026]","og_url":"https:\/\/jbcnews.com.br\/index.php\/2022\/07\/08\/mbappe-e-messi-entram-em-conflito-no-psg-por-conta-de-neymar-diz-jornal\/","og_site_name":"JBCNews","article_published_time":"2022-07-08T19:52:25+00:00","article_modified_time":"2024-04-25T04:44:50+00:00","og_image":[{"width":846,"height":578,"url":"https:\/\/jbcnews.com.br\/wp-content\/uploads\/2022\/07\/image-2.png","type":"image\/png"}],"author":"admin","twitter_card":"summary_large_image","twitter_misc":{"Escrito por":"admin","Est. tempo de leitura":"1 minuto"},"schema":{"@context":"https:\/\/schema.org","@graph":[{"@type":"WebPage","@id":"https:\/\/jbcnews.com.br\/index.php\/2022\/07\/08\/mbappe-e-messi-entram-em-conflito-no-psg-por-conta-de-neymar-diz-jornal\/","url":"https:\/\/jbcnews.com.br\/index.php\/2022\/07\/08\/mbappe-e-messi-entram-em-conflito-no-psg-por-conta-de-neymar-diz-jornal\/","name":"Mbapp\u00e9 e Messi entram em conflito no PSG por conta de Neymar, diz jornal. - JBCNews","isPartOf":{"@id":"https:\/\/jbcnews.com.br\/#website"},"primaryImageOfPage":{"@id":"https:\/\/jbcnews.com.br\/index.php\/2022\/07\/08\/mbappe-e-messi-entram-em-conflito-no-psg-por-conta-de-neymar-diz-jornal\/#primaryimage"},"image":{"@id":"https:\/\/jbcnews.com.br\/index.php\/2022\/07\/08\/mbappe-e-messi-entram-em-conflito-no-psg-por-conta-de-neymar-diz-jornal\/#primaryimage"},"thumbnailUrl":"https:\/\/jbcnews.com.br\/wp-content\/uploads\/2022\/07\/image-2.png","datePublished":"2022-07-08T19:52:25+00:00","dateModified":"2024-04-25T04:44:50+00:00","author":{"@id":"https:\/\/jbcnews.com.br\/#\/schema\/person\/3b597ec20ccf92d0adc436057caf9bbe"},"breadcrumb":{"@id":"https:\/\/jbcnews.com.br\/index.php\/2022\/07\/08\/mbappe-e-messi-entram-em-conflito-no-psg-por-conta-de-neymar-diz-jornal\/#breadcrumb"},"inLanguage":"pt-BR","potentialAction":[{"@type":"ReadAction","target":["https:\/\/jbcnews.com.br\/index.php\/2022\/07\/08\/mbappe-e-messi-entram-em-conflito-no-psg-por-conta-de-neymar-diz-jornal\/"]}]},{"@type":"ImageObject","inLanguage":"pt-BR","@id":"https:\/\/jbcnews.com.br\/index.php\/2022\/07\/08\/mbappe-e-messi-entram-em-conflito-no-psg-por-conta-de-neymar-diz-jornal\/#primaryimage","url":"https:\/\/jbcnews.com.br\/wp-content\/uploads\/2022\/07\/image-2.png","contentUrl":"https:\/\/jbcnews.com.br\/wp-content\/uploads\/2022\/07\/image-2.png","width":846,"height":578},{"@type":"BreadcrumbList","@id":"https:\/\/jbcnews.com.br\/index.php\/2022\/07\/08\/mbappe-e-messi-entram-em-conflito-no-psg-por-conta-de-neymar-diz-jornal\/#breadcrumb","itemListElement":[{"@type":"ListItem","position":1,"name":"In\u00edcio","item":"https:\/\/jbcnews.com.br\/"},{"@type":"ListItem","position":2,"name":"Mbapp\u00e9 e Messi entram em conflito no PSG por conta de Neymar, diz jornal."}]},{"@type":"WebSite","@id":"https:\/\/jbcnews.com.br\/#website","url":"https:\/\/jbcnews.com.br\/","name":"JBCNews","description":"Comunica\u00e7\u00e3o e Cultura","potentialAction":[{"@type":"SearchAction","target":{"@type":"EntryPoint","urlTemplate":"https:\/\/jbcnews.com.br\/?s={search_term_string}"},"query-input":"required name=search_term_string"}],"inLanguage":"pt-BR"},{"@type":"Person","@id":"https:\/\/jbcnews.com.br\/#\/schema\/person\/3b597ec20ccf92d0adc436057caf9bbe","name":"admin","image":{"@type":"ImageObject","inLanguage":"pt-BR","@id":"https:\/\/jbcnews.com.br\/#\/schema\/person\/image\/","url":"https:\/\/secure.gravatar.com\/avatar\/fe848d2435b65c3ed1cdd3a8e8f3bb2d?s=96&d=mm&r=g","contentUrl":"https:\/\/secure.gravatar.com\/avatar\/fe848d2435b65c3ed1cdd3a8e8f3bb2d?s=96&d=mm&r=g","caption":"admin"},"sameAs":["https:\/\/jbcnews.com.br"],"url":"https:\/\/jbcnews.com.br\/index.php\/author\/jbcnews\/"}]}},"_links":{"self":[{"href":"https:\/\/jbcnews.com.br\/index.php\/wp-json\/wp\/v2\/posts\/3085"}],"collection":[{"href":"https:\/\/jbcnews.com.br\/index.php\/wp-json\/wp\/v2\/posts"}],"about":[{"href":"https:\/\/jbcnews.com.br\/index.php\/wp-json\/wp\/v2\/types\/post"}],"author":[{"embeddable":true,"href":"https:\/\/jbcnews.com.br\/index.php\/wp-json\/wp\/v2\/users\/1"}],"replies":[{"embeddable":true,"href":"https:\/\/jbcnews.com.br\/index.php\/wp-json\/wp\/v2\/comments?post=3085"}],"version-history":[{"count":1,"href":"https:\/\/jbcnews.com.br\/index.php\/wp-json\/wp\/v2\/posts\/3085\/revisions"}],"predecessor-version":[{"id":3087,"href":"https:\/\/jbcnews.com.br\/index.php\/wp-json\/wp\/v2\/posts\/3085\/revisions\/3087"}],"wp:featuredmedia":[{"embeddable":true,"href":"https:\/\/jbcnews.com.br\/index.php\/wp-json\/wp\/v2\/media\/3086"}],"wp:attachment":[{"href":"https:\/\/jbcnews.com.br\/index.php\/wp-json\/wp\/v2\/media?parent=3085"}],"wp:term":[{"taxonomy":"category","embeddable":true,"href":"https:\/\/jbcnews.com.br\/index.php\/wp-json\/wp\/v2\/categories?post=3085"},{"taxonomy":"post_tag","embeddable":true,"href":"https:\/\/jbcnews.com.br\/index.php\/wp-json\/wp\/v2\/tags?post=3085"}],"curies":[{"name":"wp","href":"https:\/\/api.w.org\/{rel}","templated":true}]}}