{"id":3025,"date":"2022-06-06T21:04:14","date_gmt":"2022-06-06T21:04:14","guid":{"rendered":"https:\/\/jbcnews.com.br\/?p=3025"},"modified":"2024-04-25T04:43:20","modified_gmt":"2024-04-25T04:43:20","slug":"tarcisio-diz-que-lula-e-tita-e-nao-teria-problemas-em-governo-do-pt","status":"publish","type":"post","link":"https:\/\/jbcnews.com.br\/index.php\/2022\/06\/06\/tarcisio-diz-que-lula-e-tita-e-nao-teria-problemas-em-governo-do-pt\/","title":{"rendered":"Tarc\u00edsio diz que Lula \u00e9 &#8216;tit\u00e3&#8217; e n\u00e3o teria problemas em governo do PT."},"content":{"rendered":"\n<p>Pr\u00e9-candidato ao governo de S\u00e3o Paulo, o ex-ministro Tarc\u00edsio de Freitas (Republicanos) afirmou que n\u00e3o teria problemas em se relacionar com o ex-presidente Lula (PT), caso os dois fossem eleitos ao mesmo tempo.<\/p>\n\n\n\n<p><strong>Resumo da not\u00edcia<\/strong><\/p>\n\n\n\n<ul><li><em>Candidato de Bolsonaro em SP, Tarc\u00edsio de Freitas diz que n\u00e3o teria problema em governar com Lula no poder<\/em><\/li><li><em>Tarc\u00edsio afirmou que Bolsonaro e Lula s\u00e3o &#8216;dois tit\u00e3s&#8221;<\/em><\/li><li><em>Ex-ministro aparece em terceiro lugar nas pesquisas de inten\u00e7\u00e3o de voto, atr\u00e1s de Fernando Haddad e tamb\u00e9m de M\u00e1rcio Fran\u00e7a<\/em><\/li><\/ul>\n\n\n\n<p>Tarc\u00edsio \u00e9 o candidato bolsonarista na elei\u00e7\u00e3o de S\u00e3o Paulo. O estado deve repetir a polariza\u00e7\u00e3o nacional, com Fernando Haddad (PT) como candidato de Lula e o ex-ministro como representante de Jair Bolsonaro.<\/p>\n\n\n\n<p>O ex-ministro destacou que Lula, assim como Bolsonaro, tem uma conex\u00e3o forte com a popula\u00e7\u00e3o. \u201cS\u00e3o dois tit\u00e3s se enfrentando em uma elei\u00e7\u00e3o. Algo que n\u00f3s nunca passamos\u201d, disse, durante debate no Sindhosp, na \u00faltima quarta-feira (1\u00ba). \u201cUm ex-presidente, um atual presidente. Os dois maiores l\u00edderes pol\u00edticos da hist\u00f3ria do Brasil. Duas pessoas que t\u00eam conex\u00e3o direta com o povo.\u201d<\/p>\n\n\n\n<p>Tarc\u00edsio de Freitas afirmou que a elei\u00e7\u00e3o paulista ter\u00e1 tons de elei\u00e7\u00e3o nacional. \u201cObviamente vai ter uma reprodu\u00e7\u00e3o dessa polariza\u00e7\u00e3o em todas as inst\u00e2ncias\u201d, declarou. \u201cMas, passada a elei\u00e7\u00e3o, acabou. E a\u00ed \u00e9 preciso governar para todos.\u201d<\/p>\n\n\n\n<p>Segundo a \u00faltima pesquisa Datafolha, Tarc\u00edsio aparece em terceiro lugar, com 10% das inten\u00e7\u00f5es de voto. Ele est\u00e1 atr\u00e1s de Fernando Haddad, l\u00edder com 29%, e tamb\u00e9m de M\u00e1rcio Fran\u00e7a (PSB), com 20%. Atr\u00e1s do bolsonarista est\u00e1 o atual governador, Rodrigo Garcia (PSDB).<\/p>\n","protected":false},"excerpt":{"rendered":"<p>Pr\u00e9-candidato ao governo de S\u00e3o Paulo, o ex-ministro Tarc\u00edsio de Freitas (Republicanos) afirmou que n\u00e3o teria problemas em se relacionar com o ex-presidente Lula (PT), caso<span class=\"excerpt-hellip\"> [\u2026]<\/span><\/p>\n","protected":false},"author":1,"featured_media":3019,"comment_status":"open","ping_status":"open","sticky":false,"template":"","format":"standard","meta":{"footnotes":""},"categories":[20],"tags":[],"yoast_head":"<!-- This site is optimized with the Yoast SEO plugin v22.6 - https:\/\/yoast.com\/wordpress\/plugins\/seo\/ -->\n<title>Tarc\u00edsio diz que Lula \u00e9 &#039;tit\u00e3&#039; e n\u00e3o teria problemas em governo do PT. - JBCNews<\/title>\n<meta name=\"robots\" content=\"index, follow, max-snippet:-1, max-image-preview:large, max-video-preview:-1\" \/>\n<link rel=\"canonical\" href=\"https:\/\/jbcnews.com.br\/index.php\/2022\/06\/06\/tarcisio-diz-que-lula-e-tita-e-nao-teria-problemas-em-governo-do-pt\/\" \/>\n<meta property=\"og:locale\" content=\"pt_BR\" \/>\n<meta property=\"og:type\" content=\"article\" \/>\n<meta property=\"og:title\" content=\"Tarc\u00edsio diz que Lula \u00e9 &#039;tit\u00e3&#039; e n\u00e3o teria problemas em governo do PT. - JBCNews\" \/>\n<meta property=\"og:description\" content=\"Pr\u00e9-candidato ao governo de S\u00e3o Paulo, o ex-ministro Tarc\u00edsio de Freitas (Republicanos) afirmou que n\u00e3o teria problemas em se relacionar com o ex-presidente Lula (PT), caso [\u2026]\" \/>\n<meta property=\"og:url\" content=\"https:\/\/jbcnews.com.br\/index.php\/2022\/06\/06\/tarcisio-diz-que-lula-e-tita-e-nao-teria-problemas-em-governo-do-pt\/\" \/>\n<meta property=\"og:site_name\" content=\"JBCNews\" \/>\n<meta property=\"article:published_time\" content=\"2022-06-06T21:04:14+00:00\" \/>\n<meta property=\"article:modified_time\" content=\"2024-04-25T04:43:20+00:00\" \/>\n<meta property=\"og:image\" content=\"https:\/\/jbcnews.com.br\/wp-content\/uploads\/2022\/06\/unnamed-4.jpg\" \/>\n\t<meta property=\"og:image:width\" content=\"960\" \/>\n\t<meta property=\"og:image:height\" content=\"639\" \/>\n\t<meta property=\"og:image:type\" content=\"image\/jpeg\" \/>\n<meta name=\"author\" content=\"admin\" \/>\n<meta name=\"twitter:card\" content=\"summary_large_image\" \/>\n<meta name=\"twitter:label1\" content=\"Escrito por\" \/>\n\t<meta name=\"twitter:data1\" content=\"admin\" \/>\n\t<meta name=\"twitter:label2\" content=\"Est. tempo de leitura\" \/>\n\t<meta name=\"twitter:data2\" content=\"1 minuto\" \/>\n<script type=\"application\/ld+json\" class=\"yoast-schema-graph\">{\"@context\":\"https:\/\/schema.org\",\"@graph\":[{\"@type\":\"WebPage\",\"@id\":\"https:\/\/jbcnews.com.br\/index.php\/2022\/06\/06\/tarcisio-diz-que-lula-e-tita-e-nao-teria-problemas-em-governo-do-pt\/\",\"url\":\"https:\/\/jbcnews.com.br\/index.php\/2022\/06\/06\/tarcisio-diz-que-lula-e-tita-e-nao-teria-problemas-em-governo-do-pt\/\",\"name\":\"Tarc\u00edsio diz que Lula \u00e9 'tit\u00e3' e n\u00e3o teria problemas em governo do PT. - JBCNews\",\"isPartOf\":{\"@id\":\"https:\/\/jbcnews.com.br\/#website\"},\"primaryImageOfPage\":{\"@id\":\"https:\/\/jbcnews.com.br\/index.php\/2022\/06\/06\/tarcisio-diz-que-lula-e-tita-e-nao-teria-problemas-em-governo-do-pt\/#primaryimage\"},\"image\":{\"@id\":\"https:\/\/jbcnews.com.br\/index.php\/2022\/06\/06\/tarcisio-diz-que-lula-e-tita-e-nao-teria-problemas-em-governo-do-pt\/#primaryimage\"},\"thumbnailUrl\":\"https:\/\/jbcnews.com.br\/wp-content\/uploads\/2022\/06\/unnamed-4.jpg\",\"datePublished\":\"2022-06-06T21:04:14+00:00\",\"dateModified\":\"2024-04-25T04:43:20+00:00\",\"author\":{\"@id\":\"https:\/\/jbcnews.com.br\/#\/schema\/person\/3b597ec20ccf92d0adc436057caf9bbe\"},\"breadcrumb\":{\"@id\":\"https:\/\/jbcnews.com.br\/index.php\/2022\/06\/06\/tarcisio-diz-que-lula-e-tita-e-nao-teria-problemas-em-governo-do-pt\/#breadcrumb\"},\"inLanguage\":\"pt-BR\",\"potentialAction\":[{\"@type\":\"ReadAction\",\"target\":[\"https:\/\/jbcnews.com.br\/index.php\/2022\/06\/06\/tarcisio-diz-que-lula-e-tita-e-nao-teria-problemas-em-governo-do-pt\/\"]}]},{\"@type\":\"ImageObject\",\"inLanguage\":\"pt-BR\",\"@id\":\"https:\/\/jbcnews.com.br\/index.php\/2022\/06\/06\/tarcisio-diz-que-lula-e-tita-e-nao-teria-problemas-em-governo-do-pt\/#primaryimage\",\"url\":\"https:\/\/jbcnews.com.br\/wp-content\/uploads\/2022\/06\/unnamed-4.jpg\",\"contentUrl\":\"https:\/\/jbcnews.com.br\/wp-content\/uploads\/2022\/06\/unnamed-4.jpg\",\"width\":960,\"height\":639},{\"@type\":\"BreadcrumbList\",\"@id\":\"https:\/\/jbcnews.com.br\/index.php\/2022\/06\/06\/tarcisio-diz-que-lula-e-tita-e-nao-teria-problemas-em-governo-do-pt\/#breadcrumb\",\"itemListElement\":[{\"@type\":\"ListItem\",\"position\":1,\"name\":\"In\u00edcio\",\"item\":\"https:\/\/jbcnews.com.br\/\"},{\"@type\":\"ListItem\",\"position\":2,\"name\":\"Tarc\u00edsio diz que Lula \u00e9 &#8216;tit\u00e3&#8217; e n\u00e3o teria problemas em governo do PT.\"}]},{\"@type\":\"WebSite\",\"@id\":\"https:\/\/jbcnews.com.br\/#website\",\"url\":\"https:\/\/jbcnews.com.br\/\",\"name\":\"JBCNews\",\"description\":\"Comunica\u00e7\u00e3o e Cultura\",\"potentialAction\":[{\"@type\":\"SearchAction\",\"target\":{\"@type\":\"EntryPoint\",\"urlTemplate\":\"https:\/\/jbcnews.com.br\/?s={search_term_string}\"},\"query-input\":\"required name=search_term_string\"}],\"inLanguage\":\"pt-BR\"},{\"@type\":\"Person\",\"@id\":\"https:\/\/jbcnews.com.br\/#\/schema\/person\/3b597ec20ccf92d0adc436057caf9bbe\",\"name\":\"admin\",\"image\":{\"@type\":\"ImageObject\",\"inLanguage\":\"pt-BR\",\"@id\":\"https:\/\/jbcnews.com.br\/#\/schema\/person\/image\/\",\"url\":\"https:\/\/secure.gravatar.com\/avatar\/fe848d2435b65c3ed1cdd3a8e8f3bb2d?s=96&d=mm&r=g\",\"contentUrl\":\"https:\/\/secure.gravatar.com\/avatar\/fe848d2435b65c3ed1cdd3a8e8f3bb2d?s=96&d=mm&r=g\",\"caption\":\"admin\"},\"sameAs\":[\"https:\/\/jbcnews.com.br\"],\"url\":\"https:\/\/jbcnews.com.br\/index.php\/author\/jbcnews\/\"}]}<\/script>\n<!-- \/ Yoast SEO plugin. -->","yoast_head_json":{"title":"Tarc\u00edsio diz que Lula \u00e9 'tit\u00e3' e n\u00e3o teria problemas em governo do PT. - JBCNews","robots":{"index":"index","follow":"follow","max-snippet":"max-snippet:-1","max-image-preview":"max-image-preview:large","max-video-preview":"max-video-preview:-1"},"canonical":"https:\/\/jbcnews.com.br\/index.php\/2022\/06\/06\/tarcisio-diz-que-lula-e-tita-e-nao-teria-problemas-em-governo-do-pt\/","og_locale":"pt_BR","og_type":"article","og_title":"Tarc\u00edsio diz que Lula \u00e9 'tit\u00e3' e n\u00e3o teria problemas em governo do PT. - JBCNews","og_description":"Pr\u00e9-candidato ao governo de S\u00e3o Paulo, o ex-ministro Tarc\u00edsio de Freitas (Republicanos) afirmou que n\u00e3o teria problemas em se relacionar com o ex-presidente Lula (PT), caso [\u2026]","og_url":"https:\/\/jbcnews.com.br\/index.php\/2022\/06\/06\/tarcisio-diz-que-lula-e-tita-e-nao-teria-problemas-em-governo-do-pt\/","og_site_name":"JBCNews","article_published_time":"2022-06-06T21:04:14+00:00","article_modified_time":"2024-04-25T04:43:20+00:00","og_image":[{"width":960,"height":639,"url":"https:\/\/jbcnews.com.br\/wp-content\/uploads\/2022\/06\/unnamed-4.jpg","type":"image\/jpeg"}],"author":"admin","twitter_card":"summary_large_image","twitter_misc":{"Escrito por":"admin","Est. tempo de leitura":"1 minuto"},"schema":{"@context":"https:\/\/schema.org","@graph":[{"@type":"WebPage","@id":"https:\/\/jbcnews.com.br\/index.php\/2022\/06\/06\/tarcisio-diz-que-lula-e-tita-e-nao-teria-problemas-em-governo-do-pt\/","url":"https:\/\/jbcnews.com.br\/index.php\/2022\/06\/06\/tarcisio-diz-que-lula-e-tita-e-nao-teria-problemas-em-governo-do-pt\/","name":"Tarc\u00edsio diz que Lula \u00e9 'tit\u00e3' e n\u00e3o teria problemas em governo do PT. - JBCNews","isPartOf":{"@id":"https:\/\/jbcnews.com.br\/#website"},"primaryImageOfPage":{"@id":"https:\/\/jbcnews.com.br\/index.php\/2022\/06\/06\/tarcisio-diz-que-lula-e-tita-e-nao-teria-problemas-em-governo-do-pt\/#primaryimage"},"image":{"@id":"https:\/\/jbcnews.com.br\/index.php\/2022\/06\/06\/tarcisio-diz-que-lula-e-tita-e-nao-teria-problemas-em-governo-do-pt\/#primaryimage"},"thumbnailUrl":"https:\/\/jbcnews.com.br\/wp-content\/uploads\/2022\/06\/unnamed-4.jpg","datePublished":"2022-06-06T21:04:14+00:00","dateModified":"2024-04-25T04:43:20+00:00","author":{"@id":"https:\/\/jbcnews.com.br\/#\/schema\/person\/3b597ec20ccf92d0adc436057caf9bbe"},"breadcrumb":{"@id":"https:\/\/jbcnews.com.br\/index.php\/2022\/06\/06\/tarcisio-diz-que-lula-e-tita-e-nao-teria-problemas-em-governo-do-pt\/#breadcrumb"},"inLanguage":"pt-BR","potentialAction":[{"@type":"ReadAction","target":["https:\/\/jbcnews.com.br\/index.php\/2022\/06\/06\/tarcisio-diz-que-lula-e-tita-e-nao-teria-problemas-em-governo-do-pt\/"]}]},{"@type":"ImageObject","inLanguage":"pt-BR","@id":"https:\/\/jbcnews.com.br\/index.php\/2022\/06\/06\/tarcisio-diz-que-lula-e-tita-e-nao-teria-problemas-em-governo-do-pt\/#primaryimage","url":"https:\/\/jbcnews.com.br\/wp-content\/uploads\/2022\/06\/unnamed-4.jpg","contentUrl":"https:\/\/jbcnews.com.br\/wp-content\/uploads\/2022\/06\/unnamed-4.jpg","width":960,"height":639},{"@type":"BreadcrumbList","@id":"https:\/\/jbcnews.com.br\/index.php\/2022\/06\/06\/tarcisio-diz-que-lula-e-tita-e-nao-teria-problemas-em-governo-do-pt\/#breadcrumb","itemListElement":[{"@type":"ListItem","position":1,"name":"In\u00edcio","item":"https:\/\/jbcnews.com.br\/"},{"@type":"ListItem","position":2,"name":"Tarc\u00edsio diz que Lula \u00e9 &#8216;tit\u00e3&#8217; e n\u00e3o teria problemas em governo do PT."}]},{"@type":"WebSite","@id":"https:\/\/jbcnews.com.br\/#website","url":"https:\/\/jbcnews.com.br\/","name":"JBCNews","description":"Comunica\u00e7\u00e3o e Cultura","potentialAction":[{"@type":"SearchAction","target":{"@type":"EntryPoint","urlTemplate":"https:\/\/jbcnews.com.br\/?s={search_term_string}"},"query-input":"required name=search_term_string"}],"inLanguage":"pt-BR"},{"@type":"Person","@id":"https:\/\/jbcnews.com.br\/#\/schema\/person\/3b597ec20ccf92d0adc436057caf9bbe","name":"admin","image":{"@type":"ImageObject","inLanguage":"pt-BR","@id":"https:\/\/jbcnews.com.br\/#\/schema\/person\/image\/","url":"https:\/\/secure.gravatar.com\/avatar\/fe848d2435b65c3ed1cdd3a8e8f3bb2d?s=96&d=mm&r=g","contentUrl":"https:\/\/secure.gravatar.com\/avatar\/fe848d2435b65c3ed1cdd3a8e8f3bb2d?s=96&d=mm&r=g","caption":"admin"},"sameAs":["https:\/\/jbcnews.com.br"],"url":"https:\/\/jbcnews.com.br\/index.php\/author\/jbcnews\/"}]}},"_links":{"self":[{"href":"https:\/\/jbcnews.com.br\/index.php\/wp-json\/wp\/v2\/posts\/3025"}],"collection":[{"href":"https:\/\/jbcnews.com.br\/index.php\/wp-json\/wp\/v2\/posts"}],"about":[{"href":"https:\/\/jbcnews.com.br\/index.php\/wp-json\/wp\/v2\/types\/post"}],"author":[{"embeddable":true,"href":"https:\/\/jbcnews.com.br\/index.php\/wp-json\/wp\/v2\/users\/1"}],"replies":[{"embeddable":true,"href":"https:\/\/jbcnews.com.br\/index.php\/wp-json\/wp\/v2\/comments?post=3025"}],"version-history":[{"count":1,"href":"https:\/\/jbcnews.com.br\/index.php\/wp-json\/wp\/v2\/posts\/3025\/revisions"}],"predecessor-version":[{"id":3026,"href":"https:\/\/jbcnews.com.br\/index.php\/wp-json\/wp\/v2\/posts\/3025\/revisions\/3026"}],"wp:featuredmedia":[{"embeddable":true,"href":"https:\/\/jbcnews.com.br\/index.php\/wp-json\/wp\/v2\/media\/3019"}],"wp:attachment":[{"href":"https:\/\/jbcnews.com.br\/index.php\/wp-json\/wp\/v2\/media?parent=3025"}],"wp:term":[{"taxonomy":"category","embeddable":true,"href":"https:\/\/jbcnews.com.br\/index.php\/wp-json\/wp\/v2\/categories?post=3025"},{"taxonomy":"post_tag","embeddable":true,"href":"https:\/\/jbcnews.com.br\/index.php\/wp-json\/wp\/v2\/tags?post=3025"}],"curies":[{"name":"wp","href":"https:\/\/api.w.org\/{rel}","templated":true}]}}