{"id":3015,"date":"2022-06-06T19:48:09","date_gmt":"2022-06-06T19:48:09","guid":{"rendered":"https:\/\/jbcnews.com.br\/?p=3015"},"modified":"2022-06-06T19:48:11","modified_gmt":"2022-06-06T19:48:11","slug":"uniao-brasil-lanca-pre-candidatura-de-luciano-bivar-a-presidencia","status":"publish","type":"post","link":"https:\/\/jbcnews.com.br\/index.php\/2022\/06\/06\/uniao-brasil-lanca-pre-candidatura-de-luciano-bivar-a-presidencia\/","title":{"rendered":"Uni\u00e3o Brasil lan\u00e7a pr\u00e9-candidatura de Luciano Bivar \u00e0 Presid\u00eancia"},"content":{"rendered":"\n<p>O Uni\u00e3o Brasil lan\u00e7ou nesta ter\u00e7a-feira (31) a pr\u00e9-candidatura do deputado federal Luciano Bivar (PE) \u00e0 Presid\u00eancia da Rep\u00fablica. O presidente da sigla, caso seja oficializado candidato, ir\u00e1 disputar pela segunda vez a cadeira principal em Bras\u00edlia. Em seu discurso, Bivar defendeu que &#8220;nem esquerda, nem direita, \u00e9 hora do Uni\u00e3o Brasil&#8221;.<\/p>\n\n\n\n<p>Bivar comanda o partido com mais recursos para as Elei\u00e7\u00f5es &#8211; o montante chega a R$ 1 bilh\u00e3o. Essa ser\u00e1 a segunda disputa do deputado \u00e0 Presid\u00eancia, primeiro sendo em 2006.<\/p>\n\n\n\n<p>&#8220;Nossa comiss\u00e3o executiva e nossa bancada entenderam que \u00e9 imperioso apresentar um candidato nestas elei\u00e7\u00f5es. Seria uma covardia um partido do tamanho do nosso deixar uma sociedade que clama por mudan\u00e7as e chora por suas mazelas sem esperan\u00e7a. Vivemos sob o medo, a falta de oportunidade e a amea\u00e7a de um golpe ou retrocesso&#8221;, disse Bivar.<\/p>\n\n\n\n<p>O Uni\u00e3o Brasil \u00e9 resultado da fus\u00e3o entre o PSL, partido pelo qual o presidente Jair Bolsonaro (PL)se elegeu em 2018, e o DEM.<\/p>\n\n\n\n<p>O Uni\u00e3o Brasil discutia com PSDB e MDB a hip\u00f3tese de as siglas se unirem em torno de um s\u00f3 nome para tentar romper a polariza\u00e7\u00e3o entre o ex-presidente Luiz In\u00e1cio Lula da Silva (PT) e o presidente Jair Bolsonaro (PL).<\/p>\n\n\n\n<p>O pr\u00e9-candidato do PSDB \u00e9 o ex-governador paulista Jo\u00e3o Doria e o do MDB, a senadora Simone Tebet (MDB).<\/p>\n\n\n\n<p>Os partidos haviam estabelecido o dia 18 de maio como o prazo final para bater martelo a respeito da candidatura, mas sem definir os crit\u00e9rios m\u00ednimos para a escolha de um representante.<\/p>\n\n\n\n<p>Irritado com a demora da decis\u00e3o, Bivar j\u00e1 havia indicado na semana passada que iria romper com o grupo com a promessa de resolver nesta quarta o futuro da sigla que preside.<\/p>\n","protected":false},"excerpt":{"rendered":"<p>O Uni\u00e3o Brasil lan\u00e7ou nesta ter\u00e7a-feira (31) a pr\u00e9-candidatura do deputado federal Luciano Bivar (PE) \u00e0 Presid\u00eancia da Rep\u00fablica. O presidente da sigla, caso seja oficializado<span class=\"excerpt-hellip\"> [\u2026]<\/span><\/p>\n","protected":false},"author":1,"featured_media":3016,"comment_status":"open","ping_status":"open","sticky":false,"template":"","format":"standard","meta":{"footnotes":""},"categories":[3],"tags":[],"yoast_head":"<!-- This site is optimized with the Yoast SEO plugin v22.6 - https:\/\/yoast.com\/wordpress\/plugins\/seo\/ -->\n<title>Uni\u00e3o Brasil lan\u00e7a pr\u00e9-candidatura de Luciano Bivar \u00e0 Presid\u00eancia - JBCNews<\/title>\n<meta name=\"robots\" content=\"index, follow, max-snippet:-1, max-image-preview:large, max-video-preview:-1\" \/>\n<link rel=\"canonical\" href=\"https:\/\/jbcnews.com.br\/index.php\/2022\/06\/06\/uniao-brasil-lanca-pre-candidatura-de-luciano-bivar-a-presidencia\/\" \/>\n<meta property=\"og:locale\" content=\"pt_BR\" \/>\n<meta property=\"og:type\" content=\"article\" \/>\n<meta property=\"og:title\" content=\"Uni\u00e3o Brasil lan\u00e7a pr\u00e9-candidatura de Luciano Bivar \u00e0 Presid\u00eancia - JBCNews\" \/>\n<meta property=\"og:description\" content=\"O Uni\u00e3o Brasil lan\u00e7ou nesta ter\u00e7a-feira (31) a pr\u00e9-candidatura do deputado federal Luciano Bivar (PE) \u00e0 Presid\u00eancia da Rep\u00fablica. O presidente da sigla, caso seja oficializado [\u2026]\" \/>\n<meta property=\"og:url\" content=\"https:\/\/jbcnews.com.br\/index.php\/2022\/06\/06\/uniao-brasil-lanca-pre-candidatura-de-luciano-bivar-a-presidencia\/\" \/>\n<meta property=\"og:site_name\" content=\"JBCNews\" \/>\n<meta property=\"article:published_time\" content=\"2022-06-06T19:48:09+00:00\" \/>\n<meta property=\"article:modified_time\" content=\"2022-06-06T19:48:11+00:00\" \/>\n<meta property=\"og:image\" content=\"https:\/\/jbcnews.com.br\/wp-content\/uploads\/2022\/06\/unnamed-3.jpg\" \/>\n\t<meta property=\"og:image:width\" content=\"960\" \/>\n\t<meta property=\"og:image:height\" content=\"640\" \/>\n\t<meta property=\"og:image:type\" content=\"image\/jpeg\" \/>\n<meta name=\"author\" content=\"admin\" \/>\n<meta name=\"twitter:card\" content=\"summary_large_image\" \/>\n<meta name=\"twitter:label1\" content=\"Escrito por\" \/>\n\t<meta name=\"twitter:data1\" content=\"admin\" \/>\n\t<meta name=\"twitter:label2\" content=\"Est. tempo de leitura\" \/>\n\t<meta name=\"twitter:data2\" content=\"2 minutos\" \/>\n<script type=\"application\/ld+json\" class=\"yoast-schema-graph\">{\"@context\":\"https:\/\/schema.org\",\"@graph\":[{\"@type\":\"WebPage\",\"@id\":\"https:\/\/jbcnews.com.br\/index.php\/2022\/06\/06\/uniao-brasil-lanca-pre-candidatura-de-luciano-bivar-a-presidencia\/\",\"url\":\"https:\/\/jbcnews.com.br\/index.php\/2022\/06\/06\/uniao-brasil-lanca-pre-candidatura-de-luciano-bivar-a-presidencia\/\",\"name\":\"Uni\u00e3o Brasil lan\u00e7a pr\u00e9-candidatura de Luciano Bivar \u00e0 Presid\u00eancia - JBCNews\",\"isPartOf\":{\"@id\":\"https:\/\/jbcnews.com.br\/#website\"},\"primaryImageOfPage\":{\"@id\":\"https:\/\/jbcnews.com.br\/index.php\/2022\/06\/06\/uniao-brasil-lanca-pre-candidatura-de-luciano-bivar-a-presidencia\/#primaryimage\"},\"image\":{\"@id\":\"https:\/\/jbcnews.com.br\/index.php\/2022\/06\/06\/uniao-brasil-lanca-pre-candidatura-de-luciano-bivar-a-presidencia\/#primaryimage\"},\"thumbnailUrl\":\"https:\/\/jbcnews.com.br\/wp-content\/uploads\/2022\/06\/unnamed-3.jpg\",\"datePublished\":\"2022-06-06T19:48:09+00:00\",\"dateModified\":\"2022-06-06T19:48:11+00:00\",\"author\":{\"@id\":\"https:\/\/jbcnews.com.br\/#\/schema\/person\/3b597ec20ccf92d0adc436057caf9bbe\"},\"breadcrumb\":{\"@id\":\"https:\/\/jbcnews.com.br\/index.php\/2022\/06\/06\/uniao-brasil-lanca-pre-candidatura-de-luciano-bivar-a-presidencia\/#breadcrumb\"},\"inLanguage\":\"pt-BR\",\"potentialAction\":[{\"@type\":\"ReadAction\",\"target\":[\"https:\/\/jbcnews.com.br\/index.php\/2022\/06\/06\/uniao-brasil-lanca-pre-candidatura-de-luciano-bivar-a-presidencia\/\"]}]},{\"@type\":\"ImageObject\",\"inLanguage\":\"pt-BR\",\"@id\":\"https:\/\/jbcnews.com.br\/index.php\/2022\/06\/06\/uniao-brasil-lanca-pre-candidatura-de-luciano-bivar-a-presidencia\/#primaryimage\",\"url\":\"https:\/\/jbcnews.com.br\/wp-content\/uploads\/2022\/06\/unnamed-3.jpg\",\"contentUrl\":\"https:\/\/jbcnews.com.br\/wp-content\/uploads\/2022\/06\/unnamed-3.jpg\",\"width\":960,\"height\":640},{\"@type\":\"BreadcrumbList\",\"@id\":\"https:\/\/jbcnews.com.br\/index.php\/2022\/06\/06\/uniao-brasil-lanca-pre-candidatura-de-luciano-bivar-a-presidencia\/#breadcrumb\",\"itemListElement\":[{\"@type\":\"ListItem\",\"position\":1,\"name\":\"In\u00edcio\",\"item\":\"https:\/\/jbcnews.com.br\/\"},{\"@type\":\"ListItem\",\"position\":2,\"name\":\"Uni\u00e3o Brasil lan\u00e7a pr\u00e9-candidatura de Luciano Bivar \u00e0 Presid\u00eancia\"}]},{\"@type\":\"WebSite\",\"@id\":\"https:\/\/jbcnews.com.br\/#website\",\"url\":\"https:\/\/jbcnews.com.br\/\",\"name\":\"JBCNews\",\"description\":\"Comunica\u00e7\u00e3o e Cultura\",\"potentialAction\":[{\"@type\":\"SearchAction\",\"target\":{\"@type\":\"EntryPoint\",\"urlTemplate\":\"https:\/\/jbcnews.com.br\/?s={search_term_string}\"},\"query-input\":\"required name=search_term_string\"}],\"inLanguage\":\"pt-BR\"},{\"@type\":\"Person\",\"@id\":\"https:\/\/jbcnews.com.br\/#\/schema\/person\/3b597ec20ccf92d0adc436057caf9bbe\",\"name\":\"admin\",\"image\":{\"@type\":\"ImageObject\",\"inLanguage\":\"pt-BR\",\"@id\":\"https:\/\/jbcnews.com.br\/#\/schema\/person\/image\/\",\"url\":\"https:\/\/secure.gravatar.com\/avatar\/fe848d2435b65c3ed1cdd3a8e8f3bb2d?s=96&d=mm&r=g\",\"contentUrl\":\"https:\/\/secure.gravatar.com\/avatar\/fe848d2435b65c3ed1cdd3a8e8f3bb2d?s=96&d=mm&r=g\",\"caption\":\"admin\"},\"sameAs\":[\"https:\/\/jbcnews.com.br\"],\"url\":\"https:\/\/jbcnews.com.br\/index.php\/author\/jbcnews\/\"}]}<\/script>\n<!-- \/ Yoast SEO plugin. -->","yoast_head_json":{"title":"Uni\u00e3o Brasil lan\u00e7a pr\u00e9-candidatura de Luciano Bivar \u00e0 Presid\u00eancia - JBCNews","robots":{"index":"index","follow":"follow","max-snippet":"max-snippet:-1","max-image-preview":"max-image-preview:large","max-video-preview":"max-video-preview:-1"},"canonical":"https:\/\/jbcnews.com.br\/index.php\/2022\/06\/06\/uniao-brasil-lanca-pre-candidatura-de-luciano-bivar-a-presidencia\/","og_locale":"pt_BR","og_type":"article","og_title":"Uni\u00e3o Brasil lan\u00e7a pr\u00e9-candidatura de Luciano Bivar \u00e0 Presid\u00eancia - JBCNews","og_description":"O Uni\u00e3o Brasil lan\u00e7ou nesta ter\u00e7a-feira (31) a pr\u00e9-candidatura do deputado federal Luciano Bivar (PE) \u00e0 Presid\u00eancia da Rep\u00fablica. O presidente da sigla, caso seja oficializado [\u2026]","og_url":"https:\/\/jbcnews.com.br\/index.php\/2022\/06\/06\/uniao-brasil-lanca-pre-candidatura-de-luciano-bivar-a-presidencia\/","og_site_name":"JBCNews","article_published_time":"2022-06-06T19:48:09+00:00","article_modified_time":"2022-06-06T19:48:11+00:00","og_image":[{"width":960,"height":640,"url":"https:\/\/jbcnews.com.br\/wp-content\/uploads\/2022\/06\/unnamed-3.jpg","type":"image\/jpeg"}],"author":"admin","twitter_card":"summary_large_image","twitter_misc":{"Escrito por":"admin","Est. tempo de leitura":"2 minutos"},"schema":{"@context":"https:\/\/schema.org","@graph":[{"@type":"WebPage","@id":"https:\/\/jbcnews.com.br\/index.php\/2022\/06\/06\/uniao-brasil-lanca-pre-candidatura-de-luciano-bivar-a-presidencia\/","url":"https:\/\/jbcnews.com.br\/index.php\/2022\/06\/06\/uniao-brasil-lanca-pre-candidatura-de-luciano-bivar-a-presidencia\/","name":"Uni\u00e3o Brasil lan\u00e7a pr\u00e9-candidatura de Luciano Bivar \u00e0 Presid\u00eancia - JBCNews","isPartOf":{"@id":"https:\/\/jbcnews.com.br\/#website"},"primaryImageOfPage":{"@id":"https:\/\/jbcnews.com.br\/index.php\/2022\/06\/06\/uniao-brasil-lanca-pre-candidatura-de-luciano-bivar-a-presidencia\/#primaryimage"},"image":{"@id":"https:\/\/jbcnews.com.br\/index.php\/2022\/06\/06\/uniao-brasil-lanca-pre-candidatura-de-luciano-bivar-a-presidencia\/#primaryimage"},"thumbnailUrl":"https:\/\/jbcnews.com.br\/wp-content\/uploads\/2022\/06\/unnamed-3.jpg","datePublished":"2022-06-06T19:48:09+00:00","dateModified":"2022-06-06T19:48:11+00:00","author":{"@id":"https:\/\/jbcnews.com.br\/#\/schema\/person\/3b597ec20ccf92d0adc436057caf9bbe"},"breadcrumb":{"@id":"https:\/\/jbcnews.com.br\/index.php\/2022\/06\/06\/uniao-brasil-lanca-pre-candidatura-de-luciano-bivar-a-presidencia\/#breadcrumb"},"inLanguage":"pt-BR","potentialAction":[{"@type":"ReadAction","target":["https:\/\/jbcnews.com.br\/index.php\/2022\/06\/06\/uniao-brasil-lanca-pre-candidatura-de-luciano-bivar-a-presidencia\/"]}]},{"@type":"ImageObject","inLanguage":"pt-BR","@id":"https:\/\/jbcnews.com.br\/index.php\/2022\/06\/06\/uniao-brasil-lanca-pre-candidatura-de-luciano-bivar-a-presidencia\/#primaryimage","url":"https:\/\/jbcnews.com.br\/wp-content\/uploads\/2022\/06\/unnamed-3.jpg","contentUrl":"https:\/\/jbcnews.com.br\/wp-content\/uploads\/2022\/06\/unnamed-3.jpg","width":960,"height":640},{"@type":"BreadcrumbList","@id":"https:\/\/jbcnews.com.br\/index.php\/2022\/06\/06\/uniao-brasil-lanca-pre-candidatura-de-luciano-bivar-a-presidencia\/#breadcrumb","itemListElement":[{"@type":"ListItem","position":1,"name":"In\u00edcio","item":"https:\/\/jbcnews.com.br\/"},{"@type":"ListItem","position":2,"name":"Uni\u00e3o Brasil lan\u00e7a pr\u00e9-candidatura de Luciano Bivar \u00e0 Presid\u00eancia"}]},{"@type":"WebSite","@id":"https:\/\/jbcnews.com.br\/#website","url":"https:\/\/jbcnews.com.br\/","name":"JBCNews","description":"Comunica\u00e7\u00e3o e Cultura","potentialAction":[{"@type":"SearchAction","target":{"@type":"EntryPoint","urlTemplate":"https:\/\/jbcnews.com.br\/?s={search_term_string}"},"query-input":"required name=search_term_string"}],"inLanguage":"pt-BR"},{"@type":"Person","@id":"https:\/\/jbcnews.com.br\/#\/schema\/person\/3b597ec20ccf92d0adc436057caf9bbe","name":"admin","image":{"@type":"ImageObject","inLanguage":"pt-BR","@id":"https:\/\/jbcnews.com.br\/#\/schema\/person\/image\/","url":"https:\/\/secure.gravatar.com\/avatar\/fe848d2435b65c3ed1cdd3a8e8f3bb2d?s=96&d=mm&r=g","contentUrl":"https:\/\/secure.gravatar.com\/avatar\/fe848d2435b65c3ed1cdd3a8e8f3bb2d?s=96&d=mm&r=g","caption":"admin"},"sameAs":["https:\/\/jbcnews.com.br"],"url":"https:\/\/jbcnews.com.br\/index.php\/author\/jbcnews\/"}]}},"_links":{"self":[{"href":"https:\/\/jbcnews.com.br\/index.php\/wp-json\/wp\/v2\/posts\/3015"}],"collection":[{"href":"https:\/\/jbcnews.com.br\/index.php\/wp-json\/wp\/v2\/posts"}],"about":[{"href":"https:\/\/jbcnews.com.br\/index.php\/wp-json\/wp\/v2\/types\/post"}],"author":[{"embeddable":true,"href":"https:\/\/jbcnews.com.br\/index.php\/wp-json\/wp\/v2\/users\/1"}],"replies":[{"embeddable":true,"href":"https:\/\/jbcnews.com.br\/index.php\/wp-json\/wp\/v2\/comments?post=3015"}],"version-history":[{"count":1,"href":"https:\/\/jbcnews.com.br\/index.php\/wp-json\/wp\/v2\/posts\/3015\/revisions"}],"predecessor-version":[{"id":3017,"href":"https:\/\/jbcnews.com.br\/index.php\/wp-json\/wp\/v2\/posts\/3015\/revisions\/3017"}],"wp:featuredmedia":[{"embeddable":true,"href":"https:\/\/jbcnews.com.br\/index.php\/wp-json\/wp\/v2\/media\/3016"}],"wp:attachment":[{"href":"https:\/\/jbcnews.com.br\/index.php\/wp-json\/wp\/v2\/media?parent=3015"}],"wp:term":[{"taxonomy":"category","embeddable":true,"href":"https:\/\/jbcnews.com.br\/index.php\/wp-json\/wp\/v2\/categories?post=3015"},{"taxonomy":"post_tag","embeddable":true,"href":"https:\/\/jbcnews.com.br\/index.php\/wp-json\/wp\/v2\/tags?post=3015"}],"curies":[{"name":"wp","href":"https:\/\/api.w.org\/{rel}","templated":true}]}}