{"id":2954,"date":"2021-06-01T16:31:23","date_gmt":"2021-06-01T16:31:23","guid":{"rendered":"https:\/\/jbcnews.com.br\/?p=2954"},"modified":"2021-06-01T16:31:26","modified_gmt":"2021-06-01T16:31:26","slug":"aos-13-e-11-anos-filha-de-vitor-belfort-e-joana-prado-brilham-em-esportes-nos-eua","status":"publish","type":"post","link":"https:\/\/jbcnews.com.br\/index.php\/2021\/06\/01\/aos-13-e-11-anos-filha-de-vitor-belfort-e-joana-prado-brilham-em-esportes-nos-eua\/","title":{"rendered":"Aos 13 e 11 anos, filha de Vitor Belfort e Joana Prado brilham em esportes nos EUA."},"content":{"rendered":"\n<div id=\"fb-root\"><\/div>\n<script async=\"\" defer=\"\" crossorigin=\"anonymous\" src=\"https:\/\/connect.facebook.net\/pt_BR\/sdk.js#xfbml=1&amp;version=v8.0\" nonce=\"umdzmuzQ\">\n<\/script>\n\n\n<script>\n\nvar conteudo_fb = encodeURIComponent(document.title + \" \" + window.location.href); \nvar conteudo_tw = encodeURIComponent(document.title + \" \" + window.location.href); \n\ndocument.getElementById('btfb').dataHref=conteudo_fb; \ndocument.getElementById('btfb').href='https:\/\/www.facebook.com\/sharer\/sharer.php?u='+conteudo_fb+'&src=sdkpreparse'; \n\ndocument.getElementById('atw').dataText=conteudo_tw; \n\n\tfunction share_whatsapp() {\n\t\tvar conteudo_wp = encodeURIComponent(document.title + \" \" + window.location.href); \n\t\tvar linkwp = \"https:\/\/api.whatsapp.com\/send?text=\" + conteudo_wp; \n\t\twindow.open(linkwp); \n\t}\n\n<\/script>\n\n<div style=\"width: 500px; height: 40px; \">\n\t<div style=\"display: nonex; width: auto; vertical-align: top; \">\n\t\t<div id=\"btfb\" class=\"fb-share-button\" data-href=\"\" data-layout=\"button\" data-size=\"small\" style=\"float: left; \">\n\t\t\t<a id=\"abtfb\" target=\"_blank\" href=\"\" class=\"fb-xfbml-parse-ignore\" style=\" \" rel=\"noopener noreferrer\">Compartilhar<\/a>\n\t\t<\/div>\n\t\t<div style=\"float: left; height: 40px; margin-left: 10px; margin-top: 7px; \">\n\t\t\t<img decoding=\"async\" src=\"https:\/\/getsupbrazil.com.br\/brasilnordeste\/images\/share-whatsapp.png\" style=\"height: 18px; cursor: pointer;  \" onclick=\"share_whatsapp(); \">\n\t\t<\/div>\n\t\t<div style=\"float: left; height: 40px; margin-left: 10px; margin-top: 7px; \">\n\t\t\t<a href=\"https:\/\/twitter.com\/share?ref_src=twsrc%5Etfw\" class=\"twitter-share-button\" data-text=\"\" data-via=\"BrasilNordeste2\" data-lang=\"pt\" data-show-count=\"false\">Tweet<\/a><script async src=\"https:\/\/platform.twitter.com\/widgets.js\" charset=\"utf-8\"><\/script>\n\t\t<\/div>\n\t\t<div style=\"clear: both; \"><\/div>\n\t<\/div>\n\n\t<!-- <img decoding=\"async\" src=\"https:\/\/getsupbrazil.com.br\/brasilnordeste\/images\/share-facebook.png\" style=\"height: 18px; cursor: pointer; \" onclick=\"share_facebook(); \" > -->\n\n<\/div>\n<br>\n\n\n\n\n<p>(JBCNEWS &#8211; DF 01;06) &#8211; O esporte corre na veia dos filhos do lutador Vitor Belfort e Joana Prado. Al\u00e9m do primog\u00eanito Davi, de 16 anos, que virou jogador profissional de futebol americano, as outras duas herdeiras da ex-Feiticeira e do lutador e ex-campe\u00e3o do UFC tamb\u00e9m se destacam em esportes nos EUA.<\/p>\n\n\n\n<p>Vit\u00f3ria, a do meio, de 13 anos, \u00e9 atacante de ponta do Tribe Volleyball Club, um time de v\u00f4lei feminino da Fl\u00f3rida. Atleta promissora, j\u00e1 conquistou trof\u00e9u num campeonato de v\u00f4lei sub-16. A adolescente tamb\u00e9m participa de torneios de v\u00f4lei de praia.<\/p>\n\n\n\n<p>J\u00e1 a ca\u00e7ula Kyara, de 11 anos, optou pela gin\u00e1stica ol\u00edmpica e tem se destacado bastante nas performances durante as disputas. A menina participou de uma apresenta\u00e7\u00e3o recente e contou nas redes sociais que teve o apoio de Belfort, que estava presente, torcendo. &#8220;Meu pai estava l\u00e1 para me dar um pouco de confian\u00e7a. Obrigado, pai, minhas notas terminaram altas&#8221;, postou ela, em ingl\u00eas.<\/p>\n\n\n\n<p>Em setembro, Davi Belfort ganhou uma bolsa de estudos na Universidade do Arizona para representar a institui\u00e7\u00e3o no esporte, mas ele ainda n\u00e3o come\u00e7ou o ensino m\u00e9dio, o que s\u00f3 vai acontecer em setembro. Outras duas universidades est\u00e3o de olho no talento do jovem e j\u00e1 fizeram propostas para ele jogar no futebol americano universit\u00e1rio.<\/p>\n\n\n\n<p>A m\u00e3e, claro, morre de orgulho e est\u00e1 presente em todos os momentos dos filhos. S\u00edmbolo sexual do Brasil no final dos anos 1990 e in\u00edcio dos anos 2000, quando interpretou a personagem Feiticeira, Joana foi recordista de vendas da &#8220;Playboy&#8221;. Hoje, aos 44 anos, virou empres\u00e1ria e dona de uma academia de gin\u00e1stica que leva o nome do marido, al\u00e9m de cuidar dos empreendimentos da fam\u00edlia em Miami, onde vivem.<\/p>\n","protected":false},"excerpt":{"rendered":"<p>Compartilhar Tweet (JBCNEWS &#8211; DF 01;06) &#8211; O esporte corre na veia dos filhos do lutador Vitor Belfort e Joana Prado. Al\u00e9m do primog\u00eanito Davi, de<span class=\"excerpt-hellip\"> [\u2026]<\/span><\/p>\n","protected":false},"author":1,"featured_media":2955,"comment_status":"open","ping_status":"open","sticky":false,"template":"","format":"standard","meta":{"footnotes":""},"categories":[23],"tags":[],"yoast_head":"<!-- This site is optimized with the Yoast SEO plugin v22.6 - https:\/\/yoast.com\/wordpress\/plugins\/seo\/ -->\n<title>Aos 13 e 11 anos, filha de Vitor Belfort e Joana Prado brilham em esportes nos EUA. - JBCNews<\/title>\n<meta name=\"robots\" content=\"index, follow, max-snippet:-1, max-image-preview:large, max-video-preview:-1\" \/>\n<link rel=\"canonical\" href=\"https:\/\/jbcnews.com.br\/index.php\/2021\/06\/01\/aos-13-e-11-anos-filha-de-vitor-belfort-e-joana-prado-brilham-em-esportes-nos-eua\/\" \/>\n<meta property=\"og:locale\" content=\"pt_BR\" \/>\n<meta property=\"og:type\" content=\"article\" \/>\n<meta property=\"og:title\" content=\"Aos 13 e 11 anos, filha de Vitor Belfort e Joana Prado brilham em esportes nos EUA. - JBCNews\" \/>\n<meta property=\"og:description\" content=\"Compartilhar Tweet (JBCNEWS &#8211; DF 01;06) &#8211; O esporte corre na veia dos filhos do lutador Vitor Belfort e Joana Prado. Al\u00e9m do primog\u00eanito Davi, de [\u2026]\" \/>\n<meta property=\"og:url\" content=\"https:\/\/jbcnews.com.br\/index.php\/2021\/06\/01\/aos-13-e-11-anos-filha-de-vitor-belfort-e-joana-prado-brilham-em-esportes-nos-eua\/\" \/>\n<meta property=\"og:site_name\" content=\"JBCNews\" \/>\n<meta property=\"article:published_time\" content=\"2021-06-01T16:31:23+00:00\" \/>\n<meta property=\"article:modified_time\" content=\"2021-06-01T16:31:26+00:00\" \/>\n<meta property=\"og:image\" content=\"https:\/\/jbcnews.com.br\/wp-content\/uploads\/2021\/06\/image-6.png\" \/>\n\t<meta property=\"og:image:width\" content=\"448\" \/>\n\t<meta property=\"og:image:height\" content=\"249\" \/>\n\t<meta property=\"og:image:type\" content=\"image\/png\" \/>\n<meta name=\"author\" content=\"admin\" \/>\n<meta name=\"twitter:card\" content=\"summary_large_image\" \/>\n<meta name=\"twitter:label1\" content=\"Escrito por\" \/>\n\t<meta name=\"twitter:data1\" content=\"admin\" \/>\n\t<meta name=\"twitter:label2\" content=\"Est. tempo de leitura\" \/>\n\t<meta name=\"twitter:data2\" content=\"2 minutos\" \/>\n<script type=\"application\/ld+json\" class=\"yoast-schema-graph\">{\"@context\":\"https:\/\/schema.org\",\"@graph\":[{\"@type\":\"WebPage\",\"@id\":\"https:\/\/jbcnews.com.br\/index.php\/2021\/06\/01\/aos-13-e-11-anos-filha-de-vitor-belfort-e-joana-prado-brilham-em-esportes-nos-eua\/\",\"url\":\"https:\/\/jbcnews.com.br\/index.php\/2021\/06\/01\/aos-13-e-11-anos-filha-de-vitor-belfort-e-joana-prado-brilham-em-esportes-nos-eua\/\",\"name\":\"Aos 13 e 11 anos, filha de Vitor Belfort e Joana Prado brilham em esportes nos EUA. - JBCNews\",\"isPartOf\":{\"@id\":\"https:\/\/jbcnews.com.br\/#website\"},\"primaryImageOfPage\":{\"@id\":\"https:\/\/jbcnews.com.br\/index.php\/2021\/06\/01\/aos-13-e-11-anos-filha-de-vitor-belfort-e-joana-prado-brilham-em-esportes-nos-eua\/#primaryimage\"},\"image\":{\"@id\":\"https:\/\/jbcnews.com.br\/index.php\/2021\/06\/01\/aos-13-e-11-anos-filha-de-vitor-belfort-e-joana-prado-brilham-em-esportes-nos-eua\/#primaryimage\"},\"thumbnailUrl\":\"https:\/\/jbcnews.com.br\/wp-content\/uploads\/2021\/06\/image-6.png\",\"datePublished\":\"2021-06-01T16:31:23+00:00\",\"dateModified\":\"2021-06-01T16:31:26+00:00\",\"author\":{\"@id\":\"https:\/\/jbcnews.com.br\/#\/schema\/person\/3b597ec20ccf92d0adc436057caf9bbe\"},\"breadcrumb\":{\"@id\":\"https:\/\/jbcnews.com.br\/index.php\/2021\/06\/01\/aos-13-e-11-anos-filha-de-vitor-belfort-e-joana-prado-brilham-em-esportes-nos-eua\/#breadcrumb\"},\"inLanguage\":\"pt-BR\",\"potentialAction\":[{\"@type\":\"ReadAction\",\"target\":[\"https:\/\/jbcnews.com.br\/index.php\/2021\/06\/01\/aos-13-e-11-anos-filha-de-vitor-belfort-e-joana-prado-brilham-em-esportes-nos-eua\/\"]}]},{\"@type\":\"ImageObject\",\"inLanguage\":\"pt-BR\",\"@id\":\"https:\/\/jbcnews.com.br\/index.php\/2021\/06\/01\/aos-13-e-11-anos-filha-de-vitor-belfort-e-joana-prado-brilham-em-esportes-nos-eua\/#primaryimage\",\"url\":\"https:\/\/jbcnews.com.br\/wp-content\/uploads\/2021\/06\/image-6.png\",\"contentUrl\":\"https:\/\/jbcnews.com.br\/wp-content\/uploads\/2021\/06\/image-6.png\",\"width\":448,\"height\":249},{\"@type\":\"BreadcrumbList\",\"@id\":\"https:\/\/jbcnews.com.br\/index.php\/2021\/06\/01\/aos-13-e-11-anos-filha-de-vitor-belfort-e-joana-prado-brilham-em-esportes-nos-eua\/#breadcrumb\",\"itemListElement\":[{\"@type\":\"ListItem\",\"position\":1,\"name\":\"In\u00edcio\",\"item\":\"https:\/\/jbcnews.com.br\/\"},{\"@type\":\"ListItem\",\"position\":2,\"name\":\"Aos 13 e 11 anos, filha de Vitor Belfort e Joana Prado brilham em esportes nos EUA.\"}]},{\"@type\":\"WebSite\",\"@id\":\"https:\/\/jbcnews.com.br\/#website\",\"url\":\"https:\/\/jbcnews.com.br\/\",\"name\":\"JBCNews\",\"description\":\"Comunica\u00e7\u00e3o e Cultura\",\"potentialAction\":[{\"@type\":\"SearchAction\",\"target\":{\"@type\":\"EntryPoint\",\"urlTemplate\":\"https:\/\/jbcnews.com.br\/?s={search_term_string}\"},\"query-input\":\"required name=search_term_string\"}],\"inLanguage\":\"pt-BR\"},{\"@type\":\"Person\",\"@id\":\"https:\/\/jbcnews.com.br\/#\/schema\/person\/3b597ec20ccf92d0adc436057caf9bbe\",\"name\":\"admin\",\"image\":{\"@type\":\"ImageObject\",\"inLanguage\":\"pt-BR\",\"@id\":\"https:\/\/jbcnews.com.br\/#\/schema\/person\/image\/\",\"url\":\"https:\/\/secure.gravatar.com\/avatar\/fe848d2435b65c3ed1cdd3a8e8f3bb2d?s=96&d=mm&r=g\",\"contentUrl\":\"https:\/\/secure.gravatar.com\/avatar\/fe848d2435b65c3ed1cdd3a8e8f3bb2d?s=96&d=mm&r=g\",\"caption\":\"admin\"},\"sameAs\":[\"https:\/\/jbcnews.com.br\"],\"url\":\"https:\/\/jbcnews.com.br\/index.php\/author\/jbcnews\/\"}]}<\/script>\n<!-- \/ Yoast SEO plugin. -->","yoast_head_json":{"title":"Aos 13 e 11 anos, filha de Vitor Belfort e Joana Prado brilham em esportes nos EUA. - JBCNews","robots":{"index":"index","follow":"follow","max-snippet":"max-snippet:-1","max-image-preview":"max-image-preview:large","max-video-preview":"max-video-preview:-1"},"canonical":"https:\/\/jbcnews.com.br\/index.php\/2021\/06\/01\/aos-13-e-11-anos-filha-de-vitor-belfort-e-joana-prado-brilham-em-esportes-nos-eua\/","og_locale":"pt_BR","og_type":"article","og_title":"Aos 13 e 11 anos, filha de Vitor Belfort e Joana Prado brilham em esportes nos EUA. - JBCNews","og_description":"Compartilhar Tweet (JBCNEWS &#8211; DF 01;06) &#8211; O esporte corre na veia dos filhos do lutador Vitor Belfort e Joana Prado. Al\u00e9m do primog\u00eanito Davi, de [\u2026]","og_url":"https:\/\/jbcnews.com.br\/index.php\/2021\/06\/01\/aos-13-e-11-anos-filha-de-vitor-belfort-e-joana-prado-brilham-em-esportes-nos-eua\/","og_site_name":"JBCNews","article_published_time":"2021-06-01T16:31:23+00:00","article_modified_time":"2021-06-01T16:31:26+00:00","og_image":[{"width":448,"height":249,"url":"https:\/\/jbcnews.com.br\/wp-content\/uploads\/2021\/06\/image-6.png","type":"image\/png"}],"author":"admin","twitter_card":"summary_large_image","twitter_misc":{"Escrito por":"admin","Est. tempo de leitura":"2 minutos"},"schema":{"@context":"https:\/\/schema.org","@graph":[{"@type":"WebPage","@id":"https:\/\/jbcnews.com.br\/index.php\/2021\/06\/01\/aos-13-e-11-anos-filha-de-vitor-belfort-e-joana-prado-brilham-em-esportes-nos-eua\/","url":"https:\/\/jbcnews.com.br\/index.php\/2021\/06\/01\/aos-13-e-11-anos-filha-de-vitor-belfort-e-joana-prado-brilham-em-esportes-nos-eua\/","name":"Aos 13 e 11 anos, filha de Vitor Belfort e Joana Prado brilham em esportes nos EUA. - JBCNews","isPartOf":{"@id":"https:\/\/jbcnews.com.br\/#website"},"primaryImageOfPage":{"@id":"https:\/\/jbcnews.com.br\/index.php\/2021\/06\/01\/aos-13-e-11-anos-filha-de-vitor-belfort-e-joana-prado-brilham-em-esportes-nos-eua\/#primaryimage"},"image":{"@id":"https:\/\/jbcnews.com.br\/index.php\/2021\/06\/01\/aos-13-e-11-anos-filha-de-vitor-belfort-e-joana-prado-brilham-em-esportes-nos-eua\/#primaryimage"},"thumbnailUrl":"https:\/\/jbcnews.com.br\/wp-content\/uploads\/2021\/06\/image-6.png","datePublished":"2021-06-01T16:31:23+00:00","dateModified":"2021-06-01T16:31:26+00:00","author":{"@id":"https:\/\/jbcnews.com.br\/#\/schema\/person\/3b597ec20ccf92d0adc436057caf9bbe"},"breadcrumb":{"@id":"https:\/\/jbcnews.com.br\/index.php\/2021\/06\/01\/aos-13-e-11-anos-filha-de-vitor-belfort-e-joana-prado-brilham-em-esportes-nos-eua\/#breadcrumb"},"inLanguage":"pt-BR","potentialAction":[{"@type":"ReadAction","target":["https:\/\/jbcnews.com.br\/index.php\/2021\/06\/01\/aos-13-e-11-anos-filha-de-vitor-belfort-e-joana-prado-brilham-em-esportes-nos-eua\/"]}]},{"@type":"ImageObject","inLanguage":"pt-BR","@id":"https:\/\/jbcnews.com.br\/index.php\/2021\/06\/01\/aos-13-e-11-anos-filha-de-vitor-belfort-e-joana-prado-brilham-em-esportes-nos-eua\/#primaryimage","url":"https:\/\/jbcnews.com.br\/wp-content\/uploads\/2021\/06\/image-6.png","contentUrl":"https:\/\/jbcnews.com.br\/wp-content\/uploads\/2021\/06\/image-6.png","width":448,"height":249},{"@type":"BreadcrumbList","@id":"https:\/\/jbcnews.com.br\/index.php\/2021\/06\/01\/aos-13-e-11-anos-filha-de-vitor-belfort-e-joana-prado-brilham-em-esportes-nos-eua\/#breadcrumb","itemListElement":[{"@type":"ListItem","position":1,"name":"In\u00edcio","item":"https:\/\/jbcnews.com.br\/"},{"@type":"ListItem","position":2,"name":"Aos 13 e 11 anos, filha de Vitor Belfort e Joana Prado brilham em esportes nos EUA."}]},{"@type":"WebSite","@id":"https:\/\/jbcnews.com.br\/#website","url":"https:\/\/jbcnews.com.br\/","name":"JBCNews","description":"Comunica\u00e7\u00e3o e Cultura","potentialAction":[{"@type":"SearchAction","target":{"@type":"EntryPoint","urlTemplate":"https:\/\/jbcnews.com.br\/?s={search_term_string}"},"query-input":"required name=search_term_string"}],"inLanguage":"pt-BR"},{"@type":"Person","@id":"https:\/\/jbcnews.com.br\/#\/schema\/person\/3b597ec20ccf92d0adc436057caf9bbe","name":"admin","image":{"@type":"ImageObject","inLanguage":"pt-BR","@id":"https:\/\/jbcnews.com.br\/#\/schema\/person\/image\/","url":"https:\/\/secure.gravatar.com\/avatar\/fe848d2435b65c3ed1cdd3a8e8f3bb2d?s=96&d=mm&r=g","contentUrl":"https:\/\/secure.gravatar.com\/avatar\/fe848d2435b65c3ed1cdd3a8e8f3bb2d?s=96&d=mm&r=g","caption":"admin"},"sameAs":["https:\/\/jbcnews.com.br"],"url":"https:\/\/jbcnews.com.br\/index.php\/author\/jbcnews\/"}]}},"_links":{"self":[{"href":"https:\/\/jbcnews.com.br\/index.php\/wp-json\/wp\/v2\/posts\/2954"}],"collection":[{"href":"https:\/\/jbcnews.com.br\/index.php\/wp-json\/wp\/v2\/posts"}],"about":[{"href":"https:\/\/jbcnews.com.br\/index.php\/wp-json\/wp\/v2\/types\/post"}],"author":[{"embeddable":true,"href":"https:\/\/jbcnews.com.br\/index.php\/wp-json\/wp\/v2\/users\/1"}],"replies":[{"embeddable":true,"href":"https:\/\/jbcnews.com.br\/index.php\/wp-json\/wp\/v2\/comments?post=2954"}],"version-history":[{"count":1,"href":"https:\/\/jbcnews.com.br\/index.php\/wp-json\/wp\/v2\/posts\/2954\/revisions"}],"predecessor-version":[{"id":2956,"href":"https:\/\/jbcnews.com.br\/index.php\/wp-json\/wp\/v2\/posts\/2954\/revisions\/2956"}],"wp:featuredmedia":[{"embeddable":true,"href":"https:\/\/jbcnews.com.br\/index.php\/wp-json\/wp\/v2\/media\/2955"}],"wp:attachment":[{"href":"https:\/\/jbcnews.com.br\/index.php\/wp-json\/wp\/v2\/media?parent=2954"}],"wp:term":[{"taxonomy":"category","embeddable":true,"href":"https:\/\/jbcnews.com.br\/index.php\/wp-json\/wp\/v2\/categories?post=2954"},{"taxonomy":"post_tag","embeddable":true,"href":"https:\/\/jbcnews.com.br\/index.php\/wp-json\/wp\/v2\/tags?post=2954"}],"curies":[{"name":"wp","href":"https:\/\/api.w.org\/{rel}","templated":true}]}}