{"id":2948,"date":"2021-06-01T16:26:47","date_gmt":"2021-06-01T16:26:47","guid":{"rendered":"https:\/\/jbcnews.com.br\/?p=2948"},"modified":"2021-06-01T16:26:51","modified_gmt":"2021-06-01T16:26:51","slug":"3-reforcos-que-chegarao-ao-palmeiras-e-como-eles-podem-mudar-o-time-de-abel-ferreira","status":"publish","type":"post","link":"https:\/\/jbcnews.com.br\/index.php\/2021\/06\/01\/3-reforcos-que-chegarao-ao-palmeiras-e-como-eles-podem-mudar-o-time-de-abel-ferreira\/","title":{"rendered":"3 refor\u00e7os que chegar\u00e3o ao Palmeiras e como eles podem mudar o time de Abel Ferreira."},"content":{"rendered":"\n<div id=\"fb-root\"><\/div>\n<script async=\"\" defer=\"\" crossorigin=\"anonymous\" src=\"https:\/\/connect.facebook.net\/pt_BR\/sdk.js#xfbml=1&amp;version=v8.0\" nonce=\"umdzmuzQ\">\n<\/script>\n\n\n<script>\n\nvar conteudo_fb = encodeURIComponent(document.title + \" \" + window.location.href); \nvar conteudo_tw = encodeURIComponent(document.title + \" \" + window.location.href); \n\ndocument.getElementById('btfb').dataHref=conteudo_fb; \ndocument.getElementById('btfb').href='https:\/\/www.facebook.com\/sharer\/sharer.php?u='+conteudo_fb+'&src=sdkpreparse'; \n\ndocument.getElementById('atw').dataText=conteudo_tw; \n\n\tfunction share_whatsapp() {\n\t\tvar conteudo_wp = encodeURIComponent(document.title + \" \" + window.location.href); \n\t\tvar linkwp = \"https:\/\/api.whatsapp.com\/send?text=\" + conteudo_wp; \n\t\twindow.open(linkwp); \n\t}\n\n<\/script>\n\n<div style=\"width: 500px; height: 40px; \">\n\t<div style=\"display: nonex; width: auto; vertical-align: top; \">\n\t\t<div id=\"btfb\" class=\"fb-share-button\" data-href=\"\" data-layout=\"button\" data-size=\"small\" style=\"float: left; \">\n\t\t\t<a id=\"abtfb\" target=\"_blank\" href=\"\" class=\"fb-xfbml-parse-ignore\" style=\" \" rel=\"noopener noreferrer\">Compartilhar<\/a>\n\t\t<\/div>\n\t\t<div style=\"float: left; height: 40px; margin-left: 10px; margin-top: 7px; \">\n\t\t\t<img decoding=\"async\" src=\"https:\/\/getsupbrazil.com.br\/brasilnordeste\/images\/share-whatsapp.png\" style=\"height: 18px; cursor: pointer;  \" onclick=\"share_whatsapp(); \">\n\t\t<\/div>\n\t\t<div style=\"float: left; height: 40px; margin-left: 10px; margin-top: 7px; \">\n\t\t\t<a href=\"https:\/\/twitter.com\/share?ref_src=twsrc%5Etfw\" class=\"twitter-share-button\" data-text=\"\" data-via=\"BrasilNordeste2\" data-lang=\"pt\" data-show-count=\"false\">Tweet<\/a><script async src=\"https:\/\/platform.twitter.com\/widgets.js\" charset=\"utf-8\"><\/script>\n\t\t<\/div>\n\t\t<div style=\"clear: both; \"><\/div>\n\t<\/div>\n\n\t<!-- <img decoding=\"async\" src=\"https:\/\/getsupbrazil.com.br\/brasilnordeste\/images\/share-facebook.png\" style=\"height: 18px; cursor: pointer; \" onclick=\"share_facebook(); \" > -->\n\n<\/div>\n<br>\n\n\n\n\n<p><strong>(JBCNEWS &#8211; DF 01;06) &#8211; O\u00a0Palmeiras\u00a0n\u00e3o pretende investir pesado no mercado de transfer\u00eancias nesta temporada.\u00a0<\/strong>O Alviverde entende que tem um elenco que pode continuar brigando por t\u00edtulos em 2021 e que n\u00e3o precisa fazer &#8216;loucuras financeiras&#8217; em busca de novas pe\u00e7as para Abel Ferreira. Isto, por\u00e9m, n\u00e3o quer dizer que refor\u00e7os n\u00e3o chegar\u00e3o ao Allianz Parque ao longo do ano. Muito pelo contr\u00e1rio.\u00a0<strong>Tr\u00eas nomes certamente v\u00e3o desembarcar em S\u00e3o Paulo nos pr\u00f3ximos meses.<\/strong><\/p>\n\n\n\n<p>Ao longo do ano, o Verd\u00e3o vai repatriar tr\u00eas atletas:&nbsp;<strong>Dudu<\/strong>, que atuou uma temporada por empr\u00e9stimo Al Duhail, do Catar;<strong>&nbsp;Miguel Borja<\/strong>, que foi cedido ao Junior Barranquilla at\u00e9 o final do m\u00eas que vem; e&nbsp;<strong>Deyverson<\/strong>, que defendeu o Alav\u00e9s, da Espanha, nos \u00faltimos meses. O \u00faltimo, inclusive, j\u00e1 tem data para voltar aos trabalhos na Academia: sexta-feira, 4 de junho.<\/p>\n\n\n\n<p>Desta forma, Abel Ferreira, que pediu refor\u00e7os \u00e0 diretoria do clube paulista, vai ganhar ao menos tr\u00eas pe\u00e7as para o setor de ataque. Confira a situa\u00e7\u00e3o contratual do trio:<\/p>\n\n\n\n<p><strong>Dudu:<\/strong>\u00a0o meia-atacante tem contrato at\u00e9 o final de 2023 com o Verd\u00e3o. Ap\u00f3s uma temporada no Catar,\u00a0o talentoso atleta vai retornar ao clube. Ele, por\u00e9m, s\u00f3 deve ficar \u00e0 disposi\u00e7\u00e3o a partir de agosto \u2013 quando abre a janela internacional de transfer\u00eancias.<\/p>\n\n\n\n<p><strong>Deyverson:\u00a0<\/strong>o irreverente atacante foi emprestado e atuou uma temporada na Espanha, mas retornou recentemente e em breve vai integrar o grupo de Abel Ferreira. Ele tem contrato at\u00e9 o final do ano que vem com o Verd\u00e3o, o qual ainda\u00a0pode emprest\u00e1-lo novamente.<\/p>\n\n\n\n<p><strong>Borja:&nbsp;<\/strong>o atacante tem v\u00ednculo at\u00e9 o final de 2022 com o Palmeiras, que o emprestou no come\u00e7o do ano passado ao Junior. Seu contrato na Col\u00f4mbia termina no m\u00eas que vem, quando, a princ\u00edpio, ele retorna ao Brasil. Caso seja reintegrado, o atacante tamb\u00e9m s\u00f3 vai poder atuar a partir de agosto.<\/p>\n\n\n\n<p><strong>Dos tr\u00eas atacantes, Dudu \u00e9 o \u00fanico que tem o futuro definido: ele vai ser utilizado pelo Palmeiras.<\/strong>&nbsp;Deyverson, mesmo sendo reintegrado, ainda pode ser negociado. E Borja, que \u00e9 bem avaliado no Verd\u00e3o, tamb\u00e9m n\u00e3o tem os pr\u00f3ximos passos bem definidos.<\/p>\n","protected":false},"excerpt":{"rendered":"<p>Compartilhar Tweet (JBCNEWS &#8211; DF 01;06) &#8211; O\u00a0Palmeiras\u00a0n\u00e3o pretende investir pesado no mercado de transfer\u00eancias nesta temporada.\u00a0O Alviverde entende que tem um elenco que pode continuar<span class=\"excerpt-hellip\"> [\u2026]<\/span><\/p>\n","protected":false},"author":1,"featured_media":2949,"comment_status":"open","ping_status":"open","sticky":false,"template":"","format":"standard","meta":{"footnotes":""},"categories":[23],"tags":[],"yoast_head":"<!-- This site is optimized with the Yoast SEO plugin v22.6 - https:\/\/yoast.com\/wordpress\/plugins\/seo\/ -->\n<title>3 refor\u00e7os que chegar\u00e3o ao Palmeiras e como eles podem mudar o time de Abel Ferreira. - JBCNews<\/title>\n<meta name=\"robots\" content=\"index, follow, max-snippet:-1, max-image-preview:large, max-video-preview:-1\" \/>\n<link rel=\"canonical\" href=\"https:\/\/jbcnews.com.br\/index.php\/2021\/06\/01\/3-reforcos-que-chegarao-ao-palmeiras-e-como-eles-podem-mudar-o-time-de-abel-ferreira\/\" \/>\n<meta property=\"og:locale\" content=\"pt_BR\" \/>\n<meta property=\"og:type\" content=\"article\" \/>\n<meta property=\"og:title\" content=\"3 refor\u00e7os que chegar\u00e3o ao Palmeiras e como eles podem mudar o time de Abel Ferreira. - JBCNews\" \/>\n<meta property=\"og:description\" content=\"Compartilhar Tweet (JBCNEWS &#8211; DF 01;06) &#8211; O\u00a0Palmeiras\u00a0n\u00e3o pretende investir pesado no mercado de transfer\u00eancias nesta temporada.\u00a0O Alviverde entende que tem um elenco que pode continuar [\u2026]\" \/>\n<meta property=\"og:url\" content=\"https:\/\/jbcnews.com.br\/index.php\/2021\/06\/01\/3-reforcos-que-chegarao-ao-palmeiras-e-como-eles-podem-mudar-o-time-de-abel-ferreira\/\" \/>\n<meta property=\"og:site_name\" content=\"JBCNews\" \/>\n<meta property=\"article:published_time\" content=\"2021-06-01T16:26:47+00:00\" \/>\n<meta property=\"article:modified_time\" content=\"2021-06-01T16:26:51+00:00\" \/>\n<meta property=\"og:image\" content=\"https:\/\/jbcnews.com.br\/wp-content\/uploads\/2021\/06\/image-4.png\" \/>\n\t<meta property=\"og:image:width\" content=\"960\" \/>\n\t<meta property=\"og:image:height\" content=\"540\" \/>\n\t<meta property=\"og:image:type\" content=\"image\/png\" \/>\n<meta name=\"author\" content=\"admin\" \/>\n<meta name=\"twitter:card\" content=\"summary_large_image\" \/>\n<meta name=\"twitter:label1\" content=\"Escrito por\" \/>\n\t<meta name=\"twitter:data1\" content=\"admin\" \/>\n\t<meta name=\"twitter:label2\" content=\"Est. tempo de leitura\" \/>\n\t<meta name=\"twitter:data2\" content=\"2 minutos\" \/>\n<script type=\"application\/ld+json\" class=\"yoast-schema-graph\">{\"@context\":\"https:\/\/schema.org\",\"@graph\":[{\"@type\":\"WebPage\",\"@id\":\"https:\/\/jbcnews.com.br\/index.php\/2021\/06\/01\/3-reforcos-que-chegarao-ao-palmeiras-e-como-eles-podem-mudar-o-time-de-abel-ferreira\/\",\"url\":\"https:\/\/jbcnews.com.br\/index.php\/2021\/06\/01\/3-reforcos-que-chegarao-ao-palmeiras-e-como-eles-podem-mudar-o-time-de-abel-ferreira\/\",\"name\":\"3 refor\u00e7os que chegar\u00e3o ao Palmeiras e como eles podem mudar o time de Abel Ferreira. - JBCNews\",\"isPartOf\":{\"@id\":\"https:\/\/jbcnews.com.br\/#website\"},\"primaryImageOfPage\":{\"@id\":\"https:\/\/jbcnews.com.br\/index.php\/2021\/06\/01\/3-reforcos-que-chegarao-ao-palmeiras-e-como-eles-podem-mudar-o-time-de-abel-ferreira\/#primaryimage\"},\"image\":{\"@id\":\"https:\/\/jbcnews.com.br\/index.php\/2021\/06\/01\/3-reforcos-que-chegarao-ao-palmeiras-e-como-eles-podem-mudar-o-time-de-abel-ferreira\/#primaryimage\"},\"thumbnailUrl\":\"https:\/\/jbcnews.com.br\/wp-content\/uploads\/2021\/06\/image-4.png\",\"datePublished\":\"2021-06-01T16:26:47+00:00\",\"dateModified\":\"2021-06-01T16:26:51+00:00\",\"author\":{\"@id\":\"https:\/\/jbcnews.com.br\/#\/schema\/person\/3b597ec20ccf92d0adc436057caf9bbe\"},\"breadcrumb\":{\"@id\":\"https:\/\/jbcnews.com.br\/index.php\/2021\/06\/01\/3-reforcos-que-chegarao-ao-palmeiras-e-como-eles-podem-mudar-o-time-de-abel-ferreira\/#breadcrumb\"},\"inLanguage\":\"pt-BR\",\"potentialAction\":[{\"@type\":\"ReadAction\",\"target\":[\"https:\/\/jbcnews.com.br\/index.php\/2021\/06\/01\/3-reforcos-que-chegarao-ao-palmeiras-e-como-eles-podem-mudar-o-time-de-abel-ferreira\/\"]}]},{\"@type\":\"ImageObject\",\"inLanguage\":\"pt-BR\",\"@id\":\"https:\/\/jbcnews.com.br\/index.php\/2021\/06\/01\/3-reforcos-que-chegarao-ao-palmeiras-e-como-eles-podem-mudar-o-time-de-abel-ferreira\/#primaryimage\",\"url\":\"https:\/\/jbcnews.com.br\/wp-content\/uploads\/2021\/06\/image-4.png\",\"contentUrl\":\"https:\/\/jbcnews.com.br\/wp-content\/uploads\/2021\/06\/image-4.png\",\"width\":960,\"height\":540},{\"@type\":\"BreadcrumbList\",\"@id\":\"https:\/\/jbcnews.com.br\/index.php\/2021\/06\/01\/3-reforcos-que-chegarao-ao-palmeiras-e-como-eles-podem-mudar-o-time-de-abel-ferreira\/#breadcrumb\",\"itemListElement\":[{\"@type\":\"ListItem\",\"position\":1,\"name\":\"In\u00edcio\",\"item\":\"https:\/\/jbcnews.com.br\/\"},{\"@type\":\"ListItem\",\"position\":2,\"name\":\"3 refor\u00e7os que chegar\u00e3o ao Palmeiras e como eles podem mudar o time de Abel Ferreira.\"}]},{\"@type\":\"WebSite\",\"@id\":\"https:\/\/jbcnews.com.br\/#website\",\"url\":\"https:\/\/jbcnews.com.br\/\",\"name\":\"JBCNews\",\"description\":\"Comunica\u00e7\u00e3o e Cultura\",\"potentialAction\":[{\"@type\":\"SearchAction\",\"target\":{\"@type\":\"EntryPoint\",\"urlTemplate\":\"https:\/\/jbcnews.com.br\/?s={search_term_string}\"},\"query-input\":\"required name=search_term_string\"}],\"inLanguage\":\"pt-BR\"},{\"@type\":\"Person\",\"@id\":\"https:\/\/jbcnews.com.br\/#\/schema\/person\/3b597ec20ccf92d0adc436057caf9bbe\",\"name\":\"admin\",\"image\":{\"@type\":\"ImageObject\",\"inLanguage\":\"pt-BR\",\"@id\":\"https:\/\/jbcnews.com.br\/#\/schema\/person\/image\/\",\"url\":\"https:\/\/secure.gravatar.com\/avatar\/fe848d2435b65c3ed1cdd3a8e8f3bb2d?s=96&d=mm&r=g\",\"contentUrl\":\"https:\/\/secure.gravatar.com\/avatar\/fe848d2435b65c3ed1cdd3a8e8f3bb2d?s=96&d=mm&r=g\",\"caption\":\"admin\"},\"sameAs\":[\"https:\/\/jbcnews.com.br\"],\"url\":\"https:\/\/jbcnews.com.br\/index.php\/author\/jbcnews\/\"}]}<\/script>\n<!-- \/ Yoast SEO plugin. -->","yoast_head_json":{"title":"3 refor\u00e7os que chegar\u00e3o ao Palmeiras e como eles podem mudar o time de Abel Ferreira. - JBCNews","robots":{"index":"index","follow":"follow","max-snippet":"max-snippet:-1","max-image-preview":"max-image-preview:large","max-video-preview":"max-video-preview:-1"},"canonical":"https:\/\/jbcnews.com.br\/index.php\/2021\/06\/01\/3-reforcos-que-chegarao-ao-palmeiras-e-como-eles-podem-mudar-o-time-de-abel-ferreira\/","og_locale":"pt_BR","og_type":"article","og_title":"3 refor\u00e7os que chegar\u00e3o ao Palmeiras e como eles podem mudar o time de Abel Ferreira. - JBCNews","og_description":"Compartilhar Tweet (JBCNEWS &#8211; DF 01;06) &#8211; O\u00a0Palmeiras\u00a0n\u00e3o pretende investir pesado no mercado de transfer\u00eancias nesta temporada.\u00a0O Alviverde entende que tem um elenco que pode continuar [\u2026]","og_url":"https:\/\/jbcnews.com.br\/index.php\/2021\/06\/01\/3-reforcos-que-chegarao-ao-palmeiras-e-como-eles-podem-mudar-o-time-de-abel-ferreira\/","og_site_name":"JBCNews","article_published_time":"2021-06-01T16:26:47+00:00","article_modified_time":"2021-06-01T16:26:51+00:00","og_image":[{"width":960,"height":540,"url":"https:\/\/jbcnews.com.br\/wp-content\/uploads\/2021\/06\/image-4.png","type":"image\/png"}],"author":"admin","twitter_card":"summary_large_image","twitter_misc":{"Escrito por":"admin","Est. tempo de leitura":"2 minutos"},"schema":{"@context":"https:\/\/schema.org","@graph":[{"@type":"WebPage","@id":"https:\/\/jbcnews.com.br\/index.php\/2021\/06\/01\/3-reforcos-que-chegarao-ao-palmeiras-e-como-eles-podem-mudar-o-time-de-abel-ferreira\/","url":"https:\/\/jbcnews.com.br\/index.php\/2021\/06\/01\/3-reforcos-que-chegarao-ao-palmeiras-e-como-eles-podem-mudar-o-time-de-abel-ferreira\/","name":"3 refor\u00e7os que chegar\u00e3o ao Palmeiras e como eles podem mudar o time de Abel Ferreira. - JBCNews","isPartOf":{"@id":"https:\/\/jbcnews.com.br\/#website"},"primaryImageOfPage":{"@id":"https:\/\/jbcnews.com.br\/index.php\/2021\/06\/01\/3-reforcos-que-chegarao-ao-palmeiras-e-como-eles-podem-mudar-o-time-de-abel-ferreira\/#primaryimage"},"image":{"@id":"https:\/\/jbcnews.com.br\/index.php\/2021\/06\/01\/3-reforcos-que-chegarao-ao-palmeiras-e-como-eles-podem-mudar-o-time-de-abel-ferreira\/#primaryimage"},"thumbnailUrl":"https:\/\/jbcnews.com.br\/wp-content\/uploads\/2021\/06\/image-4.png","datePublished":"2021-06-01T16:26:47+00:00","dateModified":"2021-06-01T16:26:51+00:00","author":{"@id":"https:\/\/jbcnews.com.br\/#\/schema\/person\/3b597ec20ccf92d0adc436057caf9bbe"},"breadcrumb":{"@id":"https:\/\/jbcnews.com.br\/index.php\/2021\/06\/01\/3-reforcos-que-chegarao-ao-palmeiras-e-como-eles-podem-mudar-o-time-de-abel-ferreira\/#breadcrumb"},"inLanguage":"pt-BR","potentialAction":[{"@type":"ReadAction","target":["https:\/\/jbcnews.com.br\/index.php\/2021\/06\/01\/3-reforcos-que-chegarao-ao-palmeiras-e-como-eles-podem-mudar-o-time-de-abel-ferreira\/"]}]},{"@type":"ImageObject","inLanguage":"pt-BR","@id":"https:\/\/jbcnews.com.br\/index.php\/2021\/06\/01\/3-reforcos-que-chegarao-ao-palmeiras-e-como-eles-podem-mudar-o-time-de-abel-ferreira\/#primaryimage","url":"https:\/\/jbcnews.com.br\/wp-content\/uploads\/2021\/06\/image-4.png","contentUrl":"https:\/\/jbcnews.com.br\/wp-content\/uploads\/2021\/06\/image-4.png","width":960,"height":540},{"@type":"BreadcrumbList","@id":"https:\/\/jbcnews.com.br\/index.php\/2021\/06\/01\/3-reforcos-que-chegarao-ao-palmeiras-e-como-eles-podem-mudar-o-time-de-abel-ferreira\/#breadcrumb","itemListElement":[{"@type":"ListItem","position":1,"name":"In\u00edcio","item":"https:\/\/jbcnews.com.br\/"},{"@type":"ListItem","position":2,"name":"3 refor\u00e7os que chegar\u00e3o ao Palmeiras e como eles podem mudar o time de Abel Ferreira."}]},{"@type":"WebSite","@id":"https:\/\/jbcnews.com.br\/#website","url":"https:\/\/jbcnews.com.br\/","name":"JBCNews","description":"Comunica\u00e7\u00e3o e Cultura","potentialAction":[{"@type":"SearchAction","target":{"@type":"EntryPoint","urlTemplate":"https:\/\/jbcnews.com.br\/?s={search_term_string}"},"query-input":"required name=search_term_string"}],"inLanguage":"pt-BR"},{"@type":"Person","@id":"https:\/\/jbcnews.com.br\/#\/schema\/person\/3b597ec20ccf92d0adc436057caf9bbe","name":"admin","image":{"@type":"ImageObject","inLanguage":"pt-BR","@id":"https:\/\/jbcnews.com.br\/#\/schema\/person\/image\/","url":"https:\/\/secure.gravatar.com\/avatar\/fe848d2435b65c3ed1cdd3a8e8f3bb2d?s=96&d=mm&r=g","contentUrl":"https:\/\/secure.gravatar.com\/avatar\/fe848d2435b65c3ed1cdd3a8e8f3bb2d?s=96&d=mm&r=g","caption":"admin"},"sameAs":["https:\/\/jbcnews.com.br"],"url":"https:\/\/jbcnews.com.br\/index.php\/author\/jbcnews\/"}]}},"_links":{"self":[{"href":"https:\/\/jbcnews.com.br\/index.php\/wp-json\/wp\/v2\/posts\/2948"}],"collection":[{"href":"https:\/\/jbcnews.com.br\/index.php\/wp-json\/wp\/v2\/posts"}],"about":[{"href":"https:\/\/jbcnews.com.br\/index.php\/wp-json\/wp\/v2\/types\/post"}],"author":[{"embeddable":true,"href":"https:\/\/jbcnews.com.br\/index.php\/wp-json\/wp\/v2\/users\/1"}],"replies":[{"embeddable":true,"href":"https:\/\/jbcnews.com.br\/index.php\/wp-json\/wp\/v2\/comments?post=2948"}],"version-history":[{"count":1,"href":"https:\/\/jbcnews.com.br\/index.php\/wp-json\/wp\/v2\/posts\/2948\/revisions"}],"predecessor-version":[{"id":2950,"href":"https:\/\/jbcnews.com.br\/index.php\/wp-json\/wp\/v2\/posts\/2948\/revisions\/2950"}],"wp:featuredmedia":[{"embeddable":true,"href":"https:\/\/jbcnews.com.br\/index.php\/wp-json\/wp\/v2\/media\/2949"}],"wp:attachment":[{"href":"https:\/\/jbcnews.com.br\/index.php\/wp-json\/wp\/v2\/media?parent=2948"}],"wp:term":[{"taxonomy":"category","embeddable":true,"href":"https:\/\/jbcnews.com.br\/index.php\/wp-json\/wp\/v2\/categories?post=2948"},{"taxonomy":"post_tag","embeddable":true,"href":"https:\/\/jbcnews.com.br\/index.php\/wp-json\/wp\/v2\/tags?post=2948"}],"curies":[{"name":"wp","href":"https:\/\/api.w.org\/{rel}","templated":true}]}}