{"id":2908,"date":"2021-05-17T15:58:04","date_gmt":"2021-05-17T15:58:04","guid":{"rendered":"https:\/\/jbcnews.com.br\/?p=2908"},"modified":"2021-06-01T16:49:41","modified_gmt":"2021-06-01T16:49:41","slug":"bruno-covas-prefeito-de-sao-paulo-morre-em-decorrencia-de-um-cancer","status":"publish","type":"post","link":"https:\/\/jbcnews.com.br\/index.php\/2021\/05\/17\/bruno-covas-prefeito-de-sao-paulo-morre-em-decorrencia-de-um-cancer\/","title":{"rendered":"Bruno Covas, prefeito de S\u00e3o Paulo, morre em decorr\u00eancia de um c\u00e2ncer."},"content":{"rendered":"\n<p>(JBCNEWS &#8211; DF 16\/05 &#8211; Morreu neste domingo (16), aos 41 anos, o prefeito de S\u00e3o Paulo, Bruno Covas (PSDB), em decorr\u00eancia de um c\u00e2ncer na c\u00e1rdia, que fica na transi\u00e7\u00e3o entre est\u00f4mago e es\u00f4fago, diagnosticado em 2019. O an\u00fancio do \u00f3bito foi feito por sua equipe m\u00e9dica. Covas deixa um filho, de 15 anos.<\/p>\n\n\n\n<p>No dia 3 de maio, Covas foi transferido para a UTI do Hospital S\u00edrio-Liban\u00eas, onde estava internado, ap\u00f3s um sangramento no est\u00f4mago. O prefeito de S\u00e3o Paulo tamb\u00e9m havia sido diagnosticado com met\u00e1stase \u00f3ssea do c\u00e2ncer.<\/p>\n\n\n\n<p>Em 21 de abril, feriado de Tiradentes, Covas apresentou uma piora no quadro de sa\u00fade e foi internado no Hospital S\u00edrio Liban\u00eas com l\u00edquido nos pulm\u00f5es e no abd\u00f4men. Dias depois, recebeu alta e comemorou nas redes sociais.<\/p>\n\n\n\n<p>O prefeito tamb\u00e9m come\u00e7ou a receber alimenta\u00e7\u00e3o parenteral (por meio de uma sonda) durante as madrugadas, enquanto dormia, para auxiliar no ganho de peso \u2014 a complementa\u00e7\u00e3o nutricional visava especialmente prepar\u00e1-lo para o novo tratamento.<\/p>\n\n\n\n<p>Ainda de acordo com a equipe m\u00e9dica, Covas respondia bem ao tratamento, mas permaneceria no hospital, ainda que restrito e sem exposi\u00e7\u00e3o p\u00fablica.<\/p>\n\n\n\n<p>No dia 15, a equipe m\u00e9dica do hospital havia localizado novos focos de tumores nos ossos e no f\u00edgado do prefeito.<\/p>\n\n\n\n<p>Carreira pol\u00edtica dedicada ao PSDB<br>Bruno Covas Lopes nasceu em Santos, no litoral de S\u00e3o Paulo, e se mudou para a capital paulista em 1995, onde cursou direito na USP e economia na PUC-SP.<\/p>\n","protected":false},"excerpt":{"rendered":"<p>(JBCNEWS &#8211; DF 16\/05 &#8211; Morreu neste domingo (16), aos 41 anos, o prefeito de S\u00e3o Paulo, Bruno Covas (PSDB), em decorr\u00eancia de um c\u00e2ncer na<span class=\"excerpt-hellip\"> [\u2026]<\/span><\/p>\n","protected":false},"author":1,"featured_media":2909,"comment_status":"open","ping_status":"open","sticky":false,"template":"","format":"standard","meta":{"footnotes":""},"categories":[20],"tags":[],"yoast_head":"<!-- This site is optimized with the Yoast SEO plugin v22.6 - https:\/\/yoast.com\/wordpress\/plugins\/seo\/ -->\n<title>Bruno Covas, prefeito de S\u00e3o Paulo, morre em decorr\u00eancia de um c\u00e2ncer. - JBCNews<\/title>\n<meta name=\"robots\" content=\"index, follow, max-snippet:-1, max-image-preview:large, max-video-preview:-1\" \/>\n<link rel=\"canonical\" href=\"https:\/\/jbcnews.com.br\/index.php\/2021\/05\/17\/bruno-covas-prefeito-de-sao-paulo-morre-em-decorrencia-de-um-cancer\/\" \/>\n<meta property=\"og:locale\" content=\"pt_BR\" \/>\n<meta property=\"og:type\" content=\"article\" \/>\n<meta property=\"og:title\" content=\"Bruno Covas, prefeito de S\u00e3o Paulo, morre em decorr\u00eancia de um c\u00e2ncer. - JBCNews\" \/>\n<meta property=\"og:description\" content=\"(JBCNEWS &#8211; DF 16\/05 &#8211; Morreu neste domingo (16), aos 41 anos, o prefeito de S\u00e3o Paulo, Bruno Covas (PSDB), em decorr\u00eancia de um c\u00e2ncer na [\u2026]\" \/>\n<meta property=\"og:url\" content=\"https:\/\/jbcnews.com.br\/index.php\/2021\/05\/17\/bruno-covas-prefeito-de-sao-paulo-morre-em-decorrencia-de-um-cancer\/\" \/>\n<meta property=\"og:site_name\" content=\"JBCNews\" \/>\n<meta property=\"article:published_time\" content=\"2021-05-17T15:58:04+00:00\" \/>\n<meta property=\"article:modified_time\" content=\"2021-06-01T16:49:41+00:00\" \/>\n<meta property=\"og:image\" content=\"https:\/\/jbcnews.com.br\/wp-content\/uploads\/2021\/05\/imagem-94.png\" \/>\n\t<meta property=\"og:image:width\" content=\"960\" \/>\n\t<meta property=\"og:image:height\" content=\"640\" \/>\n\t<meta property=\"og:image:type\" content=\"image\/png\" \/>\n<meta name=\"author\" content=\"admin\" \/>\n<meta name=\"twitter:card\" content=\"summary_large_image\" \/>\n<meta name=\"twitter:label1\" content=\"Escrito por\" \/>\n\t<meta name=\"twitter:data1\" content=\"admin\" \/>\n\t<meta name=\"twitter:label2\" content=\"Est. tempo de leitura\" \/>\n\t<meta name=\"twitter:data2\" content=\"1 minuto\" \/>\n<script type=\"application\/ld+json\" class=\"yoast-schema-graph\">{\"@context\":\"https:\/\/schema.org\",\"@graph\":[{\"@type\":\"WebPage\",\"@id\":\"https:\/\/jbcnews.com.br\/index.php\/2021\/05\/17\/bruno-covas-prefeito-de-sao-paulo-morre-em-decorrencia-de-um-cancer\/\",\"url\":\"https:\/\/jbcnews.com.br\/index.php\/2021\/05\/17\/bruno-covas-prefeito-de-sao-paulo-morre-em-decorrencia-de-um-cancer\/\",\"name\":\"Bruno Covas, prefeito de S\u00e3o Paulo, morre em decorr\u00eancia de um c\u00e2ncer. - JBCNews\",\"isPartOf\":{\"@id\":\"https:\/\/jbcnews.com.br\/#website\"},\"primaryImageOfPage\":{\"@id\":\"https:\/\/jbcnews.com.br\/index.php\/2021\/05\/17\/bruno-covas-prefeito-de-sao-paulo-morre-em-decorrencia-de-um-cancer\/#primaryimage\"},\"image\":{\"@id\":\"https:\/\/jbcnews.com.br\/index.php\/2021\/05\/17\/bruno-covas-prefeito-de-sao-paulo-morre-em-decorrencia-de-um-cancer\/#primaryimage\"},\"thumbnailUrl\":\"https:\/\/jbcnews.com.br\/wp-content\/uploads\/2021\/05\/imagem-94.png\",\"datePublished\":\"2021-05-17T15:58:04+00:00\",\"dateModified\":\"2021-06-01T16:49:41+00:00\",\"author\":{\"@id\":\"https:\/\/jbcnews.com.br\/#\/schema\/person\/3b597ec20ccf92d0adc436057caf9bbe\"},\"breadcrumb\":{\"@id\":\"https:\/\/jbcnews.com.br\/index.php\/2021\/05\/17\/bruno-covas-prefeito-de-sao-paulo-morre-em-decorrencia-de-um-cancer\/#breadcrumb\"},\"inLanguage\":\"pt-BR\",\"potentialAction\":[{\"@type\":\"ReadAction\",\"target\":[\"https:\/\/jbcnews.com.br\/index.php\/2021\/05\/17\/bruno-covas-prefeito-de-sao-paulo-morre-em-decorrencia-de-um-cancer\/\"]}]},{\"@type\":\"ImageObject\",\"inLanguage\":\"pt-BR\",\"@id\":\"https:\/\/jbcnews.com.br\/index.php\/2021\/05\/17\/bruno-covas-prefeito-de-sao-paulo-morre-em-decorrencia-de-um-cancer\/#primaryimage\",\"url\":\"https:\/\/jbcnews.com.br\/wp-content\/uploads\/2021\/05\/imagem-94.png\",\"contentUrl\":\"https:\/\/jbcnews.com.br\/wp-content\/uploads\/2021\/05\/imagem-94.png\",\"width\":960,\"height\":640},{\"@type\":\"BreadcrumbList\",\"@id\":\"https:\/\/jbcnews.com.br\/index.php\/2021\/05\/17\/bruno-covas-prefeito-de-sao-paulo-morre-em-decorrencia-de-um-cancer\/#breadcrumb\",\"itemListElement\":[{\"@type\":\"ListItem\",\"position\":1,\"name\":\"In\u00edcio\",\"item\":\"https:\/\/jbcnews.com.br\/\"},{\"@type\":\"ListItem\",\"position\":2,\"name\":\"Bruno Covas, prefeito de S\u00e3o Paulo, morre em decorr\u00eancia de um c\u00e2ncer.\"}]},{\"@type\":\"WebSite\",\"@id\":\"https:\/\/jbcnews.com.br\/#website\",\"url\":\"https:\/\/jbcnews.com.br\/\",\"name\":\"JBCNews\",\"description\":\"Comunica\u00e7\u00e3o e Cultura\",\"potentialAction\":[{\"@type\":\"SearchAction\",\"target\":{\"@type\":\"EntryPoint\",\"urlTemplate\":\"https:\/\/jbcnews.com.br\/?s={search_term_string}\"},\"query-input\":\"required name=search_term_string\"}],\"inLanguage\":\"pt-BR\"},{\"@type\":\"Person\",\"@id\":\"https:\/\/jbcnews.com.br\/#\/schema\/person\/3b597ec20ccf92d0adc436057caf9bbe\",\"name\":\"admin\",\"image\":{\"@type\":\"ImageObject\",\"inLanguage\":\"pt-BR\",\"@id\":\"https:\/\/jbcnews.com.br\/#\/schema\/person\/image\/\",\"url\":\"https:\/\/secure.gravatar.com\/avatar\/fe848d2435b65c3ed1cdd3a8e8f3bb2d?s=96&d=mm&r=g\",\"contentUrl\":\"https:\/\/secure.gravatar.com\/avatar\/fe848d2435b65c3ed1cdd3a8e8f3bb2d?s=96&d=mm&r=g\",\"caption\":\"admin\"},\"sameAs\":[\"https:\/\/jbcnews.com.br\"],\"url\":\"https:\/\/jbcnews.com.br\/index.php\/author\/jbcnews\/\"}]}<\/script>\n<!-- \/ Yoast SEO plugin. -->","yoast_head_json":{"title":"Bruno Covas, prefeito de S\u00e3o Paulo, morre em decorr\u00eancia de um c\u00e2ncer. - JBCNews","robots":{"index":"index","follow":"follow","max-snippet":"max-snippet:-1","max-image-preview":"max-image-preview:large","max-video-preview":"max-video-preview:-1"},"canonical":"https:\/\/jbcnews.com.br\/index.php\/2021\/05\/17\/bruno-covas-prefeito-de-sao-paulo-morre-em-decorrencia-de-um-cancer\/","og_locale":"pt_BR","og_type":"article","og_title":"Bruno Covas, prefeito de S\u00e3o Paulo, morre em decorr\u00eancia de um c\u00e2ncer. - JBCNews","og_description":"(JBCNEWS &#8211; DF 16\/05 &#8211; Morreu neste domingo (16), aos 41 anos, o prefeito de S\u00e3o Paulo, Bruno Covas (PSDB), em decorr\u00eancia de um c\u00e2ncer na [\u2026]","og_url":"https:\/\/jbcnews.com.br\/index.php\/2021\/05\/17\/bruno-covas-prefeito-de-sao-paulo-morre-em-decorrencia-de-um-cancer\/","og_site_name":"JBCNews","article_published_time":"2021-05-17T15:58:04+00:00","article_modified_time":"2021-06-01T16:49:41+00:00","og_image":[{"width":960,"height":640,"url":"https:\/\/jbcnews.com.br\/wp-content\/uploads\/2021\/05\/imagem-94.png","type":"image\/png"}],"author":"admin","twitter_card":"summary_large_image","twitter_misc":{"Escrito por":"admin","Est. tempo de leitura":"1 minuto"},"schema":{"@context":"https:\/\/schema.org","@graph":[{"@type":"WebPage","@id":"https:\/\/jbcnews.com.br\/index.php\/2021\/05\/17\/bruno-covas-prefeito-de-sao-paulo-morre-em-decorrencia-de-um-cancer\/","url":"https:\/\/jbcnews.com.br\/index.php\/2021\/05\/17\/bruno-covas-prefeito-de-sao-paulo-morre-em-decorrencia-de-um-cancer\/","name":"Bruno Covas, prefeito de S\u00e3o Paulo, morre em decorr\u00eancia de um c\u00e2ncer. - JBCNews","isPartOf":{"@id":"https:\/\/jbcnews.com.br\/#website"},"primaryImageOfPage":{"@id":"https:\/\/jbcnews.com.br\/index.php\/2021\/05\/17\/bruno-covas-prefeito-de-sao-paulo-morre-em-decorrencia-de-um-cancer\/#primaryimage"},"image":{"@id":"https:\/\/jbcnews.com.br\/index.php\/2021\/05\/17\/bruno-covas-prefeito-de-sao-paulo-morre-em-decorrencia-de-um-cancer\/#primaryimage"},"thumbnailUrl":"https:\/\/jbcnews.com.br\/wp-content\/uploads\/2021\/05\/imagem-94.png","datePublished":"2021-05-17T15:58:04+00:00","dateModified":"2021-06-01T16:49:41+00:00","author":{"@id":"https:\/\/jbcnews.com.br\/#\/schema\/person\/3b597ec20ccf92d0adc436057caf9bbe"},"breadcrumb":{"@id":"https:\/\/jbcnews.com.br\/index.php\/2021\/05\/17\/bruno-covas-prefeito-de-sao-paulo-morre-em-decorrencia-de-um-cancer\/#breadcrumb"},"inLanguage":"pt-BR","potentialAction":[{"@type":"ReadAction","target":["https:\/\/jbcnews.com.br\/index.php\/2021\/05\/17\/bruno-covas-prefeito-de-sao-paulo-morre-em-decorrencia-de-um-cancer\/"]}]},{"@type":"ImageObject","inLanguage":"pt-BR","@id":"https:\/\/jbcnews.com.br\/index.php\/2021\/05\/17\/bruno-covas-prefeito-de-sao-paulo-morre-em-decorrencia-de-um-cancer\/#primaryimage","url":"https:\/\/jbcnews.com.br\/wp-content\/uploads\/2021\/05\/imagem-94.png","contentUrl":"https:\/\/jbcnews.com.br\/wp-content\/uploads\/2021\/05\/imagem-94.png","width":960,"height":640},{"@type":"BreadcrumbList","@id":"https:\/\/jbcnews.com.br\/index.php\/2021\/05\/17\/bruno-covas-prefeito-de-sao-paulo-morre-em-decorrencia-de-um-cancer\/#breadcrumb","itemListElement":[{"@type":"ListItem","position":1,"name":"In\u00edcio","item":"https:\/\/jbcnews.com.br\/"},{"@type":"ListItem","position":2,"name":"Bruno Covas, prefeito de S\u00e3o Paulo, morre em decorr\u00eancia de um c\u00e2ncer."}]},{"@type":"WebSite","@id":"https:\/\/jbcnews.com.br\/#website","url":"https:\/\/jbcnews.com.br\/","name":"JBCNews","description":"Comunica\u00e7\u00e3o e Cultura","potentialAction":[{"@type":"SearchAction","target":{"@type":"EntryPoint","urlTemplate":"https:\/\/jbcnews.com.br\/?s={search_term_string}"},"query-input":"required name=search_term_string"}],"inLanguage":"pt-BR"},{"@type":"Person","@id":"https:\/\/jbcnews.com.br\/#\/schema\/person\/3b597ec20ccf92d0adc436057caf9bbe","name":"admin","image":{"@type":"ImageObject","inLanguage":"pt-BR","@id":"https:\/\/jbcnews.com.br\/#\/schema\/person\/image\/","url":"https:\/\/secure.gravatar.com\/avatar\/fe848d2435b65c3ed1cdd3a8e8f3bb2d?s=96&d=mm&r=g","contentUrl":"https:\/\/secure.gravatar.com\/avatar\/fe848d2435b65c3ed1cdd3a8e8f3bb2d?s=96&d=mm&r=g","caption":"admin"},"sameAs":["https:\/\/jbcnews.com.br"],"url":"https:\/\/jbcnews.com.br\/index.php\/author\/jbcnews\/"}]}},"_links":{"self":[{"href":"https:\/\/jbcnews.com.br\/index.php\/wp-json\/wp\/v2\/posts\/2908"}],"collection":[{"href":"https:\/\/jbcnews.com.br\/index.php\/wp-json\/wp\/v2\/posts"}],"about":[{"href":"https:\/\/jbcnews.com.br\/index.php\/wp-json\/wp\/v2\/types\/post"}],"author":[{"embeddable":true,"href":"https:\/\/jbcnews.com.br\/index.php\/wp-json\/wp\/v2\/users\/1"}],"replies":[{"embeddable":true,"href":"https:\/\/jbcnews.com.br\/index.php\/wp-json\/wp\/v2\/comments?post=2908"}],"version-history":[{"count":1,"href":"https:\/\/jbcnews.com.br\/index.php\/wp-json\/wp\/v2\/posts\/2908\/revisions"}],"predecessor-version":[{"id":2910,"href":"https:\/\/jbcnews.com.br\/index.php\/wp-json\/wp\/v2\/posts\/2908\/revisions\/2910"}],"wp:featuredmedia":[{"embeddable":true,"href":"https:\/\/jbcnews.com.br\/index.php\/wp-json\/wp\/v2\/media\/2909"}],"wp:attachment":[{"href":"https:\/\/jbcnews.com.br\/index.php\/wp-json\/wp\/v2\/media?parent=2908"}],"wp:term":[{"taxonomy":"category","embeddable":true,"href":"https:\/\/jbcnews.com.br\/index.php\/wp-json\/wp\/v2\/categories?post=2908"},{"taxonomy":"post_tag","embeddable":true,"href":"https:\/\/jbcnews.com.br\/index.php\/wp-json\/wp\/v2\/tags?post=2908"}],"curies":[{"name":"wp","href":"https:\/\/api.w.org\/{rel}","templated":true}]}}