{"id":2891,"date":"2021-04-25T19:53:24","date_gmt":"2021-04-25T19:53:24","guid":{"rendered":"https:\/\/jbcnews.com.br\/?p=2891"},"modified":"2021-05-07T16:31:34","modified_gmt":"2021-05-07T16:31:34","slug":"psdb-monta-grupo-para-discutir-regras-das-previas-para-candidatura-a-presidencia","status":"publish","type":"post","link":"https:\/\/jbcnews.com.br\/index.php\/2021\/04\/25\/psdb-monta-grupo-para-discutir-regras-das-previas-para-candidatura-a-presidencia\/","title":{"rendered":"PSDB monta grupo para discutir regras das pr\u00e9vias para candidatura \u00e0 Presid\u00eancia."},"content":{"rendered":"\n<div id=\"fb-root\"><\/div>\n<script async=\"\" defer=\"\" crossorigin=\"anonymous\" src=\"https:\/\/connect.facebook.net\/pt_BR\/sdk.js#xfbml=1&amp;version=v8.0\" nonce=\"umdzmuzQ\">\n<\/script>\n\n\n<script>\n\nvar conteudo_fb = encodeURIComponent(document.title + \" \" + window.location.href); \nvar conteudo_tw = encodeURIComponent(document.title + \" \" + window.location.href); \n\ndocument.getElementById('btfb').dataHref=conteudo_fb; \ndocument.getElementById('btfb').href='https:\/\/www.facebook.com\/sharer\/sharer.php?u='+conteudo_fb+'&src=sdkpreparse'; \n\ndocument.getElementById('atw').dataText=conteudo_tw; \n\n\tfunction share_whatsapp() {\n\t\tvar conteudo_wp = encodeURIComponent(document.title + \" \" + window.location.href); \n\t\tvar linkwp = \"https:\/\/api.whatsapp.com\/send?text=\" + conteudo_wp; \n\t\twindow.open(linkwp); \n\t}\n\n<\/script>\n\n<div style=\"width: 500px; height: 40px; \">\n\t<div style=\"display: nonex; width: auto; vertical-align: top; \">\n\t\t<div id=\"btfb\" class=\"fb-share-button\" data-href=\"\" data-layout=\"button\" data-size=\"small\" style=\"float: left; \">\n\t\t\t<a id=\"abtfb\" target=\"_blank\" href=\"\" class=\"fb-xfbml-parse-ignore\" style=\" \" rel=\"noopener noreferrer\">Compartilhar<\/a>\n\t\t<\/div>\n\t\t<div style=\"float: left; height: 40px; margin-left: 10px; margin-top: 7px; \">\n\t\t\t<img decoding=\"async\" src=\"https:\/\/getsupbrazil.com.br\/brasilnordeste\/images\/share-whatsapp.png\" style=\"height: 18px; cursor: pointer;  \" onclick=\"share_whatsapp(); \">\n\t\t<\/div>\n\t\t<div style=\"float: left; height: 40px; margin-left: 10px; margin-top: 7px; \">\n\t\t\t<a href=\"https:\/\/twitter.com\/share?ref_src=twsrc%5Etfw\" class=\"twitter-share-button\" data-text=\"\" data-via=\"BrasilNordeste2\" data-lang=\"pt\" data-show-count=\"false\">Tweet<\/a><script async src=\"https:\/\/platform.twitter.com\/widgets.js\" charset=\"utf-8\"><\/script>\n\t\t<\/div>\n\t\t<div style=\"clear: both; \"><\/div>\n\t<\/div>\n\n\t<!-- <img decoding=\"async\" src=\"https:\/\/getsupbrazil.com.br\/brasilnordeste\/images\/share-facebook.png\" style=\"height: 18px; cursor: pointer; \" onclick=\"share_facebook(); \" > -->\n\n<\/div>\n<br>\n\n\n\n\n<p>(JBCNEWS &#8211; DF 24\/04 \u2014 O PSDB anunciou nesta sexta-feira a composi\u00e7\u00e3o do grupo que vai discutir as regras do processo interno para a escolha do nome tucano que deve disputar a Presid\u00eancia da Rep\u00fablica no ano que vem. Formado por sete integrantes, o comit\u00ea deve apresentar o formato das pr\u00e9vias para aprova\u00e7\u00e3o da Executiva Nacional at\u00e9 15 de junho.<\/p>\n\n\n\n<p>Atualmente, tr\u00eas integrantes do partido manifestaram interesse em participar das pr\u00e9vias: o governador de S\u00e3o Paulo, Jo\u00e3o Doria, o governador do Rio Grande do Sul, Eduardo Leite, e o ex-prefeito de Manaus Arthur Virg\u00edlio. Na \u00faltima segunda-feira, o presidente nacional do PSDB, Bruno Ara\u00fajo, sugeriu que o senador cearense Tasso Jereissati tamb\u00e9m entrasse na disputa.<\/p>\n\n\n\n<p>O nome de Tasso agrada a parte do PSDB, que acredita que ele teria mais facilidade para unificar o centro, mas ele n\u00e3o deve aceitar disputar a presid\u00eancia se tiver que passar pelas pr\u00e9vias.<\/p>\n\n\n\n<p>O grupo que discutir\u00e1 as regras da elei\u00e7\u00e3o interna ser\u00e1 coordenado pelo ex-senador Jos\u00e9 An\u00edbal, de S\u00e3o Paulo, e tem representantes de v\u00e1rios campos do partido. Marco Vinholi, secret\u00e1rio de Desenvolvimento Regional do estado de S\u00e3o Paulo, defende a candidatura de Doria. O deputado Lucas Redecker, do Rio Grande do Sul, est\u00e1 no grupo que incentiva Leite a concorrer.<\/p>\n\n\n\n<p>Tamb\u00e9m comp\u00f5e o grupo o deputado federal mineiro Marcus Pestana, aliado do tamb\u00e9m deputado e ex-presidenci\u00e1vel A\u00e9cio Neves.<\/p>\n\n\n\n<p>Depois que esse grupo terminar de definir as regras e elas forem aprovadas pela Executiva Nacional, os candidatos ter\u00e3o at\u00e9 10 de agosto para se inscrever. A vota\u00e7\u00e3o interna est\u00e1 programada para 17 de outubro.<\/p>\n\n\n\n<p>O PSDB \u00e9 um dos partidos que trabalha para a constru\u00e7\u00e3o de uma candidatura de centro, uma terceira via para se apresentarem contra o presidente Jair Bolsonaro, que deve tentar a reelei\u00e7\u00e3o, e o ex-presidente Luiz In\u00e1cio Lula da Silva, que, embora diga que n\u00e3o falar\u00e1 de elei\u00e7\u00e3o agora, \u00e9 tido como candidato certo.<\/p>\n\n\n\n<p>L\u00edderes partid\u00e1rios calculam que o centro deva ter ao menos dois nomes no primeiro turno.<\/p>\n","protected":false},"excerpt":{"rendered":"<p>Compartilhar Tweet (JBCNEWS &#8211; DF 24\/04 \u2014 O PSDB anunciou nesta sexta-feira a composi\u00e7\u00e3o do grupo que vai discutir as regras do processo interno para a<span class=\"excerpt-hellip\"> [\u2026]<\/span><\/p>\n","protected":false},"author":1,"featured_media":2892,"comment_status":"open","ping_status":"open","sticky":false,"template":"","format":"standard","meta":{"footnotes":""},"categories":[20],"tags":[],"yoast_head":"<!-- This site is optimized with the Yoast SEO plugin v22.6 - https:\/\/yoast.com\/wordpress\/plugins\/seo\/ -->\n<title>PSDB monta grupo para discutir regras das pr\u00e9vias para candidatura \u00e0 Presid\u00eancia. - JBCNews<\/title>\n<meta name=\"robots\" content=\"index, follow, max-snippet:-1, max-image-preview:large, max-video-preview:-1\" \/>\n<link rel=\"canonical\" href=\"https:\/\/jbcnews.com.br\/index.php\/2021\/04\/25\/psdb-monta-grupo-para-discutir-regras-das-previas-para-candidatura-a-presidencia\/\" \/>\n<meta property=\"og:locale\" content=\"pt_BR\" \/>\n<meta property=\"og:type\" content=\"article\" \/>\n<meta property=\"og:title\" content=\"PSDB monta grupo para discutir regras das pr\u00e9vias para candidatura \u00e0 Presid\u00eancia. - JBCNews\" \/>\n<meta property=\"og:description\" content=\"Compartilhar Tweet (JBCNEWS &#8211; DF 24\/04 \u2014 O PSDB anunciou nesta sexta-feira a composi\u00e7\u00e3o do grupo que vai discutir as regras do processo interno para a [\u2026]\" \/>\n<meta property=\"og:url\" content=\"https:\/\/jbcnews.com.br\/index.php\/2021\/04\/25\/psdb-monta-grupo-para-discutir-regras-das-previas-para-candidatura-a-presidencia\/\" \/>\n<meta property=\"og:site_name\" content=\"JBCNews\" \/>\n<meta property=\"article:published_time\" content=\"2021-04-25T19:53:24+00:00\" \/>\n<meta property=\"article:modified_time\" content=\"2021-05-07T16:31:34+00:00\" \/>\n<meta property=\"og:image\" content=\"https:\/\/jbcnews.com.br\/wp-content\/uploads\/2021\/04\/imagem-74.png\" \/>\n\t<meta property=\"og:image:width\" content=\"959\" \/>\n\t<meta property=\"og:image:height\" content=\"417\" \/>\n\t<meta property=\"og:image:type\" content=\"image\/png\" \/>\n<meta name=\"author\" content=\"admin\" \/>\n<meta name=\"twitter:card\" content=\"summary_large_image\" \/>\n<meta name=\"twitter:label1\" content=\"Escrito por\" \/>\n\t<meta name=\"twitter:data1\" content=\"admin\" \/>\n\t<meta name=\"twitter:label2\" content=\"Est. tempo de leitura\" \/>\n\t<meta name=\"twitter:data2\" content=\"2 minutos\" \/>\n<script type=\"application\/ld+json\" class=\"yoast-schema-graph\">{\"@context\":\"https:\/\/schema.org\",\"@graph\":[{\"@type\":\"WebPage\",\"@id\":\"https:\/\/jbcnews.com.br\/index.php\/2021\/04\/25\/psdb-monta-grupo-para-discutir-regras-das-previas-para-candidatura-a-presidencia\/\",\"url\":\"https:\/\/jbcnews.com.br\/index.php\/2021\/04\/25\/psdb-monta-grupo-para-discutir-regras-das-previas-para-candidatura-a-presidencia\/\",\"name\":\"PSDB monta grupo para discutir regras das pr\u00e9vias para candidatura \u00e0 Presid\u00eancia. - JBCNews\",\"isPartOf\":{\"@id\":\"https:\/\/jbcnews.com.br\/#website\"},\"primaryImageOfPage\":{\"@id\":\"https:\/\/jbcnews.com.br\/index.php\/2021\/04\/25\/psdb-monta-grupo-para-discutir-regras-das-previas-para-candidatura-a-presidencia\/#primaryimage\"},\"image\":{\"@id\":\"https:\/\/jbcnews.com.br\/index.php\/2021\/04\/25\/psdb-monta-grupo-para-discutir-regras-das-previas-para-candidatura-a-presidencia\/#primaryimage\"},\"thumbnailUrl\":\"https:\/\/jbcnews.com.br\/wp-content\/uploads\/2021\/04\/imagem-74.png\",\"datePublished\":\"2021-04-25T19:53:24+00:00\",\"dateModified\":\"2021-05-07T16:31:34+00:00\",\"author\":{\"@id\":\"https:\/\/jbcnews.com.br\/#\/schema\/person\/3b597ec20ccf92d0adc436057caf9bbe\"},\"breadcrumb\":{\"@id\":\"https:\/\/jbcnews.com.br\/index.php\/2021\/04\/25\/psdb-monta-grupo-para-discutir-regras-das-previas-para-candidatura-a-presidencia\/#breadcrumb\"},\"inLanguage\":\"pt-BR\",\"potentialAction\":[{\"@type\":\"ReadAction\",\"target\":[\"https:\/\/jbcnews.com.br\/index.php\/2021\/04\/25\/psdb-monta-grupo-para-discutir-regras-das-previas-para-candidatura-a-presidencia\/\"]}]},{\"@type\":\"ImageObject\",\"inLanguage\":\"pt-BR\",\"@id\":\"https:\/\/jbcnews.com.br\/index.php\/2021\/04\/25\/psdb-monta-grupo-para-discutir-regras-das-previas-para-candidatura-a-presidencia\/#primaryimage\",\"url\":\"https:\/\/jbcnews.com.br\/wp-content\/uploads\/2021\/04\/imagem-74.png\",\"contentUrl\":\"https:\/\/jbcnews.com.br\/wp-content\/uploads\/2021\/04\/imagem-74.png\",\"width\":959,\"height\":417},{\"@type\":\"BreadcrumbList\",\"@id\":\"https:\/\/jbcnews.com.br\/index.php\/2021\/04\/25\/psdb-monta-grupo-para-discutir-regras-das-previas-para-candidatura-a-presidencia\/#breadcrumb\",\"itemListElement\":[{\"@type\":\"ListItem\",\"position\":1,\"name\":\"In\u00edcio\",\"item\":\"https:\/\/jbcnews.com.br\/\"},{\"@type\":\"ListItem\",\"position\":2,\"name\":\"PSDB monta grupo para discutir regras das pr\u00e9vias para candidatura \u00e0 Presid\u00eancia.\"}]},{\"@type\":\"WebSite\",\"@id\":\"https:\/\/jbcnews.com.br\/#website\",\"url\":\"https:\/\/jbcnews.com.br\/\",\"name\":\"JBCNews\",\"description\":\"Comunica\u00e7\u00e3o e Cultura\",\"potentialAction\":[{\"@type\":\"SearchAction\",\"target\":{\"@type\":\"EntryPoint\",\"urlTemplate\":\"https:\/\/jbcnews.com.br\/?s={search_term_string}\"},\"query-input\":\"required name=search_term_string\"}],\"inLanguage\":\"pt-BR\"},{\"@type\":\"Person\",\"@id\":\"https:\/\/jbcnews.com.br\/#\/schema\/person\/3b597ec20ccf92d0adc436057caf9bbe\",\"name\":\"admin\",\"image\":{\"@type\":\"ImageObject\",\"inLanguage\":\"pt-BR\",\"@id\":\"https:\/\/jbcnews.com.br\/#\/schema\/person\/image\/\",\"url\":\"https:\/\/secure.gravatar.com\/avatar\/fe848d2435b65c3ed1cdd3a8e8f3bb2d?s=96&d=mm&r=g\",\"contentUrl\":\"https:\/\/secure.gravatar.com\/avatar\/fe848d2435b65c3ed1cdd3a8e8f3bb2d?s=96&d=mm&r=g\",\"caption\":\"admin\"},\"sameAs\":[\"https:\/\/jbcnews.com.br\"],\"url\":\"https:\/\/jbcnews.com.br\/index.php\/author\/jbcnews\/\"}]}<\/script>\n<!-- \/ Yoast SEO plugin. -->","yoast_head_json":{"title":"PSDB monta grupo para discutir regras das pr\u00e9vias para candidatura \u00e0 Presid\u00eancia. - JBCNews","robots":{"index":"index","follow":"follow","max-snippet":"max-snippet:-1","max-image-preview":"max-image-preview:large","max-video-preview":"max-video-preview:-1"},"canonical":"https:\/\/jbcnews.com.br\/index.php\/2021\/04\/25\/psdb-monta-grupo-para-discutir-regras-das-previas-para-candidatura-a-presidencia\/","og_locale":"pt_BR","og_type":"article","og_title":"PSDB monta grupo para discutir regras das pr\u00e9vias para candidatura \u00e0 Presid\u00eancia. - JBCNews","og_description":"Compartilhar Tweet (JBCNEWS &#8211; DF 24\/04 \u2014 O PSDB anunciou nesta sexta-feira a composi\u00e7\u00e3o do grupo que vai discutir as regras do processo interno para a [\u2026]","og_url":"https:\/\/jbcnews.com.br\/index.php\/2021\/04\/25\/psdb-monta-grupo-para-discutir-regras-das-previas-para-candidatura-a-presidencia\/","og_site_name":"JBCNews","article_published_time":"2021-04-25T19:53:24+00:00","article_modified_time":"2021-05-07T16:31:34+00:00","og_image":[{"width":959,"height":417,"url":"https:\/\/jbcnews.com.br\/wp-content\/uploads\/2021\/04\/imagem-74.png","type":"image\/png"}],"author":"admin","twitter_card":"summary_large_image","twitter_misc":{"Escrito por":"admin","Est. tempo de leitura":"2 minutos"},"schema":{"@context":"https:\/\/schema.org","@graph":[{"@type":"WebPage","@id":"https:\/\/jbcnews.com.br\/index.php\/2021\/04\/25\/psdb-monta-grupo-para-discutir-regras-das-previas-para-candidatura-a-presidencia\/","url":"https:\/\/jbcnews.com.br\/index.php\/2021\/04\/25\/psdb-monta-grupo-para-discutir-regras-das-previas-para-candidatura-a-presidencia\/","name":"PSDB monta grupo para discutir regras das pr\u00e9vias para candidatura \u00e0 Presid\u00eancia. - JBCNews","isPartOf":{"@id":"https:\/\/jbcnews.com.br\/#website"},"primaryImageOfPage":{"@id":"https:\/\/jbcnews.com.br\/index.php\/2021\/04\/25\/psdb-monta-grupo-para-discutir-regras-das-previas-para-candidatura-a-presidencia\/#primaryimage"},"image":{"@id":"https:\/\/jbcnews.com.br\/index.php\/2021\/04\/25\/psdb-monta-grupo-para-discutir-regras-das-previas-para-candidatura-a-presidencia\/#primaryimage"},"thumbnailUrl":"https:\/\/jbcnews.com.br\/wp-content\/uploads\/2021\/04\/imagem-74.png","datePublished":"2021-04-25T19:53:24+00:00","dateModified":"2021-05-07T16:31:34+00:00","author":{"@id":"https:\/\/jbcnews.com.br\/#\/schema\/person\/3b597ec20ccf92d0adc436057caf9bbe"},"breadcrumb":{"@id":"https:\/\/jbcnews.com.br\/index.php\/2021\/04\/25\/psdb-monta-grupo-para-discutir-regras-das-previas-para-candidatura-a-presidencia\/#breadcrumb"},"inLanguage":"pt-BR","potentialAction":[{"@type":"ReadAction","target":["https:\/\/jbcnews.com.br\/index.php\/2021\/04\/25\/psdb-monta-grupo-para-discutir-regras-das-previas-para-candidatura-a-presidencia\/"]}]},{"@type":"ImageObject","inLanguage":"pt-BR","@id":"https:\/\/jbcnews.com.br\/index.php\/2021\/04\/25\/psdb-monta-grupo-para-discutir-regras-das-previas-para-candidatura-a-presidencia\/#primaryimage","url":"https:\/\/jbcnews.com.br\/wp-content\/uploads\/2021\/04\/imagem-74.png","contentUrl":"https:\/\/jbcnews.com.br\/wp-content\/uploads\/2021\/04\/imagem-74.png","width":959,"height":417},{"@type":"BreadcrumbList","@id":"https:\/\/jbcnews.com.br\/index.php\/2021\/04\/25\/psdb-monta-grupo-para-discutir-regras-das-previas-para-candidatura-a-presidencia\/#breadcrumb","itemListElement":[{"@type":"ListItem","position":1,"name":"In\u00edcio","item":"https:\/\/jbcnews.com.br\/"},{"@type":"ListItem","position":2,"name":"PSDB monta grupo para discutir regras das pr\u00e9vias para candidatura \u00e0 Presid\u00eancia."}]},{"@type":"WebSite","@id":"https:\/\/jbcnews.com.br\/#website","url":"https:\/\/jbcnews.com.br\/","name":"JBCNews","description":"Comunica\u00e7\u00e3o e Cultura","potentialAction":[{"@type":"SearchAction","target":{"@type":"EntryPoint","urlTemplate":"https:\/\/jbcnews.com.br\/?s={search_term_string}"},"query-input":"required name=search_term_string"}],"inLanguage":"pt-BR"},{"@type":"Person","@id":"https:\/\/jbcnews.com.br\/#\/schema\/person\/3b597ec20ccf92d0adc436057caf9bbe","name":"admin","image":{"@type":"ImageObject","inLanguage":"pt-BR","@id":"https:\/\/jbcnews.com.br\/#\/schema\/person\/image\/","url":"https:\/\/secure.gravatar.com\/avatar\/fe848d2435b65c3ed1cdd3a8e8f3bb2d?s=96&d=mm&r=g","contentUrl":"https:\/\/secure.gravatar.com\/avatar\/fe848d2435b65c3ed1cdd3a8e8f3bb2d?s=96&d=mm&r=g","caption":"admin"},"sameAs":["https:\/\/jbcnews.com.br"],"url":"https:\/\/jbcnews.com.br\/index.php\/author\/jbcnews\/"}]}},"_links":{"self":[{"href":"https:\/\/jbcnews.com.br\/index.php\/wp-json\/wp\/v2\/posts\/2891"}],"collection":[{"href":"https:\/\/jbcnews.com.br\/index.php\/wp-json\/wp\/v2\/posts"}],"about":[{"href":"https:\/\/jbcnews.com.br\/index.php\/wp-json\/wp\/v2\/types\/post"}],"author":[{"embeddable":true,"href":"https:\/\/jbcnews.com.br\/index.php\/wp-json\/wp\/v2\/users\/1"}],"replies":[{"embeddable":true,"href":"https:\/\/jbcnews.com.br\/index.php\/wp-json\/wp\/v2\/comments?post=2891"}],"version-history":[{"count":1,"href":"https:\/\/jbcnews.com.br\/index.php\/wp-json\/wp\/v2\/posts\/2891\/revisions"}],"predecessor-version":[{"id":2893,"href":"https:\/\/jbcnews.com.br\/index.php\/wp-json\/wp\/v2\/posts\/2891\/revisions\/2893"}],"wp:featuredmedia":[{"embeddable":true,"href":"https:\/\/jbcnews.com.br\/index.php\/wp-json\/wp\/v2\/media\/2892"}],"wp:attachment":[{"href":"https:\/\/jbcnews.com.br\/index.php\/wp-json\/wp\/v2\/media?parent=2891"}],"wp:term":[{"taxonomy":"category","embeddable":true,"href":"https:\/\/jbcnews.com.br\/index.php\/wp-json\/wp\/v2\/categories?post=2891"},{"taxonomy":"post_tag","embeddable":true,"href":"https:\/\/jbcnews.com.br\/index.php\/wp-json\/wp\/v2\/tags?post=2891"}],"curies":[{"name":"wp","href":"https:\/\/api.w.org\/{rel}","templated":true}]}}