{"id":2880,"date":"2021-04-20T12:40:50","date_gmt":"2021-04-20T12:40:50","guid":{"rendered":"https:\/\/jbcnews.com.br\/?p=2880"},"modified":"2021-05-07T16:31:56","modified_gmt":"2021-05-07T16:31:56","slug":"harry-tem-conversa-de-2h-com-o-pai-charles-e-irmao-william-em-londres","status":"publish","type":"post","link":"https:\/\/jbcnews.com.br\/index.php\/2021\/04\/20\/harry-tem-conversa-de-2h-com-o-pai-charles-e-irmao-william-em-londres\/","title":{"rendered":"Harry tem conversa de 2h com o pai, Charles, e irm\u00e3o, William em Londres."},"content":{"rendered":"\n<div id=\"fb-root\"><\/div>\n<script async=\"\" defer=\"\" crossorigin=\"anonymous\" src=\"https:\/\/connect.facebook.net\/pt_BR\/sdk.js#xfbml=1&amp;version=v8.0\" nonce=\"umdzmuzQ\">\n<\/script>\n\n\n<script>\n\nvar conteudo_fb = encodeURIComponent(document.title + \" \" + window.location.href); \nvar conteudo_tw = encodeURIComponent(document.title + \" \" + window.location.href); \n\ndocument.getElementById('btfb').dataHref=conteudo_fb; \ndocument.getElementById('btfb').href='https:\/\/www.facebook.com\/sharer\/sharer.php?u='+conteudo_fb+'&src=sdkpreparse'; \n\ndocument.getElementById('atw').dataText=conteudo_tw; \n\n\tfunction share_whatsapp() {\n\t\tvar conteudo_wp = encodeURIComponent(document.title + \" \" + window.location.href); \n\t\tvar linkwp = \"https:\/\/api.whatsapp.com\/send?text=\" + conteudo_wp; \n\t\twindow.open(linkwp); \n\t}\n\n<\/script>\n\n<div style=\"width: 500px; height: 40px; \">\n\t<div style=\"display: nonex; width: auto; vertical-align: top; \">\n\t\t<div id=\"btfb\" class=\"fb-share-button\" data-href=\"\" data-layout=\"button\" data-size=\"small\" style=\"float: left; \">\n\t\t\t<a id=\"abtfb\" target=\"_blank\" href=\"\" class=\"fb-xfbml-parse-ignore\" style=\" \" rel=\"noopener noreferrer\">Compartilhar<\/a>\n\t\t<\/div>\n\t\t<div style=\"float: left; height: 40px; margin-left: 10px; margin-top: 7px; \">\n\t\t\t<img decoding=\"async\" src=\"https:\/\/getsupbrazil.com.br\/brasilnordeste\/images\/share-whatsapp.png\" style=\"height: 18px; cursor: pointer;  \" onclick=\"share_whatsapp(); \">\n\t\t<\/div>\n\t\t<div style=\"float: left; height: 40px; margin-left: 10px; margin-top: 7px; \">\n\t\t\t<a href=\"https:\/\/twitter.com\/share?ref_src=twsrc%5Etfw\" class=\"twitter-share-button\" data-text=\"\" data-via=\"BrasilNordeste2\" data-lang=\"pt\" data-show-count=\"false\">Tweet<\/a><script async=\"\" src=\"https:\/\/platform.twitter.com\/widgets.js\" charset=\"utf-8\"><\/script>\n\t\t<\/div>\n\t\t<div style=\"clear: both; \"><\/div>\n\t<\/div>\n\n\t<!-- <img decoding=\"async\" src=\"https:\/\/getsupbrazil.com.br\/brasilnordeste\/images\/share-facebook.png\" style=\"height: 18px; cursor: pointer; \" onclick=\"share_facebook(); \" > -->\n\n<\/div>\n<br>\n\n\n\n<p>(JBCNEWS &#8211; DF 20\/04) &#8211; Parece que os pontos est\u00e3o acertados entre os pr\u00edncipes Harry, William e Charles, o primeiro escal\u00e3o da coroa brit\u00e2nica, ap\u00f3s a morte do pr\u00edncipe Philip. O consorte morreu aos 99 anos h\u00e1 cerca de 10 dias e foi enterrado no \u00faltimo s\u00e1bado (17) em uma cerim\u00f4nia restrita a 30 convidados no castelo de Windsor, em Londres.<\/p>\n\n\n\n<p>O sexto na linha sucess\u00f3ria causou o maior inc\u00f4modo da realeza nos \u00faltimos anos ap\u00f3s ele e a mulher, Meghan Markle, terem denunciado racismo contra o filho, Archie, por um membro da fam\u00edlia real. A fala foi dada durante uma entrevista \u00e0 Oprah Winfrey e causou uma rea\u00e7\u00e3o at\u00e9 da rainha.<\/p>\n\n\n\n<p>O papo com o segundo e o terceiro da sucess\u00e3o aconteceu logo ap\u00f3s o vel\u00f3rio do marido da rainha Elizabeth e o encontro foi publicado pela vers\u00e3o brit\u00e2nica do jornal &#8216;Metro&#8217;. Ele ainda indica que o agora empres\u00e1rio deve voltar aos Estados Unidos, onde mora, s\u00f3 ap\u00f3s o anivers\u00e1rio da monarca.<\/p>\n\n\n\n<p>A rainha completa 95 anos no pr\u00f3ximo dia 21 e, por conta do luto real, as comemora\u00e7\u00f5es devem ser discretas. Harry voltou ao Reino Unido pela primeira vez desde que abdicou dos deveres da realeza para ter uma vida como civil. Ele trabalha em projetos com a mulher, Meghan Markle, nos Estados Unidos e esperam o segundo filho.<\/p>\n","protected":false},"excerpt":{"rendered":"<p>Compartilhar Tweet (JBCNEWS &#8211; DF 20\/04) &#8211; Parece que os pontos est\u00e3o acertados entre os pr\u00edncipes Harry, William e Charles, o primeiro escal\u00e3o da coroa brit\u00e2nica,<span class=\"excerpt-hellip\"> [\u2026]<\/span><\/p>\n","protected":false},"author":1,"featured_media":2881,"comment_status":"open","ping_status":"open","sticky":false,"template":"","format":"standard","meta":{"footnotes":""},"categories":[34],"tags":[],"yoast_head":"<!-- This site is optimized with the Yoast SEO plugin v22.6 - https:\/\/yoast.com\/wordpress\/plugins\/seo\/ -->\n<title>Harry tem conversa de 2h com o pai, Charles, e irm\u00e3o, William em Londres. - JBCNews<\/title>\n<meta name=\"robots\" content=\"index, follow, max-snippet:-1, max-image-preview:large, max-video-preview:-1\" \/>\n<link rel=\"canonical\" href=\"https:\/\/jbcnews.com.br\/index.php\/2021\/04\/20\/harry-tem-conversa-de-2h-com-o-pai-charles-e-irmao-william-em-londres\/\" \/>\n<meta property=\"og:locale\" content=\"pt_BR\" \/>\n<meta property=\"og:type\" content=\"article\" \/>\n<meta property=\"og:title\" content=\"Harry tem conversa de 2h com o pai, Charles, e irm\u00e3o, William em Londres. - JBCNews\" \/>\n<meta property=\"og:description\" content=\"Compartilhar Tweet (JBCNEWS &#8211; DF 20\/04) &#8211; Parece que os pontos est\u00e3o acertados entre os pr\u00edncipes Harry, William e Charles, o primeiro escal\u00e3o da coroa brit\u00e2nica, [\u2026]\" \/>\n<meta property=\"og:url\" content=\"https:\/\/jbcnews.com.br\/index.php\/2021\/04\/20\/harry-tem-conversa-de-2h-com-o-pai-charles-e-irmao-william-em-londres\/\" \/>\n<meta property=\"og:site_name\" content=\"JBCNews\" \/>\n<meta property=\"article:published_time\" content=\"2021-04-20T12:40:50+00:00\" \/>\n<meta property=\"article:modified_time\" content=\"2021-05-07T16:31:56+00:00\" \/>\n<meta property=\"og:image\" content=\"https:\/\/jbcnews.com.br\/wp-content\/uploads\/2021\/04\/imagem-72.png\" \/>\n\t<meta property=\"og:image:width\" content=\"959\" \/>\n\t<meta property=\"og:image:height\" content=\"638\" \/>\n\t<meta property=\"og:image:type\" content=\"image\/png\" \/>\n<meta name=\"author\" content=\"admin\" \/>\n<meta name=\"twitter:card\" content=\"summary_large_image\" \/>\n<meta name=\"twitter:label1\" content=\"Escrito por\" \/>\n\t<meta name=\"twitter:data1\" content=\"admin\" \/>\n\t<meta name=\"twitter:label2\" content=\"Est. tempo de leitura\" \/>\n\t<meta name=\"twitter:data2\" content=\"1 minuto\" \/>\n<script type=\"application\/ld+json\" class=\"yoast-schema-graph\">{\"@context\":\"https:\/\/schema.org\",\"@graph\":[{\"@type\":\"WebPage\",\"@id\":\"https:\/\/jbcnews.com.br\/index.php\/2021\/04\/20\/harry-tem-conversa-de-2h-com-o-pai-charles-e-irmao-william-em-londres\/\",\"url\":\"https:\/\/jbcnews.com.br\/index.php\/2021\/04\/20\/harry-tem-conversa-de-2h-com-o-pai-charles-e-irmao-william-em-londres\/\",\"name\":\"Harry tem conversa de 2h com o pai, Charles, e irm\u00e3o, William em Londres. - JBCNews\",\"isPartOf\":{\"@id\":\"https:\/\/jbcnews.com.br\/#website\"},\"primaryImageOfPage\":{\"@id\":\"https:\/\/jbcnews.com.br\/index.php\/2021\/04\/20\/harry-tem-conversa-de-2h-com-o-pai-charles-e-irmao-william-em-londres\/#primaryimage\"},\"image\":{\"@id\":\"https:\/\/jbcnews.com.br\/index.php\/2021\/04\/20\/harry-tem-conversa-de-2h-com-o-pai-charles-e-irmao-william-em-londres\/#primaryimage\"},\"thumbnailUrl\":\"https:\/\/jbcnews.com.br\/wp-content\/uploads\/2021\/04\/imagem-72.png\",\"datePublished\":\"2021-04-20T12:40:50+00:00\",\"dateModified\":\"2021-05-07T16:31:56+00:00\",\"author\":{\"@id\":\"https:\/\/jbcnews.com.br\/#\/schema\/person\/3b597ec20ccf92d0adc436057caf9bbe\"},\"breadcrumb\":{\"@id\":\"https:\/\/jbcnews.com.br\/index.php\/2021\/04\/20\/harry-tem-conversa-de-2h-com-o-pai-charles-e-irmao-william-em-londres\/#breadcrumb\"},\"inLanguage\":\"pt-BR\",\"potentialAction\":[{\"@type\":\"ReadAction\",\"target\":[\"https:\/\/jbcnews.com.br\/index.php\/2021\/04\/20\/harry-tem-conversa-de-2h-com-o-pai-charles-e-irmao-william-em-londres\/\"]}]},{\"@type\":\"ImageObject\",\"inLanguage\":\"pt-BR\",\"@id\":\"https:\/\/jbcnews.com.br\/index.php\/2021\/04\/20\/harry-tem-conversa-de-2h-com-o-pai-charles-e-irmao-william-em-londres\/#primaryimage\",\"url\":\"https:\/\/jbcnews.com.br\/wp-content\/uploads\/2021\/04\/imagem-72.png\",\"contentUrl\":\"https:\/\/jbcnews.com.br\/wp-content\/uploads\/2021\/04\/imagem-72.png\",\"width\":959,\"height\":638},{\"@type\":\"BreadcrumbList\",\"@id\":\"https:\/\/jbcnews.com.br\/index.php\/2021\/04\/20\/harry-tem-conversa-de-2h-com-o-pai-charles-e-irmao-william-em-londres\/#breadcrumb\",\"itemListElement\":[{\"@type\":\"ListItem\",\"position\":1,\"name\":\"In\u00edcio\",\"item\":\"https:\/\/jbcnews.com.br\/\"},{\"@type\":\"ListItem\",\"position\":2,\"name\":\"Harry tem conversa de 2h com o pai, Charles, e irm\u00e3o, William em Londres.\"}]},{\"@type\":\"WebSite\",\"@id\":\"https:\/\/jbcnews.com.br\/#website\",\"url\":\"https:\/\/jbcnews.com.br\/\",\"name\":\"JBCNews\",\"description\":\"Comunica\u00e7\u00e3o e Cultura\",\"potentialAction\":[{\"@type\":\"SearchAction\",\"target\":{\"@type\":\"EntryPoint\",\"urlTemplate\":\"https:\/\/jbcnews.com.br\/?s={search_term_string}\"},\"query-input\":\"required name=search_term_string\"}],\"inLanguage\":\"pt-BR\"},{\"@type\":\"Person\",\"@id\":\"https:\/\/jbcnews.com.br\/#\/schema\/person\/3b597ec20ccf92d0adc436057caf9bbe\",\"name\":\"admin\",\"image\":{\"@type\":\"ImageObject\",\"inLanguage\":\"pt-BR\",\"@id\":\"https:\/\/jbcnews.com.br\/#\/schema\/person\/image\/\",\"url\":\"https:\/\/secure.gravatar.com\/avatar\/fe848d2435b65c3ed1cdd3a8e8f3bb2d?s=96&d=mm&r=g\",\"contentUrl\":\"https:\/\/secure.gravatar.com\/avatar\/fe848d2435b65c3ed1cdd3a8e8f3bb2d?s=96&d=mm&r=g\",\"caption\":\"admin\"},\"sameAs\":[\"https:\/\/jbcnews.com.br\"],\"url\":\"https:\/\/jbcnews.com.br\/index.php\/author\/jbcnews\/\"}]}<\/script>\n<!-- \/ Yoast SEO plugin. -->","yoast_head_json":{"title":"Harry tem conversa de 2h com o pai, Charles, e irm\u00e3o, William em Londres. - JBCNews","robots":{"index":"index","follow":"follow","max-snippet":"max-snippet:-1","max-image-preview":"max-image-preview:large","max-video-preview":"max-video-preview:-1"},"canonical":"https:\/\/jbcnews.com.br\/index.php\/2021\/04\/20\/harry-tem-conversa-de-2h-com-o-pai-charles-e-irmao-william-em-londres\/","og_locale":"pt_BR","og_type":"article","og_title":"Harry tem conversa de 2h com o pai, Charles, e irm\u00e3o, William em Londres. - JBCNews","og_description":"Compartilhar Tweet (JBCNEWS &#8211; DF 20\/04) &#8211; Parece que os pontos est\u00e3o acertados entre os pr\u00edncipes Harry, William e Charles, o primeiro escal\u00e3o da coroa brit\u00e2nica, [\u2026]","og_url":"https:\/\/jbcnews.com.br\/index.php\/2021\/04\/20\/harry-tem-conversa-de-2h-com-o-pai-charles-e-irmao-william-em-londres\/","og_site_name":"JBCNews","article_published_time":"2021-04-20T12:40:50+00:00","article_modified_time":"2021-05-07T16:31:56+00:00","og_image":[{"width":959,"height":638,"url":"https:\/\/jbcnews.com.br\/wp-content\/uploads\/2021\/04\/imagem-72.png","type":"image\/png"}],"author":"admin","twitter_card":"summary_large_image","twitter_misc":{"Escrito por":"admin","Est. tempo de leitura":"1 minuto"},"schema":{"@context":"https:\/\/schema.org","@graph":[{"@type":"WebPage","@id":"https:\/\/jbcnews.com.br\/index.php\/2021\/04\/20\/harry-tem-conversa-de-2h-com-o-pai-charles-e-irmao-william-em-londres\/","url":"https:\/\/jbcnews.com.br\/index.php\/2021\/04\/20\/harry-tem-conversa-de-2h-com-o-pai-charles-e-irmao-william-em-londres\/","name":"Harry tem conversa de 2h com o pai, Charles, e irm\u00e3o, William em Londres. - JBCNews","isPartOf":{"@id":"https:\/\/jbcnews.com.br\/#website"},"primaryImageOfPage":{"@id":"https:\/\/jbcnews.com.br\/index.php\/2021\/04\/20\/harry-tem-conversa-de-2h-com-o-pai-charles-e-irmao-william-em-londres\/#primaryimage"},"image":{"@id":"https:\/\/jbcnews.com.br\/index.php\/2021\/04\/20\/harry-tem-conversa-de-2h-com-o-pai-charles-e-irmao-william-em-londres\/#primaryimage"},"thumbnailUrl":"https:\/\/jbcnews.com.br\/wp-content\/uploads\/2021\/04\/imagem-72.png","datePublished":"2021-04-20T12:40:50+00:00","dateModified":"2021-05-07T16:31:56+00:00","author":{"@id":"https:\/\/jbcnews.com.br\/#\/schema\/person\/3b597ec20ccf92d0adc436057caf9bbe"},"breadcrumb":{"@id":"https:\/\/jbcnews.com.br\/index.php\/2021\/04\/20\/harry-tem-conversa-de-2h-com-o-pai-charles-e-irmao-william-em-londres\/#breadcrumb"},"inLanguage":"pt-BR","potentialAction":[{"@type":"ReadAction","target":["https:\/\/jbcnews.com.br\/index.php\/2021\/04\/20\/harry-tem-conversa-de-2h-com-o-pai-charles-e-irmao-william-em-londres\/"]}]},{"@type":"ImageObject","inLanguage":"pt-BR","@id":"https:\/\/jbcnews.com.br\/index.php\/2021\/04\/20\/harry-tem-conversa-de-2h-com-o-pai-charles-e-irmao-william-em-londres\/#primaryimage","url":"https:\/\/jbcnews.com.br\/wp-content\/uploads\/2021\/04\/imagem-72.png","contentUrl":"https:\/\/jbcnews.com.br\/wp-content\/uploads\/2021\/04\/imagem-72.png","width":959,"height":638},{"@type":"BreadcrumbList","@id":"https:\/\/jbcnews.com.br\/index.php\/2021\/04\/20\/harry-tem-conversa-de-2h-com-o-pai-charles-e-irmao-william-em-londres\/#breadcrumb","itemListElement":[{"@type":"ListItem","position":1,"name":"In\u00edcio","item":"https:\/\/jbcnews.com.br\/"},{"@type":"ListItem","position":2,"name":"Harry tem conversa de 2h com o pai, Charles, e irm\u00e3o, William em Londres."}]},{"@type":"WebSite","@id":"https:\/\/jbcnews.com.br\/#website","url":"https:\/\/jbcnews.com.br\/","name":"JBCNews","description":"Comunica\u00e7\u00e3o e Cultura","potentialAction":[{"@type":"SearchAction","target":{"@type":"EntryPoint","urlTemplate":"https:\/\/jbcnews.com.br\/?s={search_term_string}"},"query-input":"required name=search_term_string"}],"inLanguage":"pt-BR"},{"@type":"Person","@id":"https:\/\/jbcnews.com.br\/#\/schema\/person\/3b597ec20ccf92d0adc436057caf9bbe","name":"admin","image":{"@type":"ImageObject","inLanguage":"pt-BR","@id":"https:\/\/jbcnews.com.br\/#\/schema\/person\/image\/","url":"https:\/\/secure.gravatar.com\/avatar\/fe848d2435b65c3ed1cdd3a8e8f3bb2d?s=96&d=mm&r=g","contentUrl":"https:\/\/secure.gravatar.com\/avatar\/fe848d2435b65c3ed1cdd3a8e8f3bb2d?s=96&d=mm&r=g","caption":"admin"},"sameAs":["https:\/\/jbcnews.com.br"],"url":"https:\/\/jbcnews.com.br\/index.php\/author\/jbcnews\/"}]}},"_links":{"self":[{"href":"https:\/\/jbcnews.com.br\/index.php\/wp-json\/wp\/v2\/posts\/2880"}],"collection":[{"href":"https:\/\/jbcnews.com.br\/index.php\/wp-json\/wp\/v2\/posts"}],"about":[{"href":"https:\/\/jbcnews.com.br\/index.php\/wp-json\/wp\/v2\/types\/post"}],"author":[{"embeddable":true,"href":"https:\/\/jbcnews.com.br\/index.php\/wp-json\/wp\/v2\/users\/1"}],"replies":[{"embeddable":true,"href":"https:\/\/jbcnews.com.br\/index.php\/wp-json\/wp\/v2\/comments?post=2880"}],"version-history":[{"count":2,"href":"https:\/\/jbcnews.com.br\/index.php\/wp-json\/wp\/v2\/posts\/2880\/revisions"}],"predecessor-version":[{"id":2883,"href":"https:\/\/jbcnews.com.br\/index.php\/wp-json\/wp\/v2\/posts\/2880\/revisions\/2883"}],"wp:featuredmedia":[{"embeddable":true,"href":"https:\/\/jbcnews.com.br\/index.php\/wp-json\/wp\/v2\/media\/2881"}],"wp:attachment":[{"href":"https:\/\/jbcnews.com.br\/index.php\/wp-json\/wp\/v2\/media?parent=2880"}],"wp:term":[{"taxonomy":"category","embeddable":true,"href":"https:\/\/jbcnews.com.br\/index.php\/wp-json\/wp\/v2\/categories?post=2880"},{"taxonomy":"post_tag","embeddable":true,"href":"https:\/\/jbcnews.com.br\/index.php\/wp-json\/wp\/v2\/tags?post=2880"}],"curies":[{"name":"wp","href":"https:\/\/api.w.org\/{rel}","templated":true}]}}