{"id":2874,"date":"2021-04-20T12:33:50","date_gmt":"2021-04-20T12:33:50","guid":{"rendered":"https:\/\/jbcnews.com.br\/?p=2874"},"modified":"2021-05-17T16:02:16","modified_gmt":"2021-05-17T16:02:16","slug":"bolsonaro-nomeia-presidente-e-diretores-do-bc-para-mandatos-fixos","status":"publish","type":"post","link":"https:\/\/jbcnews.com.br\/index.php\/2021\/04\/20\/bolsonaro-nomeia-presidente-e-diretores-do-bc-para-mandatos-fixos\/","title":{"rendered":"Bolsonaro nomeia presidente e diretores do BC para mandatos fixos."},"content":{"rendered":"\n<div id=\"fb-root\"><\/div>\n<script async=\"\" defer=\"\" crossorigin=\"anonymous\" src=\"https:\/\/connect.facebook.net\/pt_BR\/sdk.js#xfbml=1&amp;version=v8.0\" nonce=\"umdzmuzQ\">\n<\/script>\n\n\n<script>\n\nvar conteudo_fb = encodeURIComponent(document.title + \" \" + window.location.href); \nvar conteudo_tw = encodeURIComponent(document.title + \" \" + window.location.href); \n\ndocument.getElementById('btfb').dataHref=conteudo_fb; \ndocument.getElementById('btfb').href='https:\/\/www.facebook.com\/sharer\/sharer.php?u='+conteudo_fb+'&src=sdkpreparse'; \n\ndocument.getElementById('atw').dataText=conteudo_tw; \n\n\tfunction share_whatsapp() {\n\t\tvar conteudo_wp = encodeURIComponent(document.title + \" \" + window.location.href); \n\t\tvar linkwp = \"https:\/\/api.whatsapp.com\/send?text=\" + conteudo_wp; \n\t\twindow.open(linkwp); \n\t}\n\n<\/script>\n\n<div style=\"width: 500px; height: 40px; \">\n\t<div style=\"display: nonex; width: auto; vertical-align: top; \">\n\t\t<div id=\"btfb\" class=\"fb-share-button\" data-href=\"\" data-layout=\"button\" data-size=\"small\" style=\"float: left; \">\n\t\t\t<a id=\"abtfb\" target=\"_blank\" href=\"\" class=\"fb-xfbml-parse-ignore\" style=\" \" rel=\"noopener noreferrer\">Compartilhar<\/a>\n\t\t<\/div>\n\t\t<div style=\"float: left; height: 40px; margin-left: 10px; margin-top: 7px; \">\n\t\t\t<img decoding=\"async\" src=\"https:\/\/getsupbrazil.com.br\/brasilnordeste\/images\/share-whatsapp.png\" style=\"height: 18px; cursor: pointer;  \" onclick=\"share_whatsapp(); \">\n\t\t<\/div>\n\t\t<div style=\"float: left; height: 40px; margin-left: 10px; margin-top: 7px; \">\n\t\t\t<a href=\"https:\/\/twitter.com\/share?ref_src=twsrc%5Etfw\" class=\"twitter-share-button\" data-text=\"\" data-via=\"BrasilNordeste2\" data-lang=\"pt\" data-show-count=\"false\">Tweet<\/a><script async=\"\" src=\"https:\/\/platform.twitter.com\/widgets.js\" charset=\"utf-8\"><\/script>\n\t\t<\/div>\n\t\t<div style=\"clear: both; \"><\/div>\n\t<\/div>\n\n\t<!-- <img decoding=\"async\" src=\"https:\/\/getsupbrazil.com.br\/brasilnordeste\/images\/share-facebook.png\" style=\"height: 18px; cursor: pointer; \" onclick=\"share_facebook(); \" > -->\n\n<\/div>\n<br>\n\n\n\n<p>(JBCNEWS &#8211; DF 20\/04) &#8211; O presidente Jair Bolsonaro nomeou nesta ter\u00e7a-feira o presidente do Banco Central, Roberto Campos Neto, e sete diretores para cumprirem mandatos fixos na diretoria da autoridade monet\u00e1ria, de acordo com a lei que determina autonomia do BC.<\/p>\n\n\n\n<p>Os decretos foram publicados no Di\u00e1rio Oficial conforme previsto na Lei Complementar n\u00famero 179, sobre a autonomia do BC, segundo a qual o banco passa a ter status de &#8220;autarquia de natureza especial&#8221;, sem subordina\u00e7\u00e3o a qualquer minist\u00e9rio.<\/p>\n\n\n\n<p>A autonomia do BC, sancionada em 24 de fevereiro, estabelece mandatos fixos para o presidente e para os diretores da autarquia &#8211;com mandatos n\u00e3o coincidentes com o do presidente da Rep\u00fablica.<\/p>\n\n\n\n<p>O objetivo \u00e9 afastar qualquer inger\u00eancia pol\u00edtica sobre as decis\u00f5es do BC em sua miss\u00e3o de controlar a infla\u00e7\u00e3o.<\/p>\n\n\n\n<p>Segundo os decretos, F\u00e1bio Kanczuk e Jo\u00e3o Manoel Pinho de Mello cumprir\u00e3o mandato at\u00e9 31 de dezembro de 2021. Bruno Serra Fernandes e Paulo S\u00e9rgio Neves de Souza ter\u00e3o mandatos at\u00e9 28 de fevereiro de 2023 e Maur\u00edcio Costa de Moura at\u00e9 31 de dezembro de 2023.<\/p>\n\n\n\n<p>Campos Neto, Carolina de Assis Barros e Ot\u00e1vio Ribeiro Damaso ficar\u00e3o em seus respectivos cargos at\u00e9 31 de dezembro de 2024.<\/p>\n\n\n\n<p>J\u00e1 a diretora Fernanda Nechio, que pediu desligamento por motivos pessoais, ser\u00e1 exonerada ap\u00f3s a pr\u00f3xima reuni\u00e3o de pol\u00edtica monet\u00e1ria, em maio, de acordo com nota do BC. At\u00e9 l\u00e1, ela continuar\u00e1 \u00e0 frente da \u00e1rea de Assuntos Internacionais e de Gest\u00e3o de Riscos Corporativos.<\/p>\n\n\n\n<p>Sua substituta, a economista Fernanda Magalh\u00e3es Rumenos Guardado, se for aprovada pelo Senado dever\u00e1 ser nomeada por Bolsonaro para cumprir mandato fixo at\u00e9 31 de dezembro de 2023.<\/p>\n","protected":false},"excerpt":{"rendered":"<p>Compartilhar Tweet (JBCNEWS &#8211; DF 20\/04) &#8211; O presidente Jair Bolsonaro nomeou nesta ter\u00e7a-feira o presidente do Banco Central, Roberto Campos Neto, e sete diretores para<span class=\"excerpt-hellip\"> [\u2026]<\/span><\/p>\n","protected":false},"author":1,"featured_media":2875,"comment_status":"open","ping_status":"open","sticky":false,"template":"","format":"standard","meta":{"footnotes":""},"categories":[20],"tags":[],"yoast_head":"<!-- This site is optimized with the Yoast SEO plugin v22.6 - https:\/\/yoast.com\/wordpress\/plugins\/seo\/ -->\n<title>Bolsonaro nomeia presidente e diretores do BC para mandatos fixos. - JBCNews<\/title>\n<meta name=\"robots\" content=\"index, follow, max-snippet:-1, max-image-preview:large, max-video-preview:-1\" \/>\n<link rel=\"canonical\" href=\"https:\/\/jbcnews.com.br\/index.php\/2021\/04\/20\/bolsonaro-nomeia-presidente-e-diretores-do-bc-para-mandatos-fixos\/\" \/>\n<meta property=\"og:locale\" content=\"pt_BR\" \/>\n<meta property=\"og:type\" content=\"article\" \/>\n<meta property=\"og:title\" content=\"Bolsonaro nomeia presidente e diretores do BC para mandatos fixos. - JBCNews\" \/>\n<meta property=\"og:description\" content=\"Compartilhar Tweet (JBCNEWS &#8211; DF 20\/04) &#8211; O presidente Jair Bolsonaro nomeou nesta ter\u00e7a-feira o presidente do Banco Central, Roberto Campos Neto, e sete diretores para [\u2026]\" \/>\n<meta property=\"og:url\" content=\"https:\/\/jbcnews.com.br\/index.php\/2021\/04\/20\/bolsonaro-nomeia-presidente-e-diretores-do-bc-para-mandatos-fixos\/\" \/>\n<meta property=\"og:site_name\" content=\"JBCNews\" \/>\n<meta property=\"article:published_time\" content=\"2021-04-20T12:33:50+00:00\" \/>\n<meta property=\"article:modified_time\" content=\"2021-05-17T16:02:16+00:00\" \/>\n<meta property=\"og:image\" content=\"https:\/\/jbcnews.com.br\/wp-content\/uploads\/2021\/04\/imagem-70.png\" \/>\n\t<meta property=\"og:image:width\" content=\"800\" \/>\n\t<meta property=\"og:image:height\" content=\"533\" \/>\n\t<meta property=\"og:image:type\" content=\"image\/png\" \/>\n<meta name=\"author\" content=\"admin\" \/>\n<meta name=\"twitter:card\" content=\"summary_large_image\" \/>\n<meta name=\"twitter:label1\" content=\"Escrito por\" \/>\n\t<meta name=\"twitter:data1\" content=\"admin\" \/>\n\t<meta name=\"twitter:label2\" content=\"Est. tempo de leitura\" \/>\n\t<meta name=\"twitter:data2\" content=\"1 minuto\" \/>\n<script type=\"application\/ld+json\" class=\"yoast-schema-graph\">{\"@context\":\"https:\/\/schema.org\",\"@graph\":[{\"@type\":\"WebPage\",\"@id\":\"https:\/\/jbcnews.com.br\/index.php\/2021\/04\/20\/bolsonaro-nomeia-presidente-e-diretores-do-bc-para-mandatos-fixos\/\",\"url\":\"https:\/\/jbcnews.com.br\/index.php\/2021\/04\/20\/bolsonaro-nomeia-presidente-e-diretores-do-bc-para-mandatos-fixos\/\",\"name\":\"Bolsonaro nomeia presidente e diretores do BC para mandatos fixos. - JBCNews\",\"isPartOf\":{\"@id\":\"https:\/\/jbcnews.com.br\/#website\"},\"primaryImageOfPage\":{\"@id\":\"https:\/\/jbcnews.com.br\/index.php\/2021\/04\/20\/bolsonaro-nomeia-presidente-e-diretores-do-bc-para-mandatos-fixos\/#primaryimage\"},\"image\":{\"@id\":\"https:\/\/jbcnews.com.br\/index.php\/2021\/04\/20\/bolsonaro-nomeia-presidente-e-diretores-do-bc-para-mandatos-fixos\/#primaryimage\"},\"thumbnailUrl\":\"https:\/\/jbcnews.com.br\/wp-content\/uploads\/2021\/04\/imagem-70.png\",\"datePublished\":\"2021-04-20T12:33:50+00:00\",\"dateModified\":\"2021-05-17T16:02:16+00:00\",\"author\":{\"@id\":\"https:\/\/jbcnews.com.br\/#\/schema\/person\/3b597ec20ccf92d0adc436057caf9bbe\"},\"breadcrumb\":{\"@id\":\"https:\/\/jbcnews.com.br\/index.php\/2021\/04\/20\/bolsonaro-nomeia-presidente-e-diretores-do-bc-para-mandatos-fixos\/#breadcrumb\"},\"inLanguage\":\"pt-BR\",\"potentialAction\":[{\"@type\":\"ReadAction\",\"target\":[\"https:\/\/jbcnews.com.br\/index.php\/2021\/04\/20\/bolsonaro-nomeia-presidente-e-diretores-do-bc-para-mandatos-fixos\/\"]}]},{\"@type\":\"ImageObject\",\"inLanguage\":\"pt-BR\",\"@id\":\"https:\/\/jbcnews.com.br\/index.php\/2021\/04\/20\/bolsonaro-nomeia-presidente-e-diretores-do-bc-para-mandatos-fixos\/#primaryimage\",\"url\":\"https:\/\/jbcnews.com.br\/wp-content\/uploads\/2021\/04\/imagem-70.png\",\"contentUrl\":\"https:\/\/jbcnews.com.br\/wp-content\/uploads\/2021\/04\/imagem-70.png\",\"width\":800,\"height\":533},{\"@type\":\"BreadcrumbList\",\"@id\":\"https:\/\/jbcnews.com.br\/index.php\/2021\/04\/20\/bolsonaro-nomeia-presidente-e-diretores-do-bc-para-mandatos-fixos\/#breadcrumb\",\"itemListElement\":[{\"@type\":\"ListItem\",\"position\":1,\"name\":\"In\u00edcio\",\"item\":\"https:\/\/jbcnews.com.br\/\"},{\"@type\":\"ListItem\",\"position\":2,\"name\":\"Bolsonaro nomeia presidente e diretores do BC para mandatos fixos.\"}]},{\"@type\":\"WebSite\",\"@id\":\"https:\/\/jbcnews.com.br\/#website\",\"url\":\"https:\/\/jbcnews.com.br\/\",\"name\":\"JBCNews\",\"description\":\"Comunica\u00e7\u00e3o e Cultura\",\"potentialAction\":[{\"@type\":\"SearchAction\",\"target\":{\"@type\":\"EntryPoint\",\"urlTemplate\":\"https:\/\/jbcnews.com.br\/?s={search_term_string}\"},\"query-input\":\"required name=search_term_string\"}],\"inLanguage\":\"pt-BR\"},{\"@type\":\"Person\",\"@id\":\"https:\/\/jbcnews.com.br\/#\/schema\/person\/3b597ec20ccf92d0adc436057caf9bbe\",\"name\":\"admin\",\"image\":{\"@type\":\"ImageObject\",\"inLanguage\":\"pt-BR\",\"@id\":\"https:\/\/jbcnews.com.br\/#\/schema\/person\/image\/\",\"url\":\"https:\/\/secure.gravatar.com\/avatar\/fe848d2435b65c3ed1cdd3a8e8f3bb2d?s=96&d=mm&r=g\",\"contentUrl\":\"https:\/\/secure.gravatar.com\/avatar\/fe848d2435b65c3ed1cdd3a8e8f3bb2d?s=96&d=mm&r=g\",\"caption\":\"admin\"},\"sameAs\":[\"https:\/\/jbcnews.com.br\"],\"url\":\"https:\/\/jbcnews.com.br\/index.php\/author\/jbcnews\/\"}]}<\/script>\n<!-- \/ Yoast SEO plugin. -->","yoast_head_json":{"title":"Bolsonaro nomeia presidente e diretores do BC para mandatos fixos. - JBCNews","robots":{"index":"index","follow":"follow","max-snippet":"max-snippet:-1","max-image-preview":"max-image-preview:large","max-video-preview":"max-video-preview:-1"},"canonical":"https:\/\/jbcnews.com.br\/index.php\/2021\/04\/20\/bolsonaro-nomeia-presidente-e-diretores-do-bc-para-mandatos-fixos\/","og_locale":"pt_BR","og_type":"article","og_title":"Bolsonaro nomeia presidente e diretores do BC para mandatos fixos. - JBCNews","og_description":"Compartilhar Tweet (JBCNEWS &#8211; DF 20\/04) &#8211; O presidente Jair Bolsonaro nomeou nesta ter\u00e7a-feira o presidente do Banco Central, Roberto Campos Neto, e sete diretores para [\u2026]","og_url":"https:\/\/jbcnews.com.br\/index.php\/2021\/04\/20\/bolsonaro-nomeia-presidente-e-diretores-do-bc-para-mandatos-fixos\/","og_site_name":"JBCNews","article_published_time":"2021-04-20T12:33:50+00:00","article_modified_time":"2021-05-17T16:02:16+00:00","og_image":[{"width":800,"height":533,"url":"https:\/\/jbcnews.com.br\/wp-content\/uploads\/2021\/04\/imagem-70.png","type":"image\/png"}],"author":"admin","twitter_card":"summary_large_image","twitter_misc":{"Escrito por":"admin","Est. tempo de leitura":"1 minuto"},"schema":{"@context":"https:\/\/schema.org","@graph":[{"@type":"WebPage","@id":"https:\/\/jbcnews.com.br\/index.php\/2021\/04\/20\/bolsonaro-nomeia-presidente-e-diretores-do-bc-para-mandatos-fixos\/","url":"https:\/\/jbcnews.com.br\/index.php\/2021\/04\/20\/bolsonaro-nomeia-presidente-e-diretores-do-bc-para-mandatos-fixos\/","name":"Bolsonaro nomeia presidente e diretores do BC para mandatos fixos. - JBCNews","isPartOf":{"@id":"https:\/\/jbcnews.com.br\/#website"},"primaryImageOfPage":{"@id":"https:\/\/jbcnews.com.br\/index.php\/2021\/04\/20\/bolsonaro-nomeia-presidente-e-diretores-do-bc-para-mandatos-fixos\/#primaryimage"},"image":{"@id":"https:\/\/jbcnews.com.br\/index.php\/2021\/04\/20\/bolsonaro-nomeia-presidente-e-diretores-do-bc-para-mandatos-fixos\/#primaryimage"},"thumbnailUrl":"https:\/\/jbcnews.com.br\/wp-content\/uploads\/2021\/04\/imagem-70.png","datePublished":"2021-04-20T12:33:50+00:00","dateModified":"2021-05-17T16:02:16+00:00","author":{"@id":"https:\/\/jbcnews.com.br\/#\/schema\/person\/3b597ec20ccf92d0adc436057caf9bbe"},"breadcrumb":{"@id":"https:\/\/jbcnews.com.br\/index.php\/2021\/04\/20\/bolsonaro-nomeia-presidente-e-diretores-do-bc-para-mandatos-fixos\/#breadcrumb"},"inLanguage":"pt-BR","potentialAction":[{"@type":"ReadAction","target":["https:\/\/jbcnews.com.br\/index.php\/2021\/04\/20\/bolsonaro-nomeia-presidente-e-diretores-do-bc-para-mandatos-fixos\/"]}]},{"@type":"ImageObject","inLanguage":"pt-BR","@id":"https:\/\/jbcnews.com.br\/index.php\/2021\/04\/20\/bolsonaro-nomeia-presidente-e-diretores-do-bc-para-mandatos-fixos\/#primaryimage","url":"https:\/\/jbcnews.com.br\/wp-content\/uploads\/2021\/04\/imagem-70.png","contentUrl":"https:\/\/jbcnews.com.br\/wp-content\/uploads\/2021\/04\/imagem-70.png","width":800,"height":533},{"@type":"BreadcrumbList","@id":"https:\/\/jbcnews.com.br\/index.php\/2021\/04\/20\/bolsonaro-nomeia-presidente-e-diretores-do-bc-para-mandatos-fixos\/#breadcrumb","itemListElement":[{"@type":"ListItem","position":1,"name":"In\u00edcio","item":"https:\/\/jbcnews.com.br\/"},{"@type":"ListItem","position":2,"name":"Bolsonaro nomeia presidente e diretores do BC para mandatos fixos."}]},{"@type":"WebSite","@id":"https:\/\/jbcnews.com.br\/#website","url":"https:\/\/jbcnews.com.br\/","name":"JBCNews","description":"Comunica\u00e7\u00e3o e Cultura","potentialAction":[{"@type":"SearchAction","target":{"@type":"EntryPoint","urlTemplate":"https:\/\/jbcnews.com.br\/?s={search_term_string}"},"query-input":"required name=search_term_string"}],"inLanguage":"pt-BR"},{"@type":"Person","@id":"https:\/\/jbcnews.com.br\/#\/schema\/person\/3b597ec20ccf92d0adc436057caf9bbe","name":"admin","image":{"@type":"ImageObject","inLanguage":"pt-BR","@id":"https:\/\/jbcnews.com.br\/#\/schema\/person\/image\/","url":"https:\/\/secure.gravatar.com\/avatar\/fe848d2435b65c3ed1cdd3a8e8f3bb2d?s=96&d=mm&r=g","contentUrl":"https:\/\/secure.gravatar.com\/avatar\/fe848d2435b65c3ed1cdd3a8e8f3bb2d?s=96&d=mm&r=g","caption":"admin"},"sameAs":["https:\/\/jbcnews.com.br"],"url":"https:\/\/jbcnews.com.br\/index.php\/author\/jbcnews\/"}]}},"_links":{"self":[{"href":"https:\/\/jbcnews.com.br\/index.php\/wp-json\/wp\/v2\/posts\/2874"}],"collection":[{"href":"https:\/\/jbcnews.com.br\/index.php\/wp-json\/wp\/v2\/posts"}],"about":[{"href":"https:\/\/jbcnews.com.br\/index.php\/wp-json\/wp\/v2\/types\/post"}],"author":[{"embeddable":true,"href":"https:\/\/jbcnews.com.br\/index.php\/wp-json\/wp\/v2\/users\/1"}],"replies":[{"embeddable":true,"href":"https:\/\/jbcnews.com.br\/index.php\/wp-json\/wp\/v2\/comments?post=2874"}],"version-history":[{"count":2,"href":"https:\/\/jbcnews.com.br\/index.php\/wp-json\/wp\/v2\/posts\/2874\/revisions"}],"predecessor-version":[{"id":2886,"href":"https:\/\/jbcnews.com.br\/index.php\/wp-json\/wp\/v2\/posts\/2874\/revisions\/2886"}],"wp:featuredmedia":[{"embeddable":true,"href":"https:\/\/jbcnews.com.br\/index.php\/wp-json\/wp\/v2\/media\/2875"}],"wp:attachment":[{"href":"https:\/\/jbcnews.com.br\/index.php\/wp-json\/wp\/v2\/media?parent=2874"}],"wp:term":[{"taxonomy":"category","embeddable":true,"href":"https:\/\/jbcnews.com.br\/index.php\/wp-json\/wp\/v2\/categories?post=2874"},{"taxonomy":"post_tag","embeddable":true,"href":"https:\/\/jbcnews.com.br\/index.php\/wp-json\/wp\/v2\/tags?post=2874"}],"curies":[{"name":"wp","href":"https:\/\/api.w.org\/{rel}","templated":true}]}}