{"id":2871,"date":"2021-04-20T12:30:18","date_gmt":"2021-04-20T12:30:18","guid":{"rendered":"https:\/\/jbcnews.com.br\/?p=2871"},"modified":"2021-04-20T12:46:18","modified_gmt":"2021-04-20T12:46:18","slug":"silva-e-luna-escolhe-veteranos-para-administracao-da-petrobras","status":"publish","type":"post","link":"https:\/\/jbcnews.com.br\/index.php\/2021\/04\/20\/silva-e-luna-escolhe-veteranos-para-administracao-da-petrobras\/","title":{"rendered":"Silva e Luna escolhe veteranos para administra\u00e7\u00e3o da Petrobras."},"content":{"rendered":"\n<div id=\"fb-root\"><\/div>\n<script async=\"\" defer=\"\" crossorigin=\"anonymous\" src=\"https:\/\/connect.facebook.net\/pt_BR\/sdk.js#xfbml=1&amp;version=v8.0\" nonce=\"umdzmuzQ\">\n<\/script>\n\n\n<script>\n\nvar conteudo_fb = encodeURIComponent(document.title + \" \" + window.location.href); \nvar conteudo_tw = encodeURIComponent(document.title + \" \" + window.location.href); \n\ndocument.getElementById('btfb').dataHref=conteudo_fb; \ndocument.getElementById('btfb').href='https:\/\/www.facebook.com\/sharer\/sharer.php?u='+conteudo_fb+'&src=sdkpreparse'; \n\ndocument.getElementById('atw').dataText=conteudo_tw; \n\n\tfunction share_whatsapp() {\n\t\tvar conteudo_wp = encodeURIComponent(document.title + \" \" + window.location.href); \n\t\tvar linkwp = \"https:\/\/api.whatsapp.com\/send?text=\" + conteudo_wp; \n\t\twindow.open(linkwp); \n\t}\n\n<\/script>\n\n<div style=\"width: 500px; height: 40px; \">\n\t<div style=\"display: nonex; width: auto; vertical-align: top; \">\n\t\t<div id=\"btfb\" class=\"fb-share-button\" data-href=\"\" data-layout=\"button\" data-size=\"small\" style=\"float: left; \">\n\t\t\t<a id=\"abtfb\" target=\"_blank\" href=\"\" class=\"fb-xfbml-parse-ignore\" style=\" \" rel=\"noopener noreferrer\">Compartilhar<\/a>\n\t\t<\/div>\n\t\t<div style=\"float: left; height: 40px; margin-left: 10px; margin-top: 7px; \">\n\t\t\t<img decoding=\"async\" src=\"https:\/\/getsupbrazil.com.br\/brasilnordeste\/images\/share-whatsapp.png\" style=\"height: 18px; cursor: pointer;  \" onclick=\"share_whatsapp(); \">\n\t\t<\/div>\n\t\t<div style=\"float: left; height: 40px; margin-left: 10px; margin-top: 7px; \">\n\t\t\t<a href=\"https:\/\/twitter.com\/share?ref_src=twsrc%5Etfw\" class=\"twitter-share-button\" data-text=\"\" data-via=\"BrasilNordeste2\" data-lang=\"pt\" data-show-count=\"false\">Tweet<\/a><script async=\"\" src=\"https:\/\/platform.twitter.com\/widgets.js\" charset=\"utf-8\"><\/script>\n\t\t<\/div>\n\t\t<div style=\"clear: both; \"><\/div>\n\t<\/div>\n\n\t<!-- <img decoding=\"async\" src=\"https:\/\/getsupbrazil.com.br\/brasilnordeste\/images\/share-facebook.png\" style=\"height: 18px; cursor: pointer; \" onclick=\"share_facebook(); \" > -->\n\n<\/div>\n<br>\n\n\n\n<p>(JBCNEWS &#8211; DF 20\/04)) &#8212; O novo presidente da Petrobras, general do ex\u00e9rcito sem experi\u00eancia em petr\u00f3leo, selecionou um grupo de profissionais de carreira para ajud\u00e1-lo a gerenciar o maior produtor de petr\u00f3leo da Am\u00e9rica Latina.<\/p>\n\n\n\n<p>Joaquim Silva e Luna nomeou Rodrigo Araujo Alvez, que mais recentemente atuou como gerente executivo de contabilidade e tribut\u00e1rio, como o novo diretor financeiro. Tr\u00eas outros veteranos foram nomeados diretores e outros tr\u00eas gerentes de alto escal\u00e3o que atuaram na gest\u00e3o de Roberto Castello Branco mantiveram suas posi\u00e7\u00f5es, disse a empresa em comunicado.<\/p>\n\n\n\n<p>A equipe de lideran\u00e7a deve aliviar algumas preocupa\u00e7\u00f5es dos investidores sobre o aumento da interfer\u00eancia pol\u00edtica e um papel cada vez maior dos militares na produtora. O mercado vai esperar para ver qual ser\u00e1 a dire\u00e7\u00e3o dos pre\u00e7os dos combust\u00edveis sob Luna ap\u00f3s o presidente Jair Bolsonaro dispensar seu antecessor em meio a uma disputa sobre o aumento do custo do diesel.<\/p>\n\n\n\n<p>Fernando Assump\u00e7\u00e3o Borges, com 38 anos de trabalho na Petrobras e que liderou o desenvolvimento de importantes campos de petr\u00f3leo offshore, foi nomeado diretor executivo de explora\u00e7\u00e3o e produ\u00e7\u00e3o.<\/p>\n\n\n\n<p>Jo\u00e3o Enrique Rittershaussen, que est\u00e1 na empresa h\u00e1 34 anos e era o respons\u00e1vel pela importante infraestrutura de petr\u00f3leo offshore, foi nomeado diretor executivo de desenvolvimento da produ\u00e7\u00e3o.<\/p>\n\n\n\n<p>Cl\u00e1udio Rog\u00e9rio Linassi Mastella, que trabalha h\u00e1 34 anos na Petrobras nas \u00e1reas de marketing, refino e log\u00edstica, ser\u00e1 o diretor executivo de comercializa\u00e7\u00e3o e log\u00edstica.<\/p>\n","protected":false},"excerpt":{"rendered":"<p>Compartilhar Tweet (JBCNEWS &#8211; DF 20\/04)) &#8212; O novo presidente da Petrobras, general do ex\u00e9rcito sem experi\u00eancia em petr\u00f3leo, selecionou um grupo de profissionais de carreira<span class=\"excerpt-hellip\"> [\u2026]<\/span><\/p>\n","protected":false},"author":1,"featured_media":2872,"comment_status":"open","ping_status":"open","sticky":false,"template":"","format":"standard","meta":{"footnotes":""},"categories":[33],"tags":[],"yoast_head":"<!-- This site is optimized with the Yoast SEO plugin v22.6 - https:\/\/yoast.com\/wordpress\/plugins\/seo\/ -->\n<title>Silva e Luna escolhe veteranos para administra\u00e7\u00e3o da Petrobras. - JBCNews<\/title>\n<meta name=\"robots\" content=\"index, follow, max-snippet:-1, max-image-preview:large, max-video-preview:-1\" \/>\n<link rel=\"canonical\" href=\"https:\/\/jbcnews.com.br\/index.php\/2021\/04\/20\/silva-e-luna-escolhe-veteranos-para-administracao-da-petrobras\/\" \/>\n<meta property=\"og:locale\" content=\"pt_BR\" \/>\n<meta property=\"og:type\" content=\"article\" \/>\n<meta property=\"og:title\" content=\"Silva e Luna escolhe veteranos para administra\u00e7\u00e3o da Petrobras. - JBCNews\" \/>\n<meta property=\"og:description\" content=\"Compartilhar Tweet (JBCNEWS &#8211; DF 20\/04)) &#8212; O novo presidente da Petrobras, general do ex\u00e9rcito sem experi\u00eancia em petr\u00f3leo, selecionou um grupo de profissionais de carreira [\u2026]\" \/>\n<meta property=\"og:url\" content=\"https:\/\/jbcnews.com.br\/index.php\/2021\/04\/20\/silva-e-luna-escolhe-veteranos-para-administracao-da-petrobras\/\" \/>\n<meta property=\"og:site_name\" content=\"JBCNews\" \/>\n<meta property=\"article:published_time\" content=\"2021-04-20T12:30:18+00:00\" \/>\n<meta property=\"article:modified_time\" content=\"2021-04-20T12:46:18+00:00\" \/>\n<meta property=\"og:image\" content=\"https:\/\/jbcnews.com.br\/wp-content\/uploads\/2021\/04\/imagem-69.png\" \/>\n\t<meta property=\"og:image:width\" content=\"959\" \/>\n\t<meta property=\"og:image:height\" content=\"639\" \/>\n\t<meta property=\"og:image:type\" content=\"image\/png\" \/>\n<meta name=\"author\" content=\"admin\" \/>\n<meta name=\"twitter:card\" content=\"summary_large_image\" \/>\n<meta name=\"twitter:label1\" content=\"Escrito por\" \/>\n\t<meta name=\"twitter:data1\" content=\"admin\" \/>\n\t<meta name=\"twitter:label2\" content=\"Est. tempo de leitura\" \/>\n\t<meta name=\"twitter:data2\" content=\"1 minuto\" \/>\n<script type=\"application\/ld+json\" class=\"yoast-schema-graph\">{\"@context\":\"https:\/\/schema.org\",\"@graph\":[{\"@type\":\"WebPage\",\"@id\":\"https:\/\/jbcnews.com.br\/index.php\/2021\/04\/20\/silva-e-luna-escolhe-veteranos-para-administracao-da-petrobras\/\",\"url\":\"https:\/\/jbcnews.com.br\/index.php\/2021\/04\/20\/silva-e-luna-escolhe-veteranos-para-administracao-da-petrobras\/\",\"name\":\"Silva e Luna escolhe veteranos para administra\u00e7\u00e3o da Petrobras. - JBCNews\",\"isPartOf\":{\"@id\":\"https:\/\/jbcnews.com.br\/#website\"},\"primaryImageOfPage\":{\"@id\":\"https:\/\/jbcnews.com.br\/index.php\/2021\/04\/20\/silva-e-luna-escolhe-veteranos-para-administracao-da-petrobras\/#primaryimage\"},\"image\":{\"@id\":\"https:\/\/jbcnews.com.br\/index.php\/2021\/04\/20\/silva-e-luna-escolhe-veteranos-para-administracao-da-petrobras\/#primaryimage\"},\"thumbnailUrl\":\"https:\/\/jbcnews.com.br\/wp-content\/uploads\/2021\/04\/imagem-69.png\",\"datePublished\":\"2021-04-20T12:30:18+00:00\",\"dateModified\":\"2021-04-20T12:46:18+00:00\",\"author\":{\"@id\":\"https:\/\/jbcnews.com.br\/#\/schema\/person\/3b597ec20ccf92d0adc436057caf9bbe\"},\"breadcrumb\":{\"@id\":\"https:\/\/jbcnews.com.br\/index.php\/2021\/04\/20\/silva-e-luna-escolhe-veteranos-para-administracao-da-petrobras\/#breadcrumb\"},\"inLanguage\":\"pt-BR\",\"potentialAction\":[{\"@type\":\"ReadAction\",\"target\":[\"https:\/\/jbcnews.com.br\/index.php\/2021\/04\/20\/silva-e-luna-escolhe-veteranos-para-administracao-da-petrobras\/\"]}]},{\"@type\":\"ImageObject\",\"inLanguage\":\"pt-BR\",\"@id\":\"https:\/\/jbcnews.com.br\/index.php\/2021\/04\/20\/silva-e-luna-escolhe-veteranos-para-administracao-da-petrobras\/#primaryimage\",\"url\":\"https:\/\/jbcnews.com.br\/wp-content\/uploads\/2021\/04\/imagem-69.png\",\"contentUrl\":\"https:\/\/jbcnews.com.br\/wp-content\/uploads\/2021\/04\/imagem-69.png\",\"width\":959,\"height\":639},{\"@type\":\"BreadcrumbList\",\"@id\":\"https:\/\/jbcnews.com.br\/index.php\/2021\/04\/20\/silva-e-luna-escolhe-veteranos-para-administracao-da-petrobras\/#breadcrumb\",\"itemListElement\":[{\"@type\":\"ListItem\",\"position\":1,\"name\":\"In\u00edcio\",\"item\":\"https:\/\/jbcnews.com.br\/\"},{\"@type\":\"ListItem\",\"position\":2,\"name\":\"Silva e Luna escolhe veteranos para administra\u00e7\u00e3o da Petrobras.\"}]},{\"@type\":\"WebSite\",\"@id\":\"https:\/\/jbcnews.com.br\/#website\",\"url\":\"https:\/\/jbcnews.com.br\/\",\"name\":\"JBCNews\",\"description\":\"Comunica\u00e7\u00e3o e Cultura\",\"potentialAction\":[{\"@type\":\"SearchAction\",\"target\":{\"@type\":\"EntryPoint\",\"urlTemplate\":\"https:\/\/jbcnews.com.br\/?s={search_term_string}\"},\"query-input\":\"required name=search_term_string\"}],\"inLanguage\":\"pt-BR\"},{\"@type\":\"Person\",\"@id\":\"https:\/\/jbcnews.com.br\/#\/schema\/person\/3b597ec20ccf92d0adc436057caf9bbe\",\"name\":\"admin\",\"image\":{\"@type\":\"ImageObject\",\"inLanguage\":\"pt-BR\",\"@id\":\"https:\/\/jbcnews.com.br\/#\/schema\/person\/image\/\",\"url\":\"https:\/\/secure.gravatar.com\/avatar\/fe848d2435b65c3ed1cdd3a8e8f3bb2d?s=96&d=mm&r=g\",\"contentUrl\":\"https:\/\/secure.gravatar.com\/avatar\/fe848d2435b65c3ed1cdd3a8e8f3bb2d?s=96&d=mm&r=g\",\"caption\":\"admin\"},\"sameAs\":[\"https:\/\/jbcnews.com.br\"],\"url\":\"https:\/\/jbcnews.com.br\/index.php\/author\/jbcnews\/\"}]}<\/script>\n<!-- \/ Yoast SEO plugin. -->","yoast_head_json":{"title":"Silva e Luna escolhe veteranos para administra\u00e7\u00e3o da Petrobras. - JBCNews","robots":{"index":"index","follow":"follow","max-snippet":"max-snippet:-1","max-image-preview":"max-image-preview:large","max-video-preview":"max-video-preview:-1"},"canonical":"https:\/\/jbcnews.com.br\/index.php\/2021\/04\/20\/silva-e-luna-escolhe-veteranos-para-administracao-da-petrobras\/","og_locale":"pt_BR","og_type":"article","og_title":"Silva e Luna escolhe veteranos para administra\u00e7\u00e3o da Petrobras. - JBCNews","og_description":"Compartilhar Tweet (JBCNEWS &#8211; DF 20\/04)) &#8212; O novo presidente da Petrobras, general do ex\u00e9rcito sem experi\u00eancia em petr\u00f3leo, selecionou um grupo de profissionais de carreira [\u2026]","og_url":"https:\/\/jbcnews.com.br\/index.php\/2021\/04\/20\/silva-e-luna-escolhe-veteranos-para-administracao-da-petrobras\/","og_site_name":"JBCNews","article_published_time":"2021-04-20T12:30:18+00:00","article_modified_time":"2021-04-20T12:46:18+00:00","og_image":[{"width":959,"height":639,"url":"https:\/\/jbcnews.com.br\/wp-content\/uploads\/2021\/04\/imagem-69.png","type":"image\/png"}],"author":"admin","twitter_card":"summary_large_image","twitter_misc":{"Escrito por":"admin","Est. tempo de leitura":"1 minuto"},"schema":{"@context":"https:\/\/schema.org","@graph":[{"@type":"WebPage","@id":"https:\/\/jbcnews.com.br\/index.php\/2021\/04\/20\/silva-e-luna-escolhe-veteranos-para-administracao-da-petrobras\/","url":"https:\/\/jbcnews.com.br\/index.php\/2021\/04\/20\/silva-e-luna-escolhe-veteranos-para-administracao-da-petrobras\/","name":"Silva e Luna escolhe veteranos para administra\u00e7\u00e3o da Petrobras. - JBCNews","isPartOf":{"@id":"https:\/\/jbcnews.com.br\/#website"},"primaryImageOfPage":{"@id":"https:\/\/jbcnews.com.br\/index.php\/2021\/04\/20\/silva-e-luna-escolhe-veteranos-para-administracao-da-petrobras\/#primaryimage"},"image":{"@id":"https:\/\/jbcnews.com.br\/index.php\/2021\/04\/20\/silva-e-luna-escolhe-veteranos-para-administracao-da-petrobras\/#primaryimage"},"thumbnailUrl":"https:\/\/jbcnews.com.br\/wp-content\/uploads\/2021\/04\/imagem-69.png","datePublished":"2021-04-20T12:30:18+00:00","dateModified":"2021-04-20T12:46:18+00:00","author":{"@id":"https:\/\/jbcnews.com.br\/#\/schema\/person\/3b597ec20ccf92d0adc436057caf9bbe"},"breadcrumb":{"@id":"https:\/\/jbcnews.com.br\/index.php\/2021\/04\/20\/silva-e-luna-escolhe-veteranos-para-administracao-da-petrobras\/#breadcrumb"},"inLanguage":"pt-BR","potentialAction":[{"@type":"ReadAction","target":["https:\/\/jbcnews.com.br\/index.php\/2021\/04\/20\/silva-e-luna-escolhe-veteranos-para-administracao-da-petrobras\/"]}]},{"@type":"ImageObject","inLanguage":"pt-BR","@id":"https:\/\/jbcnews.com.br\/index.php\/2021\/04\/20\/silva-e-luna-escolhe-veteranos-para-administracao-da-petrobras\/#primaryimage","url":"https:\/\/jbcnews.com.br\/wp-content\/uploads\/2021\/04\/imagem-69.png","contentUrl":"https:\/\/jbcnews.com.br\/wp-content\/uploads\/2021\/04\/imagem-69.png","width":959,"height":639},{"@type":"BreadcrumbList","@id":"https:\/\/jbcnews.com.br\/index.php\/2021\/04\/20\/silva-e-luna-escolhe-veteranos-para-administracao-da-petrobras\/#breadcrumb","itemListElement":[{"@type":"ListItem","position":1,"name":"In\u00edcio","item":"https:\/\/jbcnews.com.br\/"},{"@type":"ListItem","position":2,"name":"Silva e Luna escolhe veteranos para administra\u00e7\u00e3o da Petrobras."}]},{"@type":"WebSite","@id":"https:\/\/jbcnews.com.br\/#website","url":"https:\/\/jbcnews.com.br\/","name":"JBCNews","description":"Comunica\u00e7\u00e3o e Cultura","potentialAction":[{"@type":"SearchAction","target":{"@type":"EntryPoint","urlTemplate":"https:\/\/jbcnews.com.br\/?s={search_term_string}"},"query-input":"required name=search_term_string"}],"inLanguage":"pt-BR"},{"@type":"Person","@id":"https:\/\/jbcnews.com.br\/#\/schema\/person\/3b597ec20ccf92d0adc436057caf9bbe","name":"admin","image":{"@type":"ImageObject","inLanguage":"pt-BR","@id":"https:\/\/jbcnews.com.br\/#\/schema\/person\/image\/","url":"https:\/\/secure.gravatar.com\/avatar\/fe848d2435b65c3ed1cdd3a8e8f3bb2d?s=96&d=mm&r=g","contentUrl":"https:\/\/secure.gravatar.com\/avatar\/fe848d2435b65c3ed1cdd3a8e8f3bb2d?s=96&d=mm&r=g","caption":"admin"},"sameAs":["https:\/\/jbcnews.com.br"],"url":"https:\/\/jbcnews.com.br\/index.php\/author\/jbcnews\/"}]}},"_links":{"self":[{"href":"https:\/\/jbcnews.com.br\/index.php\/wp-json\/wp\/v2\/posts\/2871"}],"collection":[{"href":"https:\/\/jbcnews.com.br\/index.php\/wp-json\/wp\/v2\/posts"}],"about":[{"href":"https:\/\/jbcnews.com.br\/index.php\/wp-json\/wp\/v2\/types\/post"}],"author":[{"embeddable":true,"href":"https:\/\/jbcnews.com.br\/index.php\/wp-json\/wp\/v2\/users\/1"}],"replies":[{"embeddable":true,"href":"https:\/\/jbcnews.com.br\/index.php\/wp-json\/wp\/v2\/comments?post=2871"}],"version-history":[{"count":2,"href":"https:\/\/jbcnews.com.br\/index.php\/wp-json\/wp\/v2\/posts\/2871\/revisions"}],"predecessor-version":[{"id":2884,"href":"https:\/\/jbcnews.com.br\/index.php\/wp-json\/wp\/v2\/posts\/2871\/revisions\/2884"}],"wp:featuredmedia":[{"embeddable":true,"href":"https:\/\/jbcnews.com.br\/index.php\/wp-json\/wp\/v2\/media\/2872"}],"wp:attachment":[{"href":"https:\/\/jbcnews.com.br\/index.php\/wp-json\/wp\/v2\/media?parent=2871"}],"wp:term":[{"taxonomy":"category","embeddable":true,"href":"https:\/\/jbcnews.com.br\/index.php\/wp-json\/wp\/v2\/categories?post=2871"},{"taxonomy":"post_tag","embeddable":true,"href":"https:\/\/jbcnews.com.br\/index.php\/wp-json\/wp\/v2\/tags?post=2871"}],"curies":[{"name":"wp","href":"https:\/\/api.w.org\/{rel}","templated":true}]}}