{"id":2865,"date":"2021-04-16T19:01:59","date_gmt":"2021-04-16T19:01:59","guid":{"rendered":"https:\/\/jbcnews.com.br\/?p=2865"},"modified":"2021-05-07T16:32:19","modified_gmt":"2021-05-07T16:32:19","slug":"filho-de-lula-reage-a-bial-com-palavrao","status":"publish","type":"post","link":"https:\/\/jbcnews.com.br\/index.php\/2021\/04\/16\/filho-de-lula-reage-a-bial-com-palavrao\/","title":{"rendered":"Filho de Lula reage a Bial com palavr\u00e3o."},"content":{"rendered":"\n<p>JBCNEWS &#8211; DF 16\/04) &#8211; Luis Claudio Lula da Silva, um dos filhos do ex-presidente Lula, rebateu as cr\u00edticas do apresentador Pedro Bial, que afirmou que s\u00f3 entrevistaria o petista se pudesse contar com um detector de mentiras (pol\u00edgrafo) durante a conversa.<\/p>\n\n\n\n<p>&#8220;Enfia esse Pol\u00edgrafo no teu CU&#8221;, escreveu Luis Claudio numa rede social nesta quinta (15).<\/p>\n\n\n\n<p>Bial deu essa declara\u00e7\u00e3o em entrevista ao &#8220;Manhattan Connection&#8221;, na TV Cultura, na quarta (14), ao responder ao apresentador Lucas Mendes, que perguntou se teria algum convidado que n\u00e3o iria ao seu programa, o Conversa com Bial (Globo).<\/p>\n\n\n\n<p>&#8220;O Lula, ele j\u00e1 at\u00e9 disse que gostaria de fazer o programa comigo, mas tinha que ser ao vivo. Pode at\u00e9 ser ao vivo, mas a\u00ed teria que ter um pol\u00edgrafo acompanhando todas as falas dele&#8221;, respondeu Bial.<\/p>\n\n\n\n<p>A declara\u00e7\u00e3o repercutiu nas redes sociais, levando o nome de Bial aos assuntos mais comentados no Twitter na manh\u00e3 desta quinta (15).<\/p>\n\n\n\n<p>Mauricio Stycer, colunista da Folha de S.Paulo, por exemplo, criticou o apresentador. Afirmou que foi uma &#8220;grosseria gratuita&#8221;.<\/p>\n\n\n\n<p>&#8220;Bial n\u00e3o teria dificuldade nenhuma de entrevistar Lula ao vivo e confront\u00e1-lo com eventuais mentiras. A grosseria expressa mais a falta de disposi\u00e7\u00e3o de fazer a entrevista do que, realmente, temor que o ex-presidente diga alguma mentira. Afinal, se acontecesse, n\u00e3o seria a primeira vez que um entrevistado diria mentiras em seu programa&#8221;, escreveu em texto publicado no UOL.<\/p>\n\n\n\n<p>Outros petistas reagiram ao coment\u00e1rio. O deputado federal e ex-ministro da Sa\u00fade Alexandre Padilha postou v\u00eddeo em que Bial aparece em entrevista a J\u00f4 Soares dizendo que o golpe militar no Brasil n\u00e3o foi golpe. &#8220;Tem gente que chama de revolu\u00e7\u00e3o, tem gente que chama de golpe, tem gente que chama de contragolpe, o movimento&#8230; Acho que pode ser chamado de contragolpe tamb\u00e9m&#8221;, afirma Bial no v\u00eddeo.<\/p>\n","protected":false},"excerpt":{"rendered":"<p>JBCNEWS &#8211; DF 16\/04) &#8211; Luis Claudio Lula da Silva, um dos filhos do ex-presidente Lula, rebateu as cr\u00edticas do apresentador Pedro Bial, que afirmou que<span class=\"excerpt-hellip\"> [\u2026]<\/span><\/p>\n","protected":false},"author":1,"featured_media":2866,"comment_status":"open","ping_status":"open","sticky":false,"template":"","format":"standard","meta":{"footnotes":""},"categories":[33],"tags":[],"yoast_head":"<!-- This site is optimized with the Yoast SEO plugin v22.6 - https:\/\/yoast.com\/wordpress\/plugins\/seo\/ -->\n<title>Filho de Lula reage a Bial com palavr\u00e3o. - JBCNews<\/title>\n<meta name=\"robots\" content=\"index, follow, max-snippet:-1, max-image-preview:large, max-video-preview:-1\" \/>\n<link rel=\"canonical\" href=\"https:\/\/jbcnews.com.br\/index.php\/2021\/04\/16\/filho-de-lula-reage-a-bial-com-palavrao\/\" \/>\n<meta property=\"og:locale\" content=\"pt_BR\" \/>\n<meta property=\"og:type\" content=\"article\" \/>\n<meta property=\"og:title\" content=\"Filho de Lula reage a Bial com palavr\u00e3o. - JBCNews\" \/>\n<meta property=\"og:description\" content=\"JBCNEWS &#8211; DF 16\/04) &#8211; Luis Claudio Lula da Silva, um dos filhos do ex-presidente Lula, rebateu as cr\u00edticas do apresentador Pedro Bial, que afirmou que [\u2026]\" \/>\n<meta property=\"og:url\" content=\"https:\/\/jbcnews.com.br\/index.php\/2021\/04\/16\/filho-de-lula-reage-a-bial-com-palavrao\/\" \/>\n<meta property=\"og:site_name\" content=\"JBCNews\" \/>\n<meta property=\"article:published_time\" content=\"2021-04-16T19:01:59+00:00\" \/>\n<meta property=\"article:modified_time\" content=\"2021-05-07T16:32:19+00:00\" \/>\n<meta property=\"og:image\" content=\"https:\/\/jbcnews.com.br\/wp-content\/uploads\/2021\/04\/imagem-91.png\" \/>\n\t<meta property=\"og:image:width\" content=\"960\" \/>\n\t<meta property=\"og:image:height\" content=\"640\" \/>\n\t<meta property=\"og:image:type\" content=\"image\/png\" \/>\n<meta name=\"author\" content=\"admin\" \/>\n<meta name=\"twitter:card\" content=\"summary_large_image\" \/>\n<meta name=\"twitter:label1\" content=\"Escrito por\" \/>\n\t<meta name=\"twitter:data1\" content=\"admin\" \/>\n\t<meta name=\"twitter:label2\" content=\"Est. tempo de leitura\" \/>\n\t<meta name=\"twitter:data2\" content=\"2 minutos\" \/>\n<script type=\"application\/ld+json\" class=\"yoast-schema-graph\">{\"@context\":\"https:\/\/schema.org\",\"@graph\":[{\"@type\":\"WebPage\",\"@id\":\"https:\/\/jbcnews.com.br\/index.php\/2021\/04\/16\/filho-de-lula-reage-a-bial-com-palavrao\/\",\"url\":\"https:\/\/jbcnews.com.br\/index.php\/2021\/04\/16\/filho-de-lula-reage-a-bial-com-palavrao\/\",\"name\":\"Filho de Lula reage a Bial com palavr\u00e3o. - JBCNews\",\"isPartOf\":{\"@id\":\"https:\/\/jbcnews.com.br\/#website\"},\"primaryImageOfPage\":{\"@id\":\"https:\/\/jbcnews.com.br\/index.php\/2021\/04\/16\/filho-de-lula-reage-a-bial-com-palavrao\/#primaryimage\"},\"image\":{\"@id\":\"https:\/\/jbcnews.com.br\/index.php\/2021\/04\/16\/filho-de-lula-reage-a-bial-com-palavrao\/#primaryimage\"},\"thumbnailUrl\":\"https:\/\/jbcnews.com.br\/wp-content\/uploads\/2021\/04\/imagem-91.png\",\"datePublished\":\"2021-04-16T19:01:59+00:00\",\"dateModified\":\"2021-05-07T16:32:19+00:00\",\"author\":{\"@id\":\"https:\/\/jbcnews.com.br\/#\/schema\/person\/3b597ec20ccf92d0adc436057caf9bbe\"},\"breadcrumb\":{\"@id\":\"https:\/\/jbcnews.com.br\/index.php\/2021\/04\/16\/filho-de-lula-reage-a-bial-com-palavrao\/#breadcrumb\"},\"inLanguage\":\"pt-BR\",\"potentialAction\":[{\"@type\":\"ReadAction\",\"target\":[\"https:\/\/jbcnews.com.br\/index.php\/2021\/04\/16\/filho-de-lula-reage-a-bial-com-palavrao\/\"]}]},{\"@type\":\"ImageObject\",\"inLanguage\":\"pt-BR\",\"@id\":\"https:\/\/jbcnews.com.br\/index.php\/2021\/04\/16\/filho-de-lula-reage-a-bial-com-palavrao\/#primaryimage\",\"url\":\"https:\/\/jbcnews.com.br\/wp-content\/uploads\/2021\/04\/imagem-91.png\",\"contentUrl\":\"https:\/\/jbcnews.com.br\/wp-content\/uploads\/2021\/04\/imagem-91.png\",\"width\":960,\"height\":640},{\"@type\":\"BreadcrumbList\",\"@id\":\"https:\/\/jbcnews.com.br\/index.php\/2021\/04\/16\/filho-de-lula-reage-a-bial-com-palavrao\/#breadcrumb\",\"itemListElement\":[{\"@type\":\"ListItem\",\"position\":1,\"name\":\"In\u00edcio\",\"item\":\"https:\/\/jbcnews.com.br\/\"},{\"@type\":\"ListItem\",\"position\":2,\"name\":\"Filho de Lula reage a Bial com palavr\u00e3o.\"}]},{\"@type\":\"WebSite\",\"@id\":\"https:\/\/jbcnews.com.br\/#website\",\"url\":\"https:\/\/jbcnews.com.br\/\",\"name\":\"JBCNews\",\"description\":\"Comunica\u00e7\u00e3o e Cultura\",\"potentialAction\":[{\"@type\":\"SearchAction\",\"target\":{\"@type\":\"EntryPoint\",\"urlTemplate\":\"https:\/\/jbcnews.com.br\/?s={search_term_string}\"},\"query-input\":\"required name=search_term_string\"}],\"inLanguage\":\"pt-BR\"},{\"@type\":\"Person\",\"@id\":\"https:\/\/jbcnews.com.br\/#\/schema\/person\/3b597ec20ccf92d0adc436057caf9bbe\",\"name\":\"admin\",\"image\":{\"@type\":\"ImageObject\",\"inLanguage\":\"pt-BR\",\"@id\":\"https:\/\/jbcnews.com.br\/#\/schema\/person\/image\/\",\"url\":\"https:\/\/secure.gravatar.com\/avatar\/fe848d2435b65c3ed1cdd3a8e8f3bb2d?s=96&d=mm&r=g\",\"contentUrl\":\"https:\/\/secure.gravatar.com\/avatar\/fe848d2435b65c3ed1cdd3a8e8f3bb2d?s=96&d=mm&r=g\",\"caption\":\"admin\"},\"sameAs\":[\"https:\/\/jbcnews.com.br\"],\"url\":\"https:\/\/jbcnews.com.br\/index.php\/author\/jbcnews\/\"}]}<\/script>\n<!-- \/ Yoast SEO plugin. -->","yoast_head_json":{"title":"Filho de Lula reage a Bial com palavr\u00e3o. - JBCNews","robots":{"index":"index","follow":"follow","max-snippet":"max-snippet:-1","max-image-preview":"max-image-preview:large","max-video-preview":"max-video-preview:-1"},"canonical":"https:\/\/jbcnews.com.br\/index.php\/2021\/04\/16\/filho-de-lula-reage-a-bial-com-palavrao\/","og_locale":"pt_BR","og_type":"article","og_title":"Filho de Lula reage a Bial com palavr\u00e3o. - JBCNews","og_description":"JBCNEWS &#8211; DF 16\/04) &#8211; Luis Claudio Lula da Silva, um dos filhos do ex-presidente Lula, rebateu as cr\u00edticas do apresentador Pedro Bial, que afirmou que [\u2026]","og_url":"https:\/\/jbcnews.com.br\/index.php\/2021\/04\/16\/filho-de-lula-reage-a-bial-com-palavrao\/","og_site_name":"JBCNews","article_published_time":"2021-04-16T19:01:59+00:00","article_modified_time":"2021-05-07T16:32:19+00:00","og_image":[{"width":960,"height":640,"url":"https:\/\/jbcnews.com.br\/wp-content\/uploads\/2021\/04\/imagem-91.png","type":"image\/png"}],"author":"admin","twitter_card":"summary_large_image","twitter_misc":{"Escrito por":"admin","Est. tempo de leitura":"2 minutos"},"schema":{"@context":"https:\/\/schema.org","@graph":[{"@type":"WebPage","@id":"https:\/\/jbcnews.com.br\/index.php\/2021\/04\/16\/filho-de-lula-reage-a-bial-com-palavrao\/","url":"https:\/\/jbcnews.com.br\/index.php\/2021\/04\/16\/filho-de-lula-reage-a-bial-com-palavrao\/","name":"Filho de Lula reage a Bial com palavr\u00e3o. - JBCNews","isPartOf":{"@id":"https:\/\/jbcnews.com.br\/#website"},"primaryImageOfPage":{"@id":"https:\/\/jbcnews.com.br\/index.php\/2021\/04\/16\/filho-de-lula-reage-a-bial-com-palavrao\/#primaryimage"},"image":{"@id":"https:\/\/jbcnews.com.br\/index.php\/2021\/04\/16\/filho-de-lula-reage-a-bial-com-palavrao\/#primaryimage"},"thumbnailUrl":"https:\/\/jbcnews.com.br\/wp-content\/uploads\/2021\/04\/imagem-91.png","datePublished":"2021-04-16T19:01:59+00:00","dateModified":"2021-05-07T16:32:19+00:00","author":{"@id":"https:\/\/jbcnews.com.br\/#\/schema\/person\/3b597ec20ccf92d0adc436057caf9bbe"},"breadcrumb":{"@id":"https:\/\/jbcnews.com.br\/index.php\/2021\/04\/16\/filho-de-lula-reage-a-bial-com-palavrao\/#breadcrumb"},"inLanguage":"pt-BR","potentialAction":[{"@type":"ReadAction","target":["https:\/\/jbcnews.com.br\/index.php\/2021\/04\/16\/filho-de-lula-reage-a-bial-com-palavrao\/"]}]},{"@type":"ImageObject","inLanguage":"pt-BR","@id":"https:\/\/jbcnews.com.br\/index.php\/2021\/04\/16\/filho-de-lula-reage-a-bial-com-palavrao\/#primaryimage","url":"https:\/\/jbcnews.com.br\/wp-content\/uploads\/2021\/04\/imagem-91.png","contentUrl":"https:\/\/jbcnews.com.br\/wp-content\/uploads\/2021\/04\/imagem-91.png","width":960,"height":640},{"@type":"BreadcrumbList","@id":"https:\/\/jbcnews.com.br\/index.php\/2021\/04\/16\/filho-de-lula-reage-a-bial-com-palavrao\/#breadcrumb","itemListElement":[{"@type":"ListItem","position":1,"name":"In\u00edcio","item":"https:\/\/jbcnews.com.br\/"},{"@type":"ListItem","position":2,"name":"Filho de Lula reage a Bial com palavr\u00e3o."}]},{"@type":"WebSite","@id":"https:\/\/jbcnews.com.br\/#website","url":"https:\/\/jbcnews.com.br\/","name":"JBCNews","description":"Comunica\u00e7\u00e3o e Cultura","potentialAction":[{"@type":"SearchAction","target":{"@type":"EntryPoint","urlTemplate":"https:\/\/jbcnews.com.br\/?s={search_term_string}"},"query-input":"required name=search_term_string"}],"inLanguage":"pt-BR"},{"@type":"Person","@id":"https:\/\/jbcnews.com.br\/#\/schema\/person\/3b597ec20ccf92d0adc436057caf9bbe","name":"admin","image":{"@type":"ImageObject","inLanguage":"pt-BR","@id":"https:\/\/jbcnews.com.br\/#\/schema\/person\/image\/","url":"https:\/\/secure.gravatar.com\/avatar\/fe848d2435b65c3ed1cdd3a8e8f3bb2d?s=96&d=mm&r=g","contentUrl":"https:\/\/secure.gravatar.com\/avatar\/fe848d2435b65c3ed1cdd3a8e8f3bb2d?s=96&d=mm&r=g","caption":"admin"},"sameAs":["https:\/\/jbcnews.com.br"],"url":"https:\/\/jbcnews.com.br\/index.php\/author\/jbcnews\/"}]}},"_links":{"self":[{"href":"https:\/\/jbcnews.com.br\/index.php\/wp-json\/wp\/v2\/posts\/2865"}],"collection":[{"href":"https:\/\/jbcnews.com.br\/index.php\/wp-json\/wp\/v2\/posts"}],"about":[{"href":"https:\/\/jbcnews.com.br\/index.php\/wp-json\/wp\/v2\/types\/post"}],"author":[{"embeddable":true,"href":"https:\/\/jbcnews.com.br\/index.php\/wp-json\/wp\/v2\/users\/1"}],"replies":[{"embeddable":true,"href":"https:\/\/jbcnews.com.br\/index.php\/wp-json\/wp\/v2\/comments?post=2865"}],"version-history":[{"count":1,"href":"https:\/\/jbcnews.com.br\/index.php\/wp-json\/wp\/v2\/posts\/2865\/revisions"}],"predecessor-version":[{"id":2867,"href":"https:\/\/jbcnews.com.br\/index.php\/wp-json\/wp\/v2\/posts\/2865\/revisions\/2867"}],"wp:featuredmedia":[{"embeddable":true,"href":"https:\/\/jbcnews.com.br\/index.php\/wp-json\/wp\/v2\/media\/2866"}],"wp:attachment":[{"href":"https:\/\/jbcnews.com.br\/index.php\/wp-json\/wp\/v2\/media?parent=2865"}],"wp:term":[{"taxonomy":"category","embeddable":true,"href":"https:\/\/jbcnews.com.br\/index.php\/wp-json\/wp\/v2\/categories?post=2865"},{"taxonomy":"post_tag","embeddable":true,"href":"https:\/\/jbcnews.com.br\/index.php\/wp-json\/wp\/v2\/tags?post=2865"}],"curies":[{"name":"wp","href":"https:\/\/api.w.org\/{rel}","templated":true}]}}