{"id":2838,"date":"2021-04-13T18:06:28","date_gmt":"2021-04-13T18:06:28","guid":{"rendered":"https:\/\/jbcnews.com.br\/?p=2838"},"modified":"2021-05-07T16:33:31","modified_gmt":"2021-05-07T16:33:31","slug":"bolsonaro-poderia-ter-capitaneado-a-crise-mas-ha-certa-perseguicao-a-ele-diz-romeu-zema","status":"publish","type":"post","link":"https:\/\/jbcnews.com.br\/index.php\/2021\/04\/13\/bolsonaro-poderia-ter-capitaneado-a-crise-mas-ha-certa-perseguicao-a-ele-diz-romeu-zema\/","title":{"rendered":"Bolsonaro poderia ter capitaneado a crise, mas h\u00e1 certa persegui\u00e7\u00e3o a ele, diz Romeu Zema."},"content":{"rendered":"\n<p>(JBCNEWS &#8211; DF 12\/04) &#8211; Na mesa do gabinete, o governador de Minas Gerais, Romeu Zema (Novo), tem enfileirado os jornais do dia. S\u00f3 consegue abrir para ler em casa, diz ele. No momento mais cr\u00edtico da pandemia em Minas, os v\u00eddeos do governador no TikTok diminu\u00edram e est\u00e3o mais institucionais. Ele aparece com mais frequ\u00eancia agora no Instagram, onde compartilha frases que coleciona desde adolescente.<br>Em mar\u00e7o, Zema anunciou a onda roxa, com maiores restri\u00e7\u00f5es de circula\u00e7\u00e3o &#8211; pela primeira vez, para todos os 853 munic\u00edpios mineiros. Tamb\u00e9m se reuniu com o presidente Jair Bolsonaro e viu seu secret\u00e1rio da Sa\u00fade cair por den\u00fancias de fura-fila na vacina\u00e7\u00e3o.<\/p>\n\n\n\n<p>*<\/p>\n\n\n\n<p>No in\u00edcio de mar\u00e7o, o senhor anunciou a onda roxa. Foi uma mudan\u00e7a no tom de falas anteriores do senhor sobre enfrentamento \u00e0 pandemia. Em abril de 2020, o senhor disse que era preciso que o v\u00edrus viajasse um pouco. Neste ano, disse que quem sai \u00e0s ruas poderia ser considerado assassino. O que mudou?<\/p>\n\n\n\n<p>ROMEU ZEMA &#8211; O que mudou foi a pandemia. Nunca hav\u00edamos tido uma quantidade de casos, interna\u00e7\u00f5es e \u00f3bitos t\u00e3o elevada, e o colapso do sistema hospitalar. Voc\u00ea tem de tomar a\u00e7\u00f5es de acordo com a situa\u00e7\u00e3o, n\u00e3o pode deixar pessoas sem atendimento m\u00e9dico. Est\u00e1 muito claro que essa nova cepa do v\u00edrus [a de Manaus], que \u00e9 muito mais transmiss\u00edvel, veio com uma for\u00e7a maior que a primeira onda.<\/p>\n\n\n\n<p>O senhor criticou v\u00e1rias vezes prefeitos que adotaram medidas mais r\u00edgidas de isolamento social, como foi o caso de BH, em falas no decorrer de 2020. Como v\u00ea essas decis\u00f5es hoje?<\/p>\n\n\n\n<p>RZ &#8211; Vejo que o prefeito conhece a cidade dele melhor que eu. Cada cidade \u00e9 um caso, n\u00e3o me cabe ficar criticando os prefeitos, mas houve casos extremos nos dois sentidos. Temos um acompanhamento di\u00e1rio dos 853 munic\u00edpios, ent\u00e3o fica f\u00e1cil perceber o que alguns prefeitos parecem ignorar.<\/p>\n\n\n\n<p>Em entrevista \u00e0 Folha de S.Paulo em abril de 2020, o senhor defendeu que o Brasil era um dos pa\u00edses que melhor estava conduzindo a pandemia no mundo. Nesta semana, o senhor afirmou: &#8220;O governo federal subestimou a periculosidade desse v\u00edrus. Deveria dar mais aten\u00e7\u00e3o ao inimigo. Nesse ponto houve uma defici\u00eancia, algo a mais poderia ter sido feito&#8221;. O que poderia ter sido feito?<\/p>\n\n\n\n<p>RZ &#8211; Primeiro, temos de contextualizar o Brasil no mundo. Vamos pegar morte por milh\u00e3o de habitantes e vamos ver que temos pa\u00edses at\u00e9 mais desenvolvidos, que t\u00eam mais recursos, e est\u00e3o piores.<\/p>\n\n\n\n<p>Na \u00faltima quinta (8), o senhor usou esse par\u00e2metro e disse que ficava claro que o desempenho do pa\u00eds n\u00e3o era bom.<\/p>\n\n\n\n<p>RZ &#8211; Est\u00e1 [ruim]. Como a nossa popula\u00e7\u00e3o \u00e9 maior do que a grande maioria dos pa\u00edses, \u00e9 de se esperar que venhamos a ter mais casos, como os EUA, que diga-se de passagem, \u00e9 um pa\u00eds muito mais rico e, mesmo assim, teve dificuldades. Sabemos que, realmente, o que estamos vivenciando no Brasil poderia ter sido conduzido de uma forma melhor. Faltou uma unicidade na condu\u00e7\u00e3o da pandemia, termos procedimentos &#8211;n\u00f3s aqui temos orienta\u00e7\u00e3o para os 853 munic\u00edpios.<\/p>\n\n\n\n<p>Faltou isso do governo federal, ele deveria ter tido um cuidado, ter chamado os governadores, os secret\u00e1rios de Sa\u00fade. Aqui em Minas, desde o in\u00edcio da pandemia, deixei a cargo da Secretaria de Sa\u00fade, com especialistas.<\/p>\n\n\n\n<p>Vejo que quem conduz um estado, um pa\u00eds, deve estar muito mais na posi\u00e7\u00e3o de t\u00e9cnico do que de jogador, que \u00e9 lateral direito, centroavante etc. Sem a centraliza\u00e7\u00e3o, governadores e prefeitos tiveram de assumir de uma forma um tanto quanto descoordenada a condu\u00e7\u00e3o da pandemia.<\/p>\n\n\n\n<p>Quem s\u00e3o os respons\u00e1veis por este algo a mais n\u00e3o ter sido feito?<\/p>\n\n\n\n<p>RZ &#8211; Vejo que \u00e9 o governo federal, de um modo geral. N\u00e3o arriscaria dizer nomes, at\u00e9 porque estou distante, n\u00e3o participei das reuni\u00f5es, os nossos secret\u00e1rios de Sa\u00fade, o ex e o atual, \u00e9 que estavam. O que sempre falei \u00e9 que faltou essa coordena\u00e7\u00e3o central. Eu me sinto incapacitado, desinformado para estar fazendo essa avalia\u00e7\u00e3o mais aprofundada.<\/p>\n\n\n\n<p>O senhor \u00e9 um dos governadores mais pr\u00f3ximos a Bolsonaro, foi um dos \u00fanicos que n\u00e3o quis assinar cartas e notas cr\u00edticas a ele sobre a\u00e7\u00f5es adotadas na pandemia. Como o senhor avalia o papel e a postura dele na condu\u00e7\u00e3o da crise sanit\u00e1ria?<\/p>\n\n\n\n<p>RZ &#8211; Com rela\u00e7\u00e3o \u00e0s cartas, vamos deixar claro que assinei v\u00e1rias e n\u00e3o assinei v\u00e1rias. Muitas vezes, elas t\u00eam um cunho pol\u00edtico e, como eu tenho contato com os ministros, \u00e9 muito mais f\u00e1cil se comunicar do que escrever cartas.<\/p>\n\n\n\n<p>H\u00e1 um n\u00famero expressivo de governadores que fazem uso desse instrumento, respeito, mas vejo que voc\u00ea sentar, dialogar, pode ser muito mais produtivo do que ficar escrevendo. Muitas pessoas querem mais visibilidade do que solucionar o problema.<\/p>\n\n\n\n<p>Mas como o senhor avalia o papel e a postura de Bolsonaro na condu\u00e7\u00e3o da crise?<\/p>\n\n\n\n<p>RZ &#8211; Ele poderia ter capitaneado essa quest\u00e3o de ter centralizado o combate \u00e0 pandemia. Ter chamado para o governo federal, [o v\u00edrus] \u00e9 um inimigo que n\u00e3o conhecemos t\u00e3o bem, vamos tomar todos os cuidados e, principalmente, ter colocado um ministro da Sa\u00fade com mais autonomia para decidir.<\/p>\n\n\n\n<p>O senhor o defendeu anteriormente de cr\u00edticas, disse \u00e0 Folha de S.Paulo que n\u00e3o concordava com a forma como batiam nele [Bolsonaro]. O que acha das cr\u00edticas atuais, que o chamam, inclusive, de genocida?<\/p>\n\n\n\n<p>RZ &#8211; Eu acho que s\u00e3o exageradas. Se for esse o caso, podemos ter situa\u00e7\u00e3o semelhante em v\u00e1rios pa\u00edses, que t\u00eam taxas de \u00f3bitos maiores que o Brasil. Aqui no Brasil mesmo temos estados que t\u00eam taxas de \u00f3bitos completamente diferentes de outros, e cidades tamb\u00e9m. N\u00e3o vi nenhum governador ser chamado de genocida e nenhum prefeito. Me parece que h\u00e1 uma certa persegui\u00e7\u00e3o a uma pessoa. Ficar xingando, acusando a esta altura do campeonato n\u00e3o vai melhorar a situa\u00e7\u00e3o.<\/p>\n\n\n\n<p>O ministro Lu\u00eds Roberto Barroso, do STF, determinou que o Senado instalasse a CPI da Covid, para apurar se houve omiss\u00e3o do governo. O senhor acha a comiss\u00e3o necess\u00e1ria ou h\u00e1 interfer\u00eancia entre Poderes?<\/p>\n\n\n\n<p>RZ &#8211; Opini\u00e3o minha, dentro do Estado j\u00e1 temos uma s\u00e9rie de controles, \u00f3rg\u00e3os espec\u00edficos para tratar de controles, como o TCU ou TCE, o MPF, os MPs estaduais, a CGU. Ser\u00e1 que esses \u00f3rg\u00e3os j\u00e1 n\u00e3o s\u00e3o suficientes para fazer as apura\u00e7\u00f5es? Eu questiono se n\u00e3o est\u00e1 havendo uma super-redund\u00e2ncia em apura\u00e7\u00f5es.<\/p>\n\n\n\n<p>O setor p\u00fablico vive muito dessa quest\u00e3o de apontar o dedo. Temos reforma tribut\u00e1ria, administrativa paradas, uma reforma talvez pol\u00edtica, eleitoral, que [o Congresso] poderia aperfei\u00e7oar, isso vai ficar congelado.<\/p>\n\n\n\n<p>Como avalia o papel do Supremo na crise?<\/p>\n\n\n\n<p>RZ &#8211; O Brasil continua sendo esse pa\u00eds em que muitas vezes, por aus\u00eancia de um Legislativo que legisla, o Judici\u00e1rio come\u00e7a a legislar. Uma defici\u00eancia leva \u00e0 outra. Ainda h\u00e1 essas interfer\u00eancias indevidas que precisavam ser mais bem conduzidas, cada um assumir de fato seu papel. As cortes em outros pa\u00edses trabalham em sil\u00eancio, julgam s\u00f3 casos expressivos. Aqui n\u00f3s temos uma Constitui\u00e7\u00e3o disfuncional, caso de um traficante de drogas vai ocupar um ministro do STF. Na minha opini\u00e3o, ele deveria tratar s\u00f3 de quest\u00f5es constitucionais. A culpa \u00e9 de um modelo que foi sendo constru\u00eddo nas \u00faltimas d\u00e9cadas. A Constitui\u00e7\u00e3o de 1988 deixou algumas coisas dif\u00edceis de serem alteradas, que provocam tanta inefici\u00eancia.<\/p>\n\n\n\n<p>O senhor disse que o ritmo da vacina\u00e7\u00e3o em Minas est\u00e1 lento por quest\u00f5es das prefeituras, mas alguns prefeitos responderam que doses s\u00e3o insuficientes. Como avalia o tempo que o governo levou para negociar as vacinas?<\/p>\n\n\n\n<p>RZ &#8211; Com rela\u00e7\u00e3o \u00e0s prefeituras, temos muitas eficient\u00edssimas na vacina\u00e7\u00e3o, e outras em que a quest\u00e3o n\u00e3o evoluiu. Temos que lembrar que todo pa\u00eds do mundo hoje gostaria de ter mais vacinas do que tem. N\u00e3o \u00e9 exclusividade do Brasil.<\/p>\n\n\n\n<p>Talvez poder\u00edamos estar melhores, mas, mesmo que tiv\u00e9ssemos acertado no passado, seria pouco prov\u00e1vel que estar\u00edamos com tudo solucionado.<\/p>\n\n\n\n<p>Minas demitiu em mar\u00e7o o secret\u00e1rio da Sa\u00fade devido a den\u00fancias de fura-fila na vacina\u00e7\u00e3o, quando o pr\u00f3prio secret\u00e1rio Carlos Eduardo Amaral e o adjunto dele, Marcelo Cabral, foram imunizados. O senhor afirmou que n\u00e3o sabia do caso. Foi cogitado que o senhor tamb\u00e9m fosse imunizado?<\/p>\n\n\n\n<p>RZ &#8211; Se procurar nas minhas redes sociais, vai ver um v\u00eddeo em que eu digo que quero ser vacinado, quando chegar a hora e com a vacina que estiver dispon\u00edvel. Se aprovada pela Anvisa, n\u00e3o tenho nenhuma restri\u00e7\u00e3o. Desde que o processo de vacina\u00e7\u00e3o come\u00e7ou, eu sempre disse ao secret\u00e1rio que \u00edamos acompanhar o PNI [Programa Nacional de Imuniza\u00e7\u00e3o] e ele me disse que era o que estava fazendo. Nenhum secret\u00e1rio meu foi vacinado, a n\u00e3o ser o de Sa\u00fade, que alega que o motivo \u00e9 por ser m\u00e9dico e porque estava sempre dentro de hospitais.<\/p>\n\n\n\n<p>Em BH, nas \u00faltimas semanas, veio \u00e0 tona o caso de uma suposta enfermeira que teria vacinado empres\u00e1rios de forma ilegal. O senhor \u00e9 empres\u00e1rio, qual sua posi\u00e7\u00e3o na discuss\u00e3o sobre aquisi\u00e7\u00e3o de vacinas por entes privados?<\/p>\n\n\n\n<p>RZ &#8211; Sou contr\u00e1rio. Na minha opini\u00e3o, uma vacina que salva vidas deve ser exclusividade de na\u00e7\u00f5es que t\u00eam de ter crit\u00e9rios de vacina\u00e7\u00e3o, como foi criado aqui no Brasil. Sen\u00e3o, vamos cair numa situa\u00e7\u00e3o em que vai se salvar quem tem mais dinheiro. Seria mais uma desigualdade provocada por quest\u00f5es financeiras.<\/p>\n\n\n\n<p>A Pol\u00edcia Militar de Minas, segundo reportagem do Estado de Minas, elaborou um protocolo sugerindo o chamado &#8220;tratamento precoce&#8221;, com uso de hidroxicloroquina e ivermectina, entre outros, que n\u00e3o t\u00eam efic\u00e1cia cient\u00edfica comprovada. O senhor, como governador, apoia esse protocolo?<\/p>\n\n\n\n<p>RZ &#8211; N\u00e3o sou m\u00e9dico. Mesma coisa que voc\u00ea me perguntar se eu quero rev\u00f3lver calibre .38 ou .40 para essa opera\u00e7\u00e3o. N\u00e3o estou apto. Profissionais de sa\u00fade t\u00eam que responder.<\/p>\n\n\n\n<p>O senhor usaria esses medicamentos?<\/p>\n\n\n\n<p>RZ &#8211; Se o meu m\u00e9dico recomendasse, usaria.<\/p>\n\n\n\n<p>Houve um telefonema entre o senhor e o prefeito de Belo Horizonte, Alexandre Kalil, em mar\u00e7o, mas o senhor deu uma alfinetada nele nesta semana ao falar sobre os munic\u00edpios n\u00e3o pararem de vacinar nos fins de semana [BH fez isso no fim de semana de P\u00e1scoa]. O prefeito disse algumas vezes que o senhor teria um gabinete do \u00f3dio que causou o afastamento. Como est\u00e1 a rela\u00e7\u00e3o entre voc\u00eas?<\/p>\n\n\n\n<p>RZ &#8211; Nosso relacionamento \u00e9 bom, civilizado, n\u00e3o tenho nada contra o prefeito Kalil e, na minha opini\u00e3o, temos de trabalhar juntos neste momento de pandemia. Eu desconhe\u00e7o [gabinete de \u00f3dio]. Se tiver aqui \u00e9 gabinete do amor.<\/p>\n\n\n\n<p>Kalil \u00e9 apontado como um nome para disputar o governo do estado no ano que vem. O senhor pretende concorrer \u00e0 reelei\u00e7\u00e3o?<\/p>\n\n\n\n<p>RZ &#8211; Neste momento de pandemia, n\u00e3o \u00e9 hora de se falar em reelei\u00e7\u00e3o, mas, pela velocidade das reformas que temos conseguido em Minas Gerais, eu muito provavelmente serei candidato porque quero deixar meu trabalho completo. Quatro anos eu j\u00e1 vi que n\u00e3o ser\u00e3o suficientes.<\/p>\n\n\n\n<p>O senhor j\u00e1 disse ser contra o impeachment do presidente. Apoiar\u00e1 a reelei\u00e7\u00e3o dele, como em 2018?<\/p>\n\n\n\n<p>RZ &#8211; Est\u00e1 muito longe, vamos aguardar. A pol\u00edtica muda de um dia para o outro.<\/p>\n\n\n\n<p>Romeu Zema, 56<\/p>\n\n\n\n<p>Natural de Arax\u00e1 (MG), formado em administra\u00e7\u00e3o pela Funda\u00e7\u00e3o Get\u00falio Vargas, \u00e9 dono do Grupo Zema, que tem neg\u00f3cios nas \u00e1reas de varejo e combust\u00edveis, entre outras. Foi eleito governador em 2018, na primeira elei\u00e7\u00e3o que disputou.<\/p>\n","protected":false},"excerpt":{"rendered":"<p>(JBCNEWS &#8211; DF 12\/04) &#8211; Na mesa do gabinete, o governador de Minas Gerais, Romeu Zema (Novo), tem enfileirado os jornais do dia. S\u00f3 consegue abrir<span class=\"excerpt-hellip\"> [\u2026]<\/span><\/p>\n","protected":false},"author":1,"featured_media":2839,"comment_status":"open","ping_status":"open","sticky":false,"template":"","format":"standard","meta":{"footnotes":""},"categories":[20],"tags":[],"yoast_head":"<!-- This site is optimized with the Yoast SEO plugin v22.6 - https:\/\/yoast.com\/wordpress\/plugins\/seo\/ -->\n<title>Bolsonaro poderia ter capitaneado a crise, mas h\u00e1 certa persegui\u00e7\u00e3o a ele, diz Romeu Zema. - JBCNews<\/title>\n<meta name=\"robots\" content=\"index, follow, max-snippet:-1, max-image-preview:large, max-video-preview:-1\" \/>\n<link rel=\"canonical\" href=\"https:\/\/jbcnews.com.br\/index.php\/2021\/04\/13\/bolsonaro-poderia-ter-capitaneado-a-crise-mas-ha-certa-perseguicao-a-ele-diz-romeu-zema\/\" \/>\n<meta property=\"og:locale\" content=\"pt_BR\" \/>\n<meta property=\"og:type\" content=\"article\" \/>\n<meta property=\"og:title\" content=\"Bolsonaro poderia ter capitaneado a crise, mas h\u00e1 certa persegui\u00e7\u00e3o a ele, diz Romeu Zema. - JBCNews\" \/>\n<meta property=\"og:description\" content=\"(JBCNEWS &#8211; DF 12\/04) &#8211; Na mesa do gabinete, o governador de Minas Gerais, Romeu Zema (Novo), tem enfileirado os jornais do dia. S\u00f3 consegue abrir [\u2026]\" \/>\n<meta property=\"og:url\" content=\"https:\/\/jbcnews.com.br\/index.php\/2021\/04\/13\/bolsonaro-poderia-ter-capitaneado-a-crise-mas-ha-certa-perseguicao-a-ele-diz-romeu-zema\/\" \/>\n<meta property=\"og:site_name\" content=\"JBCNews\" \/>\n<meta property=\"article:published_time\" content=\"2021-04-13T18:06:28+00:00\" \/>\n<meta property=\"article:modified_time\" content=\"2021-05-07T16:33:31+00:00\" \/>\n<meta property=\"og:image\" content=\"https:\/\/jbcnews.com.br\/wp-content\/uploads\/2021\/04\/imagem-65.png\" \/>\n\t<meta property=\"og:image:width\" content=\"959\" \/>\n\t<meta property=\"og:image:height\" content=\"640\" \/>\n\t<meta property=\"og:image:type\" content=\"image\/png\" \/>\n<meta name=\"author\" content=\"admin\" \/>\n<meta name=\"twitter:card\" content=\"summary_large_image\" \/>\n<meta name=\"twitter:label1\" content=\"Escrito por\" \/>\n\t<meta name=\"twitter:data1\" content=\"admin\" \/>\n\t<meta name=\"twitter:label2\" content=\"Est. tempo de leitura\" \/>\n\t<meta name=\"twitter:data2\" content=\"10 minutos\" \/>\n<script type=\"application\/ld+json\" class=\"yoast-schema-graph\">{\"@context\":\"https:\/\/schema.org\",\"@graph\":[{\"@type\":\"WebPage\",\"@id\":\"https:\/\/jbcnews.com.br\/index.php\/2021\/04\/13\/bolsonaro-poderia-ter-capitaneado-a-crise-mas-ha-certa-perseguicao-a-ele-diz-romeu-zema\/\",\"url\":\"https:\/\/jbcnews.com.br\/index.php\/2021\/04\/13\/bolsonaro-poderia-ter-capitaneado-a-crise-mas-ha-certa-perseguicao-a-ele-diz-romeu-zema\/\",\"name\":\"Bolsonaro poderia ter capitaneado a crise, mas h\u00e1 certa persegui\u00e7\u00e3o a ele, diz Romeu Zema. - JBCNews\",\"isPartOf\":{\"@id\":\"https:\/\/jbcnews.com.br\/#website\"},\"primaryImageOfPage\":{\"@id\":\"https:\/\/jbcnews.com.br\/index.php\/2021\/04\/13\/bolsonaro-poderia-ter-capitaneado-a-crise-mas-ha-certa-perseguicao-a-ele-diz-romeu-zema\/#primaryimage\"},\"image\":{\"@id\":\"https:\/\/jbcnews.com.br\/index.php\/2021\/04\/13\/bolsonaro-poderia-ter-capitaneado-a-crise-mas-ha-certa-perseguicao-a-ele-diz-romeu-zema\/#primaryimage\"},\"thumbnailUrl\":\"https:\/\/jbcnews.com.br\/wp-content\/uploads\/2021\/04\/imagem-65.png\",\"datePublished\":\"2021-04-13T18:06:28+00:00\",\"dateModified\":\"2021-05-07T16:33:31+00:00\",\"author\":{\"@id\":\"https:\/\/jbcnews.com.br\/#\/schema\/person\/3b597ec20ccf92d0adc436057caf9bbe\"},\"breadcrumb\":{\"@id\":\"https:\/\/jbcnews.com.br\/index.php\/2021\/04\/13\/bolsonaro-poderia-ter-capitaneado-a-crise-mas-ha-certa-perseguicao-a-ele-diz-romeu-zema\/#breadcrumb\"},\"inLanguage\":\"pt-BR\",\"potentialAction\":[{\"@type\":\"ReadAction\",\"target\":[\"https:\/\/jbcnews.com.br\/index.php\/2021\/04\/13\/bolsonaro-poderia-ter-capitaneado-a-crise-mas-ha-certa-perseguicao-a-ele-diz-romeu-zema\/\"]}]},{\"@type\":\"ImageObject\",\"inLanguage\":\"pt-BR\",\"@id\":\"https:\/\/jbcnews.com.br\/index.php\/2021\/04\/13\/bolsonaro-poderia-ter-capitaneado-a-crise-mas-ha-certa-perseguicao-a-ele-diz-romeu-zema\/#primaryimage\",\"url\":\"https:\/\/jbcnews.com.br\/wp-content\/uploads\/2021\/04\/imagem-65.png\",\"contentUrl\":\"https:\/\/jbcnews.com.br\/wp-content\/uploads\/2021\/04\/imagem-65.png\",\"width\":959,\"height\":640},{\"@type\":\"BreadcrumbList\",\"@id\":\"https:\/\/jbcnews.com.br\/index.php\/2021\/04\/13\/bolsonaro-poderia-ter-capitaneado-a-crise-mas-ha-certa-perseguicao-a-ele-diz-romeu-zema\/#breadcrumb\",\"itemListElement\":[{\"@type\":\"ListItem\",\"position\":1,\"name\":\"In\u00edcio\",\"item\":\"https:\/\/jbcnews.com.br\/\"},{\"@type\":\"ListItem\",\"position\":2,\"name\":\"Bolsonaro poderia ter capitaneado a crise, mas h\u00e1 certa persegui\u00e7\u00e3o a ele, diz Romeu Zema.\"}]},{\"@type\":\"WebSite\",\"@id\":\"https:\/\/jbcnews.com.br\/#website\",\"url\":\"https:\/\/jbcnews.com.br\/\",\"name\":\"JBCNews\",\"description\":\"Comunica\u00e7\u00e3o e Cultura\",\"potentialAction\":[{\"@type\":\"SearchAction\",\"target\":{\"@type\":\"EntryPoint\",\"urlTemplate\":\"https:\/\/jbcnews.com.br\/?s={search_term_string}\"},\"query-input\":\"required name=search_term_string\"}],\"inLanguage\":\"pt-BR\"},{\"@type\":\"Person\",\"@id\":\"https:\/\/jbcnews.com.br\/#\/schema\/person\/3b597ec20ccf92d0adc436057caf9bbe\",\"name\":\"admin\",\"image\":{\"@type\":\"ImageObject\",\"inLanguage\":\"pt-BR\",\"@id\":\"https:\/\/jbcnews.com.br\/#\/schema\/person\/image\/\",\"url\":\"https:\/\/secure.gravatar.com\/avatar\/fe848d2435b65c3ed1cdd3a8e8f3bb2d?s=96&d=mm&r=g\",\"contentUrl\":\"https:\/\/secure.gravatar.com\/avatar\/fe848d2435b65c3ed1cdd3a8e8f3bb2d?s=96&d=mm&r=g\",\"caption\":\"admin\"},\"sameAs\":[\"https:\/\/jbcnews.com.br\"],\"url\":\"https:\/\/jbcnews.com.br\/index.php\/author\/jbcnews\/\"}]}<\/script>\n<!-- \/ Yoast SEO plugin. -->","yoast_head_json":{"title":"Bolsonaro poderia ter capitaneado a crise, mas h\u00e1 certa persegui\u00e7\u00e3o a ele, diz Romeu Zema. - JBCNews","robots":{"index":"index","follow":"follow","max-snippet":"max-snippet:-1","max-image-preview":"max-image-preview:large","max-video-preview":"max-video-preview:-1"},"canonical":"https:\/\/jbcnews.com.br\/index.php\/2021\/04\/13\/bolsonaro-poderia-ter-capitaneado-a-crise-mas-ha-certa-perseguicao-a-ele-diz-romeu-zema\/","og_locale":"pt_BR","og_type":"article","og_title":"Bolsonaro poderia ter capitaneado a crise, mas h\u00e1 certa persegui\u00e7\u00e3o a ele, diz Romeu Zema. - JBCNews","og_description":"(JBCNEWS &#8211; DF 12\/04) &#8211; Na mesa do gabinete, o governador de Minas Gerais, Romeu Zema (Novo), tem enfileirado os jornais do dia. S\u00f3 consegue abrir [\u2026]","og_url":"https:\/\/jbcnews.com.br\/index.php\/2021\/04\/13\/bolsonaro-poderia-ter-capitaneado-a-crise-mas-ha-certa-perseguicao-a-ele-diz-romeu-zema\/","og_site_name":"JBCNews","article_published_time":"2021-04-13T18:06:28+00:00","article_modified_time":"2021-05-07T16:33:31+00:00","og_image":[{"width":959,"height":640,"url":"https:\/\/jbcnews.com.br\/wp-content\/uploads\/2021\/04\/imagem-65.png","type":"image\/png"}],"author":"admin","twitter_card":"summary_large_image","twitter_misc":{"Escrito por":"admin","Est. tempo de leitura":"10 minutos"},"schema":{"@context":"https:\/\/schema.org","@graph":[{"@type":"WebPage","@id":"https:\/\/jbcnews.com.br\/index.php\/2021\/04\/13\/bolsonaro-poderia-ter-capitaneado-a-crise-mas-ha-certa-perseguicao-a-ele-diz-romeu-zema\/","url":"https:\/\/jbcnews.com.br\/index.php\/2021\/04\/13\/bolsonaro-poderia-ter-capitaneado-a-crise-mas-ha-certa-perseguicao-a-ele-diz-romeu-zema\/","name":"Bolsonaro poderia ter capitaneado a crise, mas h\u00e1 certa persegui\u00e7\u00e3o a ele, diz Romeu Zema. - JBCNews","isPartOf":{"@id":"https:\/\/jbcnews.com.br\/#website"},"primaryImageOfPage":{"@id":"https:\/\/jbcnews.com.br\/index.php\/2021\/04\/13\/bolsonaro-poderia-ter-capitaneado-a-crise-mas-ha-certa-perseguicao-a-ele-diz-romeu-zema\/#primaryimage"},"image":{"@id":"https:\/\/jbcnews.com.br\/index.php\/2021\/04\/13\/bolsonaro-poderia-ter-capitaneado-a-crise-mas-ha-certa-perseguicao-a-ele-diz-romeu-zema\/#primaryimage"},"thumbnailUrl":"https:\/\/jbcnews.com.br\/wp-content\/uploads\/2021\/04\/imagem-65.png","datePublished":"2021-04-13T18:06:28+00:00","dateModified":"2021-05-07T16:33:31+00:00","author":{"@id":"https:\/\/jbcnews.com.br\/#\/schema\/person\/3b597ec20ccf92d0adc436057caf9bbe"},"breadcrumb":{"@id":"https:\/\/jbcnews.com.br\/index.php\/2021\/04\/13\/bolsonaro-poderia-ter-capitaneado-a-crise-mas-ha-certa-perseguicao-a-ele-diz-romeu-zema\/#breadcrumb"},"inLanguage":"pt-BR","potentialAction":[{"@type":"ReadAction","target":["https:\/\/jbcnews.com.br\/index.php\/2021\/04\/13\/bolsonaro-poderia-ter-capitaneado-a-crise-mas-ha-certa-perseguicao-a-ele-diz-romeu-zema\/"]}]},{"@type":"ImageObject","inLanguage":"pt-BR","@id":"https:\/\/jbcnews.com.br\/index.php\/2021\/04\/13\/bolsonaro-poderia-ter-capitaneado-a-crise-mas-ha-certa-perseguicao-a-ele-diz-romeu-zema\/#primaryimage","url":"https:\/\/jbcnews.com.br\/wp-content\/uploads\/2021\/04\/imagem-65.png","contentUrl":"https:\/\/jbcnews.com.br\/wp-content\/uploads\/2021\/04\/imagem-65.png","width":959,"height":640},{"@type":"BreadcrumbList","@id":"https:\/\/jbcnews.com.br\/index.php\/2021\/04\/13\/bolsonaro-poderia-ter-capitaneado-a-crise-mas-ha-certa-perseguicao-a-ele-diz-romeu-zema\/#breadcrumb","itemListElement":[{"@type":"ListItem","position":1,"name":"In\u00edcio","item":"https:\/\/jbcnews.com.br\/"},{"@type":"ListItem","position":2,"name":"Bolsonaro poderia ter capitaneado a crise, mas h\u00e1 certa persegui\u00e7\u00e3o a ele, diz Romeu Zema."}]},{"@type":"WebSite","@id":"https:\/\/jbcnews.com.br\/#website","url":"https:\/\/jbcnews.com.br\/","name":"JBCNews","description":"Comunica\u00e7\u00e3o e Cultura","potentialAction":[{"@type":"SearchAction","target":{"@type":"EntryPoint","urlTemplate":"https:\/\/jbcnews.com.br\/?s={search_term_string}"},"query-input":"required name=search_term_string"}],"inLanguage":"pt-BR"},{"@type":"Person","@id":"https:\/\/jbcnews.com.br\/#\/schema\/person\/3b597ec20ccf92d0adc436057caf9bbe","name":"admin","image":{"@type":"ImageObject","inLanguage":"pt-BR","@id":"https:\/\/jbcnews.com.br\/#\/schema\/person\/image\/","url":"https:\/\/secure.gravatar.com\/avatar\/fe848d2435b65c3ed1cdd3a8e8f3bb2d?s=96&d=mm&r=g","contentUrl":"https:\/\/secure.gravatar.com\/avatar\/fe848d2435b65c3ed1cdd3a8e8f3bb2d?s=96&d=mm&r=g","caption":"admin"},"sameAs":["https:\/\/jbcnews.com.br"],"url":"https:\/\/jbcnews.com.br\/index.php\/author\/jbcnews\/"}]}},"_links":{"self":[{"href":"https:\/\/jbcnews.com.br\/index.php\/wp-json\/wp\/v2\/posts\/2838"}],"collection":[{"href":"https:\/\/jbcnews.com.br\/index.php\/wp-json\/wp\/v2\/posts"}],"about":[{"href":"https:\/\/jbcnews.com.br\/index.php\/wp-json\/wp\/v2\/types\/post"}],"author":[{"embeddable":true,"href":"https:\/\/jbcnews.com.br\/index.php\/wp-json\/wp\/v2\/users\/1"}],"replies":[{"embeddable":true,"href":"https:\/\/jbcnews.com.br\/index.php\/wp-json\/wp\/v2\/comments?post=2838"}],"version-history":[{"count":1,"href":"https:\/\/jbcnews.com.br\/index.php\/wp-json\/wp\/v2\/posts\/2838\/revisions"}],"predecessor-version":[{"id":2840,"href":"https:\/\/jbcnews.com.br\/index.php\/wp-json\/wp\/v2\/posts\/2838\/revisions\/2840"}],"wp:featuredmedia":[{"embeddable":true,"href":"https:\/\/jbcnews.com.br\/index.php\/wp-json\/wp\/v2\/media\/2839"}],"wp:attachment":[{"href":"https:\/\/jbcnews.com.br\/index.php\/wp-json\/wp\/v2\/media?parent=2838"}],"wp:term":[{"taxonomy":"category","embeddable":true,"href":"https:\/\/jbcnews.com.br\/index.php\/wp-json\/wp\/v2\/categories?post=2838"},{"taxonomy":"post_tag","embeddable":true,"href":"https:\/\/jbcnews.com.br\/index.php\/wp-json\/wp\/v2\/tags?post=2838"}],"curies":[{"name":"wp","href":"https:\/\/api.w.org\/{rel}","templated":true}]}}