{"id":2832,"date":"2021-04-13T17:56:41","date_gmt":"2021-04-13T17:56:41","guid":{"rendered":"https:\/\/jbcnews.com.br\/?p=2832"},"modified":"2021-04-15T16:28:16","modified_gmt":"2021-04-15T16:28:16","slug":"rainha-elizabeth-ii-sente-um-grande-vazio-apos-a-morte-do-principe-philip","status":"publish","type":"post","link":"https:\/\/jbcnews.com.br\/index.php\/2021\/04\/13\/rainha-elizabeth-ii-sente-um-grande-vazio-apos-a-morte-do-principe-philip\/","title":{"rendered":"Rainha Elizabeth II sente um &#8216;grande vazio&#8217; ap\u00f3s a morte do pr\u00edncipe Philip."},"content":{"rendered":"\n<p>(JBCNEWS &#8211; DF 12\/04) &#8211; A morte do marido da Rainha Elizabeth II, dois meses antes dos 100 anos, deixou &#8220;um grande vazio&#8221; para a vida de quem era sua esposa h\u00e1 73 anos, a rainha Elizabeth II, segundo seu filho Andrew afirmou ap\u00f3s uma missa neste domingo.<\/p>\n\n\n\n<p>O pr\u00edncipe Philip, conhecido pelo seu car\u00e1ter forte, pela sua franqueza, comprometimento com a monarquia e o pa\u00eds, marca uma mudan\u00e7a de \u00e9poca para v\u00e1rias gera\u00e7\u00f5es de brit\u00e2nicos, habituados a ver a soberana acompanhada fielmente pelo marido.<\/p>\n\n\n\n<p>A rainha descreve o momento como &#8220;um grande vazio em sua vida&#8221;, segundo declarou seu filho Andrew em resposta a questionamentos da televis\u00e3o brit\u00e2nica neste domingo, citando a monarca.<\/p>\n\n\n\n<p>&#8220;\u00c9 quase como se perd\u00eassemos o av\u00f4 da na\u00e7\u00e3o e sinto muito, apoio minha m\u00e3e, que provavelmente est\u00e1 sentindo isso mais do que qualquer outra pessoa&#8221;, acrescentou o terceiro filho do casal.<\/p>\n\n\n\n<p>Andrew, de 61 anos, muitas vezes considerado o filho preferido de Elizabeth II, deixou a fam\u00edlia real em 2019 por causa de sua amizade com o financista americano Jeffrey Epstein, acusado de explora\u00e7\u00e3o sexual de menores.<\/p>\n\n\n\n<p>&#8220;Sabemos que isso vai acontecer, mas nunca estamos prontos&#8221;, disse sua irm\u00e3, a princesa Anne. &#8220;Meu pai foi meu professor, meu apoio e meu cr\u00edtico, mas o que mais me serviu de modelo foi sua vida bem vivida e seu sentido de dever cumprido desinteressadamente&#8221;, acrescentou.<\/p>\n\n\n\n<p>O retorno do pr\u00edncipe Harry a Londres por ocasi\u00e3o do funeral de seu av\u00f4, o pr\u00edncipe Philip, tamb\u00e9m aumenta a esperan\u00e7a de uma reconcilia\u00e7\u00e3o familiar depois que o filho mais novo do pr\u00edncipe Charles mudou-se para os Estados Unidos.<\/p>\n\n\n\n<p>O ex-primeiro-ministro John Major disse \u00e0 BBC que &#8220;esperava&#8221; que os &#8220;atritos&#8221; diminu\u00edssem &#8220;o mais r\u00e1pido poss\u00edvel&#8221;, considerando que &#8220;a dor compartilhada (\u2026) representa uma oportunidade ideal&#8221;.<\/p>\n\n\n\n<p>O pr\u00edncipe Charles declarou no s\u00e1bado que tanto ele quanto a fam\u00edlia real &#8220;sentem muita falta&#8221; de seu pai, a quem descreveu como uma &#8220;pessoa muito especial&#8221;.<\/p>\n\n\n\n<p>O funeral do pr\u00edncipe Philip ser\u00e1 realizado no s\u00e1bado no Castelo de Windsor, a oeste de Londres, e ser\u00e1 restrito ao c\u00edrculo familiar devido \u00e0 pandemia. Poder\u00e3o assistir apenas 30 pessoas, que devem incluir os quatro filhos de Philip e Elizabeth II (Charles, Anne, Andrew e Edward), seus companheiros e filhos.<\/p>\n\n\n\n<ul><li>Dor compartilhada &#8211;<\/li><\/ul>\n\n\n\n<p>Um ano ap\u00f3s a surpreendente partida do pr\u00edncipe Harry e sua esposa, Meghan, que concederam uma pol\u00eamica entrevista na televis\u00e3o americana h\u00e1 um m\u00eas, o funeral pode ser uma oportunidade para estreitar la\u00e7os e curar feridas, segundo a imprensa brit\u00e2nica comentou neste domingo.<\/p>\n\n\n\n<p>Harry viajar\u00e1 da Calif\u00f3rnia, mas sua esposa, Meghan (39 anos), n\u00e3o o acompanhar\u00e1, pois seu m\u00e9dico a aconselhou a n\u00e3o faz\u00ea-lo porque est\u00e1 gr\u00e1vida de seu segundo filho, segundo o Pal\u00e1cio de Buckingham.<\/p>\n\n\n\n<p>Ser\u00e1 a grande volta do filho ca\u00e7ula de Charles e Diana desde a pol\u00eamica entrevista que concedeu com a esposa \u00e0 apresentadora americana Oprah Winfrey em 7 de mar\u00e7o, na qual acusou a monarquia de n\u00e3o tendo prestado apoio \u00e0 sua esposa, que, por sua vez, mencionou ter at\u00e9 pensamentos suicidas.<\/p>\n\n\n\n<p>Ambos garantiram que um membro da fam\u00edlia real havia se comportado de forma racista ao se perguntar sobre qual cor de pele o filho deles teria, mas longe das c\u00e2meras especificaram que n\u00e3o teria sido nem a rainha ou seu marido.<\/p>\n\n\n\n<p>Harry, de 36 anos, tamb\u00e9m se declarou &#8220;verdadeiramente decepcionado&#8221; com a falta de apoio do pai e revelou que havia se afastado do irm\u00e3o, William.<\/p>\n\n\n\n<p>Desde que se retirou da fam\u00edlia real, h\u00e1 mais de um ano, o pr\u00edncipe Harry n\u00e3o voltou a pisar no Reino Unido.<\/p>\n\n\n\n<p>No pr\u00f3ximo s\u00e1bado, Harry e William seguir\u00e3o o caix\u00e3o do av\u00f4 a p\u00e9 at\u00e9 a Capela de S\u00e3o Jorge, no Castelo de Windsor, onde ser\u00e1 realizada a cerim\u00f4nia. Esse momento lembrar\u00e1 as imagens dos dois irm\u00e3os, acompanhados do pai, caminhando atr\u00e1s do caix\u00e3o de sua m\u00e3e, Diana, ap\u00f3s sua morte em 1997.<\/p>\n\n\n\n<p>&#8220;Ambos t\u00eam plena consci\u00eancia de sua hist\u00f3ria comum e sem d\u00favida se lembrar\u00e3o do impacto que seu av\u00f4 teve em suas vidas. Em uma ocasi\u00e3o como esta, quando os irm\u00e3os se juntam ao luto, h\u00e1 esperan\u00e7a de que deem um novo rumo&#8221;, ressaltou uma fonte da monarquia ao tabloide brit\u00e2nico &#8220;The Mirror&#8221;.<\/p>\n\n\n\n<p>Em sua entrevista para a rede CBS, &#8220;a inten\u00e7\u00e3o de Enrique nunca foi machucar seus av\u00f3s, apenas para explicar por que ele decidiu partir&#8221;, o colunista Bryony Gordon o defendeu no jornal The Telegraph.<\/p>\n","protected":false},"excerpt":{"rendered":"<p>(JBCNEWS &#8211; DF 12\/04) &#8211; A morte do marido da Rainha Elizabeth II, dois meses antes dos 100 anos, deixou &#8220;um grande vazio&#8221; para a vida<span class=\"excerpt-hellip\"> [\u2026]<\/span><\/p>\n","protected":false},"author":1,"featured_media":2833,"comment_status":"open","ping_status":"open","sticky":false,"template":"","format":"standard","meta":{"footnotes":""},"categories":[34],"tags":[],"yoast_head":"<!-- This site is optimized with the Yoast SEO plugin v22.6 - https:\/\/yoast.com\/wordpress\/plugins\/seo\/ -->\n<title>Rainha Elizabeth II sente um &#039;grande vazio&#039; ap\u00f3s a morte do pr\u00edncipe Philip. - JBCNews<\/title>\n<meta name=\"robots\" content=\"index, follow, max-snippet:-1, max-image-preview:large, max-video-preview:-1\" \/>\n<link rel=\"canonical\" href=\"https:\/\/jbcnews.com.br\/index.php\/2021\/04\/13\/rainha-elizabeth-ii-sente-um-grande-vazio-apos-a-morte-do-principe-philip\/\" \/>\n<meta property=\"og:locale\" content=\"pt_BR\" \/>\n<meta property=\"og:type\" content=\"article\" \/>\n<meta property=\"og:title\" content=\"Rainha Elizabeth II sente um &#039;grande vazio&#039; ap\u00f3s a morte do pr\u00edncipe Philip. - JBCNews\" \/>\n<meta property=\"og:description\" content=\"(JBCNEWS &#8211; DF 12\/04) &#8211; A morte do marido da Rainha Elizabeth II, dois meses antes dos 100 anos, deixou &#8220;um grande vazio&#8221; para a vida [\u2026]\" \/>\n<meta property=\"og:url\" content=\"https:\/\/jbcnews.com.br\/index.php\/2021\/04\/13\/rainha-elizabeth-ii-sente-um-grande-vazio-apos-a-morte-do-principe-philip\/\" \/>\n<meta property=\"og:site_name\" content=\"JBCNews\" \/>\n<meta property=\"article:published_time\" content=\"2021-04-13T17:56:41+00:00\" \/>\n<meta property=\"article:modified_time\" content=\"2021-04-15T16:28:16+00:00\" \/>\n<meta property=\"og:image\" content=\"https:\/\/jbcnews.com.br\/wp-content\/uploads\/2021\/04\/imagem-63.png\" \/>\n\t<meta property=\"og:image:width\" content=\"768\" \/>\n\t<meta property=\"og:image:height\" content=\"549\" \/>\n\t<meta property=\"og:image:type\" content=\"image\/png\" \/>\n<meta name=\"author\" content=\"admin\" \/>\n<meta name=\"twitter:card\" content=\"summary_large_image\" \/>\n<meta name=\"twitter:label1\" content=\"Escrito por\" \/>\n\t<meta name=\"twitter:data1\" content=\"admin\" \/>\n\t<meta name=\"twitter:label2\" content=\"Est. tempo de leitura\" \/>\n\t<meta name=\"twitter:data2\" content=\"4 minutos\" \/>\n<script type=\"application\/ld+json\" class=\"yoast-schema-graph\">{\"@context\":\"https:\/\/schema.org\",\"@graph\":[{\"@type\":\"WebPage\",\"@id\":\"https:\/\/jbcnews.com.br\/index.php\/2021\/04\/13\/rainha-elizabeth-ii-sente-um-grande-vazio-apos-a-morte-do-principe-philip\/\",\"url\":\"https:\/\/jbcnews.com.br\/index.php\/2021\/04\/13\/rainha-elizabeth-ii-sente-um-grande-vazio-apos-a-morte-do-principe-philip\/\",\"name\":\"Rainha Elizabeth II sente um 'grande vazio' ap\u00f3s a morte do pr\u00edncipe Philip. - JBCNews\",\"isPartOf\":{\"@id\":\"https:\/\/jbcnews.com.br\/#website\"},\"primaryImageOfPage\":{\"@id\":\"https:\/\/jbcnews.com.br\/index.php\/2021\/04\/13\/rainha-elizabeth-ii-sente-um-grande-vazio-apos-a-morte-do-principe-philip\/#primaryimage\"},\"image\":{\"@id\":\"https:\/\/jbcnews.com.br\/index.php\/2021\/04\/13\/rainha-elizabeth-ii-sente-um-grande-vazio-apos-a-morte-do-principe-philip\/#primaryimage\"},\"thumbnailUrl\":\"https:\/\/jbcnews.com.br\/wp-content\/uploads\/2021\/04\/imagem-63.png\",\"datePublished\":\"2021-04-13T17:56:41+00:00\",\"dateModified\":\"2021-04-15T16:28:16+00:00\",\"author\":{\"@id\":\"https:\/\/jbcnews.com.br\/#\/schema\/person\/3b597ec20ccf92d0adc436057caf9bbe\"},\"breadcrumb\":{\"@id\":\"https:\/\/jbcnews.com.br\/index.php\/2021\/04\/13\/rainha-elizabeth-ii-sente-um-grande-vazio-apos-a-morte-do-principe-philip\/#breadcrumb\"},\"inLanguage\":\"pt-BR\",\"potentialAction\":[{\"@type\":\"ReadAction\",\"target\":[\"https:\/\/jbcnews.com.br\/index.php\/2021\/04\/13\/rainha-elizabeth-ii-sente-um-grande-vazio-apos-a-morte-do-principe-philip\/\"]}]},{\"@type\":\"ImageObject\",\"inLanguage\":\"pt-BR\",\"@id\":\"https:\/\/jbcnews.com.br\/index.php\/2021\/04\/13\/rainha-elizabeth-ii-sente-um-grande-vazio-apos-a-morte-do-principe-philip\/#primaryimage\",\"url\":\"https:\/\/jbcnews.com.br\/wp-content\/uploads\/2021\/04\/imagem-63.png\",\"contentUrl\":\"https:\/\/jbcnews.com.br\/wp-content\/uploads\/2021\/04\/imagem-63.png\",\"width\":768,\"height\":549},{\"@type\":\"BreadcrumbList\",\"@id\":\"https:\/\/jbcnews.com.br\/index.php\/2021\/04\/13\/rainha-elizabeth-ii-sente-um-grande-vazio-apos-a-morte-do-principe-philip\/#breadcrumb\",\"itemListElement\":[{\"@type\":\"ListItem\",\"position\":1,\"name\":\"In\u00edcio\",\"item\":\"https:\/\/jbcnews.com.br\/\"},{\"@type\":\"ListItem\",\"position\":2,\"name\":\"Rainha Elizabeth II sente um &#8216;grande vazio&#8217; ap\u00f3s a morte do pr\u00edncipe Philip.\"}]},{\"@type\":\"WebSite\",\"@id\":\"https:\/\/jbcnews.com.br\/#website\",\"url\":\"https:\/\/jbcnews.com.br\/\",\"name\":\"JBCNews\",\"description\":\"Comunica\u00e7\u00e3o e Cultura\",\"potentialAction\":[{\"@type\":\"SearchAction\",\"target\":{\"@type\":\"EntryPoint\",\"urlTemplate\":\"https:\/\/jbcnews.com.br\/?s={search_term_string}\"},\"query-input\":\"required name=search_term_string\"}],\"inLanguage\":\"pt-BR\"},{\"@type\":\"Person\",\"@id\":\"https:\/\/jbcnews.com.br\/#\/schema\/person\/3b597ec20ccf92d0adc436057caf9bbe\",\"name\":\"admin\",\"image\":{\"@type\":\"ImageObject\",\"inLanguage\":\"pt-BR\",\"@id\":\"https:\/\/jbcnews.com.br\/#\/schema\/person\/image\/\",\"url\":\"https:\/\/secure.gravatar.com\/avatar\/fe848d2435b65c3ed1cdd3a8e8f3bb2d?s=96&d=mm&r=g\",\"contentUrl\":\"https:\/\/secure.gravatar.com\/avatar\/fe848d2435b65c3ed1cdd3a8e8f3bb2d?s=96&d=mm&r=g\",\"caption\":\"admin\"},\"sameAs\":[\"https:\/\/jbcnews.com.br\"],\"url\":\"https:\/\/jbcnews.com.br\/index.php\/author\/jbcnews\/\"}]}<\/script>\n<!-- \/ Yoast SEO plugin. -->","yoast_head_json":{"title":"Rainha Elizabeth II sente um 'grande vazio' ap\u00f3s a morte do pr\u00edncipe Philip. - JBCNews","robots":{"index":"index","follow":"follow","max-snippet":"max-snippet:-1","max-image-preview":"max-image-preview:large","max-video-preview":"max-video-preview:-1"},"canonical":"https:\/\/jbcnews.com.br\/index.php\/2021\/04\/13\/rainha-elizabeth-ii-sente-um-grande-vazio-apos-a-morte-do-principe-philip\/","og_locale":"pt_BR","og_type":"article","og_title":"Rainha Elizabeth II sente um 'grande vazio' ap\u00f3s a morte do pr\u00edncipe Philip. - JBCNews","og_description":"(JBCNEWS &#8211; DF 12\/04) &#8211; A morte do marido da Rainha Elizabeth II, dois meses antes dos 100 anos, deixou &#8220;um grande vazio&#8221; para a vida [\u2026]","og_url":"https:\/\/jbcnews.com.br\/index.php\/2021\/04\/13\/rainha-elizabeth-ii-sente-um-grande-vazio-apos-a-morte-do-principe-philip\/","og_site_name":"JBCNews","article_published_time":"2021-04-13T17:56:41+00:00","article_modified_time":"2021-04-15T16:28:16+00:00","og_image":[{"width":768,"height":549,"url":"https:\/\/jbcnews.com.br\/wp-content\/uploads\/2021\/04\/imagem-63.png","type":"image\/png"}],"author":"admin","twitter_card":"summary_large_image","twitter_misc":{"Escrito por":"admin","Est. tempo de leitura":"4 minutos"},"schema":{"@context":"https:\/\/schema.org","@graph":[{"@type":"WebPage","@id":"https:\/\/jbcnews.com.br\/index.php\/2021\/04\/13\/rainha-elizabeth-ii-sente-um-grande-vazio-apos-a-morte-do-principe-philip\/","url":"https:\/\/jbcnews.com.br\/index.php\/2021\/04\/13\/rainha-elizabeth-ii-sente-um-grande-vazio-apos-a-morte-do-principe-philip\/","name":"Rainha Elizabeth II sente um 'grande vazio' ap\u00f3s a morte do pr\u00edncipe Philip. - JBCNews","isPartOf":{"@id":"https:\/\/jbcnews.com.br\/#website"},"primaryImageOfPage":{"@id":"https:\/\/jbcnews.com.br\/index.php\/2021\/04\/13\/rainha-elizabeth-ii-sente-um-grande-vazio-apos-a-morte-do-principe-philip\/#primaryimage"},"image":{"@id":"https:\/\/jbcnews.com.br\/index.php\/2021\/04\/13\/rainha-elizabeth-ii-sente-um-grande-vazio-apos-a-morte-do-principe-philip\/#primaryimage"},"thumbnailUrl":"https:\/\/jbcnews.com.br\/wp-content\/uploads\/2021\/04\/imagem-63.png","datePublished":"2021-04-13T17:56:41+00:00","dateModified":"2021-04-15T16:28:16+00:00","author":{"@id":"https:\/\/jbcnews.com.br\/#\/schema\/person\/3b597ec20ccf92d0adc436057caf9bbe"},"breadcrumb":{"@id":"https:\/\/jbcnews.com.br\/index.php\/2021\/04\/13\/rainha-elizabeth-ii-sente-um-grande-vazio-apos-a-morte-do-principe-philip\/#breadcrumb"},"inLanguage":"pt-BR","potentialAction":[{"@type":"ReadAction","target":["https:\/\/jbcnews.com.br\/index.php\/2021\/04\/13\/rainha-elizabeth-ii-sente-um-grande-vazio-apos-a-morte-do-principe-philip\/"]}]},{"@type":"ImageObject","inLanguage":"pt-BR","@id":"https:\/\/jbcnews.com.br\/index.php\/2021\/04\/13\/rainha-elizabeth-ii-sente-um-grande-vazio-apos-a-morte-do-principe-philip\/#primaryimage","url":"https:\/\/jbcnews.com.br\/wp-content\/uploads\/2021\/04\/imagem-63.png","contentUrl":"https:\/\/jbcnews.com.br\/wp-content\/uploads\/2021\/04\/imagem-63.png","width":768,"height":549},{"@type":"BreadcrumbList","@id":"https:\/\/jbcnews.com.br\/index.php\/2021\/04\/13\/rainha-elizabeth-ii-sente-um-grande-vazio-apos-a-morte-do-principe-philip\/#breadcrumb","itemListElement":[{"@type":"ListItem","position":1,"name":"In\u00edcio","item":"https:\/\/jbcnews.com.br\/"},{"@type":"ListItem","position":2,"name":"Rainha Elizabeth II sente um &#8216;grande vazio&#8217; ap\u00f3s a morte do pr\u00edncipe Philip."}]},{"@type":"WebSite","@id":"https:\/\/jbcnews.com.br\/#website","url":"https:\/\/jbcnews.com.br\/","name":"JBCNews","description":"Comunica\u00e7\u00e3o e Cultura","potentialAction":[{"@type":"SearchAction","target":{"@type":"EntryPoint","urlTemplate":"https:\/\/jbcnews.com.br\/?s={search_term_string}"},"query-input":"required name=search_term_string"}],"inLanguage":"pt-BR"},{"@type":"Person","@id":"https:\/\/jbcnews.com.br\/#\/schema\/person\/3b597ec20ccf92d0adc436057caf9bbe","name":"admin","image":{"@type":"ImageObject","inLanguage":"pt-BR","@id":"https:\/\/jbcnews.com.br\/#\/schema\/person\/image\/","url":"https:\/\/secure.gravatar.com\/avatar\/fe848d2435b65c3ed1cdd3a8e8f3bb2d?s=96&d=mm&r=g","contentUrl":"https:\/\/secure.gravatar.com\/avatar\/fe848d2435b65c3ed1cdd3a8e8f3bb2d?s=96&d=mm&r=g","caption":"admin"},"sameAs":["https:\/\/jbcnews.com.br"],"url":"https:\/\/jbcnews.com.br\/index.php\/author\/jbcnews\/"}]}},"_links":{"self":[{"href":"https:\/\/jbcnews.com.br\/index.php\/wp-json\/wp\/v2\/posts\/2832"}],"collection":[{"href":"https:\/\/jbcnews.com.br\/index.php\/wp-json\/wp\/v2\/posts"}],"about":[{"href":"https:\/\/jbcnews.com.br\/index.php\/wp-json\/wp\/v2\/types\/post"}],"author":[{"embeddable":true,"href":"https:\/\/jbcnews.com.br\/index.php\/wp-json\/wp\/v2\/users\/1"}],"replies":[{"embeddable":true,"href":"https:\/\/jbcnews.com.br\/index.php\/wp-json\/wp\/v2\/comments?post=2832"}],"version-history":[{"count":1,"href":"https:\/\/jbcnews.com.br\/index.php\/wp-json\/wp\/v2\/posts\/2832\/revisions"}],"predecessor-version":[{"id":2834,"href":"https:\/\/jbcnews.com.br\/index.php\/wp-json\/wp\/v2\/posts\/2832\/revisions\/2834"}],"wp:featuredmedia":[{"embeddable":true,"href":"https:\/\/jbcnews.com.br\/index.php\/wp-json\/wp\/v2\/media\/2833"}],"wp:attachment":[{"href":"https:\/\/jbcnews.com.br\/index.php\/wp-json\/wp\/v2\/media?parent=2832"}],"wp:term":[{"taxonomy":"category","embeddable":true,"href":"https:\/\/jbcnews.com.br\/index.php\/wp-json\/wp\/v2\/categories?post=2832"},{"taxonomy":"post_tag","embeddable":true,"href":"https:\/\/jbcnews.com.br\/index.php\/wp-json\/wp\/v2\/tags?post=2832"}],"curies":[{"name":"wp","href":"https:\/\/api.w.org\/{rel}","templated":true}]}}