{"id":2821,"date":"2021-04-08T17:47:15","date_gmt":"2021-04-08T17:47:15","guid":{"rendered":"https:\/\/jbcnews.com.br\/?p=2821"},"modified":"2021-04-08T17:47:16","modified_gmt":"2021-04-08T17:47:16","slug":"palmeiras-vence-o-defensa-y-justicia-e-larga-em-vantagem-na-recopa","status":"publish","type":"post","link":"https:\/\/jbcnews.com.br\/index.php\/2021\/04\/08\/palmeiras-vence-o-defensa-y-justicia-e-larga-em-vantagem-na-recopa\/","title":{"rendered":"Palmeiras vence o Defensa y Justicia e larga em vantagem na Recopa"},"content":{"rendered":"\n<p>(JBCNEWS &#8211; DF 08\/04) &#8211; No confronto de ida da Recopa Sul-Americana, o Palmeiras foi at\u00e9 a Argentina e venceu o atual campe\u00e3o da Copa Sul-Americana, Defensa y Justicia, por 2 a 1. Rony e Gustavo Scarpa marcaram para os brasileiros, e Brian Romero descontou para os donos da casa.<\/p>\n\n\n\n<p><a href=\"https:\/\/open.spotify.com\/show\/2RmzPBvKF6Jjou1WZSeN5A\" target=\"_blank\" rel=\"noreferrer noopener\"><strong><\/strong><\/a>A partida de volta ser\u00e1 no Est\u00e1dio Man\u00e9 Garrincha, em Bras\u00edlia, na pr\u00f3xima quarta-feira (14), \u00e0s 21h30 (hor\u00e1rio de Bras\u00edlia). Vale lembrar que nessa competi\u00e7\u00e3o n\u00e3o h\u00e1 o gol qualificado, o famoso &#8220;gol fora&#8221;.<\/p>\n\n\n\n<p><strong>DEFENSA S\u00d3 NO NOME<\/strong><\/p>\n\n\n\n<p>O t\u00e9cnico do Defensa y Justicia, Sebasti\u00e1n Beccacece, mudou o esquema t\u00e1tico padr\u00e3o e come\u00e7ou com uma linha de quatro. Com uma forma\u00e7\u00e3o mais ofensiva, o time da casa criou duas situa\u00e7\u00f5es de gol com menos de cinco minutos, e Weverton salvou o Palmeiras em chute da entrada da \u00e1rea de Brian Romero.<\/p>\n\n\n\n<p>Por\u00e9m, a defesa da equipe argentina ficava cada vez mais exposta. Aos 15 minutos, Willian aproveitou a lentid\u00e3o de Meza e lan\u00e7ou Rony. O novo camisa 7 ganhou no corpo e tocou por cima, na sa\u00edda do goleiro Unsain, para inaugurar o marcador.<\/p>\n\n\n\n<p><strong>VERD\u00c3O ACUADO<\/strong><\/p>\n\n\n\n<p>Apesar da vantagem, o meio-campo da equipe brasileira se tornou cada vez mais ap\u00e1tico, e os argentinos seguiam com maior volume ofensivo. Aos 33 da primeira etapa, Ben\u00edtez testou chute forte. A bola quicou, mas Weverton novamente fez boa defesa.<\/p>\n\n\n\n<p><strong>COME\u00c7O QUENTE NO SEGUNDO TEMPO<\/strong><\/p>\n\n\n\n<p>O Palmeiras voltou do intervalo mais ligado, e no primeiro minuto, William puxou contra-ataque e serviu Breno Lopes na direita. O atacante bateu cruzado, e a bola passou perto da trave.&nbsp;<\/p>\n\n\n\n<p>A resposta da equipe argentina veio no lance seguinte. Enzo Fern\u00e1ndez avan\u00e7ou e cruzou a bola venenosa. Contudo, ningu\u00e9m apareceu para escorar e o Verd\u00e3o retomou a posse.<\/p>\n","protected":false},"excerpt":{"rendered":"<p>(JBCNEWS &#8211; DF 08\/04) &#8211; No confronto de ida da Recopa Sul-Americana, o Palmeiras foi at\u00e9 a Argentina e venceu o atual campe\u00e3o da Copa Sul-Americana,<span class=\"excerpt-hellip\"> [\u2026]<\/span><\/p>\n","protected":false},"author":1,"featured_media":2822,"comment_status":"open","ping_status":"open","sticky":false,"template":"","format":"standard","meta":{"footnotes":""},"categories":[23],"tags":[],"yoast_head":"<!-- This site is optimized with the Yoast SEO plugin v22.6 - https:\/\/yoast.com\/wordpress\/plugins\/seo\/ -->\n<title>Palmeiras vence o Defensa y Justicia e larga em vantagem na Recopa - JBCNews<\/title>\n<meta name=\"robots\" content=\"index, follow, max-snippet:-1, max-image-preview:large, max-video-preview:-1\" \/>\n<link rel=\"canonical\" href=\"https:\/\/jbcnews.com.br\/index.php\/2021\/04\/08\/palmeiras-vence-o-defensa-y-justicia-e-larga-em-vantagem-na-recopa\/\" \/>\n<meta property=\"og:locale\" content=\"pt_BR\" \/>\n<meta property=\"og:type\" content=\"article\" \/>\n<meta property=\"og:title\" content=\"Palmeiras vence o Defensa y Justicia e larga em vantagem na Recopa - JBCNews\" \/>\n<meta property=\"og:description\" content=\"(JBCNEWS &#8211; DF 08\/04) &#8211; No confronto de ida da Recopa Sul-Americana, o Palmeiras foi at\u00e9 a Argentina e venceu o atual campe\u00e3o da Copa Sul-Americana, [\u2026]\" \/>\n<meta property=\"og:url\" content=\"https:\/\/jbcnews.com.br\/index.php\/2021\/04\/08\/palmeiras-vence-o-defensa-y-justicia-e-larga-em-vantagem-na-recopa\/\" \/>\n<meta property=\"og:site_name\" content=\"JBCNews\" \/>\n<meta property=\"article:published_time\" content=\"2021-04-08T17:47:15+00:00\" \/>\n<meta property=\"article:modified_time\" content=\"2021-04-08T17:47:16+00:00\" \/>\n<meta property=\"og:image\" content=\"https:\/\/jbcnews.com.br\/wp-content\/uploads\/2021\/04\/imagem-1.png\" \/>\n\t<meta property=\"og:image:width\" content=\"958\" \/>\n\t<meta property=\"og:image:height\" content=\"622\" \/>\n\t<meta property=\"og:image:type\" content=\"image\/png\" \/>\n<meta name=\"author\" content=\"admin\" \/>\n<meta name=\"twitter:card\" content=\"summary_large_image\" \/>\n<meta name=\"twitter:label1\" content=\"Escrito por\" \/>\n\t<meta name=\"twitter:data1\" content=\"admin\" \/>\n\t<meta name=\"twitter:label2\" content=\"Est. tempo de leitura\" \/>\n\t<meta name=\"twitter:data2\" content=\"2 minutos\" \/>\n<script type=\"application\/ld+json\" class=\"yoast-schema-graph\">{\"@context\":\"https:\/\/schema.org\",\"@graph\":[{\"@type\":\"WebPage\",\"@id\":\"https:\/\/jbcnews.com.br\/index.php\/2021\/04\/08\/palmeiras-vence-o-defensa-y-justicia-e-larga-em-vantagem-na-recopa\/\",\"url\":\"https:\/\/jbcnews.com.br\/index.php\/2021\/04\/08\/palmeiras-vence-o-defensa-y-justicia-e-larga-em-vantagem-na-recopa\/\",\"name\":\"Palmeiras vence o Defensa y Justicia e larga em vantagem na Recopa - JBCNews\",\"isPartOf\":{\"@id\":\"https:\/\/jbcnews.com.br\/#website\"},\"primaryImageOfPage\":{\"@id\":\"https:\/\/jbcnews.com.br\/index.php\/2021\/04\/08\/palmeiras-vence-o-defensa-y-justicia-e-larga-em-vantagem-na-recopa\/#primaryimage\"},\"image\":{\"@id\":\"https:\/\/jbcnews.com.br\/index.php\/2021\/04\/08\/palmeiras-vence-o-defensa-y-justicia-e-larga-em-vantagem-na-recopa\/#primaryimage\"},\"thumbnailUrl\":\"https:\/\/jbcnews.com.br\/wp-content\/uploads\/2021\/04\/imagem-1.png\",\"datePublished\":\"2021-04-08T17:47:15+00:00\",\"dateModified\":\"2021-04-08T17:47:16+00:00\",\"author\":{\"@id\":\"https:\/\/jbcnews.com.br\/#\/schema\/person\/3b597ec20ccf92d0adc436057caf9bbe\"},\"breadcrumb\":{\"@id\":\"https:\/\/jbcnews.com.br\/index.php\/2021\/04\/08\/palmeiras-vence-o-defensa-y-justicia-e-larga-em-vantagem-na-recopa\/#breadcrumb\"},\"inLanguage\":\"pt-BR\",\"potentialAction\":[{\"@type\":\"ReadAction\",\"target\":[\"https:\/\/jbcnews.com.br\/index.php\/2021\/04\/08\/palmeiras-vence-o-defensa-y-justicia-e-larga-em-vantagem-na-recopa\/\"]}]},{\"@type\":\"ImageObject\",\"inLanguage\":\"pt-BR\",\"@id\":\"https:\/\/jbcnews.com.br\/index.php\/2021\/04\/08\/palmeiras-vence-o-defensa-y-justicia-e-larga-em-vantagem-na-recopa\/#primaryimage\",\"url\":\"https:\/\/jbcnews.com.br\/wp-content\/uploads\/2021\/04\/imagem-1.png\",\"contentUrl\":\"https:\/\/jbcnews.com.br\/wp-content\/uploads\/2021\/04\/imagem-1.png\",\"width\":958,\"height\":622},{\"@type\":\"BreadcrumbList\",\"@id\":\"https:\/\/jbcnews.com.br\/index.php\/2021\/04\/08\/palmeiras-vence-o-defensa-y-justicia-e-larga-em-vantagem-na-recopa\/#breadcrumb\",\"itemListElement\":[{\"@type\":\"ListItem\",\"position\":1,\"name\":\"In\u00edcio\",\"item\":\"https:\/\/jbcnews.com.br\/\"},{\"@type\":\"ListItem\",\"position\":2,\"name\":\"Palmeiras vence o Defensa y Justicia e larga em vantagem na Recopa\"}]},{\"@type\":\"WebSite\",\"@id\":\"https:\/\/jbcnews.com.br\/#website\",\"url\":\"https:\/\/jbcnews.com.br\/\",\"name\":\"JBCNews\",\"description\":\"Comunica\u00e7\u00e3o e Cultura\",\"potentialAction\":[{\"@type\":\"SearchAction\",\"target\":{\"@type\":\"EntryPoint\",\"urlTemplate\":\"https:\/\/jbcnews.com.br\/?s={search_term_string}\"},\"query-input\":\"required name=search_term_string\"}],\"inLanguage\":\"pt-BR\"},{\"@type\":\"Person\",\"@id\":\"https:\/\/jbcnews.com.br\/#\/schema\/person\/3b597ec20ccf92d0adc436057caf9bbe\",\"name\":\"admin\",\"image\":{\"@type\":\"ImageObject\",\"inLanguage\":\"pt-BR\",\"@id\":\"https:\/\/jbcnews.com.br\/#\/schema\/person\/image\/\",\"url\":\"https:\/\/secure.gravatar.com\/avatar\/fe848d2435b65c3ed1cdd3a8e8f3bb2d?s=96&d=mm&r=g\",\"contentUrl\":\"https:\/\/secure.gravatar.com\/avatar\/fe848d2435b65c3ed1cdd3a8e8f3bb2d?s=96&d=mm&r=g\",\"caption\":\"admin\"},\"sameAs\":[\"https:\/\/jbcnews.com.br\"],\"url\":\"https:\/\/jbcnews.com.br\/index.php\/author\/jbcnews\/\"}]}<\/script>\n<!-- \/ Yoast SEO plugin. -->","yoast_head_json":{"title":"Palmeiras vence o Defensa y Justicia e larga em vantagem na Recopa - JBCNews","robots":{"index":"index","follow":"follow","max-snippet":"max-snippet:-1","max-image-preview":"max-image-preview:large","max-video-preview":"max-video-preview:-1"},"canonical":"https:\/\/jbcnews.com.br\/index.php\/2021\/04\/08\/palmeiras-vence-o-defensa-y-justicia-e-larga-em-vantagem-na-recopa\/","og_locale":"pt_BR","og_type":"article","og_title":"Palmeiras vence o Defensa y Justicia e larga em vantagem na Recopa - JBCNews","og_description":"(JBCNEWS &#8211; DF 08\/04) &#8211; No confronto de ida da Recopa Sul-Americana, o Palmeiras foi at\u00e9 a Argentina e venceu o atual campe\u00e3o da Copa Sul-Americana, [\u2026]","og_url":"https:\/\/jbcnews.com.br\/index.php\/2021\/04\/08\/palmeiras-vence-o-defensa-y-justicia-e-larga-em-vantagem-na-recopa\/","og_site_name":"JBCNews","article_published_time":"2021-04-08T17:47:15+00:00","article_modified_time":"2021-04-08T17:47:16+00:00","og_image":[{"width":958,"height":622,"url":"https:\/\/jbcnews.com.br\/wp-content\/uploads\/2021\/04\/imagem-1.png","type":"image\/png"}],"author":"admin","twitter_card":"summary_large_image","twitter_misc":{"Escrito por":"admin","Est. tempo de leitura":"2 minutos"},"schema":{"@context":"https:\/\/schema.org","@graph":[{"@type":"WebPage","@id":"https:\/\/jbcnews.com.br\/index.php\/2021\/04\/08\/palmeiras-vence-o-defensa-y-justicia-e-larga-em-vantagem-na-recopa\/","url":"https:\/\/jbcnews.com.br\/index.php\/2021\/04\/08\/palmeiras-vence-o-defensa-y-justicia-e-larga-em-vantagem-na-recopa\/","name":"Palmeiras vence o Defensa y Justicia e larga em vantagem na Recopa - JBCNews","isPartOf":{"@id":"https:\/\/jbcnews.com.br\/#website"},"primaryImageOfPage":{"@id":"https:\/\/jbcnews.com.br\/index.php\/2021\/04\/08\/palmeiras-vence-o-defensa-y-justicia-e-larga-em-vantagem-na-recopa\/#primaryimage"},"image":{"@id":"https:\/\/jbcnews.com.br\/index.php\/2021\/04\/08\/palmeiras-vence-o-defensa-y-justicia-e-larga-em-vantagem-na-recopa\/#primaryimage"},"thumbnailUrl":"https:\/\/jbcnews.com.br\/wp-content\/uploads\/2021\/04\/imagem-1.png","datePublished":"2021-04-08T17:47:15+00:00","dateModified":"2021-04-08T17:47:16+00:00","author":{"@id":"https:\/\/jbcnews.com.br\/#\/schema\/person\/3b597ec20ccf92d0adc436057caf9bbe"},"breadcrumb":{"@id":"https:\/\/jbcnews.com.br\/index.php\/2021\/04\/08\/palmeiras-vence-o-defensa-y-justicia-e-larga-em-vantagem-na-recopa\/#breadcrumb"},"inLanguage":"pt-BR","potentialAction":[{"@type":"ReadAction","target":["https:\/\/jbcnews.com.br\/index.php\/2021\/04\/08\/palmeiras-vence-o-defensa-y-justicia-e-larga-em-vantagem-na-recopa\/"]}]},{"@type":"ImageObject","inLanguage":"pt-BR","@id":"https:\/\/jbcnews.com.br\/index.php\/2021\/04\/08\/palmeiras-vence-o-defensa-y-justicia-e-larga-em-vantagem-na-recopa\/#primaryimage","url":"https:\/\/jbcnews.com.br\/wp-content\/uploads\/2021\/04\/imagem-1.png","contentUrl":"https:\/\/jbcnews.com.br\/wp-content\/uploads\/2021\/04\/imagem-1.png","width":958,"height":622},{"@type":"BreadcrumbList","@id":"https:\/\/jbcnews.com.br\/index.php\/2021\/04\/08\/palmeiras-vence-o-defensa-y-justicia-e-larga-em-vantagem-na-recopa\/#breadcrumb","itemListElement":[{"@type":"ListItem","position":1,"name":"In\u00edcio","item":"https:\/\/jbcnews.com.br\/"},{"@type":"ListItem","position":2,"name":"Palmeiras vence o Defensa y Justicia e larga em vantagem na Recopa"}]},{"@type":"WebSite","@id":"https:\/\/jbcnews.com.br\/#website","url":"https:\/\/jbcnews.com.br\/","name":"JBCNews","description":"Comunica\u00e7\u00e3o e Cultura","potentialAction":[{"@type":"SearchAction","target":{"@type":"EntryPoint","urlTemplate":"https:\/\/jbcnews.com.br\/?s={search_term_string}"},"query-input":"required name=search_term_string"}],"inLanguage":"pt-BR"},{"@type":"Person","@id":"https:\/\/jbcnews.com.br\/#\/schema\/person\/3b597ec20ccf92d0adc436057caf9bbe","name":"admin","image":{"@type":"ImageObject","inLanguage":"pt-BR","@id":"https:\/\/jbcnews.com.br\/#\/schema\/person\/image\/","url":"https:\/\/secure.gravatar.com\/avatar\/fe848d2435b65c3ed1cdd3a8e8f3bb2d?s=96&d=mm&r=g","contentUrl":"https:\/\/secure.gravatar.com\/avatar\/fe848d2435b65c3ed1cdd3a8e8f3bb2d?s=96&d=mm&r=g","caption":"admin"},"sameAs":["https:\/\/jbcnews.com.br"],"url":"https:\/\/jbcnews.com.br\/index.php\/author\/jbcnews\/"}]}},"_links":{"self":[{"href":"https:\/\/jbcnews.com.br\/index.php\/wp-json\/wp\/v2\/posts\/2821"}],"collection":[{"href":"https:\/\/jbcnews.com.br\/index.php\/wp-json\/wp\/v2\/posts"}],"about":[{"href":"https:\/\/jbcnews.com.br\/index.php\/wp-json\/wp\/v2\/types\/post"}],"author":[{"embeddable":true,"href":"https:\/\/jbcnews.com.br\/index.php\/wp-json\/wp\/v2\/users\/1"}],"replies":[{"embeddable":true,"href":"https:\/\/jbcnews.com.br\/index.php\/wp-json\/wp\/v2\/comments?post=2821"}],"version-history":[{"count":1,"href":"https:\/\/jbcnews.com.br\/index.php\/wp-json\/wp\/v2\/posts\/2821\/revisions"}],"predecessor-version":[{"id":2823,"href":"https:\/\/jbcnews.com.br\/index.php\/wp-json\/wp\/v2\/posts\/2821\/revisions\/2823"}],"wp:featuredmedia":[{"embeddable":true,"href":"https:\/\/jbcnews.com.br\/index.php\/wp-json\/wp\/v2\/media\/2822"}],"wp:attachment":[{"href":"https:\/\/jbcnews.com.br\/index.php\/wp-json\/wp\/v2\/media?parent=2821"}],"wp:term":[{"taxonomy":"category","embeddable":true,"href":"https:\/\/jbcnews.com.br\/index.php\/wp-json\/wp\/v2\/categories?post=2821"},{"taxonomy":"post_tag","embeddable":true,"href":"https:\/\/jbcnews.com.br\/index.php\/wp-json\/wp\/v2\/tags?post=2821"}],"curies":[{"name":"wp","href":"https:\/\/api.w.org\/{rel}","templated":true}]}}