{"id":2818,"date":"2021-04-08T17:42:16","date_gmt":"2021-04-08T17:42:16","guid":{"rendered":"https:\/\/jbcnews.com.br\/?p=2818"},"modified":"2021-04-13T18:25:21","modified_gmt":"2021-04-13T18:25:21","slug":"bolsonaro-diz-que-consultou-forcas-armadas-sobre-efetivo-para-conter-disturbios-sociais","status":"publish","type":"post","link":"https:\/\/jbcnews.com.br\/index.php\/2021\/04\/08\/bolsonaro-diz-que-consultou-forcas-armadas-sobre-efetivo-para-conter-disturbios-sociais\/","title":{"rendered":"Bolsonaro diz que consultou For\u00e7as Armadas sobre efetivo para conter dist\u00farbios sociais"},"content":{"rendered":"\n<p>(JBCNEWS &#8211; DF 08\/04) &#8211; O presidente Jair Bolsonaro disse nesta quarta-feira que discutiu com as For\u00e7as Armadas se existe hoje contingente no pa\u00eds para conter dist\u00farbios sociais no caso de um agravamento da crise causada pela epidemia de Covid-19 e voltou a dizer que teme problemas &#8220;grav\u00edssimos&#8221; causados pelas restri\u00e7\u00f5es de circula\u00e7\u00e3o.<\/p>\n\n\n\n<p>&#8220;Eu tenho dito publicamente: eu temo por problemas sociais grav\u00edssimos no Brasil. Converso com as nossas For\u00e7as Armadas, se eclodir isso pelo Brasil, o que n\u00f3s vamos fazer? Temos efetivo para conter? A quantidade de problemas que podemos ter pela frente&#8230; E outra: \u00e9 uma explos\u00e3o por maldade ou necessidade? O que podemos fazer para evitar isso da\u00ed, como nos preparar&#8221;, disse.<\/p>\n\n\n\n<p>Bolsonaro tem insistido na ideia de que pode haver saques e revoltas causadas pela falta de emprego e renda da popula\u00e7\u00e3o.<\/p>\n\n\n\n<p>Em Chapec\u00f3, onde foi conhecer medidas tomadas pela prefeito da cidade, Jo\u00e3o Rodrigues, que supostamente teriam reduzido a necessidade de intera\u00e7\u00e3o de pacientes &#8211;na verdade, de acordo com boletim da pr\u00f3pria prefeitura hoje as UTIs est\u00e3o com mais de 93% de ocupa\u00e7\u00e3o&#8211; Bolsonaro voltou a dizer que o Ex\u00e9rcito n\u00e3o ser\u00e1 usado para obrigar as pessoas a ficarem em casa.<\/p>\n\n\n\n<p>Dessa vez, no entanto, o presidente n\u00e3o usou a express\u00e3o &#8220;meu Ex\u00e9rcito&#8221;, que foi muito criticada nas \u00faltimas semanas, mas &#8220;nosso Ex\u00e9rcito&#8221;.<\/p>\n\n\n\n<p>Na sequ\u00eancia, voltou a dizer que n\u00e3o decretar\u00e1 lockdown ou medidas de restri\u00e7\u00e3o como j\u00e1 foi pedido por governadores, prefeitos e at\u00e9 empres\u00e1rios.<\/p>\n\n\n\n<p>&#8220;Seria muito mais f\u00e1cil ficar quieto, se acomodar, n\u00e3o tocar nesse assunto. Ou atender como alguns querem de mim, para ter um lockdown nacional. N\u00e3o vai ter lockdown nacional&#8221;, disse.<\/p>\n\n\n\n<p>O presidente lembrou que nunca foi favor\u00e1vel a medidas de restri\u00e7\u00e3o de circula\u00e7\u00e3o e reclamou de &#8220;apanhar&#8221; por ser contr\u00e1rio a elas.<\/p>\n\n\n\n<p>&#8220;Eu acho que sou o \u00fanico l\u00edder mundial que apanha isoladamente. O mais f\u00e1cil \u00e9 ficar do lado da massa, da grande maioria, se evita problemas, n\u00e3o \u00e9 acusado de genocida, n\u00e3o sofre ataques por parte de gente que pensa diferente de mim. O nosso inimigo \u00e9 o v\u00edrus, n\u00e3o o presidente, a governadora ou o prefeito&#8221;, afirmou.<\/p>\n\n\n\n<p>Especialistas t\u00eam repetido in\u00fameras vezes que medidas de restri\u00e7\u00e3o de circula\u00e7\u00e3o s\u00e3o necess\u00e1rias para conter a dissemina\u00e7\u00e3o do v\u00edrus entre a popula\u00e7\u00e3o, como t\u00eam feito v\u00e1rios pa\u00edses ao longo da pandemia.<\/p>\n\n\n\n<p>Por outro lado, Bolsonaro seguiu defendendo nesta quarta o chamado tratamento precoce, que prega desde o in\u00edcio da pandemia, com uso de medicamentos que n\u00e3o t\u00eam efici\u00eancia comprovada no tratamento da Covid-19, elogiando o prefeito de Chapec\u00f3, que disse, em um v\u00eddeo compartilhado por Bolsonaro, ter dado liberdade aos m\u00e9dicos da cidade para fazer o &#8220;tratamento precoce&#8221;.<\/p>\n\n\n\n<p>&#8220;Por que essa campanha mundial contra m\u00e9todos, m\u00e9dicos e quem fala pelo tratamento imediato? Vamos buscar alternativas, n\u00e3o vamos aceitar a pol\u00edtica do fique em casa, feche tudo lockdown. O v\u00edrus n\u00e3o vai embora. Esse v\u00edrus como outros vieram para ficar e v\u00e3o ficar a vida toda, \u00e9 praticamente imposs\u00edvel erradicar. Vamos ver nosso pa\u00eds empobrecer?&#8221;, disse.<\/p>\n\n\n\n<p>O presidente elogiou a a\u00e7\u00e3o do prefeito como um exemplo de controle da epidemia sem ter apelado a medidas de restri\u00e7\u00e3o. Rodrigues, no entanto, imp\u00f4s sim medidas que proibiram eventos, fechou bares e restaurantes, reduziu hor\u00e1rios do com\u00e9rcio, a partir da metade de fevereiro.<\/p>\n\n\n\n<p>Isso porque os n\u00fameros de contaminados pela Covid-19 na cidade dispararam em janeiro, depois das festas de final de ano. Desde a ado\u00e7\u00e3o das medidas de restri\u00e7\u00e3o, a contamina\u00e7\u00e3o na cidade caiu, de acordo com dados da prefeitura.<\/p>\n\n\n\n<p>No v\u00eddeo compartilhado por Bolsonaro, Rodrigues aparece comemorando que n\u00e3o havia mais internos no chamado Centro Avan\u00e7ado de Atendimento da cidade. Na verdade, os doentes do local foram distribu\u00eddos para outros hospitais, em Chapec\u00f3 e em outras cidades do oeste catarinense. Nesta quarta-feira, de acordo com dados do site da prefeitura, o munic\u00edpio ainda tem 100% de lota\u00e7\u00e3o das UTIs privadas e 93% de lota\u00e7\u00e3o nas UTIs p\u00fablicas, uma m\u00e9dia acima do considerado seguro pela Funda\u00e7\u00e3o Oswaldo Cruz.<\/p>\n\n\n\n<p>Chapec\u00f3 j\u00e1 teve, ainda segundo a prefeitura, 541 mortes por Covid-19, 409 delas acontecendo desde janeiro. Com uma popula\u00e7\u00e3o de 224 mil pessoas, isso significa que a taxa de mortes por Covid-19 no munic\u00edpio, de 241 mortes por 100 mil habitantes, est\u00e1 bem acima da m\u00e9dia nacional, de 160 por 100 mil habitantes.<\/p>\n","protected":false},"excerpt":{"rendered":"<p>(JBCNEWS &#8211; DF 08\/04) &#8211; O presidente Jair Bolsonaro disse nesta quarta-feira que discutiu com as For\u00e7as Armadas se existe hoje contingente no pa\u00eds para conter<span class=\"excerpt-hellip\"> [\u2026]<\/span><\/p>\n","protected":false},"author":1,"featured_media":2819,"comment_status":"open","ping_status":"open","sticky":false,"template":"","format":"standard","meta":{"footnotes":""},"categories":[20],"tags":[],"yoast_head":"<!-- This site is optimized with the Yoast SEO plugin v22.6 - https:\/\/yoast.com\/wordpress\/plugins\/seo\/ -->\n<title>Bolsonaro diz que consultou For\u00e7as Armadas sobre efetivo para conter dist\u00farbios sociais - JBCNews<\/title>\n<meta name=\"robots\" content=\"index, follow, max-snippet:-1, max-image-preview:large, max-video-preview:-1\" \/>\n<link rel=\"canonical\" href=\"https:\/\/jbcnews.com.br\/index.php\/2021\/04\/08\/bolsonaro-diz-que-consultou-forcas-armadas-sobre-efetivo-para-conter-disturbios-sociais\/\" \/>\n<meta property=\"og:locale\" content=\"pt_BR\" \/>\n<meta property=\"og:type\" content=\"article\" \/>\n<meta property=\"og:title\" content=\"Bolsonaro diz que consultou For\u00e7as Armadas sobre efetivo para conter dist\u00farbios sociais - JBCNews\" \/>\n<meta property=\"og:description\" content=\"(JBCNEWS &#8211; DF 08\/04) &#8211; O presidente Jair Bolsonaro disse nesta quarta-feira que discutiu com as For\u00e7as Armadas se existe hoje contingente no pa\u00eds para conter [\u2026]\" \/>\n<meta property=\"og:url\" content=\"https:\/\/jbcnews.com.br\/index.php\/2021\/04\/08\/bolsonaro-diz-que-consultou-forcas-armadas-sobre-efetivo-para-conter-disturbios-sociais\/\" \/>\n<meta property=\"og:site_name\" content=\"JBCNews\" \/>\n<meta property=\"article:published_time\" content=\"2021-04-08T17:42:16+00:00\" \/>\n<meta property=\"article:modified_time\" content=\"2021-04-13T18:25:21+00:00\" \/>\n<meta property=\"og:image\" content=\"https:\/\/jbcnews.com.br\/wp-content\/uploads\/2021\/04\/imagem.png\" \/>\n\t<meta property=\"og:image:width\" content=\"800\" \/>\n\t<meta property=\"og:image:height\" content=\"534\" \/>\n\t<meta property=\"og:image:type\" content=\"image\/png\" \/>\n<meta name=\"author\" content=\"admin\" \/>\n<meta name=\"twitter:card\" content=\"summary_large_image\" \/>\n<meta name=\"twitter:label1\" content=\"Escrito por\" \/>\n\t<meta name=\"twitter:data1\" content=\"admin\" \/>\n\t<meta name=\"twitter:label2\" content=\"Est. tempo de leitura\" \/>\n\t<meta name=\"twitter:data2\" content=\"4 minutos\" \/>\n<script type=\"application\/ld+json\" class=\"yoast-schema-graph\">{\"@context\":\"https:\/\/schema.org\",\"@graph\":[{\"@type\":\"WebPage\",\"@id\":\"https:\/\/jbcnews.com.br\/index.php\/2021\/04\/08\/bolsonaro-diz-que-consultou-forcas-armadas-sobre-efetivo-para-conter-disturbios-sociais\/\",\"url\":\"https:\/\/jbcnews.com.br\/index.php\/2021\/04\/08\/bolsonaro-diz-que-consultou-forcas-armadas-sobre-efetivo-para-conter-disturbios-sociais\/\",\"name\":\"Bolsonaro diz que consultou For\u00e7as Armadas sobre efetivo para conter dist\u00farbios sociais - JBCNews\",\"isPartOf\":{\"@id\":\"https:\/\/jbcnews.com.br\/#website\"},\"primaryImageOfPage\":{\"@id\":\"https:\/\/jbcnews.com.br\/index.php\/2021\/04\/08\/bolsonaro-diz-que-consultou-forcas-armadas-sobre-efetivo-para-conter-disturbios-sociais\/#primaryimage\"},\"image\":{\"@id\":\"https:\/\/jbcnews.com.br\/index.php\/2021\/04\/08\/bolsonaro-diz-que-consultou-forcas-armadas-sobre-efetivo-para-conter-disturbios-sociais\/#primaryimage\"},\"thumbnailUrl\":\"https:\/\/jbcnews.com.br\/wp-content\/uploads\/2021\/04\/imagem.png\",\"datePublished\":\"2021-04-08T17:42:16+00:00\",\"dateModified\":\"2021-04-13T18:25:21+00:00\",\"author\":{\"@id\":\"https:\/\/jbcnews.com.br\/#\/schema\/person\/3b597ec20ccf92d0adc436057caf9bbe\"},\"breadcrumb\":{\"@id\":\"https:\/\/jbcnews.com.br\/index.php\/2021\/04\/08\/bolsonaro-diz-que-consultou-forcas-armadas-sobre-efetivo-para-conter-disturbios-sociais\/#breadcrumb\"},\"inLanguage\":\"pt-BR\",\"potentialAction\":[{\"@type\":\"ReadAction\",\"target\":[\"https:\/\/jbcnews.com.br\/index.php\/2021\/04\/08\/bolsonaro-diz-que-consultou-forcas-armadas-sobre-efetivo-para-conter-disturbios-sociais\/\"]}]},{\"@type\":\"ImageObject\",\"inLanguage\":\"pt-BR\",\"@id\":\"https:\/\/jbcnews.com.br\/index.php\/2021\/04\/08\/bolsonaro-diz-que-consultou-forcas-armadas-sobre-efetivo-para-conter-disturbios-sociais\/#primaryimage\",\"url\":\"https:\/\/jbcnews.com.br\/wp-content\/uploads\/2021\/04\/imagem.png\",\"contentUrl\":\"https:\/\/jbcnews.com.br\/wp-content\/uploads\/2021\/04\/imagem.png\",\"width\":800,\"height\":534},{\"@type\":\"BreadcrumbList\",\"@id\":\"https:\/\/jbcnews.com.br\/index.php\/2021\/04\/08\/bolsonaro-diz-que-consultou-forcas-armadas-sobre-efetivo-para-conter-disturbios-sociais\/#breadcrumb\",\"itemListElement\":[{\"@type\":\"ListItem\",\"position\":1,\"name\":\"In\u00edcio\",\"item\":\"https:\/\/jbcnews.com.br\/\"},{\"@type\":\"ListItem\",\"position\":2,\"name\":\"Bolsonaro diz que consultou For\u00e7as Armadas sobre efetivo para conter dist\u00farbios sociais\"}]},{\"@type\":\"WebSite\",\"@id\":\"https:\/\/jbcnews.com.br\/#website\",\"url\":\"https:\/\/jbcnews.com.br\/\",\"name\":\"JBCNews\",\"description\":\"Comunica\u00e7\u00e3o e Cultura\",\"potentialAction\":[{\"@type\":\"SearchAction\",\"target\":{\"@type\":\"EntryPoint\",\"urlTemplate\":\"https:\/\/jbcnews.com.br\/?s={search_term_string}\"},\"query-input\":\"required name=search_term_string\"}],\"inLanguage\":\"pt-BR\"},{\"@type\":\"Person\",\"@id\":\"https:\/\/jbcnews.com.br\/#\/schema\/person\/3b597ec20ccf92d0adc436057caf9bbe\",\"name\":\"admin\",\"image\":{\"@type\":\"ImageObject\",\"inLanguage\":\"pt-BR\",\"@id\":\"https:\/\/jbcnews.com.br\/#\/schema\/person\/image\/\",\"url\":\"https:\/\/secure.gravatar.com\/avatar\/fe848d2435b65c3ed1cdd3a8e8f3bb2d?s=96&d=mm&r=g\",\"contentUrl\":\"https:\/\/secure.gravatar.com\/avatar\/fe848d2435b65c3ed1cdd3a8e8f3bb2d?s=96&d=mm&r=g\",\"caption\":\"admin\"},\"sameAs\":[\"https:\/\/jbcnews.com.br\"],\"url\":\"https:\/\/jbcnews.com.br\/index.php\/author\/jbcnews\/\"}]}<\/script>\n<!-- \/ Yoast SEO plugin. -->","yoast_head_json":{"title":"Bolsonaro diz que consultou For\u00e7as Armadas sobre efetivo para conter dist\u00farbios sociais - JBCNews","robots":{"index":"index","follow":"follow","max-snippet":"max-snippet:-1","max-image-preview":"max-image-preview:large","max-video-preview":"max-video-preview:-1"},"canonical":"https:\/\/jbcnews.com.br\/index.php\/2021\/04\/08\/bolsonaro-diz-que-consultou-forcas-armadas-sobre-efetivo-para-conter-disturbios-sociais\/","og_locale":"pt_BR","og_type":"article","og_title":"Bolsonaro diz que consultou For\u00e7as Armadas sobre efetivo para conter dist\u00farbios sociais - JBCNews","og_description":"(JBCNEWS &#8211; DF 08\/04) &#8211; O presidente Jair Bolsonaro disse nesta quarta-feira que discutiu com as For\u00e7as Armadas se existe hoje contingente no pa\u00eds para conter [\u2026]","og_url":"https:\/\/jbcnews.com.br\/index.php\/2021\/04\/08\/bolsonaro-diz-que-consultou-forcas-armadas-sobre-efetivo-para-conter-disturbios-sociais\/","og_site_name":"JBCNews","article_published_time":"2021-04-08T17:42:16+00:00","article_modified_time":"2021-04-13T18:25:21+00:00","og_image":[{"width":800,"height":534,"url":"https:\/\/jbcnews.com.br\/wp-content\/uploads\/2021\/04\/imagem.png","type":"image\/png"}],"author":"admin","twitter_card":"summary_large_image","twitter_misc":{"Escrito por":"admin","Est. tempo de leitura":"4 minutos"},"schema":{"@context":"https:\/\/schema.org","@graph":[{"@type":"WebPage","@id":"https:\/\/jbcnews.com.br\/index.php\/2021\/04\/08\/bolsonaro-diz-que-consultou-forcas-armadas-sobre-efetivo-para-conter-disturbios-sociais\/","url":"https:\/\/jbcnews.com.br\/index.php\/2021\/04\/08\/bolsonaro-diz-que-consultou-forcas-armadas-sobre-efetivo-para-conter-disturbios-sociais\/","name":"Bolsonaro diz que consultou For\u00e7as Armadas sobre efetivo para conter dist\u00farbios sociais - JBCNews","isPartOf":{"@id":"https:\/\/jbcnews.com.br\/#website"},"primaryImageOfPage":{"@id":"https:\/\/jbcnews.com.br\/index.php\/2021\/04\/08\/bolsonaro-diz-que-consultou-forcas-armadas-sobre-efetivo-para-conter-disturbios-sociais\/#primaryimage"},"image":{"@id":"https:\/\/jbcnews.com.br\/index.php\/2021\/04\/08\/bolsonaro-diz-que-consultou-forcas-armadas-sobre-efetivo-para-conter-disturbios-sociais\/#primaryimage"},"thumbnailUrl":"https:\/\/jbcnews.com.br\/wp-content\/uploads\/2021\/04\/imagem.png","datePublished":"2021-04-08T17:42:16+00:00","dateModified":"2021-04-13T18:25:21+00:00","author":{"@id":"https:\/\/jbcnews.com.br\/#\/schema\/person\/3b597ec20ccf92d0adc436057caf9bbe"},"breadcrumb":{"@id":"https:\/\/jbcnews.com.br\/index.php\/2021\/04\/08\/bolsonaro-diz-que-consultou-forcas-armadas-sobre-efetivo-para-conter-disturbios-sociais\/#breadcrumb"},"inLanguage":"pt-BR","potentialAction":[{"@type":"ReadAction","target":["https:\/\/jbcnews.com.br\/index.php\/2021\/04\/08\/bolsonaro-diz-que-consultou-forcas-armadas-sobre-efetivo-para-conter-disturbios-sociais\/"]}]},{"@type":"ImageObject","inLanguage":"pt-BR","@id":"https:\/\/jbcnews.com.br\/index.php\/2021\/04\/08\/bolsonaro-diz-que-consultou-forcas-armadas-sobre-efetivo-para-conter-disturbios-sociais\/#primaryimage","url":"https:\/\/jbcnews.com.br\/wp-content\/uploads\/2021\/04\/imagem.png","contentUrl":"https:\/\/jbcnews.com.br\/wp-content\/uploads\/2021\/04\/imagem.png","width":800,"height":534},{"@type":"BreadcrumbList","@id":"https:\/\/jbcnews.com.br\/index.php\/2021\/04\/08\/bolsonaro-diz-que-consultou-forcas-armadas-sobre-efetivo-para-conter-disturbios-sociais\/#breadcrumb","itemListElement":[{"@type":"ListItem","position":1,"name":"In\u00edcio","item":"https:\/\/jbcnews.com.br\/"},{"@type":"ListItem","position":2,"name":"Bolsonaro diz que consultou For\u00e7as Armadas sobre efetivo para conter dist\u00farbios sociais"}]},{"@type":"WebSite","@id":"https:\/\/jbcnews.com.br\/#website","url":"https:\/\/jbcnews.com.br\/","name":"JBCNews","description":"Comunica\u00e7\u00e3o e Cultura","potentialAction":[{"@type":"SearchAction","target":{"@type":"EntryPoint","urlTemplate":"https:\/\/jbcnews.com.br\/?s={search_term_string}"},"query-input":"required name=search_term_string"}],"inLanguage":"pt-BR"},{"@type":"Person","@id":"https:\/\/jbcnews.com.br\/#\/schema\/person\/3b597ec20ccf92d0adc436057caf9bbe","name":"admin","image":{"@type":"ImageObject","inLanguage":"pt-BR","@id":"https:\/\/jbcnews.com.br\/#\/schema\/person\/image\/","url":"https:\/\/secure.gravatar.com\/avatar\/fe848d2435b65c3ed1cdd3a8e8f3bb2d?s=96&d=mm&r=g","contentUrl":"https:\/\/secure.gravatar.com\/avatar\/fe848d2435b65c3ed1cdd3a8e8f3bb2d?s=96&d=mm&r=g","caption":"admin"},"sameAs":["https:\/\/jbcnews.com.br"],"url":"https:\/\/jbcnews.com.br\/index.php\/author\/jbcnews\/"}]}},"_links":{"self":[{"href":"https:\/\/jbcnews.com.br\/index.php\/wp-json\/wp\/v2\/posts\/2818"}],"collection":[{"href":"https:\/\/jbcnews.com.br\/index.php\/wp-json\/wp\/v2\/posts"}],"about":[{"href":"https:\/\/jbcnews.com.br\/index.php\/wp-json\/wp\/v2\/types\/post"}],"author":[{"embeddable":true,"href":"https:\/\/jbcnews.com.br\/index.php\/wp-json\/wp\/v2\/users\/1"}],"replies":[{"embeddable":true,"href":"https:\/\/jbcnews.com.br\/index.php\/wp-json\/wp\/v2\/comments?post=2818"}],"version-history":[{"count":1,"href":"https:\/\/jbcnews.com.br\/index.php\/wp-json\/wp\/v2\/posts\/2818\/revisions"}],"predecessor-version":[{"id":2820,"href":"https:\/\/jbcnews.com.br\/index.php\/wp-json\/wp\/v2\/posts\/2818\/revisions\/2820"}],"wp:featuredmedia":[{"embeddable":true,"href":"https:\/\/jbcnews.com.br\/index.php\/wp-json\/wp\/v2\/media\/2819"}],"wp:attachment":[{"href":"https:\/\/jbcnews.com.br\/index.php\/wp-json\/wp\/v2\/media?parent=2818"}],"wp:term":[{"taxonomy":"category","embeddable":true,"href":"https:\/\/jbcnews.com.br\/index.php\/wp-json\/wp\/v2\/categories?post=2818"},{"taxonomy":"post_tag","embeddable":true,"href":"https:\/\/jbcnews.com.br\/index.php\/wp-json\/wp\/v2\/tags?post=2818"}],"curies":[{"name":"wp","href":"https:\/\/api.w.org\/{rel}","templated":true}]}}