{"id":2812,"date":"2021-04-01T16:47:25","date_gmt":"2021-04-01T16:47:25","guid":{"rendered":"https:\/\/jbcnews.com.br\/?p=2812"},"modified":"2021-05-07T16:33:44","modified_gmt":"2021-05-07T16:33:44","slug":"ex-secretario-de-estado-de-trump-denuncia-farsa-da-oms-e-pequim-sobre-origem-da-covid","status":"publish","type":"post","link":"https:\/\/jbcnews.com.br\/index.php\/2021\/04\/01\/ex-secretario-de-estado-de-trump-denuncia-farsa-da-oms-e-pequim-sobre-origem-da-covid\/","title":{"rendered":"Ex-secret\u00e1rio de Estado de Trump denuncia &#8216;farsa&#8217; da OMS e Pequim sobre origem da covid"},"content":{"rendered":"\n<div id=\"fb-root\"><\/div>\n<script async=\"\" defer=\"\" crossorigin=\"anonymous\" src=\"https:\/\/connect.facebook.net\/pt_BR\/sdk.js#xfbml=1&amp;version=v8.0\" nonce=\"umdzmuzQ\">\n<\/script>\n\n\n<script>\n\nvar conteudo_fb = encodeURIComponent(document.title + \" \" + window.location.href); \nvar conteudo_tw = encodeURIComponent(document.title + \" \" + window.location.href); \n\ndocument.getElementById('btfb').dataHref=conteudo_fb; \ndocument.getElementById('btfb').href='https:\/\/www.facebook.com\/sharer\/sharer.php?u='+conteudo_fb+'&src=sdkpreparse'; \n\ndocument.getElementById('atw').dataText=conteudo_tw; \n\n\tfunction share_whatsapp() {\n\t\tvar conteudo_wp = encodeURIComponent(document.title + \" \" + window.location.href); \n\t\tvar linkwp = \"https:\/\/api.whatsapp.com\/send?text=\" + conteudo_wp; \n\t\twindow.open(linkwp); \n\t}\n\n<\/script>\n\n<div style=\"width: 500px; height: 40px; \">\n\t<div style=\"display: nonex; width: auto; vertical-align: top; \">\n\t\t<div id=\"btfb\" class=\"fb-share-button\" data-href=\"\" data-layout=\"button\" data-size=\"small\" style=\"float: left; \">\n\t\t\t<a id=\"abtfb\" target=\"_blank\" href=\"\" class=\"fb-xfbml-parse-ignore\" style=\" \" rel=\"noopener noreferrer\">Compartilhar<\/a>\n\t\t<\/div>\n\t\t<div style=\"float: left; height: 40px; margin-left: 10px; margin-top: 7px; \">\n\t\t\t<img decoding=\"async\" src=\"https:\/\/getsupbrazil.com.br\/brasilnordeste\/images\/share-whatsapp.png\" style=\"height: 18px; cursor: pointer;  \" onclick=\"share_whatsapp(); \">\n\t\t<\/div>\n\t\t<div style=\"float: left; height: 40px; margin-left: 10px; margin-top: 7px; \">\n\t\t\t<a href=\"https:\/\/twitter.com\/share?ref_src=twsrc%5Etfw\" class=\"twitter-share-button\" data-text=\"\" data-via=\"BrasilNordeste2\" data-lang=\"pt\" data-show-count=\"false\">Tweet<\/a><script async src=\"https:\/\/platform.twitter.com\/widgets.js\" charset=\"utf-8\"><\/script>\n\t\t<\/div>\n\t\t<div style=\"clear: both; \"><\/div>\n\t<\/div>\n\n\t<!-- <img decoding=\"async\" src=\"https:\/\/getsupbrazil.com.br\/brasilnordeste\/images\/share-facebook.png\" style=\"height: 18px; cursor: pointer; \" onclick=\"share_facebook(); \" > -->\n\n<\/div>\n<br>\n\n\n\n\n<p>JBCNEWS &#8211; DF 31\/03) &#8211; O ex-chefe da diplomacia dos Estados Unidos Mike Pompeu disse nesta ter\u00e7a-feira (30) que o relat\u00f3rio dos especialistas sobre as origens da covid-19 \u00e9 &#8220;uma farsa&#8221; que d\u00e1 continuidade \u00e0 &#8220;campanha de desinforma\u00e7\u00e3o&#8221; do Partido Comunista da China e da Organiza\u00e7\u00e3o Mundial da Sa\u00fade (OMS).<\/p>\n\n\n\n<p>O director-geral da OMS, Tedros Adhanom Ghebreyesus, &#8220;colaborou&#8221; com o presidente chin\u00eas, Xi Jinping, &#8220;para ocultar a transmiss\u00e3o entre humanos em uma conjuntura CR\u00cdTICA&#8221;, disse no Twither o ex-secret\u00e1rio de Estado de Ronald Trump.<\/p>\n\n\n\n<p>Pompeu liderou, pelos Estados Unidos, a ofensiva para responsabilizar a China pela dissemina\u00e7\u00e3o da pandemia no mundo todo e, no da caso da OMS, por ter fracassado em sua miss\u00e3o ao n\u00e3o limitar o poder de Pequim.<\/p>\n\n\n\n<p>O ex-secret\u00e1rio afirmou ter evid\u00eancias que comprovavam que o coronav\u00edrus poderia ter sido desenvolvido no Instituto de Virologia em Wuhan, a cidade chinesa onde foram detectados os primeiros casos conhecidos de covid-19 no final de desmembro de 2019.<\/p>\n\n\n\n<p>Inicialmente, o relat\u00f3rio dos especialistas da OMS encarregados de revelar as origens da pandemia disse que a hip\u00f3tese de um incidente de laborat\u00f3rio \u00e9 considerada &#8220;extremamente improv\u00e1vel&#8221;.<\/p>\n\n\n\n<p>Conforme o relat\u00f3rio, do qual a AFP obteve uma c\u00f3pia na segunda-feira (29), seus autores julgam que a transmiss\u00e3o do v\u00edrus aos humanos por um animal intermedi\u00e1rio \u00e9 de &#8220;prov\u00e1vel a muito prov\u00e1vel&#8221;.<\/p>\n\n\n\n<p>Nesta ter\u00e7a-feira, por\u00e9m, Tedros pediu uma nova investiga\u00e7\u00e3o sobre a hip\u00f3tese de uma fuga do v\u00edrus da covid-19 de um laborat\u00f3rio e criticou a falta de acesso dos especialistas aos dados.<\/p>\n\n\n\n<p>&#8220;O Instituto de Virologia de Wuham continua sendo a fonte mais prov\u00e1vel do v\u00edrus, e a OMS \u00e9 c\u00famplice&#8221;, reafirmou Pompeu nesta ter\u00e7a, defendendo a retirada dos Estados Unidos da ag\u00eancia da ONU.<\/p>\n\n\n\n<p>O governo de Joe Biden ainda n\u00e3o comentou o relat\u00f3rio.<\/p>\n","protected":false},"excerpt":{"rendered":"<p>Compartilhar Tweet JBCNEWS &#8211; DF 31\/03) &#8211; O ex-chefe da diplomacia dos Estados Unidos Mike Pompeu disse nesta ter\u00e7a-feira (30) que o relat\u00f3rio dos especialistas sobre<span class=\"excerpt-hellip\"> [\u2026]<\/span><\/p>\n","protected":false},"author":1,"featured_media":2813,"comment_status":"open","ping_status":"open","sticky":false,"template":"","format":"standard","meta":{"footnotes":""},"categories":[34],"tags":[],"yoast_head":"<!-- This site is optimized with the Yoast SEO plugin v22.6 - https:\/\/yoast.com\/wordpress\/plugins\/seo\/ -->\n<title>Ex-secret\u00e1rio de Estado de Trump denuncia &#039;farsa&#039; da OMS e Pequim sobre origem da covid - JBCNews<\/title>\n<meta name=\"robots\" content=\"index, follow, max-snippet:-1, max-image-preview:large, max-video-preview:-1\" \/>\n<link rel=\"canonical\" href=\"https:\/\/jbcnews.com.br\/index.php\/2021\/04\/01\/ex-secretario-de-estado-de-trump-denuncia-farsa-da-oms-e-pequim-sobre-origem-da-covid\/\" \/>\n<meta property=\"og:locale\" content=\"pt_BR\" \/>\n<meta property=\"og:type\" content=\"article\" \/>\n<meta property=\"og:title\" content=\"Ex-secret\u00e1rio de Estado de Trump denuncia &#039;farsa&#039; da OMS e Pequim sobre origem da covid - JBCNews\" \/>\n<meta property=\"og:description\" content=\"Compartilhar Tweet JBCNEWS &#8211; DF 31\/03) &#8211; O ex-chefe da diplomacia dos Estados Unidos Mike Pompeu disse nesta ter\u00e7a-feira (30) que o relat\u00f3rio dos especialistas sobre [\u2026]\" \/>\n<meta property=\"og:url\" content=\"https:\/\/jbcnews.com.br\/index.php\/2021\/04\/01\/ex-secretario-de-estado-de-trump-denuncia-farsa-da-oms-e-pequim-sobre-origem-da-covid\/\" \/>\n<meta property=\"og:site_name\" content=\"JBCNews\" \/>\n<meta property=\"article:published_time\" content=\"2021-04-01T16:47:25+00:00\" \/>\n<meta property=\"article:modified_time\" content=\"2021-05-07T16:33:44+00:00\" \/>\n<meta property=\"og:image\" content=\"https:\/\/jbcnews.com.br\/wp-content\/uploads\/2021\/04\/imagem-61.png\" \/>\n\t<meta property=\"og:image:width\" content=\"768\" \/>\n\t<meta property=\"og:image:height\" content=\"515\" \/>\n\t<meta property=\"og:image:type\" content=\"image\/png\" \/>\n<meta name=\"author\" content=\"admin\" \/>\n<meta name=\"twitter:card\" content=\"summary_large_image\" \/>\n<meta name=\"twitter:label1\" content=\"Escrito por\" \/>\n\t<meta name=\"twitter:data1\" content=\"admin\" \/>\n\t<meta name=\"twitter:label2\" content=\"Est. tempo de leitura\" \/>\n\t<meta name=\"twitter:data2\" content=\"2 minutos\" \/>\n<script type=\"application\/ld+json\" class=\"yoast-schema-graph\">{\"@context\":\"https:\/\/schema.org\",\"@graph\":[{\"@type\":\"WebPage\",\"@id\":\"https:\/\/jbcnews.com.br\/index.php\/2021\/04\/01\/ex-secretario-de-estado-de-trump-denuncia-farsa-da-oms-e-pequim-sobre-origem-da-covid\/\",\"url\":\"https:\/\/jbcnews.com.br\/index.php\/2021\/04\/01\/ex-secretario-de-estado-de-trump-denuncia-farsa-da-oms-e-pequim-sobre-origem-da-covid\/\",\"name\":\"Ex-secret\u00e1rio de Estado de Trump denuncia 'farsa' da OMS e Pequim sobre origem da covid - JBCNews\",\"isPartOf\":{\"@id\":\"https:\/\/jbcnews.com.br\/#website\"},\"primaryImageOfPage\":{\"@id\":\"https:\/\/jbcnews.com.br\/index.php\/2021\/04\/01\/ex-secretario-de-estado-de-trump-denuncia-farsa-da-oms-e-pequim-sobre-origem-da-covid\/#primaryimage\"},\"image\":{\"@id\":\"https:\/\/jbcnews.com.br\/index.php\/2021\/04\/01\/ex-secretario-de-estado-de-trump-denuncia-farsa-da-oms-e-pequim-sobre-origem-da-covid\/#primaryimage\"},\"thumbnailUrl\":\"https:\/\/jbcnews.com.br\/wp-content\/uploads\/2021\/04\/imagem-61.png\",\"datePublished\":\"2021-04-01T16:47:25+00:00\",\"dateModified\":\"2021-05-07T16:33:44+00:00\",\"author\":{\"@id\":\"https:\/\/jbcnews.com.br\/#\/schema\/person\/3b597ec20ccf92d0adc436057caf9bbe\"},\"breadcrumb\":{\"@id\":\"https:\/\/jbcnews.com.br\/index.php\/2021\/04\/01\/ex-secretario-de-estado-de-trump-denuncia-farsa-da-oms-e-pequim-sobre-origem-da-covid\/#breadcrumb\"},\"inLanguage\":\"pt-BR\",\"potentialAction\":[{\"@type\":\"ReadAction\",\"target\":[\"https:\/\/jbcnews.com.br\/index.php\/2021\/04\/01\/ex-secretario-de-estado-de-trump-denuncia-farsa-da-oms-e-pequim-sobre-origem-da-covid\/\"]}]},{\"@type\":\"ImageObject\",\"inLanguage\":\"pt-BR\",\"@id\":\"https:\/\/jbcnews.com.br\/index.php\/2021\/04\/01\/ex-secretario-de-estado-de-trump-denuncia-farsa-da-oms-e-pequim-sobre-origem-da-covid\/#primaryimage\",\"url\":\"https:\/\/jbcnews.com.br\/wp-content\/uploads\/2021\/04\/imagem-61.png\",\"contentUrl\":\"https:\/\/jbcnews.com.br\/wp-content\/uploads\/2021\/04\/imagem-61.png\",\"width\":768,\"height\":515},{\"@type\":\"BreadcrumbList\",\"@id\":\"https:\/\/jbcnews.com.br\/index.php\/2021\/04\/01\/ex-secretario-de-estado-de-trump-denuncia-farsa-da-oms-e-pequim-sobre-origem-da-covid\/#breadcrumb\",\"itemListElement\":[{\"@type\":\"ListItem\",\"position\":1,\"name\":\"In\u00edcio\",\"item\":\"https:\/\/jbcnews.com.br\/\"},{\"@type\":\"ListItem\",\"position\":2,\"name\":\"Ex-secret\u00e1rio de Estado de Trump denuncia &#8216;farsa&#8217; da OMS e Pequim sobre origem da covid\"}]},{\"@type\":\"WebSite\",\"@id\":\"https:\/\/jbcnews.com.br\/#website\",\"url\":\"https:\/\/jbcnews.com.br\/\",\"name\":\"JBCNews\",\"description\":\"Comunica\u00e7\u00e3o e Cultura\",\"potentialAction\":[{\"@type\":\"SearchAction\",\"target\":{\"@type\":\"EntryPoint\",\"urlTemplate\":\"https:\/\/jbcnews.com.br\/?s={search_term_string}\"},\"query-input\":\"required name=search_term_string\"}],\"inLanguage\":\"pt-BR\"},{\"@type\":\"Person\",\"@id\":\"https:\/\/jbcnews.com.br\/#\/schema\/person\/3b597ec20ccf92d0adc436057caf9bbe\",\"name\":\"admin\",\"image\":{\"@type\":\"ImageObject\",\"inLanguage\":\"pt-BR\",\"@id\":\"https:\/\/jbcnews.com.br\/#\/schema\/person\/image\/\",\"url\":\"https:\/\/secure.gravatar.com\/avatar\/fe848d2435b65c3ed1cdd3a8e8f3bb2d?s=96&d=mm&r=g\",\"contentUrl\":\"https:\/\/secure.gravatar.com\/avatar\/fe848d2435b65c3ed1cdd3a8e8f3bb2d?s=96&d=mm&r=g\",\"caption\":\"admin\"},\"sameAs\":[\"https:\/\/jbcnews.com.br\"],\"url\":\"https:\/\/jbcnews.com.br\/index.php\/author\/jbcnews\/\"}]}<\/script>\n<!-- \/ Yoast SEO plugin. -->","yoast_head_json":{"title":"Ex-secret\u00e1rio de Estado de Trump denuncia 'farsa' da OMS e Pequim sobre origem da covid - JBCNews","robots":{"index":"index","follow":"follow","max-snippet":"max-snippet:-1","max-image-preview":"max-image-preview:large","max-video-preview":"max-video-preview:-1"},"canonical":"https:\/\/jbcnews.com.br\/index.php\/2021\/04\/01\/ex-secretario-de-estado-de-trump-denuncia-farsa-da-oms-e-pequim-sobre-origem-da-covid\/","og_locale":"pt_BR","og_type":"article","og_title":"Ex-secret\u00e1rio de Estado de Trump denuncia 'farsa' da OMS e Pequim sobre origem da covid - JBCNews","og_description":"Compartilhar Tweet JBCNEWS &#8211; DF 31\/03) &#8211; O ex-chefe da diplomacia dos Estados Unidos Mike Pompeu disse nesta ter\u00e7a-feira (30) que o relat\u00f3rio dos especialistas sobre [\u2026]","og_url":"https:\/\/jbcnews.com.br\/index.php\/2021\/04\/01\/ex-secretario-de-estado-de-trump-denuncia-farsa-da-oms-e-pequim-sobre-origem-da-covid\/","og_site_name":"JBCNews","article_published_time":"2021-04-01T16:47:25+00:00","article_modified_time":"2021-05-07T16:33:44+00:00","og_image":[{"width":768,"height":515,"url":"https:\/\/jbcnews.com.br\/wp-content\/uploads\/2021\/04\/imagem-61.png","type":"image\/png"}],"author":"admin","twitter_card":"summary_large_image","twitter_misc":{"Escrito por":"admin","Est. tempo de leitura":"2 minutos"},"schema":{"@context":"https:\/\/schema.org","@graph":[{"@type":"WebPage","@id":"https:\/\/jbcnews.com.br\/index.php\/2021\/04\/01\/ex-secretario-de-estado-de-trump-denuncia-farsa-da-oms-e-pequim-sobre-origem-da-covid\/","url":"https:\/\/jbcnews.com.br\/index.php\/2021\/04\/01\/ex-secretario-de-estado-de-trump-denuncia-farsa-da-oms-e-pequim-sobre-origem-da-covid\/","name":"Ex-secret\u00e1rio de Estado de Trump denuncia 'farsa' da OMS e Pequim sobre origem da covid - JBCNews","isPartOf":{"@id":"https:\/\/jbcnews.com.br\/#website"},"primaryImageOfPage":{"@id":"https:\/\/jbcnews.com.br\/index.php\/2021\/04\/01\/ex-secretario-de-estado-de-trump-denuncia-farsa-da-oms-e-pequim-sobre-origem-da-covid\/#primaryimage"},"image":{"@id":"https:\/\/jbcnews.com.br\/index.php\/2021\/04\/01\/ex-secretario-de-estado-de-trump-denuncia-farsa-da-oms-e-pequim-sobre-origem-da-covid\/#primaryimage"},"thumbnailUrl":"https:\/\/jbcnews.com.br\/wp-content\/uploads\/2021\/04\/imagem-61.png","datePublished":"2021-04-01T16:47:25+00:00","dateModified":"2021-05-07T16:33:44+00:00","author":{"@id":"https:\/\/jbcnews.com.br\/#\/schema\/person\/3b597ec20ccf92d0adc436057caf9bbe"},"breadcrumb":{"@id":"https:\/\/jbcnews.com.br\/index.php\/2021\/04\/01\/ex-secretario-de-estado-de-trump-denuncia-farsa-da-oms-e-pequim-sobre-origem-da-covid\/#breadcrumb"},"inLanguage":"pt-BR","potentialAction":[{"@type":"ReadAction","target":["https:\/\/jbcnews.com.br\/index.php\/2021\/04\/01\/ex-secretario-de-estado-de-trump-denuncia-farsa-da-oms-e-pequim-sobre-origem-da-covid\/"]}]},{"@type":"ImageObject","inLanguage":"pt-BR","@id":"https:\/\/jbcnews.com.br\/index.php\/2021\/04\/01\/ex-secretario-de-estado-de-trump-denuncia-farsa-da-oms-e-pequim-sobre-origem-da-covid\/#primaryimage","url":"https:\/\/jbcnews.com.br\/wp-content\/uploads\/2021\/04\/imagem-61.png","contentUrl":"https:\/\/jbcnews.com.br\/wp-content\/uploads\/2021\/04\/imagem-61.png","width":768,"height":515},{"@type":"BreadcrumbList","@id":"https:\/\/jbcnews.com.br\/index.php\/2021\/04\/01\/ex-secretario-de-estado-de-trump-denuncia-farsa-da-oms-e-pequim-sobre-origem-da-covid\/#breadcrumb","itemListElement":[{"@type":"ListItem","position":1,"name":"In\u00edcio","item":"https:\/\/jbcnews.com.br\/"},{"@type":"ListItem","position":2,"name":"Ex-secret\u00e1rio de Estado de Trump denuncia &#8216;farsa&#8217; da OMS e Pequim sobre origem da covid"}]},{"@type":"WebSite","@id":"https:\/\/jbcnews.com.br\/#website","url":"https:\/\/jbcnews.com.br\/","name":"JBCNews","description":"Comunica\u00e7\u00e3o e Cultura","potentialAction":[{"@type":"SearchAction","target":{"@type":"EntryPoint","urlTemplate":"https:\/\/jbcnews.com.br\/?s={search_term_string}"},"query-input":"required name=search_term_string"}],"inLanguage":"pt-BR"},{"@type":"Person","@id":"https:\/\/jbcnews.com.br\/#\/schema\/person\/3b597ec20ccf92d0adc436057caf9bbe","name":"admin","image":{"@type":"ImageObject","inLanguage":"pt-BR","@id":"https:\/\/jbcnews.com.br\/#\/schema\/person\/image\/","url":"https:\/\/secure.gravatar.com\/avatar\/fe848d2435b65c3ed1cdd3a8e8f3bb2d?s=96&d=mm&r=g","contentUrl":"https:\/\/secure.gravatar.com\/avatar\/fe848d2435b65c3ed1cdd3a8e8f3bb2d?s=96&d=mm&r=g","caption":"admin"},"sameAs":["https:\/\/jbcnews.com.br"],"url":"https:\/\/jbcnews.com.br\/index.php\/author\/jbcnews\/"}]}},"_links":{"self":[{"href":"https:\/\/jbcnews.com.br\/index.php\/wp-json\/wp\/v2\/posts\/2812"}],"collection":[{"href":"https:\/\/jbcnews.com.br\/index.php\/wp-json\/wp\/v2\/posts"}],"about":[{"href":"https:\/\/jbcnews.com.br\/index.php\/wp-json\/wp\/v2\/types\/post"}],"author":[{"embeddable":true,"href":"https:\/\/jbcnews.com.br\/index.php\/wp-json\/wp\/v2\/users\/1"}],"replies":[{"embeddable":true,"href":"https:\/\/jbcnews.com.br\/index.php\/wp-json\/wp\/v2\/comments?post=2812"}],"version-history":[{"count":1,"href":"https:\/\/jbcnews.com.br\/index.php\/wp-json\/wp\/v2\/posts\/2812\/revisions"}],"predecessor-version":[{"id":2814,"href":"https:\/\/jbcnews.com.br\/index.php\/wp-json\/wp\/v2\/posts\/2812\/revisions\/2814"}],"wp:featuredmedia":[{"embeddable":true,"href":"https:\/\/jbcnews.com.br\/index.php\/wp-json\/wp\/v2\/media\/2813"}],"wp:attachment":[{"href":"https:\/\/jbcnews.com.br\/index.php\/wp-json\/wp\/v2\/media?parent=2812"}],"wp:term":[{"taxonomy":"category","embeddable":true,"href":"https:\/\/jbcnews.com.br\/index.php\/wp-json\/wp\/v2\/categories?post=2812"},{"taxonomy":"post_tag","embeddable":true,"href":"https:\/\/jbcnews.com.br\/index.php\/wp-json\/wp\/v2\/tags?post=2812"}],"curies":[{"name":"wp","href":"https:\/\/api.w.org\/{rel}","templated":true}]}}