{"id":2807,"date":"2021-03-24T16:58:22","date_gmt":"2021-03-24T16:58:22","guid":{"rendered":"https:\/\/jbcnews.com.br\/?p=2807"},"modified":"2021-03-24T16:58:23","modified_gmt":"2021-03-24T16:58:23","slug":"reacao-de-chinesa-de-76-anos-apos-ser-agredida-por-homem-branco-nos-eua-viraliza","status":"publish","type":"post","link":"https:\/\/jbcnews.com.br\/index.php\/2021\/03\/24\/reacao-de-chinesa-de-76-anos-apos-ser-agredida-por-homem-branco-nos-eua-viraliza\/","title":{"rendered":"Rea\u00e7\u00e3o de chinesa de 76 anos ap\u00f3s ser agredida por homem branco nos EUA viraliza"},"content":{"rendered":"\n<p>(JBCNEWS &#8211; DF 24\/03) &#8211; Uma chinesa de 76 anos foi agredida por um homem branco de 39 anos que desconhecia na \u00faltima quarta-feira, dia 17, enquanto esperava para atravessar uma rua em S\u00e3o Francisco, nos Estados Unidos, num caso que se somou aos epis\u00f3dios de crimes de \u00f3dio contra asi\u00e1ticos e seus descendentes no pa\u00eds, que t\u00eam aumentado.<\/p>\n\n\n\n<p>&#8220;Ela disse que n\u00e3o devemos nos submeter ao racismo e devemos lutar at\u00e9 a morte, se necess\u00e1rio&#8221;, destacou o neto da idosa, John Chen. &#8220;Estou surpreso com sua bravura. Foi ela quem se defendeu deste ataque n\u00e3o provocado&#8221;.<\/p>\n\n\n\n<p>Embora tenha ficado ferida, Xiao Zhen Xie reagiu ao soco que levou de Steven Jenkins na Market Street. A idosa pegou uma vara e foi vista batendo no agressor e gritando: &#8220;Seu vagabundo!&#8221;, informou a emissora &#8220;KPIX 5&#8221;.<\/p>\n\n\n\n<p>O homem acabou sendo levado para o hospital algemado na maca. A cena rapidamente repercutiu na internet. Desde ent\u00e3o, Xie, que j\u00e1 venceu um c\u00e2ncer, vem sendo chamada de hero\u00edna.<\/p>\n\n\n\n<p>Segundo John, a idosa sofreu sangramentos nos olhos, que ficaram roxos, al\u00e9m de ter ficado com um incha\u00e7o no pulso. Ele disse ainda que a pr\u00f3pria sa\u00fade mental da av\u00f3 foi impactada, considerando seu medo de sair de casa nos primeiros dias ap\u00f3s o ataque, em que apresentou sintomas de estresse p\u00f3s-traum\u00e1tico. Com acesso a atendimento m\u00e9dico, o neto informou nesta ter\u00e7a-feira, dia 23, que o estado de sa\u00fade da av\u00f3 apresentou melhoras significativas.<\/p>\n\n\n\n<p>&#8220;Quando visitamos nossa av\u00f3 ontem e hoje (dias 22 e 23 de mar\u00e7o), sua sa\u00fade f\u00edsica e mental geral melhorou. Seu olho n\u00e3o est\u00e1 mais inchado a ponto de n\u00e3o conseguir abri-lo. Ela agora est\u00e1 come\u00e7ando a se sentir otimista novamente e est\u00e1 de bom humor&#8221;, disse.<\/p>\n\n\n\n<p>Para ajudar a av\u00f3 a pagar as despesas m\u00e9dicas, o neto John Chen criou uma vaquinha online no GoFundMe, estabelecendo uma meta de US $50 mil (R $276 mil). Sensibilizados com a hist\u00f3ria, internautas doaram muito mais, gerando um valor de US $894.409 (cerca de R $4,9 milh\u00f5es).<\/p>\n\n\n\n<p>Xie, por sua vez, optou por oferecer toda a quantia para a comunidade asi\u00e1tica em sua regi\u00e3o, conforme afirmou John numa atualiza\u00e7\u00e3o feita no site da campanha nesta ter\u00e7a-feira, dia 23. De acordo com o neto, a idosa, que vive em S\u00e3o Francisco h\u00e1 26 anos, manifestou v\u00e1rias vezes seu desejo de destinar a vaquinha para as outras pessoas de mesma origem que tamb\u00e9m sofrem racismo.<\/p>\n\n\n\n<p>&#8220;Ela insiste em tomar essa decis\u00e3o dizendo que esse problema \u00e9 maior do que ela. Esta \u00e9 a decis\u00e3o da minha av\u00f3, do meu av\u00f4 e da nossa fam\u00edlia. Esperamos que todos possam entender nossa decis\u00e3o&#8221;, contou o neto.<\/p>\n\n\n\n<p>Filha de Xie, Dong-Mei Li atuou como int\u00e9rprete para a m\u00e3e numa entrevista \u00e0 &#8220;KPIX 5&#8221;, em que a idosa comentou sobre a agress\u00e3o sofrida na casa de repouso onde mora: &#8220;Muito traumatizada, muito assustada&#8221;.<\/p>\n\n\n\n<p>Quanto ao agressor, Stephen Jenkins foi preso na quinta-feira, dia 18. De acordo com a pol\u00edcia, ele foi identificado como autor de outro ataque a um idoso asi\u00e1tico antes de Xie.<\/p>\n\n\n\n<p>&#8220;Os investigadores est\u00e3o trabalhando para determinar se o preconceito racial foi um fator motivador no incidente&#8221;, disse Robert Rueca, porta-voz do Departamento de Pol\u00edcia de S\u00e3o Francisco, em um comunicado ao &#8220;The Washington Post&#8221;<\/p>\n\n\n\n<p>Crimes de \u00f3dio a asi\u00e1ticos foram destaque na imprensa norte-americana na \u00faltima semana em raz\u00e3o dos ataques a tiros em tr\u00eas spas na Ge\u00f3rgia em que um homem matou oito pessoas, incluindo seis mulheres de origem asi\u00e1tica. Uma organiza\u00e7\u00e3o de combate ao racismo aos asi\u00e1ticos contabilizou quase 3,8 mil relatos de \u00f3dio a estas pessoas desde mar\u00e7o de 2020, quando intensificou a pandemia nos EUA.<\/p>\n","protected":false},"excerpt":{"rendered":"<p>(JBCNEWS &#8211; DF 24\/03) &#8211; Uma chinesa de 76 anos foi agredida por um homem branco de 39 anos que desconhecia na \u00faltima quarta-feira, dia 17,<span class=\"excerpt-hellip\"> [\u2026]<\/span><\/p>\n","protected":false},"author":1,"featured_media":2808,"comment_status":"open","ping_status":"open","sticky":false,"template":"","format":"standard","meta":{"footnotes":""},"categories":[34],"tags":[],"yoast_head":"<!-- This site is optimized with the Yoast SEO plugin v22.6 - https:\/\/yoast.com\/wordpress\/plugins\/seo\/ -->\n<title>Rea\u00e7\u00e3o de chinesa de 76 anos ap\u00f3s ser agredida por homem branco nos EUA viraliza - JBCNews<\/title>\n<meta name=\"robots\" content=\"index, follow, max-snippet:-1, max-image-preview:large, max-video-preview:-1\" \/>\n<link rel=\"canonical\" href=\"https:\/\/jbcnews.com.br\/index.php\/2021\/03\/24\/reacao-de-chinesa-de-76-anos-apos-ser-agredida-por-homem-branco-nos-eua-viraliza\/\" \/>\n<meta property=\"og:locale\" content=\"pt_BR\" \/>\n<meta property=\"og:type\" content=\"article\" \/>\n<meta property=\"og:title\" content=\"Rea\u00e7\u00e3o de chinesa de 76 anos ap\u00f3s ser agredida por homem branco nos EUA viraliza - JBCNews\" \/>\n<meta property=\"og:description\" content=\"(JBCNEWS &#8211; DF 24\/03) &#8211; Uma chinesa de 76 anos foi agredida por um homem branco de 39 anos que desconhecia na \u00faltima quarta-feira, dia 17, [\u2026]\" \/>\n<meta property=\"og:url\" content=\"https:\/\/jbcnews.com.br\/index.php\/2021\/03\/24\/reacao-de-chinesa-de-76-anos-apos-ser-agredida-por-homem-branco-nos-eua-viraliza\/\" \/>\n<meta property=\"og:site_name\" content=\"JBCNews\" \/>\n<meta property=\"article:published_time\" content=\"2021-03-24T16:58:22+00:00\" \/>\n<meta property=\"article:modified_time\" content=\"2021-03-24T16:58:23+00:00\" \/>\n<meta property=\"og:image\" content=\"https:\/\/jbcnews.com.br\/wp-content\/uploads\/2021\/03\/imagem-85.png\" \/>\n\t<meta property=\"og:image:width\" content=\"448\" \/>\n\t<meta property=\"og:image:height\" content=\"298\" \/>\n\t<meta property=\"og:image:type\" content=\"image\/png\" \/>\n<meta name=\"author\" content=\"admin\" \/>\n<meta name=\"twitter:card\" content=\"summary_large_image\" \/>\n<meta name=\"twitter:label1\" content=\"Escrito por\" \/>\n\t<meta name=\"twitter:data1\" content=\"admin\" \/>\n\t<meta name=\"twitter:label2\" content=\"Est. tempo de leitura\" \/>\n\t<meta name=\"twitter:data2\" content=\"3 minutos\" \/>\n<script type=\"application\/ld+json\" class=\"yoast-schema-graph\">{\"@context\":\"https:\/\/schema.org\",\"@graph\":[{\"@type\":\"WebPage\",\"@id\":\"https:\/\/jbcnews.com.br\/index.php\/2021\/03\/24\/reacao-de-chinesa-de-76-anos-apos-ser-agredida-por-homem-branco-nos-eua-viraliza\/\",\"url\":\"https:\/\/jbcnews.com.br\/index.php\/2021\/03\/24\/reacao-de-chinesa-de-76-anos-apos-ser-agredida-por-homem-branco-nos-eua-viraliza\/\",\"name\":\"Rea\u00e7\u00e3o de chinesa de 76 anos ap\u00f3s ser agredida por homem branco nos EUA viraliza - JBCNews\",\"isPartOf\":{\"@id\":\"https:\/\/jbcnews.com.br\/#website\"},\"primaryImageOfPage\":{\"@id\":\"https:\/\/jbcnews.com.br\/index.php\/2021\/03\/24\/reacao-de-chinesa-de-76-anos-apos-ser-agredida-por-homem-branco-nos-eua-viraliza\/#primaryimage\"},\"image\":{\"@id\":\"https:\/\/jbcnews.com.br\/index.php\/2021\/03\/24\/reacao-de-chinesa-de-76-anos-apos-ser-agredida-por-homem-branco-nos-eua-viraliza\/#primaryimage\"},\"thumbnailUrl\":\"https:\/\/jbcnews.com.br\/wp-content\/uploads\/2021\/03\/imagem-85.png\",\"datePublished\":\"2021-03-24T16:58:22+00:00\",\"dateModified\":\"2021-03-24T16:58:23+00:00\",\"author\":{\"@id\":\"https:\/\/jbcnews.com.br\/#\/schema\/person\/3b597ec20ccf92d0adc436057caf9bbe\"},\"breadcrumb\":{\"@id\":\"https:\/\/jbcnews.com.br\/index.php\/2021\/03\/24\/reacao-de-chinesa-de-76-anos-apos-ser-agredida-por-homem-branco-nos-eua-viraliza\/#breadcrumb\"},\"inLanguage\":\"pt-BR\",\"potentialAction\":[{\"@type\":\"ReadAction\",\"target\":[\"https:\/\/jbcnews.com.br\/index.php\/2021\/03\/24\/reacao-de-chinesa-de-76-anos-apos-ser-agredida-por-homem-branco-nos-eua-viraliza\/\"]}]},{\"@type\":\"ImageObject\",\"inLanguage\":\"pt-BR\",\"@id\":\"https:\/\/jbcnews.com.br\/index.php\/2021\/03\/24\/reacao-de-chinesa-de-76-anos-apos-ser-agredida-por-homem-branco-nos-eua-viraliza\/#primaryimage\",\"url\":\"https:\/\/jbcnews.com.br\/wp-content\/uploads\/2021\/03\/imagem-85.png\",\"contentUrl\":\"https:\/\/jbcnews.com.br\/wp-content\/uploads\/2021\/03\/imagem-85.png\",\"width\":448,\"height\":298},{\"@type\":\"BreadcrumbList\",\"@id\":\"https:\/\/jbcnews.com.br\/index.php\/2021\/03\/24\/reacao-de-chinesa-de-76-anos-apos-ser-agredida-por-homem-branco-nos-eua-viraliza\/#breadcrumb\",\"itemListElement\":[{\"@type\":\"ListItem\",\"position\":1,\"name\":\"In\u00edcio\",\"item\":\"https:\/\/jbcnews.com.br\/\"},{\"@type\":\"ListItem\",\"position\":2,\"name\":\"Rea\u00e7\u00e3o de chinesa de 76 anos ap\u00f3s ser agredida por homem branco nos EUA viraliza\"}]},{\"@type\":\"WebSite\",\"@id\":\"https:\/\/jbcnews.com.br\/#website\",\"url\":\"https:\/\/jbcnews.com.br\/\",\"name\":\"JBCNews\",\"description\":\"Comunica\u00e7\u00e3o e Cultura\",\"potentialAction\":[{\"@type\":\"SearchAction\",\"target\":{\"@type\":\"EntryPoint\",\"urlTemplate\":\"https:\/\/jbcnews.com.br\/?s={search_term_string}\"},\"query-input\":\"required name=search_term_string\"}],\"inLanguage\":\"pt-BR\"},{\"@type\":\"Person\",\"@id\":\"https:\/\/jbcnews.com.br\/#\/schema\/person\/3b597ec20ccf92d0adc436057caf9bbe\",\"name\":\"admin\",\"image\":{\"@type\":\"ImageObject\",\"inLanguage\":\"pt-BR\",\"@id\":\"https:\/\/jbcnews.com.br\/#\/schema\/person\/image\/\",\"url\":\"https:\/\/secure.gravatar.com\/avatar\/fe848d2435b65c3ed1cdd3a8e8f3bb2d?s=96&d=mm&r=g\",\"contentUrl\":\"https:\/\/secure.gravatar.com\/avatar\/fe848d2435b65c3ed1cdd3a8e8f3bb2d?s=96&d=mm&r=g\",\"caption\":\"admin\"},\"sameAs\":[\"https:\/\/jbcnews.com.br\"],\"url\":\"https:\/\/jbcnews.com.br\/index.php\/author\/jbcnews\/\"}]}<\/script>\n<!-- \/ Yoast SEO plugin. -->","yoast_head_json":{"title":"Rea\u00e7\u00e3o de chinesa de 76 anos ap\u00f3s ser agredida por homem branco nos EUA viraliza - JBCNews","robots":{"index":"index","follow":"follow","max-snippet":"max-snippet:-1","max-image-preview":"max-image-preview:large","max-video-preview":"max-video-preview:-1"},"canonical":"https:\/\/jbcnews.com.br\/index.php\/2021\/03\/24\/reacao-de-chinesa-de-76-anos-apos-ser-agredida-por-homem-branco-nos-eua-viraliza\/","og_locale":"pt_BR","og_type":"article","og_title":"Rea\u00e7\u00e3o de chinesa de 76 anos ap\u00f3s ser agredida por homem branco nos EUA viraliza - JBCNews","og_description":"(JBCNEWS &#8211; DF 24\/03) &#8211; Uma chinesa de 76 anos foi agredida por um homem branco de 39 anos que desconhecia na \u00faltima quarta-feira, dia 17, [\u2026]","og_url":"https:\/\/jbcnews.com.br\/index.php\/2021\/03\/24\/reacao-de-chinesa-de-76-anos-apos-ser-agredida-por-homem-branco-nos-eua-viraliza\/","og_site_name":"JBCNews","article_published_time":"2021-03-24T16:58:22+00:00","article_modified_time":"2021-03-24T16:58:23+00:00","og_image":[{"width":448,"height":298,"url":"https:\/\/jbcnews.com.br\/wp-content\/uploads\/2021\/03\/imagem-85.png","type":"image\/png"}],"author":"admin","twitter_card":"summary_large_image","twitter_misc":{"Escrito por":"admin","Est. tempo de leitura":"3 minutos"},"schema":{"@context":"https:\/\/schema.org","@graph":[{"@type":"WebPage","@id":"https:\/\/jbcnews.com.br\/index.php\/2021\/03\/24\/reacao-de-chinesa-de-76-anos-apos-ser-agredida-por-homem-branco-nos-eua-viraliza\/","url":"https:\/\/jbcnews.com.br\/index.php\/2021\/03\/24\/reacao-de-chinesa-de-76-anos-apos-ser-agredida-por-homem-branco-nos-eua-viraliza\/","name":"Rea\u00e7\u00e3o de chinesa de 76 anos ap\u00f3s ser agredida por homem branco nos EUA viraliza - JBCNews","isPartOf":{"@id":"https:\/\/jbcnews.com.br\/#website"},"primaryImageOfPage":{"@id":"https:\/\/jbcnews.com.br\/index.php\/2021\/03\/24\/reacao-de-chinesa-de-76-anos-apos-ser-agredida-por-homem-branco-nos-eua-viraliza\/#primaryimage"},"image":{"@id":"https:\/\/jbcnews.com.br\/index.php\/2021\/03\/24\/reacao-de-chinesa-de-76-anos-apos-ser-agredida-por-homem-branco-nos-eua-viraliza\/#primaryimage"},"thumbnailUrl":"https:\/\/jbcnews.com.br\/wp-content\/uploads\/2021\/03\/imagem-85.png","datePublished":"2021-03-24T16:58:22+00:00","dateModified":"2021-03-24T16:58:23+00:00","author":{"@id":"https:\/\/jbcnews.com.br\/#\/schema\/person\/3b597ec20ccf92d0adc436057caf9bbe"},"breadcrumb":{"@id":"https:\/\/jbcnews.com.br\/index.php\/2021\/03\/24\/reacao-de-chinesa-de-76-anos-apos-ser-agredida-por-homem-branco-nos-eua-viraliza\/#breadcrumb"},"inLanguage":"pt-BR","potentialAction":[{"@type":"ReadAction","target":["https:\/\/jbcnews.com.br\/index.php\/2021\/03\/24\/reacao-de-chinesa-de-76-anos-apos-ser-agredida-por-homem-branco-nos-eua-viraliza\/"]}]},{"@type":"ImageObject","inLanguage":"pt-BR","@id":"https:\/\/jbcnews.com.br\/index.php\/2021\/03\/24\/reacao-de-chinesa-de-76-anos-apos-ser-agredida-por-homem-branco-nos-eua-viraliza\/#primaryimage","url":"https:\/\/jbcnews.com.br\/wp-content\/uploads\/2021\/03\/imagem-85.png","contentUrl":"https:\/\/jbcnews.com.br\/wp-content\/uploads\/2021\/03\/imagem-85.png","width":448,"height":298},{"@type":"BreadcrumbList","@id":"https:\/\/jbcnews.com.br\/index.php\/2021\/03\/24\/reacao-de-chinesa-de-76-anos-apos-ser-agredida-por-homem-branco-nos-eua-viraliza\/#breadcrumb","itemListElement":[{"@type":"ListItem","position":1,"name":"In\u00edcio","item":"https:\/\/jbcnews.com.br\/"},{"@type":"ListItem","position":2,"name":"Rea\u00e7\u00e3o de chinesa de 76 anos ap\u00f3s ser agredida por homem branco nos EUA viraliza"}]},{"@type":"WebSite","@id":"https:\/\/jbcnews.com.br\/#website","url":"https:\/\/jbcnews.com.br\/","name":"JBCNews","description":"Comunica\u00e7\u00e3o e Cultura","potentialAction":[{"@type":"SearchAction","target":{"@type":"EntryPoint","urlTemplate":"https:\/\/jbcnews.com.br\/?s={search_term_string}"},"query-input":"required name=search_term_string"}],"inLanguage":"pt-BR"},{"@type":"Person","@id":"https:\/\/jbcnews.com.br\/#\/schema\/person\/3b597ec20ccf92d0adc436057caf9bbe","name":"admin","image":{"@type":"ImageObject","inLanguage":"pt-BR","@id":"https:\/\/jbcnews.com.br\/#\/schema\/person\/image\/","url":"https:\/\/secure.gravatar.com\/avatar\/fe848d2435b65c3ed1cdd3a8e8f3bb2d?s=96&d=mm&r=g","contentUrl":"https:\/\/secure.gravatar.com\/avatar\/fe848d2435b65c3ed1cdd3a8e8f3bb2d?s=96&d=mm&r=g","caption":"admin"},"sameAs":["https:\/\/jbcnews.com.br"],"url":"https:\/\/jbcnews.com.br\/index.php\/author\/jbcnews\/"}]}},"_links":{"self":[{"href":"https:\/\/jbcnews.com.br\/index.php\/wp-json\/wp\/v2\/posts\/2807"}],"collection":[{"href":"https:\/\/jbcnews.com.br\/index.php\/wp-json\/wp\/v2\/posts"}],"about":[{"href":"https:\/\/jbcnews.com.br\/index.php\/wp-json\/wp\/v2\/types\/post"}],"author":[{"embeddable":true,"href":"https:\/\/jbcnews.com.br\/index.php\/wp-json\/wp\/v2\/users\/1"}],"replies":[{"embeddable":true,"href":"https:\/\/jbcnews.com.br\/index.php\/wp-json\/wp\/v2\/comments?post=2807"}],"version-history":[{"count":1,"href":"https:\/\/jbcnews.com.br\/index.php\/wp-json\/wp\/v2\/posts\/2807\/revisions"}],"predecessor-version":[{"id":2809,"href":"https:\/\/jbcnews.com.br\/index.php\/wp-json\/wp\/v2\/posts\/2807\/revisions\/2809"}],"wp:featuredmedia":[{"embeddable":true,"href":"https:\/\/jbcnews.com.br\/index.php\/wp-json\/wp\/v2\/media\/2808"}],"wp:attachment":[{"href":"https:\/\/jbcnews.com.br\/index.php\/wp-json\/wp\/v2\/media?parent=2807"}],"wp:term":[{"taxonomy":"category","embeddable":true,"href":"https:\/\/jbcnews.com.br\/index.php\/wp-json\/wp\/v2\/categories?post=2807"},{"taxonomy":"post_tag","embeddable":true,"href":"https:\/\/jbcnews.com.br\/index.php\/wp-json\/wp\/v2\/tags?post=2807"}],"curies":[{"name":"wp","href":"https:\/\/api.w.org\/{rel}","templated":true}]}}