{"id":2804,"date":"2021-03-24T16:52:12","date_gmt":"2021-03-24T16:52:12","guid":{"rendered":"https:\/\/jbcnews.com.br\/?p=2804"},"modified":"2021-03-24T16:52:13","modified_gmt":"2021-03-24T16:52:13","slug":"lira-e-pacheco-levarao-proposta-de-empresarios-a-bolsonaro-como-vacinacao-por-companhias-privadas","status":"publish","type":"post","link":"https:\/\/jbcnews.com.br\/index.php\/2021\/03\/24\/lira-e-pacheco-levarao-proposta-de-empresarios-a-bolsonaro-como-vacinacao-por-companhias-privadas\/","title":{"rendered":"Lira e Pacheco levar\u00e3o proposta de empres\u00e1rios a Bolsonaro, como vacina\u00e7\u00e3o por companhias privadas."},"content":{"rendered":"\n<p>(JBCNEWS &#8211; DF 24\/03) &#8211; Os presidentes da C\u00e2mara e do Senado, Arthur Lira (PP-AL) e Rodrigo Pacheco (DEM-MG), levar\u00e3o amanh\u00e3 ao presidente Jair Bolsonaro ao menos tr\u00eas propostas que receberam ontem de empres\u00e1rios do setor hospitalar, de planos de sa\u00fade e de bancos, para o enfrentamento \u00e0 pandemia. No encontro de ontem, empres\u00e1rios disseram que gostariam de colaborar com o poder p\u00fablico em meio \u00e0 dificuldade do governo de conduzir o combate ao Covid-19.<\/p>\n\n\n\n<p>Representantes do setor hospitalar querem que o governo zere a al\u00edquota de importa\u00e7\u00e3o de insumos hospitalares, em falta nas unidades, para que possam abastecer a rede e manter estoque para o m\u00e9dio prazo. Tamb\u00e9m ser\u00e1 discutido um pleito de empresas que querem autoriza\u00e7\u00e3o para comprar vacinas diretamente com fabricantes para aplicar em seus funcion\u00e1rios. Ser\u00e1 levada ainda a Bolsonaro uma proposta sugerida por Lira, que dever\u00e1 ser votada nos pr\u00f3ximos dias no Congresso, que permite incentivo fiscal para empresas e pessoas f\u00edsicas que financiarem, para o Sistema \u00danico de Sa\u00fade, leitos para tratamento de Covid-19, como O GLOBO antecipou nesta segunda-feira. Uma das ideias previstas \u00e9 o abatimento no Imposto de Renda.<\/p>\n\n\n\n<p>Empres\u00e1rios que se encontraram ontem com Pacheco e Lira alegam que a aquisi\u00e7\u00e3o de vacinas para aplicar em seus funcion\u00e1rios n\u00e3o representaria desrespeito \u00e0 fila de vacina\u00e7\u00e3o. O grupo argumenta que as vacinas seriam compradas diretamente com fabricantes e que o impacto nos hospitais p\u00fablicos seria positivo, tendo em vista que os funcion\u00e1rios vacinados por essas companhias n\u00e3o precisam se vacinar no sistema p\u00fablico e, assim, abriram espa\u00e7o para agilizar a aplica\u00e7\u00e3o de doses. Caso esse pleito seja atendido, a expectativa \u00e9 que a previs\u00e3o legal seja estabelecida por Medida Provis\u00f3ria.<\/p>\n","protected":false},"excerpt":{"rendered":"<p>(JBCNEWS &#8211; DF 24\/03) &#8211; Os presidentes da C\u00e2mara e do Senado, Arthur Lira (PP-AL) e Rodrigo Pacheco (DEM-MG), levar\u00e3o amanh\u00e3 ao presidente Jair Bolsonaro ao<span class=\"excerpt-hellip\"> [\u2026]<\/span><\/p>\n","protected":false},"author":1,"featured_media":2805,"comment_status":"open","ping_status":"open","sticky":false,"template":"","format":"standard","meta":{"footnotes":""},"categories":[20],"tags":[],"yoast_head":"<!-- This site is optimized with the Yoast SEO plugin v22.6 - https:\/\/yoast.com\/wordpress\/plugins\/seo\/ -->\n<title>Lira e Pacheco levar\u00e3o proposta de empres\u00e1rios a Bolsonaro, como vacina\u00e7\u00e3o por companhias privadas. - JBCNews<\/title>\n<meta name=\"robots\" content=\"index, follow, max-snippet:-1, max-image-preview:large, max-video-preview:-1\" \/>\n<link rel=\"canonical\" href=\"https:\/\/jbcnews.com.br\/index.php\/2021\/03\/24\/lira-e-pacheco-levarao-proposta-de-empresarios-a-bolsonaro-como-vacinacao-por-companhias-privadas\/\" \/>\n<meta property=\"og:locale\" content=\"pt_BR\" \/>\n<meta property=\"og:type\" content=\"article\" \/>\n<meta property=\"og:title\" content=\"Lira e Pacheco levar\u00e3o proposta de empres\u00e1rios a Bolsonaro, como vacina\u00e7\u00e3o por companhias privadas. - JBCNews\" \/>\n<meta property=\"og:description\" content=\"(JBCNEWS &#8211; DF 24\/03) &#8211; Os presidentes da C\u00e2mara e do Senado, Arthur Lira (PP-AL) e Rodrigo Pacheco (DEM-MG), levar\u00e3o amanh\u00e3 ao presidente Jair Bolsonaro ao [\u2026]\" \/>\n<meta property=\"og:url\" content=\"https:\/\/jbcnews.com.br\/index.php\/2021\/03\/24\/lira-e-pacheco-levarao-proposta-de-empresarios-a-bolsonaro-como-vacinacao-por-companhias-privadas\/\" \/>\n<meta property=\"og:site_name\" content=\"JBCNews\" \/>\n<meta property=\"article:published_time\" content=\"2021-03-24T16:52:12+00:00\" \/>\n<meta property=\"article:modified_time\" content=\"2021-03-24T16:52:13+00:00\" \/>\n<meta property=\"og:image\" content=\"https:\/\/jbcnews.com.br\/wp-content\/uploads\/2021\/03\/imagem-84.png\" \/>\n\t<meta property=\"og:image:width\" content=\"959\" \/>\n\t<meta property=\"og:image:height\" content=\"417\" \/>\n\t<meta property=\"og:image:type\" content=\"image\/png\" \/>\n<meta name=\"author\" content=\"admin\" \/>\n<meta name=\"twitter:card\" content=\"summary_large_image\" \/>\n<meta name=\"twitter:label1\" content=\"Escrito por\" \/>\n\t<meta name=\"twitter:data1\" content=\"admin\" \/>\n\t<meta name=\"twitter:label2\" content=\"Est. tempo de leitura\" \/>\n\t<meta name=\"twitter:data2\" content=\"2 minutos\" \/>\n<script type=\"application\/ld+json\" class=\"yoast-schema-graph\">{\"@context\":\"https:\/\/schema.org\",\"@graph\":[{\"@type\":\"WebPage\",\"@id\":\"https:\/\/jbcnews.com.br\/index.php\/2021\/03\/24\/lira-e-pacheco-levarao-proposta-de-empresarios-a-bolsonaro-como-vacinacao-por-companhias-privadas\/\",\"url\":\"https:\/\/jbcnews.com.br\/index.php\/2021\/03\/24\/lira-e-pacheco-levarao-proposta-de-empresarios-a-bolsonaro-como-vacinacao-por-companhias-privadas\/\",\"name\":\"Lira e Pacheco levar\u00e3o proposta de empres\u00e1rios a Bolsonaro, como vacina\u00e7\u00e3o por companhias privadas. - JBCNews\",\"isPartOf\":{\"@id\":\"https:\/\/jbcnews.com.br\/#website\"},\"primaryImageOfPage\":{\"@id\":\"https:\/\/jbcnews.com.br\/index.php\/2021\/03\/24\/lira-e-pacheco-levarao-proposta-de-empresarios-a-bolsonaro-como-vacinacao-por-companhias-privadas\/#primaryimage\"},\"image\":{\"@id\":\"https:\/\/jbcnews.com.br\/index.php\/2021\/03\/24\/lira-e-pacheco-levarao-proposta-de-empresarios-a-bolsonaro-como-vacinacao-por-companhias-privadas\/#primaryimage\"},\"thumbnailUrl\":\"https:\/\/jbcnews.com.br\/wp-content\/uploads\/2021\/03\/imagem-84.png\",\"datePublished\":\"2021-03-24T16:52:12+00:00\",\"dateModified\":\"2021-03-24T16:52:13+00:00\",\"author\":{\"@id\":\"https:\/\/jbcnews.com.br\/#\/schema\/person\/3b597ec20ccf92d0adc436057caf9bbe\"},\"breadcrumb\":{\"@id\":\"https:\/\/jbcnews.com.br\/index.php\/2021\/03\/24\/lira-e-pacheco-levarao-proposta-de-empresarios-a-bolsonaro-como-vacinacao-por-companhias-privadas\/#breadcrumb\"},\"inLanguage\":\"pt-BR\",\"potentialAction\":[{\"@type\":\"ReadAction\",\"target\":[\"https:\/\/jbcnews.com.br\/index.php\/2021\/03\/24\/lira-e-pacheco-levarao-proposta-de-empresarios-a-bolsonaro-como-vacinacao-por-companhias-privadas\/\"]}]},{\"@type\":\"ImageObject\",\"inLanguage\":\"pt-BR\",\"@id\":\"https:\/\/jbcnews.com.br\/index.php\/2021\/03\/24\/lira-e-pacheco-levarao-proposta-de-empresarios-a-bolsonaro-como-vacinacao-por-companhias-privadas\/#primaryimage\",\"url\":\"https:\/\/jbcnews.com.br\/wp-content\/uploads\/2021\/03\/imagem-84.png\",\"contentUrl\":\"https:\/\/jbcnews.com.br\/wp-content\/uploads\/2021\/03\/imagem-84.png\",\"width\":959,\"height\":417},{\"@type\":\"BreadcrumbList\",\"@id\":\"https:\/\/jbcnews.com.br\/index.php\/2021\/03\/24\/lira-e-pacheco-levarao-proposta-de-empresarios-a-bolsonaro-como-vacinacao-por-companhias-privadas\/#breadcrumb\",\"itemListElement\":[{\"@type\":\"ListItem\",\"position\":1,\"name\":\"In\u00edcio\",\"item\":\"https:\/\/jbcnews.com.br\/\"},{\"@type\":\"ListItem\",\"position\":2,\"name\":\"Lira e Pacheco levar\u00e3o proposta de empres\u00e1rios a Bolsonaro, como vacina\u00e7\u00e3o por companhias privadas.\"}]},{\"@type\":\"WebSite\",\"@id\":\"https:\/\/jbcnews.com.br\/#website\",\"url\":\"https:\/\/jbcnews.com.br\/\",\"name\":\"JBCNews\",\"description\":\"Comunica\u00e7\u00e3o e Cultura\",\"potentialAction\":[{\"@type\":\"SearchAction\",\"target\":{\"@type\":\"EntryPoint\",\"urlTemplate\":\"https:\/\/jbcnews.com.br\/?s={search_term_string}\"},\"query-input\":\"required name=search_term_string\"}],\"inLanguage\":\"pt-BR\"},{\"@type\":\"Person\",\"@id\":\"https:\/\/jbcnews.com.br\/#\/schema\/person\/3b597ec20ccf92d0adc436057caf9bbe\",\"name\":\"admin\",\"image\":{\"@type\":\"ImageObject\",\"inLanguage\":\"pt-BR\",\"@id\":\"https:\/\/jbcnews.com.br\/#\/schema\/person\/image\/\",\"url\":\"https:\/\/secure.gravatar.com\/avatar\/fe848d2435b65c3ed1cdd3a8e8f3bb2d?s=96&d=mm&r=g\",\"contentUrl\":\"https:\/\/secure.gravatar.com\/avatar\/fe848d2435b65c3ed1cdd3a8e8f3bb2d?s=96&d=mm&r=g\",\"caption\":\"admin\"},\"sameAs\":[\"https:\/\/jbcnews.com.br\"],\"url\":\"https:\/\/jbcnews.com.br\/index.php\/author\/jbcnews\/\"}]}<\/script>\n<!-- \/ Yoast SEO plugin. -->","yoast_head_json":{"title":"Lira e Pacheco levar\u00e3o proposta de empres\u00e1rios a Bolsonaro, como vacina\u00e7\u00e3o por companhias privadas. - JBCNews","robots":{"index":"index","follow":"follow","max-snippet":"max-snippet:-1","max-image-preview":"max-image-preview:large","max-video-preview":"max-video-preview:-1"},"canonical":"https:\/\/jbcnews.com.br\/index.php\/2021\/03\/24\/lira-e-pacheco-levarao-proposta-de-empresarios-a-bolsonaro-como-vacinacao-por-companhias-privadas\/","og_locale":"pt_BR","og_type":"article","og_title":"Lira e Pacheco levar\u00e3o proposta de empres\u00e1rios a Bolsonaro, como vacina\u00e7\u00e3o por companhias privadas. - JBCNews","og_description":"(JBCNEWS &#8211; DF 24\/03) &#8211; Os presidentes da C\u00e2mara e do Senado, Arthur Lira (PP-AL) e Rodrigo Pacheco (DEM-MG), levar\u00e3o amanh\u00e3 ao presidente Jair Bolsonaro ao [\u2026]","og_url":"https:\/\/jbcnews.com.br\/index.php\/2021\/03\/24\/lira-e-pacheco-levarao-proposta-de-empresarios-a-bolsonaro-como-vacinacao-por-companhias-privadas\/","og_site_name":"JBCNews","article_published_time":"2021-03-24T16:52:12+00:00","article_modified_time":"2021-03-24T16:52:13+00:00","og_image":[{"width":959,"height":417,"url":"https:\/\/jbcnews.com.br\/wp-content\/uploads\/2021\/03\/imagem-84.png","type":"image\/png"}],"author":"admin","twitter_card":"summary_large_image","twitter_misc":{"Escrito por":"admin","Est. tempo de leitura":"2 minutos"},"schema":{"@context":"https:\/\/schema.org","@graph":[{"@type":"WebPage","@id":"https:\/\/jbcnews.com.br\/index.php\/2021\/03\/24\/lira-e-pacheco-levarao-proposta-de-empresarios-a-bolsonaro-como-vacinacao-por-companhias-privadas\/","url":"https:\/\/jbcnews.com.br\/index.php\/2021\/03\/24\/lira-e-pacheco-levarao-proposta-de-empresarios-a-bolsonaro-como-vacinacao-por-companhias-privadas\/","name":"Lira e Pacheco levar\u00e3o proposta de empres\u00e1rios a Bolsonaro, como vacina\u00e7\u00e3o por companhias privadas. - JBCNews","isPartOf":{"@id":"https:\/\/jbcnews.com.br\/#website"},"primaryImageOfPage":{"@id":"https:\/\/jbcnews.com.br\/index.php\/2021\/03\/24\/lira-e-pacheco-levarao-proposta-de-empresarios-a-bolsonaro-como-vacinacao-por-companhias-privadas\/#primaryimage"},"image":{"@id":"https:\/\/jbcnews.com.br\/index.php\/2021\/03\/24\/lira-e-pacheco-levarao-proposta-de-empresarios-a-bolsonaro-como-vacinacao-por-companhias-privadas\/#primaryimage"},"thumbnailUrl":"https:\/\/jbcnews.com.br\/wp-content\/uploads\/2021\/03\/imagem-84.png","datePublished":"2021-03-24T16:52:12+00:00","dateModified":"2021-03-24T16:52:13+00:00","author":{"@id":"https:\/\/jbcnews.com.br\/#\/schema\/person\/3b597ec20ccf92d0adc436057caf9bbe"},"breadcrumb":{"@id":"https:\/\/jbcnews.com.br\/index.php\/2021\/03\/24\/lira-e-pacheco-levarao-proposta-de-empresarios-a-bolsonaro-como-vacinacao-por-companhias-privadas\/#breadcrumb"},"inLanguage":"pt-BR","potentialAction":[{"@type":"ReadAction","target":["https:\/\/jbcnews.com.br\/index.php\/2021\/03\/24\/lira-e-pacheco-levarao-proposta-de-empresarios-a-bolsonaro-como-vacinacao-por-companhias-privadas\/"]}]},{"@type":"ImageObject","inLanguage":"pt-BR","@id":"https:\/\/jbcnews.com.br\/index.php\/2021\/03\/24\/lira-e-pacheco-levarao-proposta-de-empresarios-a-bolsonaro-como-vacinacao-por-companhias-privadas\/#primaryimage","url":"https:\/\/jbcnews.com.br\/wp-content\/uploads\/2021\/03\/imagem-84.png","contentUrl":"https:\/\/jbcnews.com.br\/wp-content\/uploads\/2021\/03\/imagem-84.png","width":959,"height":417},{"@type":"BreadcrumbList","@id":"https:\/\/jbcnews.com.br\/index.php\/2021\/03\/24\/lira-e-pacheco-levarao-proposta-de-empresarios-a-bolsonaro-como-vacinacao-por-companhias-privadas\/#breadcrumb","itemListElement":[{"@type":"ListItem","position":1,"name":"In\u00edcio","item":"https:\/\/jbcnews.com.br\/"},{"@type":"ListItem","position":2,"name":"Lira e Pacheco levar\u00e3o proposta de empres\u00e1rios a Bolsonaro, como vacina\u00e7\u00e3o por companhias privadas."}]},{"@type":"WebSite","@id":"https:\/\/jbcnews.com.br\/#website","url":"https:\/\/jbcnews.com.br\/","name":"JBCNews","description":"Comunica\u00e7\u00e3o e Cultura","potentialAction":[{"@type":"SearchAction","target":{"@type":"EntryPoint","urlTemplate":"https:\/\/jbcnews.com.br\/?s={search_term_string}"},"query-input":"required name=search_term_string"}],"inLanguage":"pt-BR"},{"@type":"Person","@id":"https:\/\/jbcnews.com.br\/#\/schema\/person\/3b597ec20ccf92d0adc436057caf9bbe","name":"admin","image":{"@type":"ImageObject","inLanguage":"pt-BR","@id":"https:\/\/jbcnews.com.br\/#\/schema\/person\/image\/","url":"https:\/\/secure.gravatar.com\/avatar\/fe848d2435b65c3ed1cdd3a8e8f3bb2d?s=96&d=mm&r=g","contentUrl":"https:\/\/secure.gravatar.com\/avatar\/fe848d2435b65c3ed1cdd3a8e8f3bb2d?s=96&d=mm&r=g","caption":"admin"},"sameAs":["https:\/\/jbcnews.com.br"],"url":"https:\/\/jbcnews.com.br\/index.php\/author\/jbcnews\/"}]}},"_links":{"self":[{"href":"https:\/\/jbcnews.com.br\/index.php\/wp-json\/wp\/v2\/posts\/2804"}],"collection":[{"href":"https:\/\/jbcnews.com.br\/index.php\/wp-json\/wp\/v2\/posts"}],"about":[{"href":"https:\/\/jbcnews.com.br\/index.php\/wp-json\/wp\/v2\/types\/post"}],"author":[{"embeddable":true,"href":"https:\/\/jbcnews.com.br\/index.php\/wp-json\/wp\/v2\/users\/1"}],"replies":[{"embeddable":true,"href":"https:\/\/jbcnews.com.br\/index.php\/wp-json\/wp\/v2\/comments?post=2804"}],"version-history":[{"count":1,"href":"https:\/\/jbcnews.com.br\/index.php\/wp-json\/wp\/v2\/posts\/2804\/revisions"}],"predecessor-version":[{"id":2806,"href":"https:\/\/jbcnews.com.br\/index.php\/wp-json\/wp\/v2\/posts\/2804\/revisions\/2806"}],"wp:featuredmedia":[{"embeddable":true,"href":"https:\/\/jbcnews.com.br\/index.php\/wp-json\/wp\/v2\/media\/2805"}],"wp:attachment":[{"href":"https:\/\/jbcnews.com.br\/index.php\/wp-json\/wp\/v2\/media?parent=2804"}],"wp:term":[{"taxonomy":"category","embeddable":true,"href":"https:\/\/jbcnews.com.br\/index.php\/wp-json\/wp\/v2\/categories?post=2804"},{"taxonomy":"post_tag","embeddable":true,"href":"https:\/\/jbcnews.com.br\/index.php\/wp-json\/wp\/v2\/tags?post=2804"}],"curies":[{"name":"wp","href":"https:\/\/api.w.org\/{rel}","templated":true}]}}