{"id":2801,"date":"2021-03-24T16:49:51","date_gmt":"2021-03-24T16:49:51","guid":{"rendered":"https:\/\/jbcnews.com.br\/?p=2801"},"modified":"2021-03-24T16:49:53","modified_gmt":"2021-03-24T16:49:53","slug":"ha-dois-caminhos-que-podemos-perseguir-no-brasil-neste-momento-o-da-uniao-nacional-e-o-do-caos-nacional-diz-pacheco","status":"publish","type":"post","link":"https:\/\/jbcnews.com.br\/index.php\/2021\/03\/24\/ha-dois-caminhos-que-podemos-perseguir-no-brasil-neste-momento-o-da-uniao-nacional-e-o-do-caos-nacional-diz-pacheco\/","title":{"rendered":"&#8216;H\u00e1 dois caminhos que podemos perseguir no Brasil neste momento: o da uni\u00e3o nacional e o do caos nacional&#8217;, diz Pacheco."},"content":{"rendered":"\n<p>(JBCNEWS &#8211; DF 24\/03 &#8211; O presidente do Senado, Rodrigo Pacheco (DEM-MG), defendeu a realiza\u00e7\u00e3o de um pacto federal dos Tr\u00eas Poderes para o enfrentamento da Covid-19, que assola o Brasil. O foco do Congresso Nacional estaria voltado para a minimiza\u00e7\u00e3o dos impactos da pandemia nas pr\u00f3ximas semanas. Para o parlamentar, a solu\u00e7\u00e3o para a crise sanit\u00e1ria perpassa a uni\u00e3o entre os atores e personagens pol\u00edticos.<\/p>\n\n\n\n<p>Nessa perspectiva, o presidente da Rep\u00fablica, Jair Bolsonaro, o presidente da C\u00e2mara, Arthur Lira (PP-AL), o presidente do Supremo Tribunal Federal (STF), Luiz Fux, al\u00e9m de Pacheco, se re\u00fanem na manh\u00e3 desta quarta-feira no Pal\u00e1cio da Alvorada.<\/p>\n\n\n\n<p>\u2014 (A expectativa \u00e9) dar conta desse desafio e dessa solu\u00e7\u00e3o a partir de um pacto nacional que envolve um conceito muito importante que \u00e9 o da uni\u00e3o. H\u00e1 dois caminhos que podemos perseguir no Brasil neste momento: o da uni\u00e3o nacional e o do caos nacional e a\u00ed cabe a n\u00f3s decidirmos \u2014 declarou, em evento organizado pelo jornal Correio Braziliense.<\/p>\n\n\n\n<p>No contexto p\u00f3s-pandemia, Pacheco afirmou que os maiores desafios brasileiros ser\u00e3o relativos \u00e0 economia. A desburocratiza\u00e7\u00e3o econ\u00f4mica, com simplifica\u00e7\u00e3o tribut\u00e1ria e de sistemas, a unifica\u00e7\u00e3o de tributos e o combate \u00e0 sonega\u00e7\u00e3o fiscal se incluem no planejamento.<\/p>\n\n\n\n<p>\u2014 Retomar o crescimento econ\u00f4mico do Brasil e fazer um crescimento econ\u00f4mico que seja sustent\u00e1vel, em bases muito s\u00f3lidas de responsabilidade fiscal, j\u00e1 permitido pela EC 109 promulgada pelo Congresso Nacional e que estabelece o protocolo fiscal para os momentos de crise.<\/p>\n","protected":false},"excerpt":{"rendered":"<p>(JBCNEWS &#8211; DF 24\/03 &#8211; O presidente do Senado, Rodrigo Pacheco (DEM-MG), defendeu a realiza\u00e7\u00e3o de um pacto federal dos Tr\u00eas Poderes para o enfrentamento da<span class=\"excerpt-hellip\"> [\u2026]<\/span><\/p>\n","protected":false},"author":1,"featured_media":2802,"comment_status":"open","ping_status":"open","sticky":false,"template":"","format":"standard","meta":{"footnotes":""},"categories":[20],"tags":[],"yoast_head":"<!-- This site is optimized with the Yoast SEO plugin v22.6 - https:\/\/yoast.com\/wordpress\/plugins\/seo\/ -->\n<title>&#039;H\u00e1 dois caminhos que podemos perseguir no Brasil neste momento: o da uni\u00e3o nacional e o do caos nacional&#039;, diz Pacheco. - JBCNews<\/title>\n<meta name=\"robots\" content=\"index, follow, max-snippet:-1, max-image-preview:large, max-video-preview:-1\" \/>\n<link rel=\"canonical\" href=\"https:\/\/jbcnews.com.br\/index.php\/2021\/03\/24\/ha-dois-caminhos-que-podemos-perseguir-no-brasil-neste-momento-o-da-uniao-nacional-e-o-do-caos-nacional-diz-pacheco\/\" \/>\n<meta property=\"og:locale\" content=\"pt_BR\" \/>\n<meta property=\"og:type\" content=\"article\" \/>\n<meta property=\"og:title\" content=\"&#039;H\u00e1 dois caminhos que podemos perseguir no Brasil neste momento: o da uni\u00e3o nacional e o do caos nacional&#039;, diz Pacheco. - JBCNews\" \/>\n<meta property=\"og:description\" content=\"(JBCNEWS &#8211; DF 24\/03 &#8211; O presidente do Senado, Rodrigo Pacheco (DEM-MG), defendeu a realiza\u00e7\u00e3o de um pacto federal dos Tr\u00eas Poderes para o enfrentamento da [\u2026]\" \/>\n<meta property=\"og:url\" content=\"https:\/\/jbcnews.com.br\/index.php\/2021\/03\/24\/ha-dois-caminhos-que-podemos-perseguir-no-brasil-neste-momento-o-da-uniao-nacional-e-o-do-caos-nacional-diz-pacheco\/\" \/>\n<meta property=\"og:site_name\" content=\"JBCNews\" \/>\n<meta property=\"article:published_time\" content=\"2021-03-24T16:49:51+00:00\" \/>\n<meta property=\"article:modified_time\" content=\"2021-03-24T16:49:53+00:00\" \/>\n<meta property=\"og:image\" content=\"https:\/\/jbcnews.com.br\/wp-content\/uploads\/2021\/03\/imagem-83.png\" \/>\n\t<meta property=\"og:image:width\" content=\"448\" \/>\n\t<meta property=\"og:image:height\" content=\"299\" \/>\n\t<meta property=\"og:image:type\" content=\"image\/png\" \/>\n<meta name=\"author\" content=\"admin\" \/>\n<meta name=\"twitter:card\" content=\"summary_large_image\" \/>\n<meta name=\"twitter:label1\" content=\"Escrito por\" \/>\n\t<meta name=\"twitter:data1\" content=\"admin\" \/>\n\t<meta name=\"twitter:label2\" content=\"Est. tempo de leitura\" \/>\n\t<meta name=\"twitter:data2\" content=\"1 minuto\" \/>\n<script type=\"application\/ld+json\" class=\"yoast-schema-graph\">{\"@context\":\"https:\/\/schema.org\",\"@graph\":[{\"@type\":\"WebPage\",\"@id\":\"https:\/\/jbcnews.com.br\/index.php\/2021\/03\/24\/ha-dois-caminhos-que-podemos-perseguir-no-brasil-neste-momento-o-da-uniao-nacional-e-o-do-caos-nacional-diz-pacheco\/\",\"url\":\"https:\/\/jbcnews.com.br\/index.php\/2021\/03\/24\/ha-dois-caminhos-que-podemos-perseguir-no-brasil-neste-momento-o-da-uniao-nacional-e-o-do-caos-nacional-diz-pacheco\/\",\"name\":\"'H\u00e1 dois caminhos que podemos perseguir no Brasil neste momento: o da uni\u00e3o nacional e o do caos nacional', diz Pacheco. - JBCNews\",\"isPartOf\":{\"@id\":\"https:\/\/jbcnews.com.br\/#website\"},\"primaryImageOfPage\":{\"@id\":\"https:\/\/jbcnews.com.br\/index.php\/2021\/03\/24\/ha-dois-caminhos-que-podemos-perseguir-no-brasil-neste-momento-o-da-uniao-nacional-e-o-do-caos-nacional-diz-pacheco\/#primaryimage\"},\"image\":{\"@id\":\"https:\/\/jbcnews.com.br\/index.php\/2021\/03\/24\/ha-dois-caminhos-que-podemos-perseguir-no-brasil-neste-momento-o-da-uniao-nacional-e-o-do-caos-nacional-diz-pacheco\/#primaryimage\"},\"thumbnailUrl\":\"https:\/\/jbcnews.com.br\/wp-content\/uploads\/2021\/03\/imagem-83.png\",\"datePublished\":\"2021-03-24T16:49:51+00:00\",\"dateModified\":\"2021-03-24T16:49:53+00:00\",\"author\":{\"@id\":\"https:\/\/jbcnews.com.br\/#\/schema\/person\/3b597ec20ccf92d0adc436057caf9bbe\"},\"breadcrumb\":{\"@id\":\"https:\/\/jbcnews.com.br\/index.php\/2021\/03\/24\/ha-dois-caminhos-que-podemos-perseguir-no-brasil-neste-momento-o-da-uniao-nacional-e-o-do-caos-nacional-diz-pacheco\/#breadcrumb\"},\"inLanguage\":\"pt-BR\",\"potentialAction\":[{\"@type\":\"ReadAction\",\"target\":[\"https:\/\/jbcnews.com.br\/index.php\/2021\/03\/24\/ha-dois-caminhos-que-podemos-perseguir-no-brasil-neste-momento-o-da-uniao-nacional-e-o-do-caos-nacional-diz-pacheco\/\"]}]},{\"@type\":\"ImageObject\",\"inLanguage\":\"pt-BR\",\"@id\":\"https:\/\/jbcnews.com.br\/index.php\/2021\/03\/24\/ha-dois-caminhos-que-podemos-perseguir-no-brasil-neste-momento-o-da-uniao-nacional-e-o-do-caos-nacional-diz-pacheco\/#primaryimage\",\"url\":\"https:\/\/jbcnews.com.br\/wp-content\/uploads\/2021\/03\/imagem-83.png\",\"contentUrl\":\"https:\/\/jbcnews.com.br\/wp-content\/uploads\/2021\/03\/imagem-83.png\",\"width\":448,\"height\":299},{\"@type\":\"BreadcrumbList\",\"@id\":\"https:\/\/jbcnews.com.br\/index.php\/2021\/03\/24\/ha-dois-caminhos-que-podemos-perseguir-no-brasil-neste-momento-o-da-uniao-nacional-e-o-do-caos-nacional-diz-pacheco\/#breadcrumb\",\"itemListElement\":[{\"@type\":\"ListItem\",\"position\":1,\"name\":\"In\u00edcio\",\"item\":\"https:\/\/jbcnews.com.br\/\"},{\"@type\":\"ListItem\",\"position\":2,\"name\":\"&#8216;H\u00e1 dois caminhos que podemos perseguir no Brasil neste momento: o da uni\u00e3o nacional e o do caos nacional&#8217;, diz Pacheco.\"}]},{\"@type\":\"WebSite\",\"@id\":\"https:\/\/jbcnews.com.br\/#website\",\"url\":\"https:\/\/jbcnews.com.br\/\",\"name\":\"JBCNews\",\"description\":\"Comunica\u00e7\u00e3o e Cultura\",\"potentialAction\":[{\"@type\":\"SearchAction\",\"target\":{\"@type\":\"EntryPoint\",\"urlTemplate\":\"https:\/\/jbcnews.com.br\/?s={search_term_string}\"},\"query-input\":\"required name=search_term_string\"}],\"inLanguage\":\"pt-BR\"},{\"@type\":\"Person\",\"@id\":\"https:\/\/jbcnews.com.br\/#\/schema\/person\/3b597ec20ccf92d0adc436057caf9bbe\",\"name\":\"admin\",\"image\":{\"@type\":\"ImageObject\",\"inLanguage\":\"pt-BR\",\"@id\":\"https:\/\/jbcnews.com.br\/#\/schema\/person\/image\/\",\"url\":\"https:\/\/secure.gravatar.com\/avatar\/fe848d2435b65c3ed1cdd3a8e8f3bb2d?s=96&d=mm&r=g\",\"contentUrl\":\"https:\/\/secure.gravatar.com\/avatar\/fe848d2435b65c3ed1cdd3a8e8f3bb2d?s=96&d=mm&r=g\",\"caption\":\"admin\"},\"sameAs\":[\"https:\/\/jbcnews.com.br\"],\"url\":\"https:\/\/jbcnews.com.br\/index.php\/author\/jbcnews\/\"}]}<\/script>\n<!-- \/ Yoast SEO plugin. -->","yoast_head_json":{"title":"'H\u00e1 dois caminhos que podemos perseguir no Brasil neste momento: o da uni\u00e3o nacional e o do caos nacional', diz Pacheco. - JBCNews","robots":{"index":"index","follow":"follow","max-snippet":"max-snippet:-1","max-image-preview":"max-image-preview:large","max-video-preview":"max-video-preview:-1"},"canonical":"https:\/\/jbcnews.com.br\/index.php\/2021\/03\/24\/ha-dois-caminhos-que-podemos-perseguir-no-brasil-neste-momento-o-da-uniao-nacional-e-o-do-caos-nacional-diz-pacheco\/","og_locale":"pt_BR","og_type":"article","og_title":"'H\u00e1 dois caminhos que podemos perseguir no Brasil neste momento: o da uni\u00e3o nacional e o do caos nacional', diz Pacheco. - JBCNews","og_description":"(JBCNEWS &#8211; DF 24\/03 &#8211; O presidente do Senado, Rodrigo Pacheco (DEM-MG), defendeu a realiza\u00e7\u00e3o de um pacto federal dos Tr\u00eas Poderes para o enfrentamento da [\u2026]","og_url":"https:\/\/jbcnews.com.br\/index.php\/2021\/03\/24\/ha-dois-caminhos-que-podemos-perseguir-no-brasil-neste-momento-o-da-uniao-nacional-e-o-do-caos-nacional-diz-pacheco\/","og_site_name":"JBCNews","article_published_time":"2021-03-24T16:49:51+00:00","article_modified_time":"2021-03-24T16:49:53+00:00","og_image":[{"width":448,"height":299,"url":"https:\/\/jbcnews.com.br\/wp-content\/uploads\/2021\/03\/imagem-83.png","type":"image\/png"}],"author":"admin","twitter_card":"summary_large_image","twitter_misc":{"Escrito por":"admin","Est. tempo de leitura":"1 minuto"},"schema":{"@context":"https:\/\/schema.org","@graph":[{"@type":"WebPage","@id":"https:\/\/jbcnews.com.br\/index.php\/2021\/03\/24\/ha-dois-caminhos-que-podemos-perseguir-no-brasil-neste-momento-o-da-uniao-nacional-e-o-do-caos-nacional-diz-pacheco\/","url":"https:\/\/jbcnews.com.br\/index.php\/2021\/03\/24\/ha-dois-caminhos-que-podemos-perseguir-no-brasil-neste-momento-o-da-uniao-nacional-e-o-do-caos-nacional-diz-pacheco\/","name":"'H\u00e1 dois caminhos que podemos perseguir no Brasil neste momento: o da uni\u00e3o nacional e o do caos nacional', diz Pacheco. - JBCNews","isPartOf":{"@id":"https:\/\/jbcnews.com.br\/#website"},"primaryImageOfPage":{"@id":"https:\/\/jbcnews.com.br\/index.php\/2021\/03\/24\/ha-dois-caminhos-que-podemos-perseguir-no-brasil-neste-momento-o-da-uniao-nacional-e-o-do-caos-nacional-diz-pacheco\/#primaryimage"},"image":{"@id":"https:\/\/jbcnews.com.br\/index.php\/2021\/03\/24\/ha-dois-caminhos-que-podemos-perseguir-no-brasil-neste-momento-o-da-uniao-nacional-e-o-do-caos-nacional-diz-pacheco\/#primaryimage"},"thumbnailUrl":"https:\/\/jbcnews.com.br\/wp-content\/uploads\/2021\/03\/imagem-83.png","datePublished":"2021-03-24T16:49:51+00:00","dateModified":"2021-03-24T16:49:53+00:00","author":{"@id":"https:\/\/jbcnews.com.br\/#\/schema\/person\/3b597ec20ccf92d0adc436057caf9bbe"},"breadcrumb":{"@id":"https:\/\/jbcnews.com.br\/index.php\/2021\/03\/24\/ha-dois-caminhos-que-podemos-perseguir-no-brasil-neste-momento-o-da-uniao-nacional-e-o-do-caos-nacional-diz-pacheco\/#breadcrumb"},"inLanguage":"pt-BR","potentialAction":[{"@type":"ReadAction","target":["https:\/\/jbcnews.com.br\/index.php\/2021\/03\/24\/ha-dois-caminhos-que-podemos-perseguir-no-brasil-neste-momento-o-da-uniao-nacional-e-o-do-caos-nacional-diz-pacheco\/"]}]},{"@type":"ImageObject","inLanguage":"pt-BR","@id":"https:\/\/jbcnews.com.br\/index.php\/2021\/03\/24\/ha-dois-caminhos-que-podemos-perseguir-no-brasil-neste-momento-o-da-uniao-nacional-e-o-do-caos-nacional-diz-pacheco\/#primaryimage","url":"https:\/\/jbcnews.com.br\/wp-content\/uploads\/2021\/03\/imagem-83.png","contentUrl":"https:\/\/jbcnews.com.br\/wp-content\/uploads\/2021\/03\/imagem-83.png","width":448,"height":299},{"@type":"BreadcrumbList","@id":"https:\/\/jbcnews.com.br\/index.php\/2021\/03\/24\/ha-dois-caminhos-que-podemos-perseguir-no-brasil-neste-momento-o-da-uniao-nacional-e-o-do-caos-nacional-diz-pacheco\/#breadcrumb","itemListElement":[{"@type":"ListItem","position":1,"name":"In\u00edcio","item":"https:\/\/jbcnews.com.br\/"},{"@type":"ListItem","position":2,"name":"&#8216;H\u00e1 dois caminhos que podemos perseguir no Brasil neste momento: o da uni\u00e3o nacional e o do caos nacional&#8217;, diz Pacheco."}]},{"@type":"WebSite","@id":"https:\/\/jbcnews.com.br\/#website","url":"https:\/\/jbcnews.com.br\/","name":"JBCNews","description":"Comunica\u00e7\u00e3o e Cultura","potentialAction":[{"@type":"SearchAction","target":{"@type":"EntryPoint","urlTemplate":"https:\/\/jbcnews.com.br\/?s={search_term_string}"},"query-input":"required name=search_term_string"}],"inLanguage":"pt-BR"},{"@type":"Person","@id":"https:\/\/jbcnews.com.br\/#\/schema\/person\/3b597ec20ccf92d0adc436057caf9bbe","name":"admin","image":{"@type":"ImageObject","inLanguage":"pt-BR","@id":"https:\/\/jbcnews.com.br\/#\/schema\/person\/image\/","url":"https:\/\/secure.gravatar.com\/avatar\/fe848d2435b65c3ed1cdd3a8e8f3bb2d?s=96&d=mm&r=g","contentUrl":"https:\/\/secure.gravatar.com\/avatar\/fe848d2435b65c3ed1cdd3a8e8f3bb2d?s=96&d=mm&r=g","caption":"admin"},"sameAs":["https:\/\/jbcnews.com.br"],"url":"https:\/\/jbcnews.com.br\/index.php\/author\/jbcnews\/"}]}},"_links":{"self":[{"href":"https:\/\/jbcnews.com.br\/index.php\/wp-json\/wp\/v2\/posts\/2801"}],"collection":[{"href":"https:\/\/jbcnews.com.br\/index.php\/wp-json\/wp\/v2\/posts"}],"about":[{"href":"https:\/\/jbcnews.com.br\/index.php\/wp-json\/wp\/v2\/types\/post"}],"author":[{"embeddable":true,"href":"https:\/\/jbcnews.com.br\/index.php\/wp-json\/wp\/v2\/users\/1"}],"replies":[{"embeddable":true,"href":"https:\/\/jbcnews.com.br\/index.php\/wp-json\/wp\/v2\/comments?post=2801"}],"version-history":[{"count":1,"href":"https:\/\/jbcnews.com.br\/index.php\/wp-json\/wp\/v2\/posts\/2801\/revisions"}],"predecessor-version":[{"id":2803,"href":"https:\/\/jbcnews.com.br\/index.php\/wp-json\/wp\/v2\/posts\/2801\/revisions\/2803"}],"wp:featuredmedia":[{"embeddable":true,"href":"https:\/\/jbcnews.com.br\/index.php\/wp-json\/wp\/v2\/media\/2802"}],"wp:attachment":[{"href":"https:\/\/jbcnews.com.br\/index.php\/wp-json\/wp\/v2\/media?parent=2801"}],"wp:term":[{"taxonomy":"category","embeddable":true,"href":"https:\/\/jbcnews.com.br\/index.php\/wp-json\/wp\/v2\/categories?post=2801"},{"taxonomy":"post_tag","embeddable":true,"href":"https:\/\/jbcnews.com.br\/index.php\/wp-json\/wp\/v2\/tags?post=2801"}],"curies":[{"name":"wp","href":"https:\/\/api.w.org\/{rel}","templated":true}]}}