{"id":2788,"date":"2021-03-23T22:46:13","date_gmt":"2021-03-23T22:46:13","guid":{"rendered":"https:\/\/jbcnews.com.br\/?p=2788"},"modified":"2021-03-24T13:12:47","modified_gmt":"2021-03-24T13:12:47","slug":"apos-ser-lancado-ao-planalto-leite-descobre-radicalismo-de-bolsonaro","status":"publish","type":"post","link":"https:\/\/jbcnews.com.br\/index.php\/2021\/03\/23\/apos-ser-lancado-ao-planalto-leite-descobre-radicalismo-de-bolsonaro\/","title":{"rendered":"Ap\u00f3s ser lan\u00e7ado ao Planalto, Leite &#8216;descobre&#8217; radicalismo de Bolsonaro"},"content":{"rendered":"\n<div id=\"fb-root\"><\/div>\n<script async=\"\" defer=\"\" crossorigin=\"anonymous\" src=\"https:\/\/connect.facebook.net\/pt_BR\/sdk.js#xfbml=1&amp;version=v8.0\" nonce=\"umdzmuzQ\">\n<\/script>\n\n\n<script>\n\nvar conteudo_fb = encodeURIComponent(document.title + \" \" + window.location.href); \nvar conteudo_tw = encodeURIComponent(document.title + \" \" + window.location.href); \n\ndocument.getElementById('btfb').dataHref=conteudo_fb; \ndocument.getElementById('btfb').href='https:\/\/www.facebook.com\/sharer\/sharer.php?u='+conteudo_fb+'&src=sdkpreparse'; \n\ndocument.getElementById('atw').dataText=conteudo_tw; \n\n\tfunction share_whatsapp() {\n\t\tvar conteudo_wp = encodeURIComponent(document.title + \" \" + window.location.href); \n\t\tvar linkwp = \"https:\/\/api.whatsapp.com\/send?text=\" + conteudo_wp; \n\t\twindow.open(linkwp); \n\t}\n\n<\/script>\n\n<div style=\"width: 500px; height: 40px; \">\n\t<div style=\"display: nonex; width: auto; vertical-align: top; \">\n\t\t<div id=\"btfb\" class=\"fb-share-button\" data-href=\"\" data-layout=\"button\" data-size=\"small\" style=\"float: left; \">\n\t\t\t<a id=\"abtfb\" target=\"_blank\" href=\"\" class=\"fb-xfbml-parse-ignore\" style=\" \" rel=\"noopener noreferrer\">Compartilhar<\/a>\n\t\t<\/div>\n\t\t<div style=\"float: left; height: 40px; margin-left: 10px; margin-top: 7px; \">\n\t\t\t<img decoding=\"async\" src=\"https:\/\/getsupbrazil.com.br\/brasilnordeste\/images\/share-whatsapp.png\" style=\"height: 18px; cursor: pointer;  \" onclick=\"share_whatsapp(); \">\n\t\t<\/div>\n\t\t<div style=\"float: left; height: 40px; margin-left: 10px; margin-top: 7px; \">\n\t\t\t<a href=\"https:\/\/twitter.com\/share?ref_src=twsrc%5Etfw\" class=\"twitter-share-button\" data-text=\"\" data-via=\"BrasilNordeste2\" data-lang=\"pt\" data-show-count=\"false\">Tweet<\/a><script async src=\"https:\/\/platform.twitter.com\/widgets.js\" charset=\"utf-8\"><\/script>\n\t\t<\/div>\n\t\t<div style=\"clear: both; \"><\/div>\n\t<\/div>\n\n\t<!-- <img decoding=\"async\" src=\"https:\/\/getsupbrazil.com.br\/brasilnordeste\/images\/share-facebook.png\" style=\"height: 18px; cursor: pointer; \" onclick=\"share_facebook(); \" > -->\n\n<\/div>\n<br>\n\n\n\n\n<p>(JBCNEWS &#8211; DF 23\/03) &#8211; No \u00faltimo dia 14, um domingo, enquanto uma ruidosa carreata passava em frente ao Pal\u00e1cio Piratini, sede do governo ga\u00facho, com faixas de &#8220;Fora Leite&#8221; e &#8220;Lockdown n\u00e3o&#8221;, o governador Eduardo Leite (PSDB) despachava na ala residencial do pr\u00e9dio em Porto Alegre e nem ouviu o buzina\u00e7o do final da manh\u00e3.<\/p>\n\n\n\n<p>Desde que foi informalmente lan\u00e7ado pr\u00e9-candidato do PSDB \u00e0 Presid\u00eancia, em fevereiro, Leite, 35, enfrenta uma campanha de press\u00e3o de entidades empresariais pela retomada da economia.<\/p>\n\n\n\n<p>O governo do estado imp\u00f4s restri\u00e7\u00f5es sanit\u00e1rias em 8 de mar\u00e7o para tentar frear a dissemina\u00e7\u00e3o do coronav\u00edrus, que j\u00e1 matou mais de 15.800 pessoas no Rio Grande do Sul.<\/p>\n","protected":false},"excerpt":{"rendered":"<p>Compartilhar Tweet (JBCNEWS &#8211; DF 23\/03) &#8211; No \u00faltimo dia 14, um domingo, enquanto uma ruidosa carreata passava em frente ao Pal\u00e1cio Piratini, sede do governo<span class=\"excerpt-hellip\"> [\u2026]<\/span><\/p>\n","protected":false},"author":1,"featured_media":2789,"comment_status":"open","ping_status":"open","sticky":false,"template":"","format":"standard","meta":{"footnotes":""},"categories":[20,1],"tags":[],"yoast_head":"<!-- This site is optimized with the Yoast SEO plugin v22.6 - https:\/\/yoast.com\/wordpress\/plugins\/seo\/ -->\n<title>Ap\u00f3s ser lan\u00e7ado ao Planalto, Leite &#039;descobre&#039; radicalismo de Bolsonaro - JBCNews<\/title>\n<meta name=\"robots\" content=\"index, follow, max-snippet:-1, max-image-preview:large, max-video-preview:-1\" \/>\n<link rel=\"canonical\" href=\"https:\/\/jbcnews.com.br\/index.php\/2021\/03\/23\/apos-ser-lancado-ao-planalto-leite-descobre-radicalismo-de-bolsonaro\/\" \/>\n<meta property=\"og:locale\" content=\"pt_BR\" \/>\n<meta property=\"og:type\" content=\"article\" \/>\n<meta property=\"og:title\" content=\"Ap\u00f3s ser lan\u00e7ado ao Planalto, Leite &#039;descobre&#039; radicalismo de Bolsonaro - JBCNews\" \/>\n<meta property=\"og:description\" content=\"Compartilhar Tweet (JBCNEWS &#8211; DF 23\/03) &#8211; No \u00faltimo dia 14, um domingo, enquanto uma ruidosa carreata passava em frente ao Pal\u00e1cio Piratini, sede do governo [\u2026]\" \/>\n<meta property=\"og:url\" content=\"https:\/\/jbcnews.com.br\/index.php\/2021\/03\/23\/apos-ser-lancado-ao-planalto-leite-descobre-radicalismo-de-bolsonaro\/\" \/>\n<meta property=\"og:site_name\" content=\"JBCNews\" \/>\n<meta property=\"article:published_time\" content=\"2021-03-23T22:46:13+00:00\" \/>\n<meta property=\"article:modified_time\" content=\"2021-03-24T13:12:47+00:00\" \/>\n<meta property=\"og:image\" content=\"https:\/\/jbcnews.com.br\/wp-content\/uploads\/2021\/03\/imagem-58.png\" \/>\n\t<meta property=\"og:image:width\" content=\"960\" \/>\n\t<meta property=\"og:image:height\" content=\"640\" \/>\n\t<meta property=\"og:image:type\" content=\"image\/png\" \/>\n<meta name=\"author\" content=\"admin\" \/>\n<meta name=\"twitter:card\" content=\"summary_large_image\" \/>\n<meta name=\"twitter:label1\" content=\"Escrito por\" \/>\n\t<meta name=\"twitter:data1\" content=\"admin\" \/>\n\t<meta name=\"twitter:label2\" content=\"Est. tempo de leitura\" \/>\n\t<meta name=\"twitter:data2\" content=\"1 minuto\" \/>\n<script type=\"application\/ld+json\" class=\"yoast-schema-graph\">{\"@context\":\"https:\/\/schema.org\",\"@graph\":[{\"@type\":\"WebPage\",\"@id\":\"https:\/\/jbcnews.com.br\/index.php\/2021\/03\/23\/apos-ser-lancado-ao-planalto-leite-descobre-radicalismo-de-bolsonaro\/\",\"url\":\"https:\/\/jbcnews.com.br\/index.php\/2021\/03\/23\/apos-ser-lancado-ao-planalto-leite-descobre-radicalismo-de-bolsonaro\/\",\"name\":\"Ap\u00f3s ser lan\u00e7ado ao Planalto, Leite 'descobre' radicalismo de Bolsonaro - JBCNews\",\"isPartOf\":{\"@id\":\"https:\/\/jbcnews.com.br\/#website\"},\"primaryImageOfPage\":{\"@id\":\"https:\/\/jbcnews.com.br\/index.php\/2021\/03\/23\/apos-ser-lancado-ao-planalto-leite-descobre-radicalismo-de-bolsonaro\/#primaryimage\"},\"image\":{\"@id\":\"https:\/\/jbcnews.com.br\/index.php\/2021\/03\/23\/apos-ser-lancado-ao-planalto-leite-descobre-radicalismo-de-bolsonaro\/#primaryimage\"},\"thumbnailUrl\":\"https:\/\/jbcnews.com.br\/wp-content\/uploads\/2021\/03\/imagem-58.png\",\"datePublished\":\"2021-03-23T22:46:13+00:00\",\"dateModified\":\"2021-03-24T13:12:47+00:00\",\"author\":{\"@id\":\"https:\/\/jbcnews.com.br\/#\/schema\/person\/3b597ec20ccf92d0adc436057caf9bbe\"},\"breadcrumb\":{\"@id\":\"https:\/\/jbcnews.com.br\/index.php\/2021\/03\/23\/apos-ser-lancado-ao-planalto-leite-descobre-radicalismo-de-bolsonaro\/#breadcrumb\"},\"inLanguage\":\"pt-BR\",\"potentialAction\":[{\"@type\":\"ReadAction\",\"target\":[\"https:\/\/jbcnews.com.br\/index.php\/2021\/03\/23\/apos-ser-lancado-ao-planalto-leite-descobre-radicalismo-de-bolsonaro\/\"]}]},{\"@type\":\"ImageObject\",\"inLanguage\":\"pt-BR\",\"@id\":\"https:\/\/jbcnews.com.br\/index.php\/2021\/03\/23\/apos-ser-lancado-ao-planalto-leite-descobre-radicalismo-de-bolsonaro\/#primaryimage\",\"url\":\"https:\/\/jbcnews.com.br\/wp-content\/uploads\/2021\/03\/imagem-58.png\",\"contentUrl\":\"https:\/\/jbcnews.com.br\/wp-content\/uploads\/2021\/03\/imagem-58.png\",\"width\":960,\"height\":640},{\"@type\":\"BreadcrumbList\",\"@id\":\"https:\/\/jbcnews.com.br\/index.php\/2021\/03\/23\/apos-ser-lancado-ao-planalto-leite-descobre-radicalismo-de-bolsonaro\/#breadcrumb\",\"itemListElement\":[{\"@type\":\"ListItem\",\"position\":1,\"name\":\"In\u00edcio\",\"item\":\"https:\/\/jbcnews.com.br\/\"},{\"@type\":\"ListItem\",\"position\":2,\"name\":\"Ap\u00f3s ser lan\u00e7ado ao Planalto, Leite &#8216;descobre&#8217; radicalismo de Bolsonaro\"}]},{\"@type\":\"WebSite\",\"@id\":\"https:\/\/jbcnews.com.br\/#website\",\"url\":\"https:\/\/jbcnews.com.br\/\",\"name\":\"JBCNews\",\"description\":\"Comunica\u00e7\u00e3o e Cultura\",\"potentialAction\":[{\"@type\":\"SearchAction\",\"target\":{\"@type\":\"EntryPoint\",\"urlTemplate\":\"https:\/\/jbcnews.com.br\/?s={search_term_string}\"},\"query-input\":\"required name=search_term_string\"}],\"inLanguage\":\"pt-BR\"},{\"@type\":\"Person\",\"@id\":\"https:\/\/jbcnews.com.br\/#\/schema\/person\/3b597ec20ccf92d0adc436057caf9bbe\",\"name\":\"admin\",\"image\":{\"@type\":\"ImageObject\",\"inLanguage\":\"pt-BR\",\"@id\":\"https:\/\/jbcnews.com.br\/#\/schema\/person\/image\/\",\"url\":\"https:\/\/secure.gravatar.com\/avatar\/fe848d2435b65c3ed1cdd3a8e8f3bb2d?s=96&d=mm&r=g\",\"contentUrl\":\"https:\/\/secure.gravatar.com\/avatar\/fe848d2435b65c3ed1cdd3a8e8f3bb2d?s=96&d=mm&r=g\",\"caption\":\"admin\"},\"sameAs\":[\"https:\/\/jbcnews.com.br\"],\"url\":\"https:\/\/jbcnews.com.br\/index.php\/author\/jbcnews\/\"}]}<\/script>\n<!-- \/ Yoast SEO plugin. -->","yoast_head_json":{"title":"Ap\u00f3s ser lan\u00e7ado ao Planalto, Leite 'descobre' radicalismo de Bolsonaro - JBCNews","robots":{"index":"index","follow":"follow","max-snippet":"max-snippet:-1","max-image-preview":"max-image-preview:large","max-video-preview":"max-video-preview:-1"},"canonical":"https:\/\/jbcnews.com.br\/index.php\/2021\/03\/23\/apos-ser-lancado-ao-planalto-leite-descobre-radicalismo-de-bolsonaro\/","og_locale":"pt_BR","og_type":"article","og_title":"Ap\u00f3s ser lan\u00e7ado ao Planalto, Leite 'descobre' radicalismo de Bolsonaro - JBCNews","og_description":"Compartilhar Tweet (JBCNEWS &#8211; DF 23\/03) &#8211; No \u00faltimo dia 14, um domingo, enquanto uma ruidosa carreata passava em frente ao Pal\u00e1cio Piratini, sede do governo [\u2026]","og_url":"https:\/\/jbcnews.com.br\/index.php\/2021\/03\/23\/apos-ser-lancado-ao-planalto-leite-descobre-radicalismo-de-bolsonaro\/","og_site_name":"JBCNews","article_published_time":"2021-03-23T22:46:13+00:00","article_modified_time":"2021-03-24T13:12:47+00:00","og_image":[{"width":960,"height":640,"url":"https:\/\/jbcnews.com.br\/wp-content\/uploads\/2021\/03\/imagem-58.png","type":"image\/png"}],"author":"admin","twitter_card":"summary_large_image","twitter_misc":{"Escrito por":"admin","Est. tempo de leitura":"1 minuto"},"schema":{"@context":"https:\/\/schema.org","@graph":[{"@type":"WebPage","@id":"https:\/\/jbcnews.com.br\/index.php\/2021\/03\/23\/apos-ser-lancado-ao-planalto-leite-descobre-radicalismo-de-bolsonaro\/","url":"https:\/\/jbcnews.com.br\/index.php\/2021\/03\/23\/apos-ser-lancado-ao-planalto-leite-descobre-radicalismo-de-bolsonaro\/","name":"Ap\u00f3s ser lan\u00e7ado ao Planalto, Leite 'descobre' radicalismo de Bolsonaro - JBCNews","isPartOf":{"@id":"https:\/\/jbcnews.com.br\/#website"},"primaryImageOfPage":{"@id":"https:\/\/jbcnews.com.br\/index.php\/2021\/03\/23\/apos-ser-lancado-ao-planalto-leite-descobre-radicalismo-de-bolsonaro\/#primaryimage"},"image":{"@id":"https:\/\/jbcnews.com.br\/index.php\/2021\/03\/23\/apos-ser-lancado-ao-planalto-leite-descobre-radicalismo-de-bolsonaro\/#primaryimage"},"thumbnailUrl":"https:\/\/jbcnews.com.br\/wp-content\/uploads\/2021\/03\/imagem-58.png","datePublished":"2021-03-23T22:46:13+00:00","dateModified":"2021-03-24T13:12:47+00:00","author":{"@id":"https:\/\/jbcnews.com.br\/#\/schema\/person\/3b597ec20ccf92d0adc436057caf9bbe"},"breadcrumb":{"@id":"https:\/\/jbcnews.com.br\/index.php\/2021\/03\/23\/apos-ser-lancado-ao-planalto-leite-descobre-radicalismo-de-bolsonaro\/#breadcrumb"},"inLanguage":"pt-BR","potentialAction":[{"@type":"ReadAction","target":["https:\/\/jbcnews.com.br\/index.php\/2021\/03\/23\/apos-ser-lancado-ao-planalto-leite-descobre-radicalismo-de-bolsonaro\/"]}]},{"@type":"ImageObject","inLanguage":"pt-BR","@id":"https:\/\/jbcnews.com.br\/index.php\/2021\/03\/23\/apos-ser-lancado-ao-planalto-leite-descobre-radicalismo-de-bolsonaro\/#primaryimage","url":"https:\/\/jbcnews.com.br\/wp-content\/uploads\/2021\/03\/imagem-58.png","contentUrl":"https:\/\/jbcnews.com.br\/wp-content\/uploads\/2021\/03\/imagem-58.png","width":960,"height":640},{"@type":"BreadcrumbList","@id":"https:\/\/jbcnews.com.br\/index.php\/2021\/03\/23\/apos-ser-lancado-ao-planalto-leite-descobre-radicalismo-de-bolsonaro\/#breadcrumb","itemListElement":[{"@type":"ListItem","position":1,"name":"In\u00edcio","item":"https:\/\/jbcnews.com.br\/"},{"@type":"ListItem","position":2,"name":"Ap\u00f3s ser lan\u00e7ado ao Planalto, Leite &#8216;descobre&#8217; radicalismo de Bolsonaro"}]},{"@type":"WebSite","@id":"https:\/\/jbcnews.com.br\/#website","url":"https:\/\/jbcnews.com.br\/","name":"JBCNews","description":"Comunica\u00e7\u00e3o e Cultura","potentialAction":[{"@type":"SearchAction","target":{"@type":"EntryPoint","urlTemplate":"https:\/\/jbcnews.com.br\/?s={search_term_string}"},"query-input":"required name=search_term_string"}],"inLanguage":"pt-BR"},{"@type":"Person","@id":"https:\/\/jbcnews.com.br\/#\/schema\/person\/3b597ec20ccf92d0adc436057caf9bbe","name":"admin","image":{"@type":"ImageObject","inLanguage":"pt-BR","@id":"https:\/\/jbcnews.com.br\/#\/schema\/person\/image\/","url":"https:\/\/secure.gravatar.com\/avatar\/fe848d2435b65c3ed1cdd3a8e8f3bb2d?s=96&d=mm&r=g","contentUrl":"https:\/\/secure.gravatar.com\/avatar\/fe848d2435b65c3ed1cdd3a8e8f3bb2d?s=96&d=mm&r=g","caption":"admin"},"sameAs":["https:\/\/jbcnews.com.br"],"url":"https:\/\/jbcnews.com.br\/index.php\/author\/jbcnews\/"}]}},"_links":{"self":[{"href":"https:\/\/jbcnews.com.br\/index.php\/wp-json\/wp\/v2\/posts\/2788"}],"collection":[{"href":"https:\/\/jbcnews.com.br\/index.php\/wp-json\/wp\/v2\/posts"}],"about":[{"href":"https:\/\/jbcnews.com.br\/index.php\/wp-json\/wp\/v2\/types\/post"}],"author":[{"embeddable":true,"href":"https:\/\/jbcnews.com.br\/index.php\/wp-json\/wp\/v2\/users\/1"}],"replies":[{"embeddable":true,"href":"https:\/\/jbcnews.com.br\/index.php\/wp-json\/wp\/v2\/comments?post=2788"}],"version-history":[{"count":1,"href":"https:\/\/jbcnews.com.br\/index.php\/wp-json\/wp\/v2\/posts\/2788\/revisions"}],"predecessor-version":[{"id":2790,"href":"https:\/\/jbcnews.com.br\/index.php\/wp-json\/wp\/v2\/posts\/2788\/revisions\/2790"}],"wp:featuredmedia":[{"embeddable":true,"href":"https:\/\/jbcnews.com.br\/index.php\/wp-json\/wp\/v2\/media\/2789"}],"wp:attachment":[{"href":"https:\/\/jbcnews.com.br\/index.php\/wp-json\/wp\/v2\/media?parent=2788"}],"wp:term":[{"taxonomy":"category","embeddable":true,"href":"https:\/\/jbcnews.com.br\/index.php\/wp-json\/wp\/v2\/categories?post=2788"},{"taxonomy":"post_tag","embeddable":true,"href":"https:\/\/jbcnews.com.br\/index.php\/wp-json\/wp\/v2\/tags?post=2788"}],"curies":[{"name":"wp","href":"https:\/\/api.w.org\/{rel}","templated":true}]}}