{"id":2785,"date":"2021-03-23T22:42:13","date_gmt":"2021-03-23T22:42:13","guid":{"rendered":"https:\/\/jbcnews.com.br\/?p=2785"},"modified":"2021-03-24T13:12:15","modified_gmt":"2021-03-24T13:12:15","slug":"bolsonaro-rebate-criticas-e-diz-que-nao-foi-convencido-a-mudar-discurso-sobre-covid","status":"publish","type":"post","link":"https:\/\/jbcnews.com.br\/index.php\/2021\/03\/23\/bolsonaro-rebate-criticas-e-diz-que-nao-foi-convencido-a-mudar-discurso-sobre-covid\/","title":{"rendered":"Bolsonaro rebate cr\u00edticas e diz que n\u00e3o foi convencido a mudar discurso sobre Covid"},"content":{"rendered":"\n<div id=\"fb-root\"><\/div>\n<script async=\"\" defer=\"\" crossorigin=\"anonymous\" src=\"https:\/\/connect.facebook.net\/pt_BR\/sdk.js#xfbml=1&amp;version=v8.0\" nonce=\"umdzmuzQ\">\n<\/script>\n\n\n<script>\n\nvar conteudo_fb = encodeURIComponent(document.title + \" \" + window.location.href); \nvar conteudo_tw = encodeURIComponent(document.title + \" \" + window.location.href); \n\ndocument.getElementById('btfb').dataHref=conteudo_fb; \ndocument.getElementById('btfb').href='https:\/\/www.facebook.com\/sharer\/sharer.php?u='+conteudo_fb+'&src=sdkpreparse'; \n\ndocument.getElementById('atw').dataText=conteudo_tw; \n\n\tfunction share_whatsapp() {\n\t\tvar conteudo_wp = encodeURIComponent(document.title + \" \" + window.location.href); \n\t\tvar linkwp = \"https:\/\/api.whatsapp.com\/send?text=\" + conteudo_wp; \n\t\twindow.open(linkwp); \n\t}\n\n<\/script>\n\n<div style=\"width: 500px; height: 40px; \">\n\t<div style=\"display: nonex; width: auto; vertical-align: top; \">\n\t\t<div id=\"btfb\" class=\"fb-share-button\" data-href=\"\" data-layout=\"button\" data-size=\"small\" style=\"float: left; \">\n\t\t\t<a id=\"abtfb\" target=\"_blank\" href=\"\" class=\"fb-xfbml-parse-ignore\" style=\" \" rel=\"noopener noreferrer\">Compartilhar<\/a>\n\t\t<\/div>\n\t\t<div style=\"float: left; height: 40px; margin-left: 10px; margin-top: 7px; \">\n\t\t\t<img decoding=\"async\" src=\"https:\/\/getsupbrazil.com.br\/brasilnordeste\/images\/share-whatsapp.png\" style=\"height: 18px; cursor: pointer;  \" onclick=\"share_whatsapp(); \">\n\t\t<\/div>\n\t\t<div style=\"float: left; height: 40px; margin-left: 10px; margin-top: 7px; \">\n\t\t\t<a href=\"https:\/\/twitter.com\/share?ref_src=twsrc%5Etfw\" class=\"twitter-share-button\" data-text=\"\" data-via=\"BrasilNordeste2\" data-lang=\"pt\" data-show-count=\"false\">Tweet<\/a><script async src=\"https:\/\/platform.twitter.com\/widgets.js\" charset=\"utf-8\"><\/script>\n\t\t<\/div>\n\t\t<div style=\"clear: both; \"><\/div>\n\t<\/div>\n\n\t<!-- <img decoding=\"async\" src=\"https:\/\/getsupbrazil.com.br\/brasilnordeste\/images\/share-facebook.png\" style=\"height: 18px; cursor: pointer; \" onclick=\"share_facebook(); \" > -->\n\n<\/div>\n<br>\n\n\n\n\n<p>(JBCNEWS &#8211; DF 23\/03) &#8211; O presidente Jair Bolsonaro rebateu nesta quarta-feira cr\u00edticas que vem sofrendo sobre sua atua\u00e7\u00e3o no combate \u00e0 pandemia, e afirmou que n\u00e3o foi convencido a mudar o discurso sobre a Covid-19 e n\u00e3o defender\u00e1 medidas como um lockdown nacional.<\/p>\n\n\n\n<p>Depois de dias seguidos de novos ataques a governadores e prefeitos que t\u00eam adotado medidas de restri\u00e7\u00e3o de atividades para conter a transmiss\u00e3o do coronav\u00edrus, Bolsonaro usou discurso em evento no Pal\u00e1cio do Planalto de san\u00e7\u00e3o da regulamenta\u00e7\u00e3o do Fundo Nacional do Ensino B\u00e1sico (Fundeb) para afirmar que a epidemia n\u00e3o pode &#8220;continuar sendo politizada&#8221;.<\/p>\n\n\n\n<p>Em meio ao pior momento da crise sanit\u00e1ria no pa\u00eds, Bolsonaro relatou conversas com pessoas afetadas pelas medidas restritivas, \u00e0s quais se referiu como &#8220;estado de s\u00edtio decretado por alguns governadores&#8221;, fazendo mais uma vez uso equivocado do termo para se referir ao toque de recolher e outras a\u00e7\u00f5es adotados por alguns governadores.<\/p>\n\n\n\n<p>&#8220;Me chamam de negacionista ou de ter um discurso agressivo, respeitem a ci\u00eancia, n\u00e3o deu certo&#8221;, disse, referindo-se ao chamado lockdown.<\/p>\n\n\n\n<p>Para sustentar sua argumenta\u00e7\u00e3o, Bolsonaro citou afirma\u00e7\u00e3o de David Nabarro, da Organiza\u00e7\u00e3o Mundial da Sa\u00fade (OMS), que em entrevista destacou os impactos econ\u00f4micos negativos do lockdown. Na mesma entrevista, no entanto, Nabarro salientou que lockdowns s\u00e3o justificados em momentos de crise, para reorganizar os sistemas de sa\u00fade.<\/p>\n\n\n\n<p>Al\u00e9m disso, a OMS defende o uso de m\u00e1scaras como forma de conten\u00e7\u00e3o da dissemina\u00e7\u00e3o do v\u00edrus, enquanto Bolsonaro seguidas vezes criticou o uso das mesmas, afirmando inclusive que este seria o \u00faltimo tabu da pandemia a cair.<\/p>\n\n\n\n<p>O Brasil \u00e9 hoje o pa\u00eds onde mais \u00f3bitos por Covid-19 ocorrem em todo o mundo, com quase 300 mil mortos desde o in\u00edcio da pandemia. Todos os Estados do pa\u00eds est\u00e3o com o sistema de sa\u00fade sobrecarregado e em muitos deles os leitos de UTI est\u00e3o todos ocupados e j\u00e1 foram registradas mortes de pessoas que esperavam por uma vaga.<\/p>\n\n\n\n<p>&#8220;Vamos buscar uma maneira de melhorar o atendimento da popula\u00e7\u00e3o, vamos\u2026 parece que no mundo todo s\u00f3 no Brasil est\u00e1 morrendo gente&#8221;, disse Bolsonaro.<\/p>\n\n\n\n<p>No que pareceu ser uma resposta a uma carta aberta de economistas e empres\u00e1rios com cr\u00edticas \u00e0 sua gest\u00e3o e a do governo sobre a pandemia, Bolsonaro disse que n\u00e3o foi convencido a mudar.<\/p>\n\n\n\n<p>&#8220;Eu devo mudar meu discurso? Eu devo me tornar mais male\u00e1vel? Eu devo ceder?\u2026 Se me convencerem do contr\u00e1rio fa\u00e7o, mas n\u00e3o me convenceram ainda&#8221;, afirmou.<\/p>\n\n\n\n<p>Neste final de semana, um conjunto de mais de 500 empres\u00e1rios e economistas divulgaram uma carta com duras cr\u00edticas \u00e0 condu\u00e7\u00e3o do combate \u00e0 epidemia pelo governo e cobrando medidas mais eficientes, entre elas a\u00e7\u00f5es de distanciamento social, uso de m\u00e1scaras e advertem que sem uma coordena\u00e7\u00e3o nacional a economia do pa\u00eds ir\u00e1 se deteriorar ainda mais por causa da pandemia.<\/p>\n\n\n\n<p>Bolsonaro, que costuma atacar aqueles que adotam medidas diferentes das que defende para enfrentar a pandemia, afirmou que n\u00e3o estava mandando recado a ningu\u00e9m, mas arrematou: &#8220;Devemos lutar contra o v\u00edrus e n\u00e3o contra o presidente.&#8221;<\/p>\n","protected":false},"excerpt":{"rendered":"<p>Compartilhar Tweet (JBCNEWS &#8211; DF 23\/03) &#8211; O presidente Jair Bolsonaro rebateu nesta quarta-feira cr\u00edticas que vem sofrendo sobre sua atua\u00e7\u00e3o no combate \u00e0 pandemia, e<span class=\"excerpt-hellip\"> [\u2026]<\/span><\/p>\n","protected":false},"author":1,"featured_media":2786,"comment_status":"open","ping_status":"open","sticky":false,"template":"","format":"standard","meta":{"footnotes":""},"categories":[20],"tags":[],"yoast_head":"<!-- This site is optimized with the Yoast SEO plugin v22.6 - https:\/\/yoast.com\/wordpress\/plugins\/seo\/ -->\n<title>Bolsonaro rebate cr\u00edticas e diz que n\u00e3o foi convencido a mudar discurso sobre Covid - JBCNews<\/title>\n<meta name=\"robots\" content=\"index, follow, max-snippet:-1, max-image-preview:large, max-video-preview:-1\" \/>\n<link rel=\"canonical\" href=\"https:\/\/jbcnews.com.br\/index.php\/2021\/03\/23\/bolsonaro-rebate-criticas-e-diz-que-nao-foi-convencido-a-mudar-discurso-sobre-covid\/\" \/>\n<meta property=\"og:locale\" content=\"pt_BR\" \/>\n<meta property=\"og:type\" content=\"article\" \/>\n<meta property=\"og:title\" content=\"Bolsonaro rebate cr\u00edticas e diz que n\u00e3o foi convencido a mudar discurso sobre Covid - JBCNews\" \/>\n<meta property=\"og:description\" content=\"Compartilhar Tweet (JBCNEWS &#8211; DF 23\/03) &#8211; O presidente Jair Bolsonaro rebateu nesta quarta-feira cr\u00edticas que vem sofrendo sobre sua atua\u00e7\u00e3o no combate \u00e0 pandemia, e [\u2026]\" \/>\n<meta property=\"og:url\" content=\"https:\/\/jbcnews.com.br\/index.php\/2021\/03\/23\/bolsonaro-rebate-criticas-e-diz-que-nao-foi-convencido-a-mudar-discurso-sobre-covid\/\" \/>\n<meta property=\"og:site_name\" content=\"JBCNews\" \/>\n<meta property=\"article:published_time\" content=\"2021-03-23T22:42:13+00:00\" \/>\n<meta property=\"article:modified_time\" content=\"2021-03-24T13:12:15+00:00\" \/>\n<meta property=\"og:image\" content=\"https:\/\/jbcnews.com.br\/wp-content\/uploads\/2021\/03\/imagem22.png\" \/>\n\t<meta property=\"og:image:width\" content=\"800\" \/>\n\t<meta property=\"og:image:height\" content=\"534\" \/>\n\t<meta property=\"og:image:type\" content=\"image\/png\" \/>\n<meta name=\"author\" content=\"admin\" \/>\n<meta name=\"twitter:card\" content=\"summary_large_image\" \/>\n<meta name=\"twitter:label1\" content=\"Escrito por\" \/>\n\t<meta name=\"twitter:data1\" content=\"admin\" \/>\n\t<meta name=\"twitter:label2\" content=\"Est. tempo de leitura\" \/>\n\t<meta name=\"twitter:data2\" content=\"3 minutos\" \/>\n<script type=\"application\/ld+json\" class=\"yoast-schema-graph\">{\"@context\":\"https:\/\/schema.org\",\"@graph\":[{\"@type\":\"WebPage\",\"@id\":\"https:\/\/jbcnews.com.br\/index.php\/2021\/03\/23\/bolsonaro-rebate-criticas-e-diz-que-nao-foi-convencido-a-mudar-discurso-sobre-covid\/\",\"url\":\"https:\/\/jbcnews.com.br\/index.php\/2021\/03\/23\/bolsonaro-rebate-criticas-e-diz-que-nao-foi-convencido-a-mudar-discurso-sobre-covid\/\",\"name\":\"Bolsonaro rebate cr\u00edticas e diz que n\u00e3o foi convencido a mudar discurso sobre Covid - JBCNews\",\"isPartOf\":{\"@id\":\"https:\/\/jbcnews.com.br\/#website\"},\"primaryImageOfPage\":{\"@id\":\"https:\/\/jbcnews.com.br\/index.php\/2021\/03\/23\/bolsonaro-rebate-criticas-e-diz-que-nao-foi-convencido-a-mudar-discurso-sobre-covid\/#primaryimage\"},\"image\":{\"@id\":\"https:\/\/jbcnews.com.br\/index.php\/2021\/03\/23\/bolsonaro-rebate-criticas-e-diz-que-nao-foi-convencido-a-mudar-discurso-sobre-covid\/#primaryimage\"},\"thumbnailUrl\":\"https:\/\/jbcnews.com.br\/wp-content\/uploads\/2021\/03\/imagem22.png\",\"datePublished\":\"2021-03-23T22:42:13+00:00\",\"dateModified\":\"2021-03-24T13:12:15+00:00\",\"author\":{\"@id\":\"https:\/\/jbcnews.com.br\/#\/schema\/person\/3b597ec20ccf92d0adc436057caf9bbe\"},\"breadcrumb\":{\"@id\":\"https:\/\/jbcnews.com.br\/index.php\/2021\/03\/23\/bolsonaro-rebate-criticas-e-diz-que-nao-foi-convencido-a-mudar-discurso-sobre-covid\/#breadcrumb\"},\"inLanguage\":\"pt-BR\",\"potentialAction\":[{\"@type\":\"ReadAction\",\"target\":[\"https:\/\/jbcnews.com.br\/index.php\/2021\/03\/23\/bolsonaro-rebate-criticas-e-diz-que-nao-foi-convencido-a-mudar-discurso-sobre-covid\/\"]}]},{\"@type\":\"ImageObject\",\"inLanguage\":\"pt-BR\",\"@id\":\"https:\/\/jbcnews.com.br\/index.php\/2021\/03\/23\/bolsonaro-rebate-criticas-e-diz-que-nao-foi-convencido-a-mudar-discurso-sobre-covid\/#primaryimage\",\"url\":\"https:\/\/jbcnews.com.br\/wp-content\/uploads\/2021\/03\/imagem22.png\",\"contentUrl\":\"https:\/\/jbcnews.com.br\/wp-content\/uploads\/2021\/03\/imagem22.png\",\"width\":800,\"height\":534},{\"@type\":\"BreadcrumbList\",\"@id\":\"https:\/\/jbcnews.com.br\/index.php\/2021\/03\/23\/bolsonaro-rebate-criticas-e-diz-que-nao-foi-convencido-a-mudar-discurso-sobre-covid\/#breadcrumb\",\"itemListElement\":[{\"@type\":\"ListItem\",\"position\":1,\"name\":\"In\u00edcio\",\"item\":\"https:\/\/jbcnews.com.br\/\"},{\"@type\":\"ListItem\",\"position\":2,\"name\":\"Bolsonaro rebate cr\u00edticas e diz que n\u00e3o foi convencido a mudar discurso sobre Covid\"}]},{\"@type\":\"WebSite\",\"@id\":\"https:\/\/jbcnews.com.br\/#website\",\"url\":\"https:\/\/jbcnews.com.br\/\",\"name\":\"JBCNews\",\"description\":\"Comunica\u00e7\u00e3o e Cultura\",\"potentialAction\":[{\"@type\":\"SearchAction\",\"target\":{\"@type\":\"EntryPoint\",\"urlTemplate\":\"https:\/\/jbcnews.com.br\/?s={search_term_string}\"},\"query-input\":\"required name=search_term_string\"}],\"inLanguage\":\"pt-BR\"},{\"@type\":\"Person\",\"@id\":\"https:\/\/jbcnews.com.br\/#\/schema\/person\/3b597ec20ccf92d0adc436057caf9bbe\",\"name\":\"admin\",\"image\":{\"@type\":\"ImageObject\",\"inLanguage\":\"pt-BR\",\"@id\":\"https:\/\/jbcnews.com.br\/#\/schema\/person\/image\/\",\"url\":\"https:\/\/secure.gravatar.com\/avatar\/fe848d2435b65c3ed1cdd3a8e8f3bb2d?s=96&d=mm&r=g\",\"contentUrl\":\"https:\/\/secure.gravatar.com\/avatar\/fe848d2435b65c3ed1cdd3a8e8f3bb2d?s=96&d=mm&r=g\",\"caption\":\"admin\"},\"sameAs\":[\"https:\/\/jbcnews.com.br\"],\"url\":\"https:\/\/jbcnews.com.br\/index.php\/author\/jbcnews\/\"}]}<\/script>\n<!-- \/ Yoast SEO plugin. -->","yoast_head_json":{"title":"Bolsonaro rebate cr\u00edticas e diz que n\u00e3o foi convencido a mudar discurso sobre Covid - JBCNews","robots":{"index":"index","follow":"follow","max-snippet":"max-snippet:-1","max-image-preview":"max-image-preview:large","max-video-preview":"max-video-preview:-1"},"canonical":"https:\/\/jbcnews.com.br\/index.php\/2021\/03\/23\/bolsonaro-rebate-criticas-e-diz-que-nao-foi-convencido-a-mudar-discurso-sobre-covid\/","og_locale":"pt_BR","og_type":"article","og_title":"Bolsonaro rebate cr\u00edticas e diz que n\u00e3o foi convencido a mudar discurso sobre Covid - JBCNews","og_description":"Compartilhar Tweet (JBCNEWS &#8211; DF 23\/03) &#8211; O presidente Jair Bolsonaro rebateu nesta quarta-feira cr\u00edticas que vem sofrendo sobre sua atua\u00e7\u00e3o no combate \u00e0 pandemia, e [\u2026]","og_url":"https:\/\/jbcnews.com.br\/index.php\/2021\/03\/23\/bolsonaro-rebate-criticas-e-diz-que-nao-foi-convencido-a-mudar-discurso-sobre-covid\/","og_site_name":"JBCNews","article_published_time":"2021-03-23T22:42:13+00:00","article_modified_time":"2021-03-24T13:12:15+00:00","og_image":[{"width":800,"height":534,"url":"https:\/\/jbcnews.com.br\/wp-content\/uploads\/2021\/03\/imagem22.png","type":"image\/png"}],"author":"admin","twitter_card":"summary_large_image","twitter_misc":{"Escrito por":"admin","Est. tempo de leitura":"3 minutos"},"schema":{"@context":"https:\/\/schema.org","@graph":[{"@type":"WebPage","@id":"https:\/\/jbcnews.com.br\/index.php\/2021\/03\/23\/bolsonaro-rebate-criticas-e-diz-que-nao-foi-convencido-a-mudar-discurso-sobre-covid\/","url":"https:\/\/jbcnews.com.br\/index.php\/2021\/03\/23\/bolsonaro-rebate-criticas-e-diz-que-nao-foi-convencido-a-mudar-discurso-sobre-covid\/","name":"Bolsonaro rebate cr\u00edticas e diz que n\u00e3o foi convencido a mudar discurso sobre Covid - JBCNews","isPartOf":{"@id":"https:\/\/jbcnews.com.br\/#website"},"primaryImageOfPage":{"@id":"https:\/\/jbcnews.com.br\/index.php\/2021\/03\/23\/bolsonaro-rebate-criticas-e-diz-que-nao-foi-convencido-a-mudar-discurso-sobre-covid\/#primaryimage"},"image":{"@id":"https:\/\/jbcnews.com.br\/index.php\/2021\/03\/23\/bolsonaro-rebate-criticas-e-diz-que-nao-foi-convencido-a-mudar-discurso-sobre-covid\/#primaryimage"},"thumbnailUrl":"https:\/\/jbcnews.com.br\/wp-content\/uploads\/2021\/03\/imagem22.png","datePublished":"2021-03-23T22:42:13+00:00","dateModified":"2021-03-24T13:12:15+00:00","author":{"@id":"https:\/\/jbcnews.com.br\/#\/schema\/person\/3b597ec20ccf92d0adc436057caf9bbe"},"breadcrumb":{"@id":"https:\/\/jbcnews.com.br\/index.php\/2021\/03\/23\/bolsonaro-rebate-criticas-e-diz-que-nao-foi-convencido-a-mudar-discurso-sobre-covid\/#breadcrumb"},"inLanguage":"pt-BR","potentialAction":[{"@type":"ReadAction","target":["https:\/\/jbcnews.com.br\/index.php\/2021\/03\/23\/bolsonaro-rebate-criticas-e-diz-que-nao-foi-convencido-a-mudar-discurso-sobre-covid\/"]}]},{"@type":"ImageObject","inLanguage":"pt-BR","@id":"https:\/\/jbcnews.com.br\/index.php\/2021\/03\/23\/bolsonaro-rebate-criticas-e-diz-que-nao-foi-convencido-a-mudar-discurso-sobre-covid\/#primaryimage","url":"https:\/\/jbcnews.com.br\/wp-content\/uploads\/2021\/03\/imagem22.png","contentUrl":"https:\/\/jbcnews.com.br\/wp-content\/uploads\/2021\/03\/imagem22.png","width":800,"height":534},{"@type":"BreadcrumbList","@id":"https:\/\/jbcnews.com.br\/index.php\/2021\/03\/23\/bolsonaro-rebate-criticas-e-diz-que-nao-foi-convencido-a-mudar-discurso-sobre-covid\/#breadcrumb","itemListElement":[{"@type":"ListItem","position":1,"name":"In\u00edcio","item":"https:\/\/jbcnews.com.br\/"},{"@type":"ListItem","position":2,"name":"Bolsonaro rebate cr\u00edticas e diz que n\u00e3o foi convencido a mudar discurso sobre Covid"}]},{"@type":"WebSite","@id":"https:\/\/jbcnews.com.br\/#website","url":"https:\/\/jbcnews.com.br\/","name":"JBCNews","description":"Comunica\u00e7\u00e3o e Cultura","potentialAction":[{"@type":"SearchAction","target":{"@type":"EntryPoint","urlTemplate":"https:\/\/jbcnews.com.br\/?s={search_term_string}"},"query-input":"required name=search_term_string"}],"inLanguage":"pt-BR"},{"@type":"Person","@id":"https:\/\/jbcnews.com.br\/#\/schema\/person\/3b597ec20ccf92d0adc436057caf9bbe","name":"admin","image":{"@type":"ImageObject","inLanguage":"pt-BR","@id":"https:\/\/jbcnews.com.br\/#\/schema\/person\/image\/","url":"https:\/\/secure.gravatar.com\/avatar\/fe848d2435b65c3ed1cdd3a8e8f3bb2d?s=96&d=mm&r=g","contentUrl":"https:\/\/secure.gravatar.com\/avatar\/fe848d2435b65c3ed1cdd3a8e8f3bb2d?s=96&d=mm&r=g","caption":"admin"},"sameAs":["https:\/\/jbcnews.com.br"],"url":"https:\/\/jbcnews.com.br\/index.php\/author\/jbcnews\/"}]}},"_links":{"self":[{"href":"https:\/\/jbcnews.com.br\/index.php\/wp-json\/wp\/v2\/posts\/2785"}],"collection":[{"href":"https:\/\/jbcnews.com.br\/index.php\/wp-json\/wp\/v2\/posts"}],"about":[{"href":"https:\/\/jbcnews.com.br\/index.php\/wp-json\/wp\/v2\/types\/post"}],"author":[{"embeddable":true,"href":"https:\/\/jbcnews.com.br\/index.php\/wp-json\/wp\/v2\/users\/1"}],"replies":[{"embeddable":true,"href":"https:\/\/jbcnews.com.br\/index.php\/wp-json\/wp\/v2\/comments?post=2785"}],"version-history":[{"count":1,"href":"https:\/\/jbcnews.com.br\/index.php\/wp-json\/wp\/v2\/posts\/2785\/revisions"}],"predecessor-version":[{"id":2787,"href":"https:\/\/jbcnews.com.br\/index.php\/wp-json\/wp\/v2\/posts\/2785\/revisions\/2787"}],"wp:featuredmedia":[{"embeddable":true,"href":"https:\/\/jbcnews.com.br\/index.php\/wp-json\/wp\/v2\/media\/2786"}],"wp:attachment":[{"href":"https:\/\/jbcnews.com.br\/index.php\/wp-json\/wp\/v2\/media?parent=2785"}],"wp:term":[{"taxonomy":"category","embeddable":true,"href":"https:\/\/jbcnews.com.br\/index.php\/wp-json\/wp\/v2\/categories?post=2785"},{"taxonomy":"post_tag","embeddable":true,"href":"https:\/\/jbcnews.com.br\/index.php\/wp-json\/wp\/v2\/tags?post=2785"}],"curies":[{"name":"wp","href":"https:\/\/api.w.org\/{rel}","templated":true}]}}