{"id":2781,"date":"2021-03-20T22:08:06","date_gmt":"2021-03-20T22:08:06","guid":{"rendered":"https:\/\/jbcnews.com.br\/?p=2781"},"modified":"2021-03-24T13:15:25","modified_gmt":"2021-03-24T13:15:25","slug":"apos-convite-de-bolsonaro-a-fux-stf-rejeita-participar-de-comissao-para-elaborar-plano-contra-covid","status":"publish","type":"post","link":"https:\/\/jbcnews.com.br\/index.php\/2021\/03\/20\/apos-convite-de-bolsonaro-a-fux-stf-rejeita-participar-de-comissao-para-elaborar-plano-contra-covid\/","title":{"rendered":"Ap\u00f3s convite de Bolsonaro a Fux, STF rejeita participar de comiss\u00e3o para elaborar plano contra Covid"},"content":{"rendered":"\n<p>(JBCNEWS &#8211; DF 19\/03) &#8211; Os ministros do Supremo Tribunal Federal decidiram nesta quinta-feira que n\u00e3o cabe a um integrante do STF participar formalmente de uma comiss\u00e3o com representantes de outros Poderes para elaborar um plano de enfrentamento \u00e0 pandemia de Covid-19, ap\u00f3s convite feito pelo presidente Jair Bolsonaro ao presidente da corte, Luiz Fux.<\/p>\n\n\n\n<p>Os ministros entenderam que n\u00e3o \u00e9 papel do tribunal validar decis\u00f5es de um grupo que possam vir a ser questionadas judicialmente.<\/p>\n\n\n\n<p>Mas os magistrados avaliaram que Fux &#8211;que consultou os colegas na sess\u00e3o do plen\u00e1rio&#8211; poder\u00e1 participar dos debates como chefe do Poder Judici\u00e1rio. O presidente do STF informou aos demais ministros que dever\u00e1 se reunir com Bolsonaro na segunda-feira, antes da reuni\u00e3o do grupo.<\/p>\n\n\n\n<p>Na sess\u00e3o, Fux comentou com os colegas a preocupa\u00e7\u00e3o de que o Supremo n\u00e3o teria capacidade institucional ou expertise em sa\u00fade p\u00fablica. Citou tamb\u00e9m o receio de se uma participa\u00e7\u00e3o formal poderia dar \u00e0 comiss\u00e3o uma esp\u00e9cie de &#8220;chancela&#8221; a uma pol\u00edtica de sa\u00fade que, posteriormente, poder\u00e1 ter sua legalidade questionada na corte.<\/p>\n\n\n\n<p>&#8220;Ent\u00e3o a minha postura um pouco avessa a participar de uma comiss\u00e3o para anunciar medidas de combate \u00e0 pandemia escapa, no meu modo de ver, um pouco os limites da atua\u00e7\u00e3o da Corte Suprema&#8221;, disse.<\/p>\n\n\n\n<p>O decano do STF, Marco Aur\u00e9lio Mello, avaliou que o Supremo deveria se &#8220;resguardar ao m\u00e1ximo&#8221;. Em seguida, Alexandre de Moraes sugeriu a participa\u00e7\u00e3o de Fux como debatedor, destacando o agravamento da pandemia no pa\u00eds.<\/p>\n\n\n\n<p>&#8220;A conversa dos chefes dos Poderes neste momento de verdadeira calamidade p\u00fablica, neste momento emergencial em que 3 mil brasileiros est\u00e3o morrendo todos os dias, acho que mais do que o Supremo talvez pensar, \u00e9 um dever do STF sentar \u00e0 mesa e conversar&#8221;, disse.<\/p>\n","protected":false},"excerpt":{"rendered":"<p>(JBCNEWS &#8211; DF 19\/03) &#8211; Os ministros do Supremo Tribunal Federal decidiram nesta quinta-feira que n\u00e3o cabe a um integrante do STF participar formalmente de uma<span class=\"excerpt-hellip\"> [\u2026]<\/span><\/p>\n","protected":false},"author":1,"featured_media":2782,"comment_status":"open","ping_status":"open","sticky":false,"template":"","format":"standard","meta":{"footnotes":""},"categories":[20],"tags":[],"yoast_head":"<!-- This site is optimized with the Yoast SEO plugin v22.6 - https:\/\/yoast.com\/wordpress\/plugins\/seo\/ -->\n<title>Ap\u00f3s convite de Bolsonaro a Fux, STF rejeita participar de comiss\u00e3o para elaborar plano contra Covid - JBCNews<\/title>\n<meta name=\"robots\" content=\"index, follow, max-snippet:-1, max-image-preview:large, max-video-preview:-1\" \/>\n<link rel=\"canonical\" href=\"https:\/\/jbcnews.com.br\/index.php\/2021\/03\/20\/apos-convite-de-bolsonaro-a-fux-stf-rejeita-participar-de-comissao-para-elaborar-plano-contra-covid\/\" \/>\n<meta property=\"og:locale\" content=\"pt_BR\" \/>\n<meta property=\"og:type\" content=\"article\" \/>\n<meta property=\"og:title\" content=\"Ap\u00f3s convite de Bolsonaro a Fux, STF rejeita participar de comiss\u00e3o para elaborar plano contra Covid - JBCNews\" \/>\n<meta property=\"og:description\" content=\"(JBCNEWS &#8211; DF 19\/03) &#8211; Os ministros do Supremo Tribunal Federal decidiram nesta quinta-feira que n\u00e3o cabe a um integrante do STF participar formalmente de uma [\u2026]\" \/>\n<meta property=\"og:url\" content=\"https:\/\/jbcnews.com.br\/index.php\/2021\/03\/20\/apos-convite-de-bolsonaro-a-fux-stf-rejeita-participar-de-comissao-para-elaborar-plano-contra-covid\/\" \/>\n<meta property=\"og:site_name\" content=\"JBCNews\" \/>\n<meta property=\"article:published_time\" content=\"2021-03-20T22:08:06+00:00\" \/>\n<meta property=\"article:modified_time\" content=\"2021-03-24T13:15:25+00:00\" \/>\n<meta property=\"og:image\" content=\"https:\/\/jbcnews.com.br\/wp-content\/uploads\/2021\/03\/imagem-57.png\" \/>\n\t<meta property=\"og:image:width\" content=\"800\" \/>\n\t<meta property=\"og:image:height\" content=\"533\" \/>\n\t<meta property=\"og:image:type\" content=\"image\/png\" \/>\n<meta name=\"author\" content=\"admin\" \/>\n<meta name=\"twitter:card\" content=\"summary_large_image\" \/>\n<meta name=\"twitter:label1\" content=\"Escrito por\" \/>\n\t<meta name=\"twitter:data1\" content=\"admin\" \/>\n\t<meta name=\"twitter:label2\" content=\"Est. tempo de leitura\" \/>\n\t<meta name=\"twitter:data2\" content=\"2 minutos\" \/>\n<script type=\"application\/ld+json\" class=\"yoast-schema-graph\">{\"@context\":\"https:\/\/schema.org\",\"@graph\":[{\"@type\":\"WebPage\",\"@id\":\"https:\/\/jbcnews.com.br\/index.php\/2021\/03\/20\/apos-convite-de-bolsonaro-a-fux-stf-rejeita-participar-de-comissao-para-elaborar-plano-contra-covid\/\",\"url\":\"https:\/\/jbcnews.com.br\/index.php\/2021\/03\/20\/apos-convite-de-bolsonaro-a-fux-stf-rejeita-participar-de-comissao-para-elaborar-plano-contra-covid\/\",\"name\":\"Ap\u00f3s convite de Bolsonaro a Fux, STF rejeita participar de comiss\u00e3o para elaborar plano contra Covid - JBCNews\",\"isPartOf\":{\"@id\":\"https:\/\/jbcnews.com.br\/#website\"},\"primaryImageOfPage\":{\"@id\":\"https:\/\/jbcnews.com.br\/index.php\/2021\/03\/20\/apos-convite-de-bolsonaro-a-fux-stf-rejeita-participar-de-comissao-para-elaborar-plano-contra-covid\/#primaryimage\"},\"image\":{\"@id\":\"https:\/\/jbcnews.com.br\/index.php\/2021\/03\/20\/apos-convite-de-bolsonaro-a-fux-stf-rejeita-participar-de-comissao-para-elaborar-plano-contra-covid\/#primaryimage\"},\"thumbnailUrl\":\"https:\/\/jbcnews.com.br\/wp-content\/uploads\/2021\/03\/imagem-57.png\",\"datePublished\":\"2021-03-20T22:08:06+00:00\",\"dateModified\":\"2021-03-24T13:15:25+00:00\",\"author\":{\"@id\":\"https:\/\/jbcnews.com.br\/#\/schema\/person\/3b597ec20ccf92d0adc436057caf9bbe\"},\"breadcrumb\":{\"@id\":\"https:\/\/jbcnews.com.br\/index.php\/2021\/03\/20\/apos-convite-de-bolsonaro-a-fux-stf-rejeita-participar-de-comissao-para-elaborar-plano-contra-covid\/#breadcrumb\"},\"inLanguage\":\"pt-BR\",\"potentialAction\":[{\"@type\":\"ReadAction\",\"target\":[\"https:\/\/jbcnews.com.br\/index.php\/2021\/03\/20\/apos-convite-de-bolsonaro-a-fux-stf-rejeita-participar-de-comissao-para-elaborar-plano-contra-covid\/\"]}]},{\"@type\":\"ImageObject\",\"inLanguage\":\"pt-BR\",\"@id\":\"https:\/\/jbcnews.com.br\/index.php\/2021\/03\/20\/apos-convite-de-bolsonaro-a-fux-stf-rejeita-participar-de-comissao-para-elaborar-plano-contra-covid\/#primaryimage\",\"url\":\"https:\/\/jbcnews.com.br\/wp-content\/uploads\/2021\/03\/imagem-57.png\",\"contentUrl\":\"https:\/\/jbcnews.com.br\/wp-content\/uploads\/2021\/03\/imagem-57.png\",\"width\":800,\"height\":533},{\"@type\":\"BreadcrumbList\",\"@id\":\"https:\/\/jbcnews.com.br\/index.php\/2021\/03\/20\/apos-convite-de-bolsonaro-a-fux-stf-rejeita-participar-de-comissao-para-elaborar-plano-contra-covid\/#breadcrumb\",\"itemListElement\":[{\"@type\":\"ListItem\",\"position\":1,\"name\":\"In\u00edcio\",\"item\":\"https:\/\/jbcnews.com.br\/\"},{\"@type\":\"ListItem\",\"position\":2,\"name\":\"Ap\u00f3s convite de Bolsonaro a Fux, STF rejeita participar de comiss\u00e3o para elaborar plano contra Covid\"}]},{\"@type\":\"WebSite\",\"@id\":\"https:\/\/jbcnews.com.br\/#website\",\"url\":\"https:\/\/jbcnews.com.br\/\",\"name\":\"JBCNews\",\"description\":\"Comunica\u00e7\u00e3o e Cultura\",\"potentialAction\":[{\"@type\":\"SearchAction\",\"target\":{\"@type\":\"EntryPoint\",\"urlTemplate\":\"https:\/\/jbcnews.com.br\/?s={search_term_string}\"},\"query-input\":\"required name=search_term_string\"}],\"inLanguage\":\"pt-BR\"},{\"@type\":\"Person\",\"@id\":\"https:\/\/jbcnews.com.br\/#\/schema\/person\/3b597ec20ccf92d0adc436057caf9bbe\",\"name\":\"admin\",\"image\":{\"@type\":\"ImageObject\",\"inLanguage\":\"pt-BR\",\"@id\":\"https:\/\/jbcnews.com.br\/#\/schema\/person\/image\/\",\"url\":\"https:\/\/secure.gravatar.com\/avatar\/fe848d2435b65c3ed1cdd3a8e8f3bb2d?s=96&d=mm&r=g\",\"contentUrl\":\"https:\/\/secure.gravatar.com\/avatar\/fe848d2435b65c3ed1cdd3a8e8f3bb2d?s=96&d=mm&r=g\",\"caption\":\"admin\"},\"sameAs\":[\"https:\/\/jbcnews.com.br\"],\"url\":\"https:\/\/jbcnews.com.br\/index.php\/author\/jbcnews\/\"}]}<\/script>\n<!-- \/ Yoast SEO plugin. -->","yoast_head_json":{"title":"Ap\u00f3s convite de Bolsonaro a Fux, STF rejeita participar de comiss\u00e3o para elaborar plano contra Covid - JBCNews","robots":{"index":"index","follow":"follow","max-snippet":"max-snippet:-1","max-image-preview":"max-image-preview:large","max-video-preview":"max-video-preview:-1"},"canonical":"https:\/\/jbcnews.com.br\/index.php\/2021\/03\/20\/apos-convite-de-bolsonaro-a-fux-stf-rejeita-participar-de-comissao-para-elaborar-plano-contra-covid\/","og_locale":"pt_BR","og_type":"article","og_title":"Ap\u00f3s convite de Bolsonaro a Fux, STF rejeita participar de comiss\u00e3o para elaborar plano contra Covid - JBCNews","og_description":"(JBCNEWS &#8211; DF 19\/03) &#8211; Os ministros do Supremo Tribunal Federal decidiram nesta quinta-feira que n\u00e3o cabe a um integrante do STF participar formalmente de uma [\u2026]","og_url":"https:\/\/jbcnews.com.br\/index.php\/2021\/03\/20\/apos-convite-de-bolsonaro-a-fux-stf-rejeita-participar-de-comissao-para-elaborar-plano-contra-covid\/","og_site_name":"JBCNews","article_published_time":"2021-03-20T22:08:06+00:00","article_modified_time":"2021-03-24T13:15:25+00:00","og_image":[{"width":800,"height":533,"url":"https:\/\/jbcnews.com.br\/wp-content\/uploads\/2021\/03\/imagem-57.png","type":"image\/png"}],"author":"admin","twitter_card":"summary_large_image","twitter_misc":{"Escrito por":"admin","Est. tempo de leitura":"2 minutos"},"schema":{"@context":"https:\/\/schema.org","@graph":[{"@type":"WebPage","@id":"https:\/\/jbcnews.com.br\/index.php\/2021\/03\/20\/apos-convite-de-bolsonaro-a-fux-stf-rejeita-participar-de-comissao-para-elaborar-plano-contra-covid\/","url":"https:\/\/jbcnews.com.br\/index.php\/2021\/03\/20\/apos-convite-de-bolsonaro-a-fux-stf-rejeita-participar-de-comissao-para-elaborar-plano-contra-covid\/","name":"Ap\u00f3s convite de Bolsonaro a Fux, STF rejeita participar de comiss\u00e3o para elaborar plano contra Covid - JBCNews","isPartOf":{"@id":"https:\/\/jbcnews.com.br\/#website"},"primaryImageOfPage":{"@id":"https:\/\/jbcnews.com.br\/index.php\/2021\/03\/20\/apos-convite-de-bolsonaro-a-fux-stf-rejeita-participar-de-comissao-para-elaborar-plano-contra-covid\/#primaryimage"},"image":{"@id":"https:\/\/jbcnews.com.br\/index.php\/2021\/03\/20\/apos-convite-de-bolsonaro-a-fux-stf-rejeita-participar-de-comissao-para-elaborar-plano-contra-covid\/#primaryimage"},"thumbnailUrl":"https:\/\/jbcnews.com.br\/wp-content\/uploads\/2021\/03\/imagem-57.png","datePublished":"2021-03-20T22:08:06+00:00","dateModified":"2021-03-24T13:15:25+00:00","author":{"@id":"https:\/\/jbcnews.com.br\/#\/schema\/person\/3b597ec20ccf92d0adc436057caf9bbe"},"breadcrumb":{"@id":"https:\/\/jbcnews.com.br\/index.php\/2021\/03\/20\/apos-convite-de-bolsonaro-a-fux-stf-rejeita-participar-de-comissao-para-elaborar-plano-contra-covid\/#breadcrumb"},"inLanguage":"pt-BR","potentialAction":[{"@type":"ReadAction","target":["https:\/\/jbcnews.com.br\/index.php\/2021\/03\/20\/apos-convite-de-bolsonaro-a-fux-stf-rejeita-participar-de-comissao-para-elaborar-plano-contra-covid\/"]}]},{"@type":"ImageObject","inLanguage":"pt-BR","@id":"https:\/\/jbcnews.com.br\/index.php\/2021\/03\/20\/apos-convite-de-bolsonaro-a-fux-stf-rejeita-participar-de-comissao-para-elaborar-plano-contra-covid\/#primaryimage","url":"https:\/\/jbcnews.com.br\/wp-content\/uploads\/2021\/03\/imagem-57.png","contentUrl":"https:\/\/jbcnews.com.br\/wp-content\/uploads\/2021\/03\/imagem-57.png","width":800,"height":533},{"@type":"BreadcrumbList","@id":"https:\/\/jbcnews.com.br\/index.php\/2021\/03\/20\/apos-convite-de-bolsonaro-a-fux-stf-rejeita-participar-de-comissao-para-elaborar-plano-contra-covid\/#breadcrumb","itemListElement":[{"@type":"ListItem","position":1,"name":"In\u00edcio","item":"https:\/\/jbcnews.com.br\/"},{"@type":"ListItem","position":2,"name":"Ap\u00f3s convite de Bolsonaro a Fux, STF rejeita participar de comiss\u00e3o para elaborar plano contra Covid"}]},{"@type":"WebSite","@id":"https:\/\/jbcnews.com.br\/#website","url":"https:\/\/jbcnews.com.br\/","name":"JBCNews","description":"Comunica\u00e7\u00e3o e Cultura","potentialAction":[{"@type":"SearchAction","target":{"@type":"EntryPoint","urlTemplate":"https:\/\/jbcnews.com.br\/?s={search_term_string}"},"query-input":"required name=search_term_string"}],"inLanguage":"pt-BR"},{"@type":"Person","@id":"https:\/\/jbcnews.com.br\/#\/schema\/person\/3b597ec20ccf92d0adc436057caf9bbe","name":"admin","image":{"@type":"ImageObject","inLanguage":"pt-BR","@id":"https:\/\/jbcnews.com.br\/#\/schema\/person\/image\/","url":"https:\/\/secure.gravatar.com\/avatar\/fe848d2435b65c3ed1cdd3a8e8f3bb2d?s=96&d=mm&r=g","contentUrl":"https:\/\/secure.gravatar.com\/avatar\/fe848d2435b65c3ed1cdd3a8e8f3bb2d?s=96&d=mm&r=g","caption":"admin"},"sameAs":["https:\/\/jbcnews.com.br"],"url":"https:\/\/jbcnews.com.br\/index.php\/author\/jbcnews\/"}]}},"_links":{"self":[{"href":"https:\/\/jbcnews.com.br\/index.php\/wp-json\/wp\/v2\/posts\/2781"}],"collection":[{"href":"https:\/\/jbcnews.com.br\/index.php\/wp-json\/wp\/v2\/posts"}],"about":[{"href":"https:\/\/jbcnews.com.br\/index.php\/wp-json\/wp\/v2\/types\/post"}],"author":[{"embeddable":true,"href":"https:\/\/jbcnews.com.br\/index.php\/wp-json\/wp\/v2\/users\/1"}],"replies":[{"embeddable":true,"href":"https:\/\/jbcnews.com.br\/index.php\/wp-json\/wp\/v2\/comments?post=2781"}],"version-history":[{"count":1,"href":"https:\/\/jbcnews.com.br\/index.php\/wp-json\/wp\/v2\/posts\/2781\/revisions"}],"predecessor-version":[{"id":2783,"href":"https:\/\/jbcnews.com.br\/index.php\/wp-json\/wp\/v2\/posts\/2781\/revisions\/2783"}],"wp:featuredmedia":[{"embeddable":true,"href":"https:\/\/jbcnews.com.br\/index.php\/wp-json\/wp\/v2\/media\/2782"}],"wp:attachment":[{"href":"https:\/\/jbcnews.com.br\/index.php\/wp-json\/wp\/v2\/media?parent=2781"}],"wp:term":[{"taxonomy":"category","embeddable":true,"href":"https:\/\/jbcnews.com.br\/index.php\/wp-json\/wp\/v2\/categories?post=2781"},{"taxonomy":"post_tag","embeddable":true,"href":"https:\/\/jbcnews.com.br\/index.php\/wp-json\/wp\/v2\/tags?post=2781"}],"curies":[{"name":"wp","href":"https:\/\/api.w.org\/{rel}","templated":true}]}}