{"id":2778,"date":"2021-03-20T22:06:18","date_gmt":"2021-03-20T22:06:18","guid":{"rendered":"https:\/\/jbcnews.com.br\/?p=2778"},"modified":"2021-05-07T16:34:26","modified_gmt":"2021-05-07T16:34:26","slug":"vendedor-de-fumaca-e-polemico-quem-e-o-suplente-de-major-olimpio","status":"publish","type":"post","link":"https:\/\/jbcnews.com.br\/index.php\/2021\/03\/20\/vendedor-de-fumaca-e-polemico-quem-e-o-suplente-de-major-olimpio\/","title":{"rendered":"&#8216;Vendedor de fuma\u00e7a&#8217; e pol\u00eamico: quem \u00e9 o suplente de Major Ol\u00edmpio."},"content":{"rendered":"\n<p>(JBCNEWS &#8211; NDF 19\/03) &#8211; O discreto cargo eletivo de suplente ao Senado Federal se ajustou perfeitamente ao perfil do empres\u00e1rio paulista Alexandre Luiz Giordano, de 46 anos. Descrito como algu\u00e9m &#8220;sem boa orat\u00f3ria nem afinidade com falas p\u00fablicas&#8221;, sua atua\u00e7\u00e3o pol\u00edtica se concentra nos bastidores de diret\u00f3rios partid\u00e1rios e corredores de gabinetes.<\/p>\n\n\n\n<p>&#8220;Fantasioso&#8221;, &#8220;galanteador quando quer negociar&#8221; e &#8220;vendedor de fuma\u00e7a&#8221; s\u00e3o express\u00f5es ouvidas de ex-s\u00f3cios e amigos que falaram \u00e0&nbsp;<strong>Ag\u00eancia P\u00fablica<\/strong>&nbsp;sobre o empres\u00e1rio. Entre os relatos, uma caracter\u00edstica \u00e9 quase un\u00e2nime: o suplente do Major Olimpio (PSL-SP) gosta de ostentar riqueza. A exibi\u00e7\u00e3o do luxo se d\u00e1 por rel\u00f3gios da marca su\u00ed\u00e7a Rolex, ternos da grife Camargo Alfaiataria e u\u00edsques caros. E pelo uso preferencial, em algumas ocasi\u00f5es, de helic\u00f3ptero como meio de transporte. Mas, apesar da exposi\u00e7\u00e3o na m\u00eddia nos \u00faltimos tempos, seus neg\u00f3cios n\u00e3o s\u00e3o conhecidos pelo p\u00fablico.<\/p>\n\n\n\n<p>Giordano entrou em evid\u00eancia no notici\u00e1rio nacional quando teve seu nome exposto pela imprensa paraguaia no final de julho. A rep\u00f3rter Mabel Rehnfeldt, do jornal&nbsp;<em>ABC Color<\/em>,&nbsp;<a href=\"https:\/\/apublica.us8.list-manage.com\/track\/click?u=47bdda836f3b890e13c9f416d&amp;id=5f34b6ffba&amp;e=f303924b70\" target=\"_blank\" rel=\"noreferrer noopener\">revelou que o empres\u00e1rio fez ao menos duas viagens ao Paraguai<\/a>, em abril e em junho deste ano, para negociar \u00e0s escuras a compra de energia excedente da usina hidrel\u00e9trica de Itaipu. Participantes da reuni\u00e3o disseram que ele falou em nome da fam\u00edlia do presidente Jair Bolsonaro (PSL) para beneficiar a L\u00e9ros, uma empresa de energia at\u00e9 ent\u00e3o t\u00e3o pouco conhecida como o suplente do major.<\/p>\n\n\n\n<p>Giordano esteve tamb\u00e9m no Pal\u00e1cio do Planalto em 27 de fevereiro, um dia ap\u00f3s o retorno do presidente Jair Bolsonaro de uma agenda oficial em Foz do Igua\u00e7u, cidade sede da hidrel\u00e9trica de Itaipu.&nbsp;A hist\u00f3ria se tornou ainda mais nebulosa com a&nbsp;<a href=\"https:\/\/apublica.us8.list-manage.com\/track\/click?u=47bdda836f3b890e13c9f416d&amp;id=0120f2a154&amp;e=f303924b70\" target=\"_blank\" rel=\"noreferrer noopener\">revela\u00e7\u00e3o<\/a>, feita no dia 13 deste m\u00eas pela&nbsp;<em>Ag\u00eancia Sportlight<\/em>, de que o pr\u00f3prio Major Ol\u00edmpio esteve no Paraguai em 11 de abril passado, enquanto ocorria uma das reuni\u00f5es mais importantes de Giordano no pa\u00eds. Questionado pela&nbsp;<strong>P\u00fablica<\/strong>&nbsp;sobre a coincid\u00eancia, o senador acabou se confundindo com as datas. &#8220;Consta que ele esteve no Paraguai dia 9, eu n\u00e3o sabia que ele fez essa viagem, eu estive dia 11 e 12 de abril&#8221;, respondeu, por meio de um assessor, no WhatsApp. Desfeito o engano, Major Olimpio disse que, apesar de os dois terem estado no Paraguai no mesmo dia, &#8220;n\u00e3o sabia onde ele estava ou por onde andava&#8221; e que &#8220;n\u00e3o houve contato nenhum&#8221; entre eles. O senador informou tamb\u00e9m que foi ao pa\u00eds para participar do Encontro de Cat\u00f3licos com Responsabilidade Pol\u00edticas ao servi\u00e7o dos povos latino-americanos do Cone Sul e de uma agenda sobre seguran\u00e7a p\u00fablica.<\/p>\n\n\n\n<p>Se Giordano e Ol\u00edmpio, de fato, n\u00e3o se encontraram no Paraguai, n\u00e3o foi por falta de proximidade, que vai al\u00e9m do fato de o primeiro ser suplente do major da Pol\u00edcia Militar de S\u00e3o Paulo. Os dois se conheceram na zona norte da capital paulista e s\u00e3o amigos h\u00e1 pelo menos 10 anos, como disse Ol\u00edmpio em longa entrevista \u00e0&nbsp;<strong>P\u00fablica<\/strong>, em Campinas, horas antes da publica\u00e7\u00e3o da Sportlight, comentada posteriormente por ele. O foco da entrevista era a rela\u00e7\u00e3o do major, conhecido por defender o combate \u00e0 corrup\u00e7\u00e3o \u2013 em nome da qual enfrentou seu pr\u00f3prio partido, o PSL, nos casos Fl\u00e1vio Bolsonaro e CPI da Lava Toga \u2013, com seu inusitado suplente, um empres\u00e1rio que coleciona processos judiciais \u2013 de n\u00e3o pagamento de im\u00f3veis \u00e0 invas\u00e3o de terreno, passando por d\u00edvidas trabalhistas.<\/p>\n\n\n\n<p>Major Ol\u00edmpio disse que o escolheu para a supl\u00eancia porque ele se colocou \u00e0 disposi\u00e7\u00e3o do partido para auxiliar na organiza\u00e7\u00e3o do diret\u00f3rio paulista \u2013 presidido por Eduardo Bolsonaro \u2013 na primeira grande disputa eleitoral da legenda. Ele transformou seu escrit\u00f3rio \u2014 localizado no mesmo pr\u00e9dio onde funcionava o diret\u00f3rio estadual do PSL at\u00e9 julho deste ano \u2013 no comit\u00ea de campanha do major. \u00c9 assim que o senador explica a transfer\u00eancia de R$ 6,6 mil reais por loca\u00e7\u00e3o de im\u00f3veis para uma das empresas do suplente, a Enfermidade, que consta na presta\u00e7\u00e3o de contas da campanha.<\/p>\n\n\n\n<p>&#8220;Eu moro e convivo na zona norte. E ali ele sempre gostou de pol\u00edtica, era bastante ligado \u2013 anteriormente, com o pr\u00f3prio pessoal do PSDB, com o Bruno Covas, que \u00e9 um cara amigo dele. Quando eu vim para o PSL, ele come\u00e7ou a me ajudar com a organiza\u00e7\u00e3o do partido. N\u00e3o tem nenhuma liga\u00e7\u00e3o diferente disso&#8221;, diz Olimpio.<\/p>\n\n\n\n<p>O senador declara n\u00e3o ter se importado com a instala\u00e7\u00e3o de uma subcomiss\u00e3o tempor\u00e1ria no Senado para investigar um eventual favorecimento \u00e0 L\u00e9ros. &#8220;Eu achei \u00f3timo, tudo o que tem que acontecer. Que se fa\u00e7a a apura\u00e7\u00e3o que tem que ser feita.&#8221; E nega que Giordano tenha se apresentado como senador ou que falava em nome da fam\u00edlia Bolsonaro. &#8220;Dois absurdos, porque ele n\u00e3o tem contato nenhum. Nem com Bolsonaro nem com fam\u00edlia Bolsonaro&#8221;, afirma o senador. Questionado pela reportagem, admite: &#8220;O Eduardo [Bolsonaro] ele conhece&#8230; Ele era vice-presidente do partido, junto comigo e com ele. E ocasionalmente [se encontravam] em um ou outro evento. Mas o Eduardo frequentava muito pouco ou quase nada a reuni\u00e3o da executiva do partido&#8221;, destaca.<\/p>\n\n\n\n<p>A&nbsp;<strong>P\u00fablica<\/strong>&nbsp;procurou o deputado federal para questionar o aux\u00edlio de Giordano ao partido e o grau de relacionamento entre eles, mas a assessoria de imprensa de Bolsonaro n\u00e3o respondeu at\u00e9 a publica\u00e7\u00e3o deste texto.<\/p>\n\n\n\n<h2 class=\"wp-block-heading\">Carreira p\u00fablica<\/h2>\n\n\n\n<p>Antes de ter o amigo como suplente, em setembro de 2017, Olimpio j\u00e1 o havia nomeado secret\u00e1rio parlamentar na C\u00e2mara dos Deputados, em Bras\u00edlia (DF), quando era deputado federal pelo partido Solidariedade (2015-2018). Mas uma portaria no&nbsp;<em>Di\u00e1rio Oficial da Uni\u00e3o<\/em>&nbsp;desfez sua nomea\u00e7\u00e3o um m\u00eas depois da primeira publica\u00e7\u00e3o, que o colocou no cargo.<\/p>\n\n\n\n<p>Segundo o senador, Giordano n\u00e3o chegou a exercer o cargo comissionado porque, pelo regulamento da Casa, teria que se desfazer de suas empresas. &#8220;Eu quis lev\u00e1-lo j\u00e1 para trabalhar comigo, mas a\u00ed acabou n\u00e3o dando certo porque ele teria que fazer a transfer\u00eancia de empresa do nome dele para isso. Ele n\u00e3o poderia estar como funcion\u00e1rio ali e estar oficialmente com cargo executivo.&#8221;<\/p>\n\n\n\n<p>O major descreve o amigo como um &#8220;empres\u00e1rio bem-sucedido&#8221;, mas afirma n\u00e3o conhecer exatamente seu ramo de atividade. &#8220;Eu sei que ele trabalha fazendo estruturas met\u00e1licas para poste, com lixo e esses &#8216;trecos&#8217; todos. Mas n\u00e3o sou s\u00f3cio dos neg\u00f3cios dele e ele n\u00e3o \u00e9 s\u00f3cio do meu mandato. Ele s\u00f3 vai ser senador se eu morrer ou renunciar; e eu n\u00e3o estou pretendendo nenhuma das duas coisas&#8221;, diz o senador.<\/p>\n","protected":false},"excerpt":{"rendered":"<p>(JBCNEWS &#8211; NDF 19\/03) &#8211; O discreto cargo eletivo de suplente ao Senado Federal se ajustou perfeitamente ao perfil do empres\u00e1rio paulista Alexandre Luiz Giordano, de<span class=\"excerpt-hellip\"> [\u2026]<\/span><\/p>\n","protected":false},"author":1,"featured_media":2779,"comment_status":"open","ping_status":"open","sticky":false,"template":"","format":"standard","meta":{"footnotes":""},"categories":[20],"tags":[],"yoast_head":"<!-- This site is optimized with the Yoast SEO plugin v22.6 - https:\/\/yoast.com\/wordpress\/plugins\/seo\/ -->\n<title>&#039;Vendedor de fuma\u00e7a&#039; e pol\u00eamico: quem \u00e9 o suplente de Major Ol\u00edmpio. - JBCNews<\/title>\n<meta name=\"robots\" content=\"index, follow, max-snippet:-1, max-image-preview:large, max-video-preview:-1\" \/>\n<link rel=\"canonical\" href=\"https:\/\/jbcnews.com.br\/index.php\/2021\/03\/20\/vendedor-de-fumaca-e-polemico-quem-e-o-suplente-de-major-olimpio\/\" \/>\n<meta property=\"og:locale\" content=\"pt_BR\" \/>\n<meta property=\"og:type\" content=\"article\" \/>\n<meta property=\"og:title\" content=\"&#039;Vendedor de fuma\u00e7a&#039; e pol\u00eamico: quem \u00e9 o suplente de Major Ol\u00edmpio. - JBCNews\" \/>\n<meta property=\"og:description\" content=\"(JBCNEWS &#8211; NDF 19\/03) &#8211; O discreto cargo eletivo de suplente ao Senado Federal se ajustou perfeitamente ao perfil do empres\u00e1rio paulista Alexandre Luiz Giordano, de [\u2026]\" \/>\n<meta property=\"og:url\" content=\"https:\/\/jbcnews.com.br\/index.php\/2021\/03\/20\/vendedor-de-fumaca-e-polemico-quem-e-o-suplente-de-major-olimpio\/\" \/>\n<meta property=\"og:site_name\" content=\"JBCNews\" \/>\n<meta property=\"article:published_time\" content=\"2021-03-20T22:06:18+00:00\" \/>\n<meta property=\"article:modified_time\" content=\"2021-05-07T16:34:26+00:00\" \/>\n<meta property=\"og:image\" content=\"https:\/\/jbcnews.com.br\/wp-content\/uploads\/2021\/03\/imagem-55.png\" \/>\n\t<meta property=\"og:image:width\" content=\"960\" \/>\n\t<meta property=\"og:image:height\" content=\"720\" \/>\n\t<meta property=\"og:image:type\" content=\"image\/png\" \/>\n<meta name=\"author\" content=\"admin\" \/>\n<meta name=\"twitter:card\" content=\"summary_large_image\" \/>\n<meta name=\"twitter:label1\" content=\"Escrito por\" \/>\n\t<meta name=\"twitter:data1\" content=\"admin\" \/>\n\t<meta name=\"twitter:label2\" content=\"Est. tempo de leitura\" \/>\n\t<meta name=\"twitter:data2\" content=\"6 minutos\" \/>\n<script type=\"application\/ld+json\" class=\"yoast-schema-graph\">{\"@context\":\"https:\/\/schema.org\",\"@graph\":[{\"@type\":\"WebPage\",\"@id\":\"https:\/\/jbcnews.com.br\/index.php\/2021\/03\/20\/vendedor-de-fumaca-e-polemico-quem-e-o-suplente-de-major-olimpio\/\",\"url\":\"https:\/\/jbcnews.com.br\/index.php\/2021\/03\/20\/vendedor-de-fumaca-e-polemico-quem-e-o-suplente-de-major-olimpio\/\",\"name\":\"'Vendedor de fuma\u00e7a' e pol\u00eamico: quem \u00e9 o suplente de Major Ol\u00edmpio. - JBCNews\",\"isPartOf\":{\"@id\":\"https:\/\/jbcnews.com.br\/#website\"},\"primaryImageOfPage\":{\"@id\":\"https:\/\/jbcnews.com.br\/index.php\/2021\/03\/20\/vendedor-de-fumaca-e-polemico-quem-e-o-suplente-de-major-olimpio\/#primaryimage\"},\"image\":{\"@id\":\"https:\/\/jbcnews.com.br\/index.php\/2021\/03\/20\/vendedor-de-fumaca-e-polemico-quem-e-o-suplente-de-major-olimpio\/#primaryimage\"},\"thumbnailUrl\":\"https:\/\/jbcnews.com.br\/wp-content\/uploads\/2021\/03\/imagem-55.png\",\"datePublished\":\"2021-03-20T22:06:18+00:00\",\"dateModified\":\"2021-05-07T16:34:26+00:00\",\"author\":{\"@id\":\"https:\/\/jbcnews.com.br\/#\/schema\/person\/3b597ec20ccf92d0adc436057caf9bbe\"},\"breadcrumb\":{\"@id\":\"https:\/\/jbcnews.com.br\/index.php\/2021\/03\/20\/vendedor-de-fumaca-e-polemico-quem-e-o-suplente-de-major-olimpio\/#breadcrumb\"},\"inLanguage\":\"pt-BR\",\"potentialAction\":[{\"@type\":\"ReadAction\",\"target\":[\"https:\/\/jbcnews.com.br\/index.php\/2021\/03\/20\/vendedor-de-fumaca-e-polemico-quem-e-o-suplente-de-major-olimpio\/\"]}]},{\"@type\":\"ImageObject\",\"inLanguage\":\"pt-BR\",\"@id\":\"https:\/\/jbcnews.com.br\/index.php\/2021\/03\/20\/vendedor-de-fumaca-e-polemico-quem-e-o-suplente-de-major-olimpio\/#primaryimage\",\"url\":\"https:\/\/jbcnews.com.br\/wp-content\/uploads\/2021\/03\/imagem-55.png\",\"contentUrl\":\"https:\/\/jbcnews.com.br\/wp-content\/uploads\/2021\/03\/imagem-55.png\",\"width\":960,\"height\":720},{\"@type\":\"BreadcrumbList\",\"@id\":\"https:\/\/jbcnews.com.br\/index.php\/2021\/03\/20\/vendedor-de-fumaca-e-polemico-quem-e-o-suplente-de-major-olimpio\/#breadcrumb\",\"itemListElement\":[{\"@type\":\"ListItem\",\"position\":1,\"name\":\"In\u00edcio\",\"item\":\"https:\/\/jbcnews.com.br\/\"},{\"@type\":\"ListItem\",\"position\":2,\"name\":\"&#8216;Vendedor de fuma\u00e7a&#8217; e pol\u00eamico: quem \u00e9 o suplente de Major Ol\u00edmpio.\"}]},{\"@type\":\"WebSite\",\"@id\":\"https:\/\/jbcnews.com.br\/#website\",\"url\":\"https:\/\/jbcnews.com.br\/\",\"name\":\"JBCNews\",\"description\":\"Comunica\u00e7\u00e3o e Cultura\",\"potentialAction\":[{\"@type\":\"SearchAction\",\"target\":{\"@type\":\"EntryPoint\",\"urlTemplate\":\"https:\/\/jbcnews.com.br\/?s={search_term_string}\"},\"query-input\":\"required name=search_term_string\"}],\"inLanguage\":\"pt-BR\"},{\"@type\":\"Person\",\"@id\":\"https:\/\/jbcnews.com.br\/#\/schema\/person\/3b597ec20ccf92d0adc436057caf9bbe\",\"name\":\"admin\",\"image\":{\"@type\":\"ImageObject\",\"inLanguage\":\"pt-BR\",\"@id\":\"https:\/\/jbcnews.com.br\/#\/schema\/person\/image\/\",\"url\":\"https:\/\/secure.gravatar.com\/avatar\/fe848d2435b65c3ed1cdd3a8e8f3bb2d?s=96&d=mm&r=g\",\"contentUrl\":\"https:\/\/secure.gravatar.com\/avatar\/fe848d2435b65c3ed1cdd3a8e8f3bb2d?s=96&d=mm&r=g\",\"caption\":\"admin\"},\"sameAs\":[\"https:\/\/jbcnews.com.br\"],\"url\":\"https:\/\/jbcnews.com.br\/index.php\/author\/jbcnews\/\"}]}<\/script>\n<!-- \/ Yoast SEO plugin. -->","yoast_head_json":{"title":"'Vendedor de fuma\u00e7a' e pol\u00eamico: quem \u00e9 o suplente de Major Ol\u00edmpio. - JBCNews","robots":{"index":"index","follow":"follow","max-snippet":"max-snippet:-1","max-image-preview":"max-image-preview:large","max-video-preview":"max-video-preview:-1"},"canonical":"https:\/\/jbcnews.com.br\/index.php\/2021\/03\/20\/vendedor-de-fumaca-e-polemico-quem-e-o-suplente-de-major-olimpio\/","og_locale":"pt_BR","og_type":"article","og_title":"'Vendedor de fuma\u00e7a' e pol\u00eamico: quem \u00e9 o suplente de Major Ol\u00edmpio. - JBCNews","og_description":"(JBCNEWS &#8211; NDF 19\/03) &#8211; O discreto cargo eletivo de suplente ao Senado Federal se ajustou perfeitamente ao perfil do empres\u00e1rio paulista Alexandre Luiz Giordano, de [\u2026]","og_url":"https:\/\/jbcnews.com.br\/index.php\/2021\/03\/20\/vendedor-de-fumaca-e-polemico-quem-e-o-suplente-de-major-olimpio\/","og_site_name":"JBCNews","article_published_time":"2021-03-20T22:06:18+00:00","article_modified_time":"2021-05-07T16:34:26+00:00","og_image":[{"width":960,"height":720,"url":"https:\/\/jbcnews.com.br\/wp-content\/uploads\/2021\/03\/imagem-55.png","type":"image\/png"}],"author":"admin","twitter_card":"summary_large_image","twitter_misc":{"Escrito por":"admin","Est. tempo de leitura":"6 minutos"},"schema":{"@context":"https:\/\/schema.org","@graph":[{"@type":"WebPage","@id":"https:\/\/jbcnews.com.br\/index.php\/2021\/03\/20\/vendedor-de-fumaca-e-polemico-quem-e-o-suplente-de-major-olimpio\/","url":"https:\/\/jbcnews.com.br\/index.php\/2021\/03\/20\/vendedor-de-fumaca-e-polemico-quem-e-o-suplente-de-major-olimpio\/","name":"'Vendedor de fuma\u00e7a' e pol\u00eamico: quem \u00e9 o suplente de Major Ol\u00edmpio. - JBCNews","isPartOf":{"@id":"https:\/\/jbcnews.com.br\/#website"},"primaryImageOfPage":{"@id":"https:\/\/jbcnews.com.br\/index.php\/2021\/03\/20\/vendedor-de-fumaca-e-polemico-quem-e-o-suplente-de-major-olimpio\/#primaryimage"},"image":{"@id":"https:\/\/jbcnews.com.br\/index.php\/2021\/03\/20\/vendedor-de-fumaca-e-polemico-quem-e-o-suplente-de-major-olimpio\/#primaryimage"},"thumbnailUrl":"https:\/\/jbcnews.com.br\/wp-content\/uploads\/2021\/03\/imagem-55.png","datePublished":"2021-03-20T22:06:18+00:00","dateModified":"2021-05-07T16:34:26+00:00","author":{"@id":"https:\/\/jbcnews.com.br\/#\/schema\/person\/3b597ec20ccf92d0adc436057caf9bbe"},"breadcrumb":{"@id":"https:\/\/jbcnews.com.br\/index.php\/2021\/03\/20\/vendedor-de-fumaca-e-polemico-quem-e-o-suplente-de-major-olimpio\/#breadcrumb"},"inLanguage":"pt-BR","potentialAction":[{"@type":"ReadAction","target":["https:\/\/jbcnews.com.br\/index.php\/2021\/03\/20\/vendedor-de-fumaca-e-polemico-quem-e-o-suplente-de-major-olimpio\/"]}]},{"@type":"ImageObject","inLanguage":"pt-BR","@id":"https:\/\/jbcnews.com.br\/index.php\/2021\/03\/20\/vendedor-de-fumaca-e-polemico-quem-e-o-suplente-de-major-olimpio\/#primaryimage","url":"https:\/\/jbcnews.com.br\/wp-content\/uploads\/2021\/03\/imagem-55.png","contentUrl":"https:\/\/jbcnews.com.br\/wp-content\/uploads\/2021\/03\/imagem-55.png","width":960,"height":720},{"@type":"BreadcrumbList","@id":"https:\/\/jbcnews.com.br\/index.php\/2021\/03\/20\/vendedor-de-fumaca-e-polemico-quem-e-o-suplente-de-major-olimpio\/#breadcrumb","itemListElement":[{"@type":"ListItem","position":1,"name":"In\u00edcio","item":"https:\/\/jbcnews.com.br\/"},{"@type":"ListItem","position":2,"name":"&#8216;Vendedor de fuma\u00e7a&#8217; e pol\u00eamico: quem \u00e9 o suplente de Major Ol\u00edmpio."}]},{"@type":"WebSite","@id":"https:\/\/jbcnews.com.br\/#website","url":"https:\/\/jbcnews.com.br\/","name":"JBCNews","description":"Comunica\u00e7\u00e3o e Cultura","potentialAction":[{"@type":"SearchAction","target":{"@type":"EntryPoint","urlTemplate":"https:\/\/jbcnews.com.br\/?s={search_term_string}"},"query-input":"required name=search_term_string"}],"inLanguage":"pt-BR"},{"@type":"Person","@id":"https:\/\/jbcnews.com.br\/#\/schema\/person\/3b597ec20ccf92d0adc436057caf9bbe","name":"admin","image":{"@type":"ImageObject","inLanguage":"pt-BR","@id":"https:\/\/jbcnews.com.br\/#\/schema\/person\/image\/","url":"https:\/\/secure.gravatar.com\/avatar\/fe848d2435b65c3ed1cdd3a8e8f3bb2d?s=96&d=mm&r=g","contentUrl":"https:\/\/secure.gravatar.com\/avatar\/fe848d2435b65c3ed1cdd3a8e8f3bb2d?s=96&d=mm&r=g","caption":"admin"},"sameAs":["https:\/\/jbcnews.com.br"],"url":"https:\/\/jbcnews.com.br\/index.php\/author\/jbcnews\/"}]}},"_links":{"self":[{"href":"https:\/\/jbcnews.com.br\/index.php\/wp-json\/wp\/v2\/posts\/2778"}],"collection":[{"href":"https:\/\/jbcnews.com.br\/index.php\/wp-json\/wp\/v2\/posts"}],"about":[{"href":"https:\/\/jbcnews.com.br\/index.php\/wp-json\/wp\/v2\/types\/post"}],"author":[{"embeddable":true,"href":"https:\/\/jbcnews.com.br\/index.php\/wp-json\/wp\/v2\/users\/1"}],"replies":[{"embeddable":true,"href":"https:\/\/jbcnews.com.br\/index.php\/wp-json\/wp\/v2\/comments?post=2778"}],"version-history":[{"count":1,"href":"https:\/\/jbcnews.com.br\/index.php\/wp-json\/wp\/v2\/posts\/2778\/revisions"}],"predecessor-version":[{"id":2780,"href":"https:\/\/jbcnews.com.br\/index.php\/wp-json\/wp\/v2\/posts\/2778\/revisions\/2780"}],"wp:featuredmedia":[{"embeddable":true,"href":"https:\/\/jbcnews.com.br\/index.php\/wp-json\/wp\/v2\/media\/2779"}],"wp:attachment":[{"href":"https:\/\/jbcnews.com.br\/index.php\/wp-json\/wp\/v2\/media?parent=2778"}],"wp:term":[{"taxonomy":"category","embeddable":true,"href":"https:\/\/jbcnews.com.br\/index.php\/wp-json\/wp\/v2\/categories?post=2778"},{"taxonomy":"post_tag","embeddable":true,"href":"https:\/\/jbcnews.com.br\/index.php\/wp-json\/wp\/v2\/tags?post=2778"}],"curies":[{"name":"wp","href":"https:\/\/api.w.org\/{rel}","templated":true}]}}