{"id":2775,"date":"2021-03-20T22:04:40","date_gmt":"2021-03-20T22:04:40","guid":{"rendered":"https:\/\/jbcnews.com.br\/?p=2775"},"modified":"2021-03-20T22:04:43","modified_gmt":"2021-03-20T22:04:43","slug":"jornalista-ana-luiza-guimaraes-lamenta-a-morte-do-marido-o-amor-da-minha-vida-foi-embora","status":"publish","type":"post","link":"https:\/\/jbcnews.com.br\/index.php\/2021\/03\/20\/jornalista-ana-luiza-guimaraes-lamenta-a-morte-do-marido-o-amor-da-minha-vida-foi-embora\/","title":{"rendered":"Jornalista Ana Lu\u00edza Guimar\u00e3es lamenta a morte do marido: &#8216;O amor da minha vida foi embora&#8217;"},"content":{"rendered":"\n<p>(JBCNEWS DF 19\/03) &#8211; A jornalista Ana Lu\u00edza Guimar\u00e3es, que apresenta o &#8220;RJ2&#8221; e o &#8220;Jornal Nacional&#8221;, na Globo, usou as redes sociais para prestar uma homenagem e tamb\u00e9m dividir com quem a acompanha a morte do, do Figueira. Na publica\u00e7\u00e3o, ela, que n\u00e3o deu detalhes sobre a causa do falecimento, escreveu o &#8220;amor de sua vida foi embora&#8221;.<\/p>\n\n\n\n<p>&#8220;O amor da minha vida foi embora. Vou te amar pra sempre meu Zuzi. Descansa, meu lindo. A gente se encontra no c\u00e9u&#8221;, consta da homenagem.<\/p>\n\n\n\n<p>Amigos e admiradores da Ana Lu\u00edza dedicaram mensagens de apoio a ela: &#8220;Luli, querida, meus profundos sentimentos. Um abra\u00e7o bem apertado&#8221;, escreveu Patr\u00edcia Poeta. &#8220;Querida amiga, meu cora\u00e7\u00e3o e minha for\u00e7a a\u00ed com voc\u00ea&#8221;, consta da mensagem da jornalista Leilane Neubarth.<\/p>\n\n\n\n<p>F\u00e1tima Bernardes tamb\u00e9m fez quest\u00e3o de prestar apoio \u00e0 amiga: &#8220;Luli, sinto muito. Que voc\u00ea receba muito amor pra enfrentar esse momento dif\u00edcil.&#8221;<\/p>\n\n\n\n<p>Em seu perfil no Instagram, Ana Lu\u00edza havia postado fotos dela ao lado do marido h\u00e1 cerca de uma semana: &#8221; #TBT. Anivers\u00e1rio de 50 (anos), dan\u00e7ando com meu amor&#8221;.<\/p>\n","protected":false},"excerpt":{"rendered":"<p>(JBCNEWS DF 19\/03) &#8211; A jornalista Ana Lu\u00edza Guimar\u00e3es, que apresenta o &#8220;RJ2&#8221; e o &#8220;Jornal Nacional&#8221;, na Globo, usou as redes sociais para prestar uma<span class=\"excerpt-hellip\"> [\u2026]<\/span><\/p>\n","protected":false},"author":1,"featured_media":2776,"comment_status":"open","ping_status":"open","sticky":false,"template":"","format":"standard","meta":{"footnotes":""},"categories":[33],"tags":[],"yoast_head":"<!-- This site is optimized with the Yoast SEO plugin v22.6 - https:\/\/yoast.com\/wordpress\/plugins\/seo\/ -->\n<title>Jornalista Ana Lu\u00edza Guimar\u00e3es lamenta a morte do marido: &#039;O amor da minha vida foi embora&#039; - JBCNews<\/title>\n<meta name=\"robots\" content=\"index, follow, max-snippet:-1, max-image-preview:large, max-video-preview:-1\" \/>\n<link rel=\"canonical\" href=\"https:\/\/jbcnews.com.br\/index.php\/2021\/03\/20\/jornalista-ana-luiza-guimaraes-lamenta-a-morte-do-marido-o-amor-da-minha-vida-foi-embora\/\" \/>\n<meta property=\"og:locale\" content=\"pt_BR\" \/>\n<meta property=\"og:type\" content=\"article\" \/>\n<meta property=\"og:title\" content=\"Jornalista Ana Lu\u00edza Guimar\u00e3es lamenta a morte do marido: &#039;O amor da minha vida foi embora&#039; - JBCNews\" \/>\n<meta property=\"og:description\" content=\"(JBCNEWS DF 19\/03) &#8211; A jornalista Ana Lu\u00edza Guimar\u00e3es, que apresenta o &#8220;RJ2&#8221; e o &#8220;Jornal Nacional&#8221;, na Globo, usou as redes sociais para prestar uma [\u2026]\" \/>\n<meta property=\"og:url\" content=\"https:\/\/jbcnews.com.br\/index.php\/2021\/03\/20\/jornalista-ana-luiza-guimaraes-lamenta-a-morte-do-marido-o-amor-da-minha-vida-foi-embora\/\" \/>\n<meta property=\"og:site_name\" content=\"JBCNews\" \/>\n<meta property=\"article:published_time\" content=\"2021-03-20T22:04:40+00:00\" \/>\n<meta property=\"article:modified_time\" content=\"2021-03-20T22:04:43+00:00\" \/>\n<meta property=\"og:image\" content=\"https:\/\/jbcnews.com.br\/wp-content\/uploads\/2021\/03\/imagem-54.png\" \/>\n\t<meta property=\"og:image:width\" content=\"448\" \/>\n\t<meta property=\"og:image:height\" content=\"448\" \/>\n\t<meta property=\"og:image:type\" content=\"image\/png\" \/>\n<meta name=\"author\" content=\"admin\" \/>\n<meta name=\"twitter:card\" content=\"summary_large_image\" \/>\n<meta name=\"twitter:label1\" content=\"Escrito por\" \/>\n\t<meta name=\"twitter:data1\" content=\"admin\" \/>\n\t<meta name=\"twitter:label2\" content=\"Est. tempo de leitura\" \/>\n\t<meta name=\"twitter:data2\" content=\"1 minuto\" \/>\n<script type=\"application\/ld+json\" class=\"yoast-schema-graph\">{\"@context\":\"https:\/\/schema.org\",\"@graph\":[{\"@type\":\"WebPage\",\"@id\":\"https:\/\/jbcnews.com.br\/index.php\/2021\/03\/20\/jornalista-ana-luiza-guimaraes-lamenta-a-morte-do-marido-o-amor-da-minha-vida-foi-embora\/\",\"url\":\"https:\/\/jbcnews.com.br\/index.php\/2021\/03\/20\/jornalista-ana-luiza-guimaraes-lamenta-a-morte-do-marido-o-amor-da-minha-vida-foi-embora\/\",\"name\":\"Jornalista Ana Lu\u00edza Guimar\u00e3es lamenta a morte do marido: 'O amor da minha vida foi embora' - JBCNews\",\"isPartOf\":{\"@id\":\"https:\/\/jbcnews.com.br\/#website\"},\"primaryImageOfPage\":{\"@id\":\"https:\/\/jbcnews.com.br\/index.php\/2021\/03\/20\/jornalista-ana-luiza-guimaraes-lamenta-a-morte-do-marido-o-amor-da-minha-vida-foi-embora\/#primaryimage\"},\"image\":{\"@id\":\"https:\/\/jbcnews.com.br\/index.php\/2021\/03\/20\/jornalista-ana-luiza-guimaraes-lamenta-a-morte-do-marido-o-amor-da-minha-vida-foi-embora\/#primaryimage\"},\"thumbnailUrl\":\"https:\/\/jbcnews.com.br\/wp-content\/uploads\/2021\/03\/imagem-54.png\",\"datePublished\":\"2021-03-20T22:04:40+00:00\",\"dateModified\":\"2021-03-20T22:04:43+00:00\",\"author\":{\"@id\":\"https:\/\/jbcnews.com.br\/#\/schema\/person\/3b597ec20ccf92d0adc436057caf9bbe\"},\"breadcrumb\":{\"@id\":\"https:\/\/jbcnews.com.br\/index.php\/2021\/03\/20\/jornalista-ana-luiza-guimaraes-lamenta-a-morte-do-marido-o-amor-da-minha-vida-foi-embora\/#breadcrumb\"},\"inLanguage\":\"pt-BR\",\"potentialAction\":[{\"@type\":\"ReadAction\",\"target\":[\"https:\/\/jbcnews.com.br\/index.php\/2021\/03\/20\/jornalista-ana-luiza-guimaraes-lamenta-a-morte-do-marido-o-amor-da-minha-vida-foi-embora\/\"]}]},{\"@type\":\"ImageObject\",\"inLanguage\":\"pt-BR\",\"@id\":\"https:\/\/jbcnews.com.br\/index.php\/2021\/03\/20\/jornalista-ana-luiza-guimaraes-lamenta-a-morte-do-marido-o-amor-da-minha-vida-foi-embora\/#primaryimage\",\"url\":\"https:\/\/jbcnews.com.br\/wp-content\/uploads\/2021\/03\/imagem-54.png\",\"contentUrl\":\"https:\/\/jbcnews.com.br\/wp-content\/uploads\/2021\/03\/imagem-54.png\",\"width\":448,\"height\":448},{\"@type\":\"BreadcrumbList\",\"@id\":\"https:\/\/jbcnews.com.br\/index.php\/2021\/03\/20\/jornalista-ana-luiza-guimaraes-lamenta-a-morte-do-marido-o-amor-da-minha-vida-foi-embora\/#breadcrumb\",\"itemListElement\":[{\"@type\":\"ListItem\",\"position\":1,\"name\":\"In\u00edcio\",\"item\":\"https:\/\/jbcnews.com.br\/\"},{\"@type\":\"ListItem\",\"position\":2,\"name\":\"Jornalista Ana Lu\u00edza Guimar\u00e3es lamenta a morte do marido: &#8216;O amor da minha vida foi embora&#8217;\"}]},{\"@type\":\"WebSite\",\"@id\":\"https:\/\/jbcnews.com.br\/#website\",\"url\":\"https:\/\/jbcnews.com.br\/\",\"name\":\"JBCNews\",\"description\":\"Comunica\u00e7\u00e3o e Cultura\",\"potentialAction\":[{\"@type\":\"SearchAction\",\"target\":{\"@type\":\"EntryPoint\",\"urlTemplate\":\"https:\/\/jbcnews.com.br\/?s={search_term_string}\"},\"query-input\":\"required name=search_term_string\"}],\"inLanguage\":\"pt-BR\"},{\"@type\":\"Person\",\"@id\":\"https:\/\/jbcnews.com.br\/#\/schema\/person\/3b597ec20ccf92d0adc436057caf9bbe\",\"name\":\"admin\",\"image\":{\"@type\":\"ImageObject\",\"inLanguage\":\"pt-BR\",\"@id\":\"https:\/\/jbcnews.com.br\/#\/schema\/person\/image\/\",\"url\":\"https:\/\/secure.gravatar.com\/avatar\/fe848d2435b65c3ed1cdd3a8e8f3bb2d?s=96&d=mm&r=g\",\"contentUrl\":\"https:\/\/secure.gravatar.com\/avatar\/fe848d2435b65c3ed1cdd3a8e8f3bb2d?s=96&d=mm&r=g\",\"caption\":\"admin\"},\"sameAs\":[\"https:\/\/jbcnews.com.br\"],\"url\":\"https:\/\/jbcnews.com.br\/index.php\/author\/jbcnews\/\"}]}<\/script>\n<!-- \/ Yoast SEO plugin. -->","yoast_head_json":{"title":"Jornalista Ana Lu\u00edza Guimar\u00e3es lamenta a morte do marido: 'O amor da minha vida foi embora' - JBCNews","robots":{"index":"index","follow":"follow","max-snippet":"max-snippet:-1","max-image-preview":"max-image-preview:large","max-video-preview":"max-video-preview:-1"},"canonical":"https:\/\/jbcnews.com.br\/index.php\/2021\/03\/20\/jornalista-ana-luiza-guimaraes-lamenta-a-morte-do-marido-o-amor-da-minha-vida-foi-embora\/","og_locale":"pt_BR","og_type":"article","og_title":"Jornalista Ana Lu\u00edza Guimar\u00e3es lamenta a morte do marido: 'O amor da minha vida foi embora' - JBCNews","og_description":"(JBCNEWS DF 19\/03) &#8211; A jornalista Ana Lu\u00edza Guimar\u00e3es, que apresenta o &#8220;RJ2&#8221; e o &#8220;Jornal Nacional&#8221;, na Globo, usou as redes sociais para prestar uma [\u2026]","og_url":"https:\/\/jbcnews.com.br\/index.php\/2021\/03\/20\/jornalista-ana-luiza-guimaraes-lamenta-a-morte-do-marido-o-amor-da-minha-vida-foi-embora\/","og_site_name":"JBCNews","article_published_time":"2021-03-20T22:04:40+00:00","article_modified_time":"2021-03-20T22:04:43+00:00","og_image":[{"width":448,"height":448,"url":"https:\/\/jbcnews.com.br\/wp-content\/uploads\/2021\/03\/imagem-54.png","type":"image\/png"}],"author":"admin","twitter_card":"summary_large_image","twitter_misc":{"Escrito por":"admin","Est. tempo de leitura":"1 minuto"},"schema":{"@context":"https:\/\/schema.org","@graph":[{"@type":"WebPage","@id":"https:\/\/jbcnews.com.br\/index.php\/2021\/03\/20\/jornalista-ana-luiza-guimaraes-lamenta-a-morte-do-marido-o-amor-da-minha-vida-foi-embora\/","url":"https:\/\/jbcnews.com.br\/index.php\/2021\/03\/20\/jornalista-ana-luiza-guimaraes-lamenta-a-morte-do-marido-o-amor-da-minha-vida-foi-embora\/","name":"Jornalista Ana Lu\u00edza Guimar\u00e3es lamenta a morte do marido: 'O amor da minha vida foi embora' - JBCNews","isPartOf":{"@id":"https:\/\/jbcnews.com.br\/#website"},"primaryImageOfPage":{"@id":"https:\/\/jbcnews.com.br\/index.php\/2021\/03\/20\/jornalista-ana-luiza-guimaraes-lamenta-a-morte-do-marido-o-amor-da-minha-vida-foi-embora\/#primaryimage"},"image":{"@id":"https:\/\/jbcnews.com.br\/index.php\/2021\/03\/20\/jornalista-ana-luiza-guimaraes-lamenta-a-morte-do-marido-o-amor-da-minha-vida-foi-embora\/#primaryimage"},"thumbnailUrl":"https:\/\/jbcnews.com.br\/wp-content\/uploads\/2021\/03\/imagem-54.png","datePublished":"2021-03-20T22:04:40+00:00","dateModified":"2021-03-20T22:04:43+00:00","author":{"@id":"https:\/\/jbcnews.com.br\/#\/schema\/person\/3b597ec20ccf92d0adc436057caf9bbe"},"breadcrumb":{"@id":"https:\/\/jbcnews.com.br\/index.php\/2021\/03\/20\/jornalista-ana-luiza-guimaraes-lamenta-a-morte-do-marido-o-amor-da-minha-vida-foi-embora\/#breadcrumb"},"inLanguage":"pt-BR","potentialAction":[{"@type":"ReadAction","target":["https:\/\/jbcnews.com.br\/index.php\/2021\/03\/20\/jornalista-ana-luiza-guimaraes-lamenta-a-morte-do-marido-o-amor-da-minha-vida-foi-embora\/"]}]},{"@type":"ImageObject","inLanguage":"pt-BR","@id":"https:\/\/jbcnews.com.br\/index.php\/2021\/03\/20\/jornalista-ana-luiza-guimaraes-lamenta-a-morte-do-marido-o-amor-da-minha-vida-foi-embora\/#primaryimage","url":"https:\/\/jbcnews.com.br\/wp-content\/uploads\/2021\/03\/imagem-54.png","contentUrl":"https:\/\/jbcnews.com.br\/wp-content\/uploads\/2021\/03\/imagem-54.png","width":448,"height":448},{"@type":"BreadcrumbList","@id":"https:\/\/jbcnews.com.br\/index.php\/2021\/03\/20\/jornalista-ana-luiza-guimaraes-lamenta-a-morte-do-marido-o-amor-da-minha-vida-foi-embora\/#breadcrumb","itemListElement":[{"@type":"ListItem","position":1,"name":"In\u00edcio","item":"https:\/\/jbcnews.com.br\/"},{"@type":"ListItem","position":2,"name":"Jornalista Ana Lu\u00edza Guimar\u00e3es lamenta a morte do marido: &#8216;O amor da minha vida foi embora&#8217;"}]},{"@type":"WebSite","@id":"https:\/\/jbcnews.com.br\/#website","url":"https:\/\/jbcnews.com.br\/","name":"JBCNews","description":"Comunica\u00e7\u00e3o e Cultura","potentialAction":[{"@type":"SearchAction","target":{"@type":"EntryPoint","urlTemplate":"https:\/\/jbcnews.com.br\/?s={search_term_string}"},"query-input":"required name=search_term_string"}],"inLanguage":"pt-BR"},{"@type":"Person","@id":"https:\/\/jbcnews.com.br\/#\/schema\/person\/3b597ec20ccf92d0adc436057caf9bbe","name":"admin","image":{"@type":"ImageObject","inLanguage":"pt-BR","@id":"https:\/\/jbcnews.com.br\/#\/schema\/person\/image\/","url":"https:\/\/secure.gravatar.com\/avatar\/fe848d2435b65c3ed1cdd3a8e8f3bb2d?s=96&d=mm&r=g","contentUrl":"https:\/\/secure.gravatar.com\/avatar\/fe848d2435b65c3ed1cdd3a8e8f3bb2d?s=96&d=mm&r=g","caption":"admin"},"sameAs":["https:\/\/jbcnews.com.br"],"url":"https:\/\/jbcnews.com.br\/index.php\/author\/jbcnews\/"}]}},"_links":{"self":[{"href":"https:\/\/jbcnews.com.br\/index.php\/wp-json\/wp\/v2\/posts\/2775"}],"collection":[{"href":"https:\/\/jbcnews.com.br\/index.php\/wp-json\/wp\/v2\/posts"}],"about":[{"href":"https:\/\/jbcnews.com.br\/index.php\/wp-json\/wp\/v2\/types\/post"}],"author":[{"embeddable":true,"href":"https:\/\/jbcnews.com.br\/index.php\/wp-json\/wp\/v2\/users\/1"}],"replies":[{"embeddable":true,"href":"https:\/\/jbcnews.com.br\/index.php\/wp-json\/wp\/v2\/comments?post=2775"}],"version-history":[{"count":1,"href":"https:\/\/jbcnews.com.br\/index.php\/wp-json\/wp\/v2\/posts\/2775\/revisions"}],"predecessor-version":[{"id":2777,"href":"https:\/\/jbcnews.com.br\/index.php\/wp-json\/wp\/v2\/posts\/2775\/revisions\/2777"}],"wp:featuredmedia":[{"embeddable":true,"href":"https:\/\/jbcnews.com.br\/index.php\/wp-json\/wp\/v2\/media\/2776"}],"wp:attachment":[{"href":"https:\/\/jbcnews.com.br\/index.php\/wp-json\/wp\/v2\/media?parent=2775"}],"wp:term":[{"taxonomy":"category","embeddable":true,"href":"https:\/\/jbcnews.com.br\/index.php\/wp-json\/wp\/v2\/categories?post=2775"},{"taxonomy":"post_tag","embeddable":true,"href":"https:\/\/jbcnews.com.br\/index.php\/wp-json\/wp\/v2\/tags?post=2775"}],"curies":[{"name":"wp","href":"https:\/\/api.w.org\/{rel}","templated":true}]}}