{"id":2772,"date":"2021-03-20T21:58:19","date_gmt":"2021-03-20T21:58:19","guid":{"rendered":"https:\/\/jbcnews.com.br\/?p=2772"},"modified":"2021-03-20T21:58:21","modified_gmt":"2021-03-20T21:58:21","slug":"atriz-de-esquadrao-suicida-pensou-em-suicidio-antes-de-se-assumir-pansexual","status":"publish","type":"post","link":"https:\/\/jbcnews.com.br\/index.php\/2021\/03\/20\/atriz-de-esquadrao-suicida-pensou-em-suicidio-antes-de-se-assumir-pansexual\/","title":{"rendered":"Atriz de &#8220;Esquadr\u00e3o Suicida&#8221; pensou em suic\u00eddio antes de se assumir pansexual"},"content":{"rendered":"\n<p>(JBCNEWS &#8211; DF 18\/03) &#8211; A modelo e atriz Cara Delevingne, lembrada pelo papel de Magia em &#8220;Esquadr\u00e3o Suicida&#8221; (2016), teve pensamentos suicidas ao se enxergar como uma pessoa LGBTQIA +. Hoje assumida como pansexual, a artista relembrou o seu processo de descoberta em entrevista ao podcast &#8220;<a href=\"https:\/\/goop.com\/the-goop-podcast\/gwyneth-paltrow-x-cara-delevingne-being-a-recovering-people-pleaser\/\" target=\"_blank\" rel=\"noreferrer noopener\">Goop<\/a>&#8220;, de Gwyneth Paltrow.<\/p>\n\n\n\n<p>&#8220;Eu cresci em uma fam\u00edlia muito antiquada. N\u00e3o conhecia ningu\u00e9m que era gay, n\u00e3o sabia que isso existia&#8230; na verdade, eu era muito homof\u00f3bica. A ideia de estar [sexualmente] com algu\u00e9m do mesmo g\u00eanero que eu era nojenta para mim mesma. Eu pensava: &#8216;Meu Deus, nunca farei isso. \u00c9 repugnante'&#8221;, disse ela.<\/p>\n\n\n\n<p>Por causa do preconceito, ela lutou contra a depress\u00e3o e chegou a ter pensamentos suicidas por causa da sua orienta\u00e7\u00e3o sexual. &#8220;Eu me sentia muito envergonhada por ser aquilo [que odiava]. Hoje em dia, acho que \u00e9 a parte de mim que mais amo e aceito&#8221;, afirmou. Hoje, ela entende que se sente atra\u00edda por pessoas, independentemente do g\u00eanero ou sexo biol\u00f3gico.<\/p>\n\n\n\n<p>&#8220;Por muito tempo, eu fiquei muito infeliz por n\u00e3o seguir a minha verdade, especialmente na carreira de modelo. Eu sentia que precisava me limitar a uma caixinha, quando na verdade sou uma pessoa andr\u00f3gina. Eu adoro ser mulher, me vestir e me enfeitar, mas tamb\u00e9m curto ser um cara dur\u00e3o \u00e0s vezes&#8221;, completou.<\/p>\n","protected":false},"excerpt":{"rendered":"<p>(JBCNEWS &#8211; DF 18\/03) &#8211; A modelo e atriz Cara Delevingne, lembrada pelo papel de Magia em &#8220;Esquadr\u00e3o Suicida&#8221; (2016), teve pensamentos suicidas ao se enxergar<span class=\"excerpt-hellip\"> [\u2026]<\/span><\/p>\n","protected":false},"author":1,"featured_media":2773,"comment_status":"open","ping_status":"open","sticky":false,"template":"","format":"standard","meta":{"footnotes":""},"categories":[21],"tags":[],"yoast_head":"<!-- This site is optimized with the Yoast SEO plugin v22.6 - https:\/\/yoast.com\/wordpress\/plugins\/seo\/ -->\n<title>Atriz de &quot;Esquadr\u00e3o Suicida&quot; pensou em suic\u00eddio antes de se assumir pansexual - JBCNews<\/title>\n<meta name=\"robots\" content=\"index, follow, max-snippet:-1, max-image-preview:large, max-video-preview:-1\" \/>\n<link rel=\"canonical\" href=\"https:\/\/jbcnews.com.br\/index.php\/2021\/03\/20\/atriz-de-esquadrao-suicida-pensou-em-suicidio-antes-de-se-assumir-pansexual\/\" \/>\n<meta property=\"og:locale\" content=\"pt_BR\" \/>\n<meta property=\"og:type\" content=\"article\" \/>\n<meta property=\"og:title\" content=\"Atriz de &quot;Esquadr\u00e3o Suicida&quot; pensou em suic\u00eddio antes de se assumir pansexual - JBCNews\" \/>\n<meta property=\"og:description\" content=\"(JBCNEWS &#8211; DF 18\/03) &#8211; A modelo e atriz Cara Delevingne, lembrada pelo papel de Magia em &#8220;Esquadr\u00e3o Suicida&#8221; (2016), teve pensamentos suicidas ao se enxergar [\u2026]\" \/>\n<meta property=\"og:url\" content=\"https:\/\/jbcnews.com.br\/index.php\/2021\/03\/20\/atriz-de-esquadrao-suicida-pensou-em-suicidio-antes-de-se-assumir-pansexual\/\" \/>\n<meta property=\"og:site_name\" content=\"JBCNews\" \/>\n<meta property=\"article:published_time\" content=\"2021-03-20T21:58:19+00:00\" \/>\n<meta property=\"article:modified_time\" content=\"2021-03-20T21:58:21+00:00\" \/>\n<meta property=\"og:image\" content=\"https:\/\/jbcnews.com.br\/wp-content\/uploads\/2021\/03\/imagem-53.png\" \/>\n\t<meta property=\"og:image:width\" content=\"958\" \/>\n\t<meta property=\"og:image:height\" content=\"639\" \/>\n\t<meta property=\"og:image:type\" content=\"image\/png\" \/>\n<meta name=\"author\" content=\"admin\" \/>\n<meta name=\"twitter:card\" content=\"summary_large_image\" \/>\n<meta name=\"twitter:label1\" content=\"Escrito por\" \/>\n\t<meta name=\"twitter:data1\" content=\"admin\" \/>\n\t<meta name=\"twitter:label2\" content=\"Est. tempo de leitura\" \/>\n\t<meta name=\"twitter:data2\" content=\"1 minuto\" \/>\n<script type=\"application\/ld+json\" class=\"yoast-schema-graph\">{\"@context\":\"https:\/\/schema.org\",\"@graph\":[{\"@type\":\"WebPage\",\"@id\":\"https:\/\/jbcnews.com.br\/index.php\/2021\/03\/20\/atriz-de-esquadrao-suicida-pensou-em-suicidio-antes-de-se-assumir-pansexual\/\",\"url\":\"https:\/\/jbcnews.com.br\/index.php\/2021\/03\/20\/atriz-de-esquadrao-suicida-pensou-em-suicidio-antes-de-se-assumir-pansexual\/\",\"name\":\"Atriz de \\\"Esquadr\u00e3o Suicida\\\" pensou em suic\u00eddio antes de se assumir pansexual - JBCNews\",\"isPartOf\":{\"@id\":\"https:\/\/jbcnews.com.br\/#website\"},\"primaryImageOfPage\":{\"@id\":\"https:\/\/jbcnews.com.br\/index.php\/2021\/03\/20\/atriz-de-esquadrao-suicida-pensou-em-suicidio-antes-de-se-assumir-pansexual\/#primaryimage\"},\"image\":{\"@id\":\"https:\/\/jbcnews.com.br\/index.php\/2021\/03\/20\/atriz-de-esquadrao-suicida-pensou-em-suicidio-antes-de-se-assumir-pansexual\/#primaryimage\"},\"thumbnailUrl\":\"https:\/\/jbcnews.com.br\/wp-content\/uploads\/2021\/03\/imagem-53.png\",\"datePublished\":\"2021-03-20T21:58:19+00:00\",\"dateModified\":\"2021-03-20T21:58:21+00:00\",\"author\":{\"@id\":\"https:\/\/jbcnews.com.br\/#\/schema\/person\/3b597ec20ccf92d0adc436057caf9bbe\"},\"breadcrumb\":{\"@id\":\"https:\/\/jbcnews.com.br\/index.php\/2021\/03\/20\/atriz-de-esquadrao-suicida-pensou-em-suicidio-antes-de-se-assumir-pansexual\/#breadcrumb\"},\"inLanguage\":\"pt-BR\",\"potentialAction\":[{\"@type\":\"ReadAction\",\"target\":[\"https:\/\/jbcnews.com.br\/index.php\/2021\/03\/20\/atriz-de-esquadrao-suicida-pensou-em-suicidio-antes-de-se-assumir-pansexual\/\"]}]},{\"@type\":\"ImageObject\",\"inLanguage\":\"pt-BR\",\"@id\":\"https:\/\/jbcnews.com.br\/index.php\/2021\/03\/20\/atriz-de-esquadrao-suicida-pensou-em-suicidio-antes-de-se-assumir-pansexual\/#primaryimage\",\"url\":\"https:\/\/jbcnews.com.br\/wp-content\/uploads\/2021\/03\/imagem-53.png\",\"contentUrl\":\"https:\/\/jbcnews.com.br\/wp-content\/uploads\/2021\/03\/imagem-53.png\",\"width\":958,\"height\":639},{\"@type\":\"BreadcrumbList\",\"@id\":\"https:\/\/jbcnews.com.br\/index.php\/2021\/03\/20\/atriz-de-esquadrao-suicida-pensou-em-suicidio-antes-de-se-assumir-pansexual\/#breadcrumb\",\"itemListElement\":[{\"@type\":\"ListItem\",\"position\":1,\"name\":\"In\u00edcio\",\"item\":\"https:\/\/jbcnews.com.br\/\"},{\"@type\":\"ListItem\",\"position\":2,\"name\":\"Atriz de &#8220;Esquadr\u00e3o Suicida&#8221; pensou em suic\u00eddio antes de se assumir pansexual\"}]},{\"@type\":\"WebSite\",\"@id\":\"https:\/\/jbcnews.com.br\/#website\",\"url\":\"https:\/\/jbcnews.com.br\/\",\"name\":\"JBCNews\",\"description\":\"Comunica\u00e7\u00e3o e Cultura\",\"potentialAction\":[{\"@type\":\"SearchAction\",\"target\":{\"@type\":\"EntryPoint\",\"urlTemplate\":\"https:\/\/jbcnews.com.br\/?s={search_term_string}\"},\"query-input\":\"required name=search_term_string\"}],\"inLanguage\":\"pt-BR\"},{\"@type\":\"Person\",\"@id\":\"https:\/\/jbcnews.com.br\/#\/schema\/person\/3b597ec20ccf92d0adc436057caf9bbe\",\"name\":\"admin\",\"image\":{\"@type\":\"ImageObject\",\"inLanguage\":\"pt-BR\",\"@id\":\"https:\/\/jbcnews.com.br\/#\/schema\/person\/image\/\",\"url\":\"https:\/\/secure.gravatar.com\/avatar\/fe848d2435b65c3ed1cdd3a8e8f3bb2d?s=96&d=mm&r=g\",\"contentUrl\":\"https:\/\/secure.gravatar.com\/avatar\/fe848d2435b65c3ed1cdd3a8e8f3bb2d?s=96&d=mm&r=g\",\"caption\":\"admin\"},\"sameAs\":[\"https:\/\/jbcnews.com.br\"],\"url\":\"https:\/\/jbcnews.com.br\/index.php\/author\/jbcnews\/\"}]}<\/script>\n<!-- \/ Yoast SEO plugin. -->","yoast_head_json":{"title":"Atriz de \"Esquadr\u00e3o Suicida\" pensou em suic\u00eddio antes de se assumir pansexual - JBCNews","robots":{"index":"index","follow":"follow","max-snippet":"max-snippet:-1","max-image-preview":"max-image-preview:large","max-video-preview":"max-video-preview:-1"},"canonical":"https:\/\/jbcnews.com.br\/index.php\/2021\/03\/20\/atriz-de-esquadrao-suicida-pensou-em-suicidio-antes-de-se-assumir-pansexual\/","og_locale":"pt_BR","og_type":"article","og_title":"Atriz de \"Esquadr\u00e3o Suicida\" pensou em suic\u00eddio antes de se assumir pansexual - JBCNews","og_description":"(JBCNEWS &#8211; DF 18\/03) &#8211; A modelo e atriz Cara Delevingne, lembrada pelo papel de Magia em &#8220;Esquadr\u00e3o Suicida&#8221; (2016), teve pensamentos suicidas ao se enxergar [\u2026]","og_url":"https:\/\/jbcnews.com.br\/index.php\/2021\/03\/20\/atriz-de-esquadrao-suicida-pensou-em-suicidio-antes-de-se-assumir-pansexual\/","og_site_name":"JBCNews","article_published_time":"2021-03-20T21:58:19+00:00","article_modified_time":"2021-03-20T21:58:21+00:00","og_image":[{"width":958,"height":639,"url":"https:\/\/jbcnews.com.br\/wp-content\/uploads\/2021\/03\/imagem-53.png","type":"image\/png"}],"author":"admin","twitter_card":"summary_large_image","twitter_misc":{"Escrito por":"admin","Est. tempo de leitura":"1 minuto"},"schema":{"@context":"https:\/\/schema.org","@graph":[{"@type":"WebPage","@id":"https:\/\/jbcnews.com.br\/index.php\/2021\/03\/20\/atriz-de-esquadrao-suicida-pensou-em-suicidio-antes-de-se-assumir-pansexual\/","url":"https:\/\/jbcnews.com.br\/index.php\/2021\/03\/20\/atriz-de-esquadrao-suicida-pensou-em-suicidio-antes-de-se-assumir-pansexual\/","name":"Atriz de \"Esquadr\u00e3o Suicida\" pensou em suic\u00eddio antes de se assumir pansexual - JBCNews","isPartOf":{"@id":"https:\/\/jbcnews.com.br\/#website"},"primaryImageOfPage":{"@id":"https:\/\/jbcnews.com.br\/index.php\/2021\/03\/20\/atriz-de-esquadrao-suicida-pensou-em-suicidio-antes-de-se-assumir-pansexual\/#primaryimage"},"image":{"@id":"https:\/\/jbcnews.com.br\/index.php\/2021\/03\/20\/atriz-de-esquadrao-suicida-pensou-em-suicidio-antes-de-se-assumir-pansexual\/#primaryimage"},"thumbnailUrl":"https:\/\/jbcnews.com.br\/wp-content\/uploads\/2021\/03\/imagem-53.png","datePublished":"2021-03-20T21:58:19+00:00","dateModified":"2021-03-20T21:58:21+00:00","author":{"@id":"https:\/\/jbcnews.com.br\/#\/schema\/person\/3b597ec20ccf92d0adc436057caf9bbe"},"breadcrumb":{"@id":"https:\/\/jbcnews.com.br\/index.php\/2021\/03\/20\/atriz-de-esquadrao-suicida-pensou-em-suicidio-antes-de-se-assumir-pansexual\/#breadcrumb"},"inLanguage":"pt-BR","potentialAction":[{"@type":"ReadAction","target":["https:\/\/jbcnews.com.br\/index.php\/2021\/03\/20\/atriz-de-esquadrao-suicida-pensou-em-suicidio-antes-de-se-assumir-pansexual\/"]}]},{"@type":"ImageObject","inLanguage":"pt-BR","@id":"https:\/\/jbcnews.com.br\/index.php\/2021\/03\/20\/atriz-de-esquadrao-suicida-pensou-em-suicidio-antes-de-se-assumir-pansexual\/#primaryimage","url":"https:\/\/jbcnews.com.br\/wp-content\/uploads\/2021\/03\/imagem-53.png","contentUrl":"https:\/\/jbcnews.com.br\/wp-content\/uploads\/2021\/03\/imagem-53.png","width":958,"height":639},{"@type":"BreadcrumbList","@id":"https:\/\/jbcnews.com.br\/index.php\/2021\/03\/20\/atriz-de-esquadrao-suicida-pensou-em-suicidio-antes-de-se-assumir-pansexual\/#breadcrumb","itemListElement":[{"@type":"ListItem","position":1,"name":"In\u00edcio","item":"https:\/\/jbcnews.com.br\/"},{"@type":"ListItem","position":2,"name":"Atriz de &#8220;Esquadr\u00e3o Suicida&#8221; pensou em suic\u00eddio antes de se assumir pansexual"}]},{"@type":"WebSite","@id":"https:\/\/jbcnews.com.br\/#website","url":"https:\/\/jbcnews.com.br\/","name":"JBCNews","description":"Comunica\u00e7\u00e3o e Cultura","potentialAction":[{"@type":"SearchAction","target":{"@type":"EntryPoint","urlTemplate":"https:\/\/jbcnews.com.br\/?s={search_term_string}"},"query-input":"required name=search_term_string"}],"inLanguage":"pt-BR"},{"@type":"Person","@id":"https:\/\/jbcnews.com.br\/#\/schema\/person\/3b597ec20ccf92d0adc436057caf9bbe","name":"admin","image":{"@type":"ImageObject","inLanguage":"pt-BR","@id":"https:\/\/jbcnews.com.br\/#\/schema\/person\/image\/","url":"https:\/\/secure.gravatar.com\/avatar\/fe848d2435b65c3ed1cdd3a8e8f3bb2d?s=96&d=mm&r=g","contentUrl":"https:\/\/secure.gravatar.com\/avatar\/fe848d2435b65c3ed1cdd3a8e8f3bb2d?s=96&d=mm&r=g","caption":"admin"},"sameAs":["https:\/\/jbcnews.com.br"],"url":"https:\/\/jbcnews.com.br\/index.php\/author\/jbcnews\/"}]}},"_links":{"self":[{"href":"https:\/\/jbcnews.com.br\/index.php\/wp-json\/wp\/v2\/posts\/2772"}],"collection":[{"href":"https:\/\/jbcnews.com.br\/index.php\/wp-json\/wp\/v2\/posts"}],"about":[{"href":"https:\/\/jbcnews.com.br\/index.php\/wp-json\/wp\/v2\/types\/post"}],"author":[{"embeddable":true,"href":"https:\/\/jbcnews.com.br\/index.php\/wp-json\/wp\/v2\/users\/1"}],"replies":[{"embeddable":true,"href":"https:\/\/jbcnews.com.br\/index.php\/wp-json\/wp\/v2\/comments?post=2772"}],"version-history":[{"count":1,"href":"https:\/\/jbcnews.com.br\/index.php\/wp-json\/wp\/v2\/posts\/2772\/revisions"}],"predecessor-version":[{"id":2774,"href":"https:\/\/jbcnews.com.br\/index.php\/wp-json\/wp\/v2\/posts\/2772\/revisions\/2774"}],"wp:featuredmedia":[{"embeddable":true,"href":"https:\/\/jbcnews.com.br\/index.php\/wp-json\/wp\/v2\/media\/2773"}],"wp:attachment":[{"href":"https:\/\/jbcnews.com.br\/index.php\/wp-json\/wp\/v2\/media?parent=2772"}],"wp:term":[{"taxonomy":"category","embeddable":true,"href":"https:\/\/jbcnews.com.br\/index.php\/wp-json\/wp\/v2\/categories?post=2772"},{"taxonomy":"post_tag","embeddable":true,"href":"https:\/\/jbcnews.com.br\/index.php\/wp-json\/wp\/v2\/tags?post=2772"}],"curies":[{"name":"wp","href":"https:\/\/api.w.org\/{rel}","templated":true}]}}