{"id":2761,"date":"2021-03-17T18:51:37","date_gmt":"2021-03-17T18:51:37","guid":{"rendered":"https:\/\/jbcnews.com.br\/?p=2761"},"modified":"2021-03-17T18:51:41","modified_gmt":"2021-03-17T18:51:41","slug":"brasilia-em-off-guedes-mergulha-nas-negociacoes-da-vacina","status":"publish","type":"post","link":"https:\/\/jbcnews.com.br\/index.php\/2021\/03\/17\/brasilia-em-off-guedes-mergulha-nas-negociacoes-da-vacina\/","title":{"rendered":"Bras\u00edlia em Off: Guedes mergulha nas negocia\u00e7\u00f5es da vacina"},"content":{"rendered":"\n<p>(JBCNEWS &#8211; DF 17\/03) &#8212; O ministro da Economia, Paulo Guedes, mergulhou nas negocia\u00e7\u00f5es para a compra de vacinas contra a Covid-19. A equipe econ\u00f4mica teme que o estranhamento entre o Minist\u00e9rio da Sa\u00fade e os fabricantes, al\u00e9m da postura anti-vacina do presidente Jair Bolsonaro, atrase ainda mais a imuniza\u00e7\u00e3o dos brasileiros.<\/p>\n\n\n\n<p>Guedes, que tem 71 anos e est\u00e1 ansioso para tomar a vacina, tem refor\u00e7ado que v\u00ea a imuniza\u00e7\u00e3o em massa como \u00fanica forma de evitar mais um ano de crise. A vacina\u00e7\u00e3o \u00e9 uma das apostas da Economia para que a nova rodada de aux\u00edlio emergencial fique limitada a apenas quatro meses. A articula\u00e7\u00e3o do ministro \u00e9 feita com cautela para n\u00e3o avan\u00e7ar sobre a seara do Minist\u00e9rio da Sa\u00fade. Isso seria trazer mais uma bomba para o colo de Guedes, para quem problemas n\u00e3o faltam.<\/p>\n\n\n\n<p>For\u00e7a tarefa<\/p>\n\n\n\n<p>Foi preciso montar uma for\u00e7a-tarefa para convencer Bolsonaro a n\u00e3o jogar por terra todo o esfor\u00e7o da Economia para salvar a PEC Emergencial na C\u00e2mara dos Deputados. At\u00e9 o presidente do Banco Central, Roberto Campos Neto, e o presidente da C\u00e2mara dos Deputados, Arthur Lira, tiveram que entrar em campo. Ambos serviram como anteparo para o ministro da Economia, que \u00e9 alvo permanente de ataques no Pal\u00e1cio do Planalto, n\u00e3o se desgastando ainda mais com Bolsonaro.<\/p>\n\n\n\n<p>Dilema<\/p>\n\n\n\n<p>Todos tentaram dissuadir o presidente da ideia de excluir profissionais da \u00e1rea de seguran\u00e7a das regras que congelam sal\u00e1rios em caso de calamidade financeira. O grupo insistiu com Bolsonaro que ele corria o risco de n\u00e3o conseguir pagar a nova rodada de aux\u00edlio emergencial ainda em mar\u00e7o se mudasse demais a proposta, pois ela voltaria ao Senado. Encontrou-se um meio termo por meio de um acordo para excluir da PEC a proibi\u00e7\u00e3o de promo\u00e7\u00f5es e progress\u00f5es de carreira do funcionalismo, o que beneficia diretamente policiais.<\/p>\n\n\n\n<p>Cad\u00ea<\/p>\n\n\n\n<p>No meio da vota\u00e7\u00e3o em segundo turno da PEC Emergencial na C\u00e2mara na noite de quinta-feira, a base do governo teve que sair arregimentando votos para n\u00e3o perder nos destaques. Um dos perdidos era o pr\u00f3prio relator da PEC, deputado Daniel Freitas, que estava sumido. Foi preciso ligar para o parlamentar e pedir que ele votasse.<\/p>\n\n\n\n<p>Trai\u00e7\u00e3o<\/p>\n\n\n\n<p>Integrantes da equipe econ\u00f4mica que acompanharam de perto a tramita\u00e7\u00e3o da PEC Emergencial culpam o secret\u00e1rio da Receita, Jos\u00e9 Tostes, pela desidrata\u00e7\u00e3o da proposta. Segundo eles, ao enviar a parlamentares um comunicado dizendo que Guedes era contra o fim da vincula\u00e7\u00e3o das receitas destinadas ao trabalho da Receita Federal, o secret\u00e1rio &#8220;abriu a porteira&#8221; para derrotas, j\u00e1 que o governo &#8220;piscou&#8221; com o compromisso fiscal da PEC.<\/p>\n\n\n\n<p>Paz e amor<\/p>\n\n\n\n<p>Depois do desgaste das \u00faltimas semanas para negociar a PEC Emergencial, manter o presidente do Banco do Brasil no posto e dar alguns passos em sua agenda liberal, Guedes recebeu na ter\u00e7a-feira o secret\u00e1rio de Cultura e grande f\u00e3 do presidente, M\u00e1rio Frias. Interlocutores do ministro viram o encontro, de cortesia, como um aceno \u00e0 ala ideol\u00f3gica de Bolsonaro.<\/p>\n","protected":false},"excerpt":{"rendered":"<p>(JBCNEWS &#8211; DF 17\/03) &#8212; O ministro da Economia, Paulo Guedes, mergulhou nas negocia\u00e7\u00f5es para a compra de vacinas contra a Covid-19. A equipe econ\u00f4mica teme<span class=\"excerpt-hellip\"> [\u2026]<\/span><\/p>\n","protected":false},"author":1,"featured_media":2762,"comment_status":"open","ping_status":"open","sticky":false,"template":"","format":"standard","meta":{"footnotes":""},"categories":[20],"tags":[],"yoast_head":"<!-- This site is optimized with the Yoast SEO plugin v22.6 - https:\/\/yoast.com\/wordpress\/plugins\/seo\/ -->\n<title>Bras\u00edlia em Off: Guedes mergulha nas negocia\u00e7\u00f5es da vacina - JBCNews<\/title>\n<meta name=\"robots\" content=\"index, follow, max-snippet:-1, max-image-preview:large, max-video-preview:-1\" \/>\n<link rel=\"canonical\" href=\"https:\/\/jbcnews.com.br\/index.php\/2021\/03\/17\/brasilia-em-off-guedes-mergulha-nas-negociacoes-da-vacina\/\" \/>\n<meta property=\"og:locale\" content=\"pt_BR\" \/>\n<meta property=\"og:type\" content=\"article\" \/>\n<meta property=\"og:title\" content=\"Bras\u00edlia em Off: Guedes mergulha nas negocia\u00e7\u00f5es da vacina - JBCNews\" \/>\n<meta property=\"og:description\" content=\"(JBCNEWS &#8211; DF 17\/03) &#8212; O ministro da Economia, Paulo Guedes, mergulhou nas negocia\u00e7\u00f5es para a compra de vacinas contra a Covid-19. A equipe econ\u00f4mica teme [\u2026]\" \/>\n<meta property=\"og:url\" content=\"https:\/\/jbcnews.com.br\/index.php\/2021\/03\/17\/brasilia-em-off-guedes-mergulha-nas-negociacoes-da-vacina\/\" \/>\n<meta property=\"og:site_name\" content=\"JBCNews\" \/>\n<meta property=\"article:published_time\" content=\"2021-03-17T18:51:37+00:00\" \/>\n<meta property=\"article:modified_time\" content=\"2021-03-17T18:51:41+00:00\" \/>\n<meta property=\"og:image\" content=\"https:\/\/jbcnews.com.br\/wp-content\/uploads\/2021\/03\/imagem-81.png\" \/>\n\t<meta property=\"og:image:width\" content=\"959\" \/>\n\t<meta property=\"og:image:height\" content=\"637\" \/>\n\t<meta property=\"og:image:type\" content=\"image\/png\" \/>\n<meta name=\"author\" content=\"admin\" \/>\n<meta name=\"twitter:card\" content=\"summary_large_image\" \/>\n<meta name=\"twitter:label1\" content=\"Escrito por\" \/>\n\t<meta name=\"twitter:data1\" content=\"admin\" \/>\n\t<meta name=\"twitter:label2\" content=\"Est. tempo de leitura\" \/>\n\t<meta name=\"twitter:data2\" content=\"3 minutos\" \/>\n<script type=\"application\/ld+json\" class=\"yoast-schema-graph\">{\"@context\":\"https:\/\/schema.org\",\"@graph\":[{\"@type\":\"WebPage\",\"@id\":\"https:\/\/jbcnews.com.br\/index.php\/2021\/03\/17\/brasilia-em-off-guedes-mergulha-nas-negociacoes-da-vacina\/\",\"url\":\"https:\/\/jbcnews.com.br\/index.php\/2021\/03\/17\/brasilia-em-off-guedes-mergulha-nas-negociacoes-da-vacina\/\",\"name\":\"Bras\u00edlia em Off: Guedes mergulha nas negocia\u00e7\u00f5es da vacina - JBCNews\",\"isPartOf\":{\"@id\":\"https:\/\/jbcnews.com.br\/#website\"},\"primaryImageOfPage\":{\"@id\":\"https:\/\/jbcnews.com.br\/index.php\/2021\/03\/17\/brasilia-em-off-guedes-mergulha-nas-negociacoes-da-vacina\/#primaryimage\"},\"image\":{\"@id\":\"https:\/\/jbcnews.com.br\/index.php\/2021\/03\/17\/brasilia-em-off-guedes-mergulha-nas-negociacoes-da-vacina\/#primaryimage\"},\"thumbnailUrl\":\"https:\/\/jbcnews.com.br\/wp-content\/uploads\/2021\/03\/imagem-81.png\",\"datePublished\":\"2021-03-17T18:51:37+00:00\",\"dateModified\":\"2021-03-17T18:51:41+00:00\",\"author\":{\"@id\":\"https:\/\/jbcnews.com.br\/#\/schema\/person\/3b597ec20ccf92d0adc436057caf9bbe\"},\"breadcrumb\":{\"@id\":\"https:\/\/jbcnews.com.br\/index.php\/2021\/03\/17\/brasilia-em-off-guedes-mergulha-nas-negociacoes-da-vacina\/#breadcrumb\"},\"inLanguage\":\"pt-BR\",\"potentialAction\":[{\"@type\":\"ReadAction\",\"target\":[\"https:\/\/jbcnews.com.br\/index.php\/2021\/03\/17\/brasilia-em-off-guedes-mergulha-nas-negociacoes-da-vacina\/\"]}]},{\"@type\":\"ImageObject\",\"inLanguage\":\"pt-BR\",\"@id\":\"https:\/\/jbcnews.com.br\/index.php\/2021\/03\/17\/brasilia-em-off-guedes-mergulha-nas-negociacoes-da-vacina\/#primaryimage\",\"url\":\"https:\/\/jbcnews.com.br\/wp-content\/uploads\/2021\/03\/imagem-81.png\",\"contentUrl\":\"https:\/\/jbcnews.com.br\/wp-content\/uploads\/2021\/03\/imagem-81.png\",\"width\":959,\"height\":637},{\"@type\":\"BreadcrumbList\",\"@id\":\"https:\/\/jbcnews.com.br\/index.php\/2021\/03\/17\/brasilia-em-off-guedes-mergulha-nas-negociacoes-da-vacina\/#breadcrumb\",\"itemListElement\":[{\"@type\":\"ListItem\",\"position\":1,\"name\":\"In\u00edcio\",\"item\":\"https:\/\/jbcnews.com.br\/\"},{\"@type\":\"ListItem\",\"position\":2,\"name\":\"Bras\u00edlia em Off: Guedes mergulha nas negocia\u00e7\u00f5es da vacina\"}]},{\"@type\":\"WebSite\",\"@id\":\"https:\/\/jbcnews.com.br\/#website\",\"url\":\"https:\/\/jbcnews.com.br\/\",\"name\":\"JBCNews\",\"description\":\"Comunica\u00e7\u00e3o e Cultura\",\"potentialAction\":[{\"@type\":\"SearchAction\",\"target\":{\"@type\":\"EntryPoint\",\"urlTemplate\":\"https:\/\/jbcnews.com.br\/?s={search_term_string}\"},\"query-input\":\"required name=search_term_string\"}],\"inLanguage\":\"pt-BR\"},{\"@type\":\"Person\",\"@id\":\"https:\/\/jbcnews.com.br\/#\/schema\/person\/3b597ec20ccf92d0adc436057caf9bbe\",\"name\":\"admin\",\"image\":{\"@type\":\"ImageObject\",\"inLanguage\":\"pt-BR\",\"@id\":\"https:\/\/jbcnews.com.br\/#\/schema\/person\/image\/\",\"url\":\"https:\/\/secure.gravatar.com\/avatar\/fe848d2435b65c3ed1cdd3a8e8f3bb2d?s=96&d=mm&r=g\",\"contentUrl\":\"https:\/\/secure.gravatar.com\/avatar\/fe848d2435b65c3ed1cdd3a8e8f3bb2d?s=96&d=mm&r=g\",\"caption\":\"admin\"},\"sameAs\":[\"https:\/\/jbcnews.com.br\"],\"url\":\"https:\/\/jbcnews.com.br\/index.php\/author\/jbcnews\/\"}]}<\/script>\n<!-- \/ Yoast SEO plugin. -->","yoast_head_json":{"title":"Bras\u00edlia em Off: Guedes mergulha nas negocia\u00e7\u00f5es da vacina - JBCNews","robots":{"index":"index","follow":"follow","max-snippet":"max-snippet:-1","max-image-preview":"max-image-preview:large","max-video-preview":"max-video-preview:-1"},"canonical":"https:\/\/jbcnews.com.br\/index.php\/2021\/03\/17\/brasilia-em-off-guedes-mergulha-nas-negociacoes-da-vacina\/","og_locale":"pt_BR","og_type":"article","og_title":"Bras\u00edlia em Off: Guedes mergulha nas negocia\u00e7\u00f5es da vacina - JBCNews","og_description":"(JBCNEWS &#8211; DF 17\/03) &#8212; O ministro da Economia, Paulo Guedes, mergulhou nas negocia\u00e7\u00f5es para a compra de vacinas contra a Covid-19. A equipe econ\u00f4mica teme [\u2026]","og_url":"https:\/\/jbcnews.com.br\/index.php\/2021\/03\/17\/brasilia-em-off-guedes-mergulha-nas-negociacoes-da-vacina\/","og_site_name":"JBCNews","article_published_time":"2021-03-17T18:51:37+00:00","article_modified_time":"2021-03-17T18:51:41+00:00","og_image":[{"width":959,"height":637,"url":"https:\/\/jbcnews.com.br\/wp-content\/uploads\/2021\/03\/imagem-81.png","type":"image\/png"}],"author":"admin","twitter_card":"summary_large_image","twitter_misc":{"Escrito por":"admin","Est. tempo de leitura":"3 minutos"},"schema":{"@context":"https:\/\/schema.org","@graph":[{"@type":"WebPage","@id":"https:\/\/jbcnews.com.br\/index.php\/2021\/03\/17\/brasilia-em-off-guedes-mergulha-nas-negociacoes-da-vacina\/","url":"https:\/\/jbcnews.com.br\/index.php\/2021\/03\/17\/brasilia-em-off-guedes-mergulha-nas-negociacoes-da-vacina\/","name":"Bras\u00edlia em Off: Guedes mergulha nas negocia\u00e7\u00f5es da vacina - JBCNews","isPartOf":{"@id":"https:\/\/jbcnews.com.br\/#website"},"primaryImageOfPage":{"@id":"https:\/\/jbcnews.com.br\/index.php\/2021\/03\/17\/brasilia-em-off-guedes-mergulha-nas-negociacoes-da-vacina\/#primaryimage"},"image":{"@id":"https:\/\/jbcnews.com.br\/index.php\/2021\/03\/17\/brasilia-em-off-guedes-mergulha-nas-negociacoes-da-vacina\/#primaryimage"},"thumbnailUrl":"https:\/\/jbcnews.com.br\/wp-content\/uploads\/2021\/03\/imagem-81.png","datePublished":"2021-03-17T18:51:37+00:00","dateModified":"2021-03-17T18:51:41+00:00","author":{"@id":"https:\/\/jbcnews.com.br\/#\/schema\/person\/3b597ec20ccf92d0adc436057caf9bbe"},"breadcrumb":{"@id":"https:\/\/jbcnews.com.br\/index.php\/2021\/03\/17\/brasilia-em-off-guedes-mergulha-nas-negociacoes-da-vacina\/#breadcrumb"},"inLanguage":"pt-BR","potentialAction":[{"@type":"ReadAction","target":["https:\/\/jbcnews.com.br\/index.php\/2021\/03\/17\/brasilia-em-off-guedes-mergulha-nas-negociacoes-da-vacina\/"]}]},{"@type":"ImageObject","inLanguage":"pt-BR","@id":"https:\/\/jbcnews.com.br\/index.php\/2021\/03\/17\/brasilia-em-off-guedes-mergulha-nas-negociacoes-da-vacina\/#primaryimage","url":"https:\/\/jbcnews.com.br\/wp-content\/uploads\/2021\/03\/imagem-81.png","contentUrl":"https:\/\/jbcnews.com.br\/wp-content\/uploads\/2021\/03\/imagem-81.png","width":959,"height":637},{"@type":"BreadcrumbList","@id":"https:\/\/jbcnews.com.br\/index.php\/2021\/03\/17\/brasilia-em-off-guedes-mergulha-nas-negociacoes-da-vacina\/#breadcrumb","itemListElement":[{"@type":"ListItem","position":1,"name":"In\u00edcio","item":"https:\/\/jbcnews.com.br\/"},{"@type":"ListItem","position":2,"name":"Bras\u00edlia em Off: Guedes mergulha nas negocia\u00e7\u00f5es da vacina"}]},{"@type":"WebSite","@id":"https:\/\/jbcnews.com.br\/#website","url":"https:\/\/jbcnews.com.br\/","name":"JBCNews","description":"Comunica\u00e7\u00e3o e Cultura","potentialAction":[{"@type":"SearchAction","target":{"@type":"EntryPoint","urlTemplate":"https:\/\/jbcnews.com.br\/?s={search_term_string}"},"query-input":"required name=search_term_string"}],"inLanguage":"pt-BR"},{"@type":"Person","@id":"https:\/\/jbcnews.com.br\/#\/schema\/person\/3b597ec20ccf92d0adc436057caf9bbe","name":"admin","image":{"@type":"ImageObject","inLanguage":"pt-BR","@id":"https:\/\/jbcnews.com.br\/#\/schema\/person\/image\/","url":"https:\/\/secure.gravatar.com\/avatar\/fe848d2435b65c3ed1cdd3a8e8f3bb2d?s=96&d=mm&r=g","contentUrl":"https:\/\/secure.gravatar.com\/avatar\/fe848d2435b65c3ed1cdd3a8e8f3bb2d?s=96&d=mm&r=g","caption":"admin"},"sameAs":["https:\/\/jbcnews.com.br"],"url":"https:\/\/jbcnews.com.br\/index.php\/author\/jbcnews\/"}]}},"_links":{"self":[{"href":"https:\/\/jbcnews.com.br\/index.php\/wp-json\/wp\/v2\/posts\/2761"}],"collection":[{"href":"https:\/\/jbcnews.com.br\/index.php\/wp-json\/wp\/v2\/posts"}],"about":[{"href":"https:\/\/jbcnews.com.br\/index.php\/wp-json\/wp\/v2\/types\/post"}],"author":[{"embeddable":true,"href":"https:\/\/jbcnews.com.br\/index.php\/wp-json\/wp\/v2\/users\/1"}],"replies":[{"embeddable":true,"href":"https:\/\/jbcnews.com.br\/index.php\/wp-json\/wp\/v2\/comments?post=2761"}],"version-history":[{"count":1,"href":"https:\/\/jbcnews.com.br\/index.php\/wp-json\/wp\/v2\/posts\/2761\/revisions"}],"predecessor-version":[{"id":2763,"href":"https:\/\/jbcnews.com.br\/index.php\/wp-json\/wp\/v2\/posts\/2761\/revisions\/2763"}],"wp:featuredmedia":[{"embeddable":true,"href":"https:\/\/jbcnews.com.br\/index.php\/wp-json\/wp\/v2\/media\/2762"}],"wp:attachment":[{"href":"https:\/\/jbcnews.com.br\/index.php\/wp-json\/wp\/v2\/media?parent=2761"}],"wp:term":[{"taxonomy":"category","embeddable":true,"href":"https:\/\/jbcnews.com.br\/index.php\/wp-json\/wp\/v2\/categories?post=2761"},{"taxonomy":"post_tag","embeddable":true,"href":"https:\/\/jbcnews.com.br\/index.php\/wp-json\/wp\/v2\/tags?post=2761"}],"curies":[{"name":"wp","href":"https:\/\/api.w.org\/{rel}","templated":true}]}}