{"id":2750,"date":"2021-03-10T16:30:06","date_gmt":"2021-03-10T16:30:06","guid":{"rendered":"https:\/\/jbcnews.com.br\/?p=2750"},"modified":"2021-03-10T16:30:09","modified_gmt":"2021-03-10T16:30:09","slug":"apos-517-mortes-diarias-sp-deve-criar-fase-roxa-com-mais-restricoes-contra-o-coronavirus","status":"publish","type":"post","link":"https:\/\/jbcnews.com.br\/index.php\/2021\/03\/10\/apos-517-mortes-diarias-sp-deve-criar-fase-roxa-com-mais-restricoes-contra-o-coronavirus\/","title":{"rendered":"Ap\u00f3s 517 mortes di\u00e1rias, SP deve criar &#8220;fase roxa&#8221; com mais restri\u00e7\u00f5es contra o coronav\u00edrus"},"content":{"rendered":"\n<p>(JBCNEWS &#8211; DF 10\/03) &#8211; O governador de S\u00e3o Paulo,\u00a0<strong>Jo\u00e3o Doria<\/strong>\u00a0(PSDB), deve anunciar nesta quarta-feira, 10, a cria\u00e7\u00e3o da fase roxa do Plano SP. A\u00a0<strong>etapa ainda mais restritiva que a fase vermelha<\/strong>\u00a0\u00e9 uma tentativa do governo estadual de conter o avan\u00e7o da pandemia do novo\u00a0<strong>coronav\u00edrus<\/strong>. A informa\u00e7\u00e3o \u00e9 da r\u00e1dio CBN e a expectativa \u00e9 que Doria fa\u00e7a o an\u00fancio na coletiva na tarde de hoje.<\/p>\n\n\n\n<p>S\u00e3o Paulo registrou ocupa\u00e7\u00e3o de 80% nos leitos de UTI e teve 517 mortes em decorr\u00eancia da covid-19 em 24 horas. Com isso, Doria, a secretaria de Sa\u00fade e o centro de conting\u00eancia devem optar por uma fase mais restrita do Plano SP.<\/p>\n\n\n\n<p>Segundo a CBN, os servi\u00e7os essenciais ficariam com hor\u00e1rio restrito. Al\u00e9m disso, o Campeonato Paulista tamb\u00e9m deve ser paralisado. A medida deve come\u00e7ar no final de semana.<\/p>\n\n\n\n<p>Atualmente, todo o estado de S\u00e3o Paulo est\u00e1 na fase vermelha pelo menos at\u00e9 19 de mar\u00e7o. Com isso, apenas servi\u00e7os essenciais podem funcionar, como mercados, farm\u00e1cias, postos de combust\u00edvel, padarias e espa\u00e7os religiosos. O toque de restri\u00e7\u00e3o segue valendo das 20h \u00e0s 5h.<\/p>\n\n\n\n<h3 class=\"wp-block-heading\">ESCOLAS<\/h3>\n\n\n\n<p>Na fase vermelha, as escolas continuam funcionando, mas, com a fase roxa, o governo avalia fechar os col\u00e9gios para atividades presenciais. De acordo com o G1, as unidades ficariam abertas apenas para que alunos pudessem receber merenda.<\/p>\n\n\n\n<p>Na \u00faltima ter\u00e7a-feira, 9, a Justi\u00e7a determinou a proibi\u00e7\u00e3o de que professores sejam convocados para atividades presenciais, seja em escolas p\u00fablicas ou privadas.<\/p>\n","protected":false},"excerpt":{"rendered":"<p>(JBCNEWS &#8211; DF 10\/03) &#8211; O governador de S\u00e3o Paulo,\u00a0Jo\u00e3o Doria\u00a0(PSDB), deve anunciar nesta quarta-feira, 10, a cria\u00e7\u00e3o da fase roxa do Plano SP. A\u00a0etapa ainda<span class=\"excerpt-hellip\"> [\u2026]<\/span><\/p>\n","protected":false},"author":1,"featured_media":2751,"comment_status":"open","ping_status":"open","sticky":false,"template":"","format":"standard","meta":{"footnotes":""},"categories":[20],"tags":[],"yoast_head":"<!-- This site is optimized with the Yoast SEO plugin v22.6 - https:\/\/yoast.com\/wordpress\/plugins\/seo\/ -->\n<title>Ap\u00f3s 517 mortes di\u00e1rias, SP deve criar &quot;fase roxa&quot; com mais restri\u00e7\u00f5es contra o coronav\u00edrus - JBCNews<\/title>\n<meta name=\"robots\" content=\"index, follow, max-snippet:-1, max-image-preview:large, max-video-preview:-1\" \/>\n<link rel=\"canonical\" href=\"https:\/\/jbcnews.com.br\/index.php\/2021\/03\/10\/apos-517-mortes-diarias-sp-deve-criar-fase-roxa-com-mais-restricoes-contra-o-coronavirus\/\" \/>\n<meta property=\"og:locale\" content=\"pt_BR\" \/>\n<meta property=\"og:type\" content=\"article\" \/>\n<meta property=\"og:title\" content=\"Ap\u00f3s 517 mortes di\u00e1rias, SP deve criar &quot;fase roxa&quot; com mais restri\u00e7\u00f5es contra o coronav\u00edrus - JBCNews\" \/>\n<meta property=\"og:description\" content=\"(JBCNEWS &#8211; DF 10\/03) &#8211; O governador de S\u00e3o Paulo,\u00a0Jo\u00e3o Doria\u00a0(PSDB), deve anunciar nesta quarta-feira, 10, a cria\u00e7\u00e3o da fase roxa do Plano SP. A\u00a0etapa ainda [\u2026]\" \/>\n<meta property=\"og:url\" content=\"https:\/\/jbcnews.com.br\/index.php\/2021\/03\/10\/apos-517-mortes-diarias-sp-deve-criar-fase-roxa-com-mais-restricoes-contra-o-coronavirus\/\" \/>\n<meta property=\"og:site_name\" content=\"JBCNews\" \/>\n<meta property=\"article:published_time\" content=\"2021-03-10T16:30:06+00:00\" \/>\n<meta property=\"article:modified_time\" content=\"2021-03-10T16:30:09+00:00\" \/>\n<meta property=\"og:image\" content=\"https:\/\/jbcnews.com.br\/wp-content\/uploads\/2021\/03\/imagem-78.png\" \/>\n\t<meta property=\"og:image:width\" content=\"959\" \/>\n\t<meta property=\"og:image:height\" content=\"640\" \/>\n\t<meta property=\"og:image:type\" content=\"image\/png\" \/>\n<meta name=\"author\" content=\"admin\" \/>\n<meta name=\"twitter:card\" content=\"summary_large_image\" \/>\n<meta name=\"twitter:label1\" content=\"Escrito por\" \/>\n\t<meta name=\"twitter:data1\" content=\"admin\" \/>\n\t<meta name=\"twitter:label2\" content=\"Est. tempo de leitura\" \/>\n\t<meta name=\"twitter:data2\" content=\"1 minuto\" \/>\n<script type=\"application\/ld+json\" class=\"yoast-schema-graph\">{\"@context\":\"https:\/\/schema.org\",\"@graph\":[{\"@type\":\"WebPage\",\"@id\":\"https:\/\/jbcnews.com.br\/index.php\/2021\/03\/10\/apos-517-mortes-diarias-sp-deve-criar-fase-roxa-com-mais-restricoes-contra-o-coronavirus\/\",\"url\":\"https:\/\/jbcnews.com.br\/index.php\/2021\/03\/10\/apos-517-mortes-diarias-sp-deve-criar-fase-roxa-com-mais-restricoes-contra-o-coronavirus\/\",\"name\":\"Ap\u00f3s 517 mortes di\u00e1rias, SP deve criar \\\"fase roxa\\\" com mais restri\u00e7\u00f5es contra o coronav\u00edrus - JBCNews\",\"isPartOf\":{\"@id\":\"https:\/\/jbcnews.com.br\/#website\"},\"primaryImageOfPage\":{\"@id\":\"https:\/\/jbcnews.com.br\/index.php\/2021\/03\/10\/apos-517-mortes-diarias-sp-deve-criar-fase-roxa-com-mais-restricoes-contra-o-coronavirus\/#primaryimage\"},\"image\":{\"@id\":\"https:\/\/jbcnews.com.br\/index.php\/2021\/03\/10\/apos-517-mortes-diarias-sp-deve-criar-fase-roxa-com-mais-restricoes-contra-o-coronavirus\/#primaryimage\"},\"thumbnailUrl\":\"https:\/\/jbcnews.com.br\/wp-content\/uploads\/2021\/03\/imagem-78.png\",\"datePublished\":\"2021-03-10T16:30:06+00:00\",\"dateModified\":\"2021-03-10T16:30:09+00:00\",\"author\":{\"@id\":\"https:\/\/jbcnews.com.br\/#\/schema\/person\/3b597ec20ccf92d0adc436057caf9bbe\"},\"breadcrumb\":{\"@id\":\"https:\/\/jbcnews.com.br\/index.php\/2021\/03\/10\/apos-517-mortes-diarias-sp-deve-criar-fase-roxa-com-mais-restricoes-contra-o-coronavirus\/#breadcrumb\"},\"inLanguage\":\"pt-BR\",\"potentialAction\":[{\"@type\":\"ReadAction\",\"target\":[\"https:\/\/jbcnews.com.br\/index.php\/2021\/03\/10\/apos-517-mortes-diarias-sp-deve-criar-fase-roxa-com-mais-restricoes-contra-o-coronavirus\/\"]}]},{\"@type\":\"ImageObject\",\"inLanguage\":\"pt-BR\",\"@id\":\"https:\/\/jbcnews.com.br\/index.php\/2021\/03\/10\/apos-517-mortes-diarias-sp-deve-criar-fase-roxa-com-mais-restricoes-contra-o-coronavirus\/#primaryimage\",\"url\":\"https:\/\/jbcnews.com.br\/wp-content\/uploads\/2021\/03\/imagem-78.png\",\"contentUrl\":\"https:\/\/jbcnews.com.br\/wp-content\/uploads\/2021\/03\/imagem-78.png\",\"width\":959,\"height\":640},{\"@type\":\"BreadcrumbList\",\"@id\":\"https:\/\/jbcnews.com.br\/index.php\/2021\/03\/10\/apos-517-mortes-diarias-sp-deve-criar-fase-roxa-com-mais-restricoes-contra-o-coronavirus\/#breadcrumb\",\"itemListElement\":[{\"@type\":\"ListItem\",\"position\":1,\"name\":\"In\u00edcio\",\"item\":\"https:\/\/jbcnews.com.br\/\"},{\"@type\":\"ListItem\",\"position\":2,\"name\":\"Ap\u00f3s 517 mortes di\u00e1rias, SP deve criar &#8220;fase roxa&#8221; com mais restri\u00e7\u00f5es contra o coronav\u00edrus\"}]},{\"@type\":\"WebSite\",\"@id\":\"https:\/\/jbcnews.com.br\/#website\",\"url\":\"https:\/\/jbcnews.com.br\/\",\"name\":\"JBCNews\",\"description\":\"Comunica\u00e7\u00e3o e Cultura\",\"potentialAction\":[{\"@type\":\"SearchAction\",\"target\":{\"@type\":\"EntryPoint\",\"urlTemplate\":\"https:\/\/jbcnews.com.br\/?s={search_term_string}\"},\"query-input\":\"required name=search_term_string\"}],\"inLanguage\":\"pt-BR\"},{\"@type\":\"Person\",\"@id\":\"https:\/\/jbcnews.com.br\/#\/schema\/person\/3b597ec20ccf92d0adc436057caf9bbe\",\"name\":\"admin\",\"image\":{\"@type\":\"ImageObject\",\"inLanguage\":\"pt-BR\",\"@id\":\"https:\/\/jbcnews.com.br\/#\/schema\/person\/image\/\",\"url\":\"https:\/\/secure.gravatar.com\/avatar\/fe848d2435b65c3ed1cdd3a8e8f3bb2d?s=96&d=mm&r=g\",\"contentUrl\":\"https:\/\/secure.gravatar.com\/avatar\/fe848d2435b65c3ed1cdd3a8e8f3bb2d?s=96&d=mm&r=g\",\"caption\":\"admin\"},\"sameAs\":[\"https:\/\/jbcnews.com.br\"],\"url\":\"https:\/\/jbcnews.com.br\/index.php\/author\/jbcnews\/\"}]}<\/script>\n<!-- \/ Yoast SEO plugin. -->","yoast_head_json":{"title":"Ap\u00f3s 517 mortes di\u00e1rias, SP deve criar \"fase roxa\" com mais restri\u00e7\u00f5es contra o coronav\u00edrus - JBCNews","robots":{"index":"index","follow":"follow","max-snippet":"max-snippet:-1","max-image-preview":"max-image-preview:large","max-video-preview":"max-video-preview:-1"},"canonical":"https:\/\/jbcnews.com.br\/index.php\/2021\/03\/10\/apos-517-mortes-diarias-sp-deve-criar-fase-roxa-com-mais-restricoes-contra-o-coronavirus\/","og_locale":"pt_BR","og_type":"article","og_title":"Ap\u00f3s 517 mortes di\u00e1rias, SP deve criar \"fase roxa\" com mais restri\u00e7\u00f5es contra o coronav\u00edrus - JBCNews","og_description":"(JBCNEWS &#8211; DF 10\/03) &#8211; O governador de S\u00e3o Paulo,\u00a0Jo\u00e3o Doria\u00a0(PSDB), deve anunciar nesta quarta-feira, 10, a cria\u00e7\u00e3o da fase roxa do Plano SP. A\u00a0etapa ainda [\u2026]","og_url":"https:\/\/jbcnews.com.br\/index.php\/2021\/03\/10\/apos-517-mortes-diarias-sp-deve-criar-fase-roxa-com-mais-restricoes-contra-o-coronavirus\/","og_site_name":"JBCNews","article_published_time":"2021-03-10T16:30:06+00:00","article_modified_time":"2021-03-10T16:30:09+00:00","og_image":[{"width":959,"height":640,"url":"https:\/\/jbcnews.com.br\/wp-content\/uploads\/2021\/03\/imagem-78.png","type":"image\/png"}],"author":"admin","twitter_card":"summary_large_image","twitter_misc":{"Escrito por":"admin","Est. tempo de leitura":"1 minuto"},"schema":{"@context":"https:\/\/schema.org","@graph":[{"@type":"WebPage","@id":"https:\/\/jbcnews.com.br\/index.php\/2021\/03\/10\/apos-517-mortes-diarias-sp-deve-criar-fase-roxa-com-mais-restricoes-contra-o-coronavirus\/","url":"https:\/\/jbcnews.com.br\/index.php\/2021\/03\/10\/apos-517-mortes-diarias-sp-deve-criar-fase-roxa-com-mais-restricoes-contra-o-coronavirus\/","name":"Ap\u00f3s 517 mortes di\u00e1rias, SP deve criar \"fase roxa\" com mais restri\u00e7\u00f5es contra o coronav\u00edrus - JBCNews","isPartOf":{"@id":"https:\/\/jbcnews.com.br\/#website"},"primaryImageOfPage":{"@id":"https:\/\/jbcnews.com.br\/index.php\/2021\/03\/10\/apos-517-mortes-diarias-sp-deve-criar-fase-roxa-com-mais-restricoes-contra-o-coronavirus\/#primaryimage"},"image":{"@id":"https:\/\/jbcnews.com.br\/index.php\/2021\/03\/10\/apos-517-mortes-diarias-sp-deve-criar-fase-roxa-com-mais-restricoes-contra-o-coronavirus\/#primaryimage"},"thumbnailUrl":"https:\/\/jbcnews.com.br\/wp-content\/uploads\/2021\/03\/imagem-78.png","datePublished":"2021-03-10T16:30:06+00:00","dateModified":"2021-03-10T16:30:09+00:00","author":{"@id":"https:\/\/jbcnews.com.br\/#\/schema\/person\/3b597ec20ccf92d0adc436057caf9bbe"},"breadcrumb":{"@id":"https:\/\/jbcnews.com.br\/index.php\/2021\/03\/10\/apos-517-mortes-diarias-sp-deve-criar-fase-roxa-com-mais-restricoes-contra-o-coronavirus\/#breadcrumb"},"inLanguage":"pt-BR","potentialAction":[{"@type":"ReadAction","target":["https:\/\/jbcnews.com.br\/index.php\/2021\/03\/10\/apos-517-mortes-diarias-sp-deve-criar-fase-roxa-com-mais-restricoes-contra-o-coronavirus\/"]}]},{"@type":"ImageObject","inLanguage":"pt-BR","@id":"https:\/\/jbcnews.com.br\/index.php\/2021\/03\/10\/apos-517-mortes-diarias-sp-deve-criar-fase-roxa-com-mais-restricoes-contra-o-coronavirus\/#primaryimage","url":"https:\/\/jbcnews.com.br\/wp-content\/uploads\/2021\/03\/imagem-78.png","contentUrl":"https:\/\/jbcnews.com.br\/wp-content\/uploads\/2021\/03\/imagem-78.png","width":959,"height":640},{"@type":"BreadcrumbList","@id":"https:\/\/jbcnews.com.br\/index.php\/2021\/03\/10\/apos-517-mortes-diarias-sp-deve-criar-fase-roxa-com-mais-restricoes-contra-o-coronavirus\/#breadcrumb","itemListElement":[{"@type":"ListItem","position":1,"name":"In\u00edcio","item":"https:\/\/jbcnews.com.br\/"},{"@type":"ListItem","position":2,"name":"Ap\u00f3s 517 mortes di\u00e1rias, SP deve criar &#8220;fase roxa&#8221; com mais restri\u00e7\u00f5es contra o coronav\u00edrus"}]},{"@type":"WebSite","@id":"https:\/\/jbcnews.com.br\/#website","url":"https:\/\/jbcnews.com.br\/","name":"JBCNews","description":"Comunica\u00e7\u00e3o e Cultura","potentialAction":[{"@type":"SearchAction","target":{"@type":"EntryPoint","urlTemplate":"https:\/\/jbcnews.com.br\/?s={search_term_string}"},"query-input":"required name=search_term_string"}],"inLanguage":"pt-BR"},{"@type":"Person","@id":"https:\/\/jbcnews.com.br\/#\/schema\/person\/3b597ec20ccf92d0adc436057caf9bbe","name":"admin","image":{"@type":"ImageObject","inLanguage":"pt-BR","@id":"https:\/\/jbcnews.com.br\/#\/schema\/person\/image\/","url":"https:\/\/secure.gravatar.com\/avatar\/fe848d2435b65c3ed1cdd3a8e8f3bb2d?s=96&d=mm&r=g","contentUrl":"https:\/\/secure.gravatar.com\/avatar\/fe848d2435b65c3ed1cdd3a8e8f3bb2d?s=96&d=mm&r=g","caption":"admin"},"sameAs":["https:\/\/jbcnews.com.br"],"url":"https:\/\/jbcnews.com.br\/index.php\/author\/jbcnews\/"}]}},"_links":{"self":[{"href":"https:\/\/jbcnews.com.br\/index.php\/wp-json\/wp\/v2\/posts\/2750"}],"collection":[{"href":"https:\/\/jbcnews.com.br\/index.php\/wp-json\/wp\/v2\/posts"}],"about":[{"href":"https:\/\/jbcnews.com.br\/index.php\/wp-json\/wp\/v2\/types\/post"}],"author":[{"embeddable":true,"href":"https:\/\/jbcnews.com.br\/index.php\/wp-json\/wp\/v2\/users\/1"}],"replies":[{"embeddable":true,"href":"https:\/\/jbcnews.com.br\/index.php\/wp-json\/wp\/v2\/comments?post=2750"}],"version-history":[{"count":1,"href":"https:\/\/jbcnews.com.br\/index.php\/wp-json\/wp\/v2\/posts\/2750\/revisions"}],"predecessor-version":[{"id":2752,"href":"https:\/\/jbcnews.com.br\/index.php\/wp-json\/wp\/v2\/posts\/2750\/revisions\/2752"}],"wp:featuredmedia":[{"embeddable":true,"href":"https:\/\/jbcnews.com.br\/index.php\/wp-json\/wp\/v2\/media\/2751"}],"wp:attachment":[{"href":"https:\/\/jbcnews.com.br\/index.php\/wp-json\/wp\/v2\/media?parent=2750"}],"wp:term":[{"taxonomy":"category","embeddable":true,"href":"https:\/\/jbcnews.com.br\/index.php\/wp-json\/wp\/v2\/categories?post=2750"},{"taxonomy":"post_tag","embeddable":true,"href":"https:\/\/jbcnews.com.br\/index.php\/wp-json\/wp\/v2\/tags?post=2750"}],"curies":[{"name":"wp","href":"https:\/\/api.w.org\/{rel}","templated":true}]}}