{"id":2747,"date":"2021-03-10T16:27:36","date_gmt":"2021-03-10T16:27:36","guid":{"rendered":"https:\/\/jbcnews.com.br\/?p=2747"},"modified":"2021-03-10T16:27:38","modified_gmt":"2021-03-10T16:27:38","slug":"com-bia-kicis-na-ccj-e-aecio-nas-relacoes-exteriores-camara-fecha-acordo-e-instala-comissoes-nesta-quarta","status":"publish","type":"post","link":"https:\/\/jbcnews.com.br\/index.php\/2021\/03\/10\/com-bia-kicis-na-ccj-e-aecio-nas-relacoes-exteriores-camara-fecha-acordo-e-instala-comissoes-nesta-quarta\/","title":{"rendered":"Com Bia Kicis na CCJ e A\u00e9cio nas Rela\u00e7\u00f5es Exteriores, C\u00e2mara fecha acordo e instala comiss\u00f5es nesta quarta"},"content":{"rendered":"\n<p>(JBCNEWS &#8211; DF 10\/03) &#8211; Deputados fecharam acordo nesta ter\u00e7a-feira para a indica\u00e7\u00e3o e elei\u00e7\u00e3o dos parlamentares que v\u00e3o comandar as 25 comiss\u00f5es permanentes da C\u00e2mara. Ap\u00f3s duas semanas de disputas e diverg\u00eancias sobre a ordem de prefer\u00eancia para alguns colegiados, os interesses foram conciliados. Na quarta-feira, a deputada bolsonarista Bia Kicis (PSL-DF) ser\u00e1 escolhida formalmente como presidente da Comiss\u00e3o de Constitui\u00e7\u00e3o e Justi\u00e7a (CCJ), enquanto A\u00e9cio Neves (PSDB-MG) ficar\u00e1 com Rela\u00e7\u00f5es Exteriores.<\/p>\n\n\n\n<p>Durante a elei\u00e7\u00e3o para a presid\u00eancia da C\u00e2mara, o presidente da C\u00e2mara, Arthur Lira (PP-AL), prometeu a A\u00e9cio a vaga ao colegiado que trata de pol\u00edtica externa. O acordo, por\u00e9m, gerou desgaste com o PSL, que queria indicar Luiz Phillipe de Orleans e Bragan\u00e7a (PSL-SP). Insatisfeita, a legenda chegou a amea\u00e7ar tirar o DEM da Comiss\u00e3o de Educa\u00e7\u00e3o.Por fim, ap\u00f3s costura entre diversos partidos, o PSL cedeu e ficar\u00e1 com a Comiss\u00e3o de Agricultura. A indicada para esse grupo deve ser a deputada Aline Sleutjes (PSL-RR).Na tarde desta ter\u00e7a-feira, Lira disse que a tramita\u00e7\u00e3o das propostas voltar\u00e1 a ser feita de acordo com regras anteriores \u00e0 pandemia. Isso significa que Propostas de Emenda \u00e0 Constitui\u00e7\u00e3o, por exemplo, n\u00e3o poder\u00e3o ir diretamente ao plen\u00e1rio. Antes, ter\u00e3o que passar, obrigatoriamente, pela CCJ. A PEC Emergencial, portanto, deve ser a \u00faltima a ser analisada pelo modelo atual.<\/p>\n\n\n\n<p>\u2014 Amanh\u00e3 teremos elei\u00e7\u00f5es, mesmo para que haja um funcionamento remoto, por enquanto. A elei\u00e7\u00e3o tamb\u00e9m ser\u00e1 virtual, organizada no dia de amanh\u00e3, para que todos os partidos tenham as comiss\u00f5es tem\u00e1ticas resolvidas, para que mat\u00e9rias possam ter o ritmo normal a partir de amanh\u00e3 \u2014 disse Lira.<\/p>\n\n\n\n<p>Nesta ter\u00e7a-feira, os deputados decidiram a quais partidos cabe a escolha do comando de comiss\u00f5es, de acordo com a proporcionalidade. H\u00e1 acordo, no entanto, para pelo menos cinco trocas.<\/p>\n\n\n\n<p>Veja como fica o comando de cada comiss\u00e3o:<\/p>\n\n\n\n<p>&#8211; Agricultura, Pecu\u00e1ria, Abastecimento e Desenvolvimento Rural: PP (por acordo, vai para PSL)<\/p>\n\n\n\n<p>&#8211; Ci\u00eancia e Tecnologia, Comunica\u00e7\u00e3o e Inform\u00e1tica: PSB<\/p>\n\n\n\n<p>&#8211; Constitui\u00e7\u00e3o e Justi\u00e7a e de Cidadania: PSL<\/p>\n\n\n\n<p>&#8211; Cultura: PCdoB<\/p>\n\n\n\n<p>&#8211; Defesa do Consumidor: Republicanos<\/p>\n\n\n\n<p>&#8211; Desenvolvimento Econ\u00f4mico, Ind\u00fastria, Com\u00e9rcio e Servi\u00e7os: PSD<\/p>\n\n\n\n<p>&#8211; Desenvolvimento Urbano: MDB<\/p>\n\n\n\n<p>&#8211; Direitos da Mulher: PSL<\/p>\n\n\n\n<p>&#8211; Direitos da Pessoa Idosa: Patriota<\/p>\n\n\n\n<p>&#8211; Direitos das Pessoas com Defici\u00eancia: PT<\/p>\n\n\n\n<p>&#8211; Direitos Humanos e Minorias: PT<\/p>\n\n\n\n<p>&#8211; Educa\u00e7\u00e3o: DEM<\/p>\n\n\n\n<p>&#8211; Esporte: PSB<\/p>\n\n\n\n<p>&#8211; Finan\u00e7as e Tributa\u00e7\u00e3o: PL (por acordo, vai para o PSD)<\/p>\n\n\n\n<p>&#8211; Fiscaliza\u00e7\u00e3o Financeira e Controle: Solidariedade<\/p>\n\n\n\n<p>&#8211; Integra\u00e7\u00e3o Nacional, Desenvolvimento Regional e Amaz\u00f4nia: PL<\/p>\n\n\n\n<p>&#8211; Legisla\u00e7\u00e3o Participativa: PT<\/p>\n\n\n\n<p>&#8211; Meio Ambiente e Desenvolvimento Sustent\u00e1vel: PSL<\/p>\n\n\n\n<p>&#8211; Minas e Energia: PSDB (por acordo, vai para o PL)<\/p>\n\n\n\n<p>&#8211; Rela\u00e7\u00f5es exteriores e Defesa Nacional: PP (por acordo, vai para o PSDB)<\/p>\n\n\n\n<p>&#8211; Seguran\u00e7a P\u00fablica e Combate ao Crime Organizado: PTB<\/p>\n\n\n\n<p>&#8211; Seguridade Social e Fam\u00edlia: PSD (por acordo, vai para o PP)<\/p>\n\n\n\n<p>&#8211; Trabalho, Administra\u00e7\u00e3o e Servi\u00e7o P\u00fablico: PDT<\/p>\n\n\n\n<p>&#8211; Turismo: Podemos<\/p>\n\n\n\n<p>&#8211; Via\u00e7\u00e3o e Transportes: MDB<\/p>\n","protected":false},"excerpt":{"rendered":"<p>(JBCNEWS &#8211; DF 10\/03) &#8211; Deputados fecharam acordo nesta ter\u00e7a-feira para a indica\u00e7\u00e3o e elei\u00e7\u00e3o dos parlamentares que v\u00e3o comandar as 25 comiss\u00f5es permanentes da C\u00e2mara.<span class=\"excerpt-hellip\"> [\u2026]<\/span><\/p>\n","protected":false},"author":1,"featured_media":2748,"comment_status":"open","ping_status":"open","sticky":false,"template":"","format":"standard","meta":{"footnotes":""},"categories":[20],"tags":[],"yoast_head":"<!-- This site is optimized with the Yoast SEO plugin v22.6 - https:\/\/yoast.com\/wordpress\/plugins\/seo\/ -->\n<title>Com Bia Kicis na CCJ e A\u00e9cio nas Rela\u00e7\u00f5es Exteriores, C\u00e2mara fecha acordo e instala comiss\u00f5es nesta quarta - JBCNews<\/title>\n<meta name=\"robots\" content=\"index, follow, max-snippet:-1, max-image-preview:large, max-video-preview:-1\" \/>\n<link rel=\"canonical\" href=\"https:\/\/jbcnews.com.br\/index.php\/2021\/03\/10\/com-bia-kicis-na-ccj-e-aecio-nas-relacoes-exteriores-camara-fecha-acordo-e-instala-comissoes-nesta-quarta\/\" \/>\n<meta property=\"og:locale\" content=\"pt_BR\" \/>\n<meta property=\"og:type\" content=\"article\" \/>\n<meta property=\"og:title\" content=\"Com Bia Kicis na CCJ e A\u00e9cio nas Rela\u00e7\u00f5es Exteriores, C\u00e2mara fecha acordo e instala comiss\u00f5es nesta quarta - JBCNews\" \/>\n<meta property=\"og:description\" content=\"(JBCNEWS &#8211; DF 10\/03) &#8211; Deputados fecharam acordo nesta ter\u00e7a-feira para a indica\u00e7\u00e3o e elei\u00e7\u00e3o dos parlamentares que v\u00e3o comandar as 25 comiss\u00f5es permanentes da C\u00e2mara. [\u2026]\" \/>\n<meta property=\"og:url\" content=\"https:\/\/jbcnews.com.br\/index.php\/2021\/03\/10\/com-bia-kicis-na-ccj-e-aecio-nas-relacoes-exteriores-camara-fecha-acordo-e-instala-comissoes-nesta-quarta\/\" \/>\n<meta property=\"og:site_name\" content=\"JBCNews\" \/>\n<meta property=\"article:published_time\" content=\"2021-03-10T16:27:36+00:00\" \/>\n<meta property=\"article:modified_time\" content=\"2021-03-10T16:27:38+00:00\" \/>\n<meta property=\"og:image\" content=\"https:\/\/jbcnews.com.br\/wp-content\/uploads\/2021\/03\/imagem-77.png\" \/>\n\t<meta property=\"og:image:width\" content=\"959\" \/>\n\t<meta property=\"og:image:height\" content=\"417\" \/>\n\t<meta property=\"og:image:type\" content=\"image\/png\" \/>\n<meta name=\"author\" content=\"admin\" \/>\n<meta name=\"twitter:card\" content=\"summary_large_image\" \/>\n<meta name=\"twitter:label1\" content=\"Escrito por\" \/>\n\t<meta name=\"twitter:data1\" content=\"admin\" \/>\n\t<meta name=\"twitter:label2\" content=\"Est. tempo de leitura\" \/>\n\t<meta name=\"twitter:data2\" content=\"3 minutos\" \/>\n<script type=\"application\/ld+json\" class=\"yoast-schema-graph\">{\"@context\":\"https:\/\/schema.org\",\"@graph\":[{\"@type\":\"WebPage\",\"@id\":\"https:\/\/jbcnews.com.br\/index.php\/2021\/03\/10\/com-bia-kicis-na-ccj-e-aecio-nas-relacoes-exteriores-camara-fecha-acordo-e-instala-comissoes-nesta-quarta\/\",\"url\":\"https:\/\/jbcnews.com.br\/index.php\/2021\/03\/10\/com-bia-kicis-na-ccj-e-aecio-nas-relacoes-exteriores-camara-fecha-acordo-e-instala-comissoes-nesta-quarta\/\",\"name\":\"Com Bia Kicis na CCJ e A\u00e9cio nas Rela\u00e7\u00f5es Exteriores, C\u00e2mara fecha acordo e instala comiss\u00f5es nesta quarta - JBCNews\",\"isPartOf\":{\"@id\":\"https:\/\/jbcnews.com.br\/#website\"},\"primaryImageOfPage\":{\"@id\":\"https:\/\/jbcnews.com.br\/index.php\/2021\/03\/10\/com-bia-kicis-na-ccj-e-aecio-nas-relacoes-exteriores-camara-fecha-acordo-e-instala-comissoes-nesta-quarta\/#primaryimage\"},\"image\":{\"@id\":\"https:\/\/jbcnews.com.br\/index.php\/2021\/03\/10\/com-bia-kicis-na-ccj-e-aecio-nas-relacoes-exteriores-camara-fecha-acordo-e-instala-comissoes-nesta-quarta\/#primaryimage\"},\"thumbnailUrl\":\"https:\/\/jbcnews.com.br\/wp-content\/uploads\/2021\/03\/imagem-77.png\",\"datePublished\":\"2021-03-10T16:27:36+00:00\",\"dateModified\":\"2021-03-10T16:27:38+00:00\",\"author\":{\"@id\":\"https:\/\/jbcnews.com.br\/#\/schema\/person\/3b597ec20ccf92d0adc436057caf9bbe\"},\"breadcrumb\":{\"@id\":\"https:\/\/jbcnews.com.br\/index.php\/2021\/03\/10\/com-bia-kicis-na-ccj-e-aecio-nas-relacoes-exteriores-camara-fecha-acordo-e-instala-comissoes-nesta-quarta\/#breadcrumb\"},\"inLanguage\":\"pt-BR\",\"potentialAction\":[{\"@type\":\"ReadAction\",\"target\":[\"https:\/\/jbcnews.com.br\/index.php\/2021\/03\/10\/com-bia-kicis-na-ccj-e-aecio-nas-relacoes-exteriores-camara-fecha-acordo-e-instala-comissoes-nesta-quarta\/\"]}]},{\"@type\":\"ImageObject\",\"inLanguage\":\"pt-BR\",\"@id\":\"https:\/\/jbcnews.com.br\/index.php\/2021\/03\/10\/com-bia-kicis-na-ccj-e-aecio-nas-relacoes-exteriores-camara-fecha-acordo-e-instala-comissoes-nesta-quarta\/#primaryimage\",\"url\":\"https:\/\/jbcnews.com.br\/wp-content\/uploads\/2021\/03\/imagem-77.png\",\"contentUrl\":\"https:\/\/jbcnews.com.br\/wp-content\/uploads\/2021\/03\/imagem-77.png\",\"width\":959,\"height\":417},{\"@type\":\"BreadcrumbList\",\"@id\":\"https:\/\/jbcnews.com.br\/index.php\/2021\/03\/10\/com-bia-kicis-na-ccj-e-aecio-nas-relacoes-exteriores-camara-fecha-acordo-e-instala-comissoes-nesta-quarta\/#breadcrumb\",\"itemListElement\":[{\"@type\":\"ListItem\",\"position\":1,\"name\":\"In\u00edcio\",\"item\":\"https:\/\/jbcnews.com.br\/\"},{\"@type\":\"ListItem\",\"position\":2,\"name\":\"Com Bia Kicis na CCJ e A\u00e9cio nas Rela\u00e7\u00f5es Exteriores, C\u00e2mara fecha acordo e instala comiss\u00f5es nesta quarta\"}]},{\"@type\":\"WebSite\",\"@id\":\"https:\/\/jbcnews.com.br\/#website\",\"url\":\"https:\/\/jbcnews.com.br\/\",\"name\":\"JBCNews\",\"description\":\"Comunica\u00e7\u00e3o e Cultura\",\"potentialAction\":[{\"@type\":\"SearchAction\",\"target\":{\"@type\":\"EntryPoint\",\"urlTemplate\":\"https:\/\/jbcnews.com.br\/?s={search_term_string}\"},\"query-input\":\"required name=search_term_string\"}],\"inLanguage\":\"pt-BR\"},{\"@type\":\"Person\",\"@id\":\"https:\/\/jbcnews.com.br\/#\/schema\/person\/3b597ec20ccf92d0adc436057caf9bbe\",\"name\":\"admin\",\"image\":{\"@type\":\"ImageObject\",\"inLanguage\":\"pt-BR\",\"@id\":\"https:\/\/jbcnews.com.br\/#\/schema\/person\/image\/\",\"url\":\"https:\/\/secure.gravatar.com\/avatar\/fe848d2435b65c3ed1cdd3a8e8f3bb2d?s=96&d=mm&r=g\",\"contentUrl\":\"https:\/\/secure.gravatar.com\/avatar\/fe848d2435b65c3ed1cdd3a8e8f3bb2d?s=96&d=mm&r=g\",\"caption\":\"admin\"},\"sameAs\":[\"https:\/\/jbcnews.com.br\"],\"url\":\"https:\/\/jbcnews.com.br\/index.php\/author\/jbcnews\/\"}]}<\/script>\n<!-- \/ Yoast SEO plugin. -->","yoast_head_json":{"title":"Com Bia Kicis na CCJ e A\u00e9cio nas Rela\u00e7\u00f5es Exteriores, C\u00e2mara fecha acordo e instala comiss\u00f5es nesta quarta - JBCNews","robots":{"index":"index","follow":"follow","max-snippet":"max-snippet:-1","max-image-preview":"max-image-preview:large","max-video-preview":"max-video-preview:-1"},"canonical":"https:\/\/jbcnews.com.br\/index.php\/2021\/03\/10\/com-bia-kicis-na-ccj-e-aecio-nas-relacoes-exteriores-camara-fecha-acordo-e-instala-comissoes-nesta-quarta\/","og_locale":"pt_BR","og_type":"article","og_title":"Com Bia Kicis na CCJ e A\u00e9cio nas Rela\u00e7\u00f5es Exteriores, C\u00e2mara fecha acordo e instala comiss\u00f5es nesta quarta - JBCNews","og_description":"(JBCNEWS &#8211; DF 10\/03) &#8211; Deputados fecharam acordo nesta ter\u00e7a-feira para a indica\u00e7\u00e3o e elei\u00e7\u00e3o dos parlamentares que v\u00e3o comandar as 25 comiss\u00f5es permanentes da C\u00e2mara. [\u2026]","og_url":"https:\/\/jbcnews.com.br\/index.php\/2021\/03\/10\/com-bia-kicis-na-ccj-e-aecio-nas-relacoes-exteriores-camara-fecha-acordo-e-instala-comissoes-nesta-quarta\/","og_site_name":"JBCNews","article_published_time":"2021-03-10T16:27:36+00:00","article_modified_time":"2021-03-10T16:27:38+00:00","og_image":[{"width":959,"height":417,"url":"https:\/\/jbcnews.com.br\/wp-content\/uploads\/2021\/03\/imagem-77.png","type":"image\/png"}],"author":"admin","twitter_card":"summary_large_image","twitter_misc":{"Escrito por":"admin","Est. tempo de leitura":"3 minutos"},"schema":{"@context":"https:\/\/schema.org","@graph":[{"@type":"WebPage","@id":"https:\/\/jbcnews.com.br\/index.php\/2021\/03\/10\/com-bia-kicis-na-ccj-e-aecio-nas-relacoes-exteriores-camara-fecha-acordo-e-instala-comissoes-nesta-quarta\/","url":"https:\/\/jbcnews.com.br\/index.php\/2021\/03\/10\/com-bia-kicis-na-ccj-e-aecio-nas-relacoes-exteriores-camara-fecha-acordo-e-instala-comissoes-nesta-quarta\/","name":"Com Bia Kicis na CCJ e A\u00e9cio nas Rela\u00e7\u00f5es Exteriores, C\u00e2mara fecha acordo e instala comiss\u00f5es nesta quarta - JBCNews","isPartOf":{"@id":"https:\/\/jbcnews.com.br\/#website"},"primaryImageOfPage":{"@id":"https:\/\/jbcnews.com.br\/index.php\/2021\/03\/10\/com-bia-kicis-na-ccj-e-aecio-nas-relacoes-exteriores-camara-fecha-acordo-e-instala-comissoes-nesta-quarta\/#primaryimage"},"image":{"@id":"https:\/\/jbcnews.com.br\/index.php\/2021\/03\/10\/com-bia-kicis-na-ccj-e-aecio-nas-relacoes-exteriores-camara-fecha-acordo-e-instala-comissoes-nesta-quarta\/#primaryimage"},"thumbnailUrl":"https:\/\/jbcnews.com.br\/wp-content\/uploads\/2021\/03\/imagem-77.png","datePublished":"2021-03-10T16:27:36+00:00","dateModified":"2021-03-10T16:27:38+00:00","author":{"@id":"https:\/\/jbcnews.com.br\/#\/schema\/person\/3b597ec20ccf92d0adc436057caf9bbe"},"breadcrumb":{"@id":"https:\/\/jbcnews.com.br\/index.php\/2021\/03\/10\/com-bia-kicis-na-ccj-e-aecio-nas-relacoes-exteriores-camara-fecha-acordo-e-instala-comissoes-nesta-quarta\/#breadcrumb"},"inLanguage":"pt-BR","potentialAction":[{"@type":"ReadAction","target":["https:\/\/jbcnews.com.br\/index.php\/2021\/03\/10\/com-bia-kicis-na-ccj-e-aecio-nas-relacoes-exteriores-camara-fecha-acordo-e-instala-comissoes-nesta-quarta\/"]}]},{"@type":"ImageObject","inLanguage":"pt-BR","@id":"https:\/\/jbcnews.com.br\/index.php\/2021\/03\/10\/com-bia-kicis-na-ccj-e-aecio-nas-relacoes-exteriores-camara-fecha-acordo-e-instala-comissoes-nesta-quarta\/#primaryimage","url":"https:\/\/jbcnews.com.br\/wp-content\/uploads\/2021\/03\/imagem-77.png","contentUrl":"https:\/\/jbcnews.com.br\/wp-content\/uploads\/2021\/03\/imagem-77.png","width":959,"height":417},{"@type":"BreadcrumbList","@id":"https:\/\/jbcnews.com.br\/index.php\/2021\/03\/10\/com-bia-kicis-na-ccj-e-aecio-nas-relacoes-exteriores-camara-fecha-acordo-e-instala-comissoes-nesta-quarta\/#breadcrumb","itemListElement":[{"@type":"ListItem","position":1,"name":"In\u00edcio","item":"https:\/\/jbcnews.com.br\/"},{"@type":"ListItem","position":2,"name":"Com Bia Kicis na CCJ e A\u00e9cio nas Rela\u00e7\u00f5es Exteriores, C\u00e2mara fecha acordo e instala comiss\u00f5es nesta quarta"}]},{"@type":"WebSite","@id":"https:\/\/jbcnews.com.br\/#website","url":"https:\/\/jbcnews.com.br\/","name":"JBCNews","description":"Comunica\u00e7\u00e3o e Cultura","potentialAction":[{"@type":"SearchAction","target":{"@type":"EntryPoint","urlTemplate":"https:\/\/jbcnews.com.br\/?s={search_term_string}"},"query-input":"required name=search_term_string"}],"inLanguage":"pt-BR"},{"@type":"Person","@id":"https:\/\/jbcnews.com.br\/#\/schema\/person\/3b597ec20ccf92d0adc436057caf9bbe","name":"admin","image":{"@type":"ImageObject","inLanguage":"pt-BR","@id":"https:\/\/jbcnews.com.br\/#\/schema\/person\/image\/","url":"https:\/\/secure.gravatar.com\/avatar\/fe848d2435b65c3ed1cdd3a8e8f3bb2d?s=96&d=mm&r=g","contentUrl":"https:\/\/secure.gravatar.com\/avatar\/fe848d2435b65c3ed1cdd3a8e8f3bb2d?s=96&d=mm&r=g","caption":"admin"},"sameAs":["https:\/\/jbcnews.com.br"],"url":"https:\/\/jbcnews.com.br\/index.php\/author\/jbcnews\/"}]}},"_links":{"self":[{"href":"https:\/\/jbcnews.com.br\/index.php\/wp-json\/wp\/v2\/posts\/2747"}],"collection":[{"href":"https:\/\/jbcnews.com.br\/index.php\/wp-json\/wp\/v2\/posts"}],"about":[{"href":"https:\/\/jbcnews.com.br\/index.php\/wp-json\/wp\/v2\/types\/post"}],"author":[{"embeddable":true,"href":"https:\/\/jbcnews.com.br\/index.php\/wp-json\/wp\/v2\/users\/1"}],"replies":[{"embeddable":true,"href":"https:\/\/jbcnews.com.br\/index.php\/wp-json\/wp\/v2\/comments?post=2747"}],"version-history":[{"count":1,"href":"https:\/\/jbcnews.com.br\/index.php\/wp-json\/wp\/v2\/posts\/2747\/revisions"}],"predecessor-version":[{"id":2749,"href":"https:\/\/jbcnews.com.br\/index.php\/wp-json\/wp\/v2\/posts\/2747\/revisions\/2749"}],"wp:featuredmedia":[{"embeddable":true,"href":"https:\/\/jbcnews.com.br\/index.php\/wp-json\/wp\/v2\/media\/2748"}],"wp:attachment":[{"href":"https:\/\/jbcnews.com.br\/index.php\/wp-json\/wp\/v2\/media?parent=2747"}],"wp:term":[{"taxonomy":"category","embeddable":true,"href":"https:\/\/jbcnews.com.br\/index.php\/wp-json\/wp\/v2\/categories?post=2747"},{"taxonomy":"post_tag","embeddable":true,"href":"https:\/\/jbcnews.com.br\/index.php\/wp-json\/wp\/v2\/tags?post=2747"}],"curies":[{"name":"wp","href":"https:\/\/api.w.org\/{rel}","templated":true}]}}