{"id":2740,"date":"2021-03-10T16:21:21","date_gmt":"2021-03-10T16:21:21","guid":{"rendered":"https:\/\/jbcnews.com.br\/?p=2740"},"modified":"2021-03-10T16:21:34","modified_gmt":"2021-03-10T16:21:34","slug":"rainha-elizabeth-se-pronuncia-apos-fala-de-meghan-markle-sobre-cor-do-filho","status":"publish","type":"post","link":"https:\/\/jbcnews.com.br\/index.php\/2021\/03\/10\/rainha-elizabeth-se-pronuncia-apos-fala-de-meghan-markle-sobre-cor-do-filho\/","title":{"rendered":"Rainha Elizabeth se pronuncia ap\u00f3s fala de Meghan Markle sobre cor do filho."},"content":{"rendered":"\n<p>(JBCNEWS &#8211; DF 10\/03) &#8211; A\u00a0<strong>rainha Elizabeth II<\/strong>, l\u00edder da monarquia brit\u00e2nica, se pronunciou em nome da fam\u00edlia real em um texto de quatro linhas ap\u00f3s\u00a0<strong>Meghan Markle<\/strong>, ex-duquesa de Sussex, revelar o racismo que o filho\u00a0<strong>Archie<\/strong>\u00a0sofreu\u00a0antes mesmo de nascer de algum membro da corte.<\/p>\n\n\n\n<p>&#8220;A fam\u00edlia inteira fica triste ao saber de como os \u00faltimos anos foram desafiadores para Harry e Meghan. As quest\u00f5es levantadas, particularmente as de ra\u00e7a, s\u00e3o preocupantes. Embora algumas lembran\u00e7as possam variar, elas s\u00e3o levadas muito a s\u00e9rio e ser\u00e3o tratadas pela fam\u00edlia em particular&#8221;, disse sua majestade.&nbsp;<\/p>\n\n\n\n<p>Durante entrevista a Oprah Winfrey, Meghan balan\u00e7ou os profundos alicerces da monarquia brit\u00e2nica ao revelar que houveram conversas de membros da Coroa com o pr\u00edncipe Harry sobre o qu\u00e3o escura seria a pele de Archie, seu primeiro filho, j\u00e1 que ela \u00e9 uma mulher negra. A primeira a pertencer \u00e0 fam\u00edlia.<\/p>\n\n\n\n<p>A rainha ainda ressaltou no comunicado que, mesmo n\u00e3o sendo mais membros da corte com obriga\u00e7\u00f5es, deveres, sal\u00e1rio e t\u00edtulos, eles ainda s\u00e3o parte da fam\u00edlia de Windsor. &#8220;Harry, Meghan e Archie sempre ser\u00e3o membros da fam\u00edlia muito queridos&#8221;, concluiu<\/p>\n","protected":false},"excerpt":{"rendered":"<p>(JBCNEWS &#8211; DF 10\/03) &#8211; A\u00a0rainha Elizabeth II, l\u00edder da monarquia brit\u00e2nica, se pronunciou em nome da fam\u00edlia real em um texto de quatro linhas ap\u00f3s\u00a0Meghan<span class=\"excerpt-hellip\"> [\u2026]<\/span><\/p>\n","protected":false},"author":1,"featured_media":2741,"comment_status":"open","ping_status":"open","sticky":false,"template":"","format":"standard","meta":{"footnotes":""},"categories":[21],"tags":[],"yoast_head":"<!-- This site is optimized with the Yoast SEO plugin v22.6 - https:\/\/yoast.com\/wordpress\/plugins\/seo\/ -->\n<title>Rainha Elizabeth se pronuncia ap\u00f3s fala de Meghan Markle sobre cor do filho. - JBCNews<\/title>\n<meta name=\"robots\" content=\"index, follow, max-snippet:-1, max-image-preview:large, max-video-preview:-1\" \/>\n<link rel=\"canonical\" href=\"https:\/\/jbcnews.com.br\/index.php\/2021\/03\/10\/rainha-elizabeth-se-pronuncia-apos-fala-de-meghan-markle-sobre-cor-do-filho\/\" \/>\n<meta property=\"og:locale\" content=\"pt_BR\" \/>\n<meta property=\"og:type\" content=\"article\" \/>\n<meta property=\"og:title\" content=\"Rainha Elizabeth se pronuncia ap\u00f3s fala de Meghan Markle sobre cor do filho. - JBCNews\" \/>\n<meta property=\"og:description\" content=\"(JBCNEWS &#8211; DF 10\/03) &#8211; A\u00a0rainha Elizabeth II, l\u00edder da monarquia brit\u00e2nica, se pronunciou em nome da fam\u00edlia real em um texto de quatro linhas ap\u00f3s\u00a0Meghan [\u2026]\" \/>\n<meta property=\"og:url\" content=\"https:\/\/jbcnews.com.br\/index.php\/2021\/03\/10\/rainha-elizabeth-se-pronuncia-apos-fala-de-meghan-markle-sobre-cor-do-filho\/\" \/>\n<meta property=\"og:site_name\" content=\"JBCNews\" \/>\n<meta property=\"article:published_time\" content=\"2021-03-10T16:21:21+00:00\" \/>\n<meta property=\"article:modified_time\" content=\"2021-03-10T16:21:34+00:00\" \/>\n<meta property=\"og:image\" content=\"https:\/\/jbcnews.com.br\/wp-content\/uploads\/2021\/03\/imagem-75.png\" \/>\n\t<meta property=\"og:image:width\" content=\"959\" \/>\n\t<meta property=\"og:image:height\" content=\"587\" \/>\n\t<meta property=\"og:image:type\" content=\"image\/png\" \/>\n<meta name=\"author\" content=\"admin\" \/>\n<meta name=\"twitter:card\" content=\"summary_large_image\" \/>\n<meta name=\"twitter:label1\" content=\"Escrito por\" \/>\n\t<meta name=\"twitter:data1\" content=\"admin\" \/>\n\t<meta name=\"twitter:label2\" content=\"Est. tempo de leitura\" \/>\n\t<meta name=\"twitter:data2\" content=\"1 minuto\" \/>\n<script type=\"application\/ld+json\" class=\"yoast-schema-graph\">{\"@context\":\"https:\/\/schema.org\",\"@graph\":[{\"@type\":\"WebPage\",\"@id\":\"https:\/\/jbcnews.com.br\/index.php\/2021\/03\/10\/rainha-elizabeth-se-pronuncia-apos-fala-de-meghan-markle-sobre-cor-do-filho\/\",\"url\":\"https:\/\/jbcnews.com.br\/index.php\/2021\/03\/10\/rainha-elizabeth-se-pronuncia-apos-fala-de-meghan-markle-sobre-cor-do-filho\/\",\"name\":\"Rainha Elizabeth se pronuncia ap\u00f3s fala de Meghan Markle sobre cor do filho. - JBCNews\",\"isPartOf\":{\"@id\":\"https:\/\/jbcnews.com.br\/#website\"},\"primaryImageOfPage\":{\"@id\":\"https:\/\/jbcnews.com.br\/index.php\/2021\/03\/10\/rainha-elizabeth-se-pronuncia-apos-fala-de-meghan-markle-sobre-cor-do-filho\/#primaryimage\"},\"image\":{\"@id\":\"https:\/\/jbcnews.com.br\/index.php\/2021\/03\/10\/rainha-elizabeth-se-pronuncia-apos-fala-de-meghan-markle-sobre-cor-do-filho\/#primaryimage\"},\"thumbnailUrl\":\"https:\/\/jbcnews.com.br\/wp-content\/uploads\/2021\/03\/imagem-75.png\",\"datePublished\":\"2021-03-10T16:21:21+00:00\",\"dateModified\":\"2021-03-10T16:21:34+00:00\",\"author\":{\"@id\":\"https:\/\/jbcnews.com.br\/#\/schema\/person\/3b597ec20ccf92d0adc436057caf9bbe\"},\"breadcrumb\":{\"@id\":\"https:\/\/jbcnews.com.br\/index.php\/2021\/03\/10\/rainha-elizabeth-se-pronuncia-apos-fala-de-meghan-markle-sobre-cor-do-filho\/#breadcrumb\"},\"inLanguage\":\"pt-BR\",\"potentialAction\":[{\"@type\":\"ReadAction\",\"target\":[\"https:\/\/jbcnews.com.br\/index.php\/2021\/03\/10\/rainha-elizabeth-se-pronuncia-apos-fala-de-meghan-markle-sobre-cor-do-filho\/\"]}]},{\"@type\":\"ImageObject\",\"inLanguage\":\"pt-BR\",\"@id\":\"https:\/\/jbcnews.com.br\/index.php\/2021\/03\/10\/rainha-elizabeth-se-pronuncia-apos-fala-de-meghan-markle-sobre-cor-do-filho\/#primaryimage\",\"url\":\"https:\/\/jbcnews.com.br\/wp-content\/uploads\/2021\/03\/imagem-75.png\",\"contentUrl\":\"https:\/\/jbcnews.com.br\/wp-content\/uploads\/2021\/03\/imagem-75.png\",\"width\":959,\"height\":587},{\"@type\":\"BreadcrumbList\",\"@id\":\"https:\/\/jbcnews.com.br\/index.php\/2021\/03\/10\/rainha-elizabeth-se-pronuncia-apos-fala-de-meghan-markle-sobre-cor-do-filho\/#breadcrumb\",\"itemListElement\":[{\"@type\":\"ListItem\",\"position\":1,\"name\":\"In\u00edcio\",\"item\":\"https:\/\/jbcnews.com.br\/\"},{\"@type\":\"ListItem\",\"position\":2,\"name\":\"Rainha Elizabeth se pronuncia ap\u00f3s fala de Meghan Markle sobre cor do filho.\"}]},{\"@type\":\"WebSite\",\"@id\":\"https:\/\/jbcnews.com.br\/#website\",\"url\":\"https:\/\/jbcnews.com.br\/\",\"name\":\"JBCNews\",\"description\":\"Comunica\u00e7\u00e3o e Cultura\",\"potentialAction\":[{\"@type\":\"SearchAction\",\"target\":{\"@type\":\"EntryPoint\",\"urlTemplate\":\"https:\/\/jbcnews.com.br\/?s={search_term_string}\"},\"query-input\":\"required name=search_term_string\"}],\"inLanguage\":\"pt-BR\"},{\"@type\":\"Person\",\"@id\":\"https:\/\/jbcnews.com.br\/#\/schema\/person\/3b597ec20ccf92d0adc436057caf9bbe\",\"name\":\"admin\",\"image\":{\"@type\":\"ImageObject\",\"inLanguage\":\"pt-BR\",\"@id\":\"https:\/\/jbcnews.com.br\/#\/schema\/person\/image\/\",\"url\":\"https:\/\/secure.gravatar.com\/avatar\/fe848d2435b65c3ed1cdd3a8e8f3bb2d?s=96&d=mm&r=g\",\"contentUrl\":\"https:\/\/secure.gravatar.com\/avatar\/fe848d2435b65c3ed1cdd3a8e8f3bb2d?s=96&d=mm&r=g\",\"caption\":\"admin\"},\"sameAs\":[\"https:\/\/jbcnews.com.br\"],\"url\":\"https:\/\/jbcnews.com.br\/index.php\/author\/jbcnews\/\"}]}<\/script>\n<!-- \/ Yoast SEO plugin. -->","yoast_head_json":{"title":"Rainha Elizabeth se pronuncia ap\u00f3s fala de Meghan Markle sobre cor do filho. - JBCNews","robots":{"index":"index","follow":"follow","max-snippet":"max-snippet:-1","max-image-preview":"max-image-preview:large","max-video-preview":"max-video-preview:-1"},"canonical":"https:\/\/jbcnews.com.br\/index.php\/2021\/03\/10\/rainha-elizabeth-se-pronuncia-apos-fala-de-meghan-markle-sobre-cor-do-filho\/","og_locale":"pt_BR","og_type":"article","og_title":"Rainha Elizabeth se pronuncia ap\u00f3s fala de Meghan Markle sobre cor do filho. - JBCNews","og_description":"(JBCNEWS &#8211; DF 10\/03) &#8211; A\u00a0rainha Elizabeth II, l\u00edder da monarquia brit\u00e2nica, se pronunciou em nome da fam\u00edlia real em um texto de quatro linhas ap\u00f3s\u00a0Meghan [\u2026]","og_url":"https:\/\/jbcnews.com.br\/index.php\/2021\/03\/10\/rainha-elizabeth-se-pronuncia-apos-fala-de-meghan-markle-sobre-cor-do-filho\/","og_site_name":"JBCNews","article_published_time":"2021-03-10T16:21:21+00:00","article_modified_time":"2021-03-10T16:21:34+00:00","og_image":[{"width":959,"height":587,"url":"https:\/\/jbcnews.com.br\/wp-content\/uploads\/2021\/03\/imagem-75.png","type":"image\/png"}],"author":"admin","twitter_card":"summary_large_image","twitter_misc":{"Escrito por":"admin","Est. tempo de leitura":"1 minuto"},"schema":{"@context":"https:\/\/schema.org","@graph":[{"@type":"WebPage","@id":"https:\/\/jbcnews.com.br\/index.php\/2021\/03\/10\/rainha-elizabeth-se-pronuncia-apos-fala-de-meghan-markle-sobre-cor-do-filho\/","url":"https:\/\/jbcnews.com.br\/index.php\/2021\/03\/10\/rainha-elizabeth-se-pronuncia-apos-fala-de-meghan-markle-sobre-cor-do-filho\/","name":"Rainha Elizabeth se pronuncia ap\u00f3s fala de Meghan Markle sobre cor do filho. - JBCNews","isPartOf":{"@id":"https:\/\/jbcnews.com.br\/#website"},"primaryImageOfPage":{"@id":"https:\/\/jbcnews.com.br\/index.php\/2021\/03\/10\/rainha-elizabeth-se-pronuncia-apos-fala-de-meghan-markle-sobre-cor-do-filho\/#primaryimage"},"image":{"@id":"https:\/\/jbcnews.com.br\/index.php\/2021\/03\/10\/rainha-elizabeth-se-pronuncia-apos-fala-de-meghan-markle-sobre-cor-do-filho\/#primaryimage"},"thumbnailUrl":"https:\/\/jbcnews.com.br\/wp-content\/uploads\/2021\/03\/imagem-75.png","datePublished":"2021-03-10T16:21:21+00:00","dateModified":"2021-03-10T16:21:34+00:00","author":{"@id":"https:\/\/jbcnews.com.br\/#\/schema\/person\/3b597ec20ccf92d0adc436057caf9bbe"},"breadcrumb":{"@id":"https:\/\/jbcnews.com.br\/index.php\/2021\/03\/10\/rainha-elizabeth-se-pronuncia-apos-fala-de-meghan-markle-sobre-cor-do-filho\/#breadcrumb"},"inLanguage":"pt-BR","potentialAction":[{"@type":"ReadAction","target":["https:\/\/jbcnews.com.br\/index.php\/2021\/03\/10\/rainha-elizabeth-se-pronuncia-apos-fala-de-meghan-markle-sobre-cor-do-filho\/"]}]},{"@type":"ImageObject","inLanguage":"pt-BR","@id":"https:\/\/jbcnews.com.br\/index.php\/2021\/03\/10\/rainha-elizabeth-se-pronuncia-apos-fala-de-meghan-markle-sobre-cor-do-filho\/#primaryimage","url":"https:\/\/jbcnews.com.br\/wp-content\/uploads\/2021\/03\/imagem-75.png","contentUrl":"https:\/\/jbcnews.com.br\/wp-content\/uploads\/2021\/03\/imagem-75.png","width":959,"height":587},{"@type":"BreadcrumbList","@id":"https:\/\/jbcnews.com.br\/index.php\/2021\/03\/10\/rainha-elizabeth-se-pronuncia-apos-fala-de-meghan-markle-sobre-cor-do-filho\/#breadcrumb","itemListElement":[{"@type":"ListItem","position":1,"name":"In\u00edcio","item":"https:\/\/jbcnews.com.br\/"},{"@type":"ListItem","position":2,"name":"Rainha Elizabeth se pronuncia ap\u00f3s fala de Meghan Markle sobre cor do filho."}]},{"@type":"WebSite","@id":"https:\/\/jbcnews.com.br\/#website","url":"https:\/\/jbcnews.com.br\/","name":"JBCNews","description":"Comunica\u00e7\u00e3o e Cultura","potentialAction":[{"@type":"SearchAction","target":{"@type":"EntryPoint","urlTemplate":"https:\/\/jbcnews.com.br\/?s={search_term_string}"},"query-input":"required name=search_term_string"}],"inLanguage":"pt-BR"},{"@type":"Person","@id":"https:\/\/jbcnews.com.br\/#\/schema\/person\/3b597ec20ccf92d0adc436057caf9bbe","name":"admin","image":{"@type":"ImageObject","inLanguage":"pt-BR","@id":"https:\/\/jbcnews.com.br\/#\/schema\/person\/image\/","url":"https:\/\/secure.gravatar.com\/avatar\/fe848d2435b65c3ed1cdd3a8e8f3bb2d?s=96&d=mm&r=g","contentUrl":"https:\/\/secure.gravatar.com\/avatar\/fe848d2435b65c3ed1cdd3a8e8f3bb2d?s=96&d=mm&r=g","caption":"admin"},"sameAs":["https:\/\/jbcnews.com.br"],"url":"https:\/\/jbcnews.com.br\/index.php\/author\/jbcnews\/"}]}},"_links":{"self":[{"href":"https:\/\/jbcnews.com.br\/index.php\/wp-json\/wp\/v2\/posts\/2740"}],"collection":[{"href":"https:\/\/jbcnews.com.br\/index.php\/wp-json\/wp\/v2\/posts"}],"about":[{"href":"https:\/\/jbcnews.com.br\/index.php\/wp-json\/wp\/v2\/types\/post"}],"author":[{"embeddable":true,"href":"https:\/\/jbcnews.com.br\/index.php\/wp-json\/wp\/v2\/users\/1"}],"replies":[{"embeddable":true,"href":"https:\/\/jbcnews.com.br\/index.php\/wp-json\/wp\/v2\/comments?post=2740"}],"version-history":[{"count":2,"href":"https:\/\/jbcnews.com.br\/index.php\/wp-json\/wp\/v2\/posts\/2740\/revisions"}],"predecessor-version":[{"id":2743,"href":"https:\/\/jbcnews.com.br\/index.php\/wp-json\/wp\/v2\/posts\/2740\/revisions\/2743"}],"wp:featuredmedia":[{"embeddable":true,"href":"https:\/\/jbcnews.com.br\/index.php\/wp-json\/wp\/v2\/media\/2741"}],"wp:attachment":[{"href":"https:\/\/jbcnews.com.br\/index.php\/wp-json\/wp\/v2\/media?parent=2740"}],"wp:term":[{"taxonomy":"category","embeddable":true,"href":"https:\/\/jbcnews.com.br\/index.php\/wp-json\/wp\/v2\/categories?post=2740"},{"taxonomy":"post_tag","embeddable":true,"href":"https:\/\/jbcnews.com.br\/index.php\/wp-json\/wp\/v2\/tags?post=2740"}],"curies":[{"name":"wp","href":"https:\/\/api.w.org\/{rel}","templated":true}]}}