{"id":2733,"date":"2021-03-09T17:17:22","date_gmt":"2021-03-09T17:17:22","guid":{"rendered":"https:\/\/jbcnews.com.br\/?p=2733"},"modified":"2021-05-07T16:35:02","modified_gmt":"2021-05-07T16:35:02","slug":"arthur-lira-questiona-decisao-de-fachin-e-afirma-lula-pode-ate-merecer-moro-jamais","status":"publish","type":"post","link":"https:\/\/jbcnews.com.br\/index.php\/2021\/03\/09\/arthur-lira-questiona-decisao-de-fachin-e-afirma-lula-pode-ate-merecer-moro-jamais\/","title":{"rendered":"Arthur Lira questiona decis\u00e3o de Fachin e afirma: &#8216;Lula pode at\u00e9 merecer. Moro, jamais&#8217;"},"content":{"rendered":"\n<p>(JBCNEWS DF 09\/03) &#8211; Presidente da C\u00e2mara dos Deputados, Arthur Lira comentou a\u00a0<strong>decis\u00e3o do ministro do Supremo Tribunal Federal, Edson Fachin, de anular todas as condena\u00e7\u00f5es do ex-presidente Lula (PT)<\/strong>\u00a0na Justi\u00e7a Federal do Paran\u00e1.<\/p>\n\n\n\n<p>Por meio das redes sociais, Lira questionou a decis\u00e3o desta segunda-feira e alfinetou o ex-juiz federal Sergio Moro, respons\u00e1vel pela condena\u00e7\u00e3o do petista em 2018.<\/p>\n\n\n\n<p>&#8220;Minha maior d\u00favida \u00e9 se a decis\u00e3o monocr\u00e1tica foi para absolver Lula ou Moro. Lula pode at\u00e9 merecer. Moro, jamais!&#8221;, escreveu em sua p\u00e1gina no Twitter.<\/p>\n\n\n\n<p>O questionamento de Lira acontece porque a decis\u00e3o de Fachin anula o pedido de suspei\u00e7\u00e3o de Moro, solicitado pela defesa do ex-presidente em pedido de habeas corpus. O ex-juiz tornou-se ministro da Justi\u00e7a de Jair Bolsonaro, principal advers\u00e1rio de Lula caso o petista estivesse eleg\u00edvel no pleito de 2018.<\/p>\n\n\n\n<p>A decis\u00e3o de Fachin, no entanto, n\u00e3o tem liga\u00e7\u00e3o com o pedido de suspei\u00e7\u00e3o. O ministro considerou que a 13\u00aa Vara Federal de Curitiba, cujo titular na ocasi\u00e3o das condena\u00e7\u00f5es eram Moro, n\u00e3o era o &#8220;juiz natural&#8221; dos casos.<\/p>\n\n\n\n<p>Lula, agora, est\u00e1 fora da Lei da Ficha Limpa e volta a ser eleg\u00edvel. Em um levantamento divulgado pelo jornal O Estado de S. Paulo,<strong>\u00a0ele aparece \u00e0 frente de Bolsonaro em potencial de votos para a elei\u00e7\u00e3o de 2022<\/strong>. No levantamento, realizado pelo Ipec (Intelig\u00eancia em Pesquisa e Consultoria), 50% dos entrevistados disseram que votariam com certeza ou poderiam votar no petista se ele se candidatasse novamente \u00e0 Presid\u00eancia, e 44% afirmaram que n\u00e3o o escolheriam de jeito nenhum.<\/p>\n","protected":false},"excerpt":{"rendered":"<p>(JBCNEWS DF 09\/03) &#8211; Presidente da C\u00e2mara dos Deputados, Arthur Lira comentou a\u00a0decis\u00e3o do ministro do Supremo Tribunal Federal, Edson Fachin, de anular todas as condena\u00e7\u00f5es<span class=\"excerpt-hellip\"> [\u2026]<\/span><\/p>\n","protected":false},"author":1,"featured_media":2734,"comment_status":"open","ping_status":"open","sticky":false,"template":"","format":"standard","meta":{"footnotes":""},"categories":[20],"tags":[],"yoast_head":"<!-- This site is optimized with the Yoast SEO plugin v22.6 - https:\/\/yoast.com\/wordpress\/plugins\/seo\/ -->\n<title>Arthur Lira questiona decis\u00e3o de Fachin e afirma: &#039;Lula pode at\u00e9 merecer. Moro, jamais&#039; - JBCNews<\/title>\n<meta name=\"robots\" content=\"index, follow, max-snippet:-1, max-image-preview:large, max-video-preview:-1\" \/>\n<link rel=\"canonical\" href=\"https:\/\/jbcnews.com.br\/index.php\/2021\/03\/09\/arthur-lira-questiona-decisao-de-fachin-e-afirma-lula-pode-ate-merecer-moro-jamais\/\" \/>\n<meta property=\"og:locale\" content=\"pt_BR\" \/>\n<meta property=\"og:type\" content=\"article\" \/>\n<meta property=\"og:title\" content=\"Arthur Lira questiona decis\u00e3o de Fachin e afirma: &#039;Lula pode at\u00e9 merecer. Moro, jamais&#039; - JBCNews\" \/>\n<meta property=\"og:description\" content=\"(JBCNEWS DF 09\/03) &#8211; Presidente da C\u00e2mara dos Deputados, Arthur Lira comentou a\u00a0decis\u00e3o do ministro do Supremo Tribunal Federal, Edson Fachin, de anular todas as condena\u00e7\u00f5es [\u2026]\" \/>\n<meta property=\"og:url\" content=\"https:\/\/jbcnews.com.br\/index.php\/2021\/03\/09\/arthur-lira-questiona-decisao-de-fachin-e-afirma-lula-pode-ate-merecer-moro-jamais\/\" \/>\n<meta property=\"og:site_name\" content=\"JBCNews\" \/>\n<meta property=\"article:published_time\" content=\"2021-03-09T17:17:22+00:00\" \/>\n<meta property=\"article:modified_time\" content=\"2021-05-07T16:35:02+00:00\" \/>\n<meta property=\"og:image\" content=\"https:\/\/jbcnews.com.br\/wp-content\/uploads\/2021\/03\/imagem-73.png\" \/>\n\t<meta property=\"og:image:width\" content=\"958\" \/>\n\t<meta property=\"og:image:height\" content=\"639\" \/>\n\t<meta property=\"og:image:type\" content=\"image\/png\" \/>\n<meta name=\"author\" content=\"admin\" \/>\n<meta name=\"twitter:card\" content=\"summary_large_image\" \/>\n<meta name=\"twitter:label1\" content=\"Escrito por\" \/>\n\t<meta name=\"twitter:data1\" content=\"admin\" \/>\n\t<meta name=\"twitter:label2\" content=\"Est. tempo de leitura\" \/>\n\t<meta name=\"twitter:data2\" content=\"1 minuto\" \/>\n<script type=\"application\/ld+json\" class=\"yoast-schema-graph\">{\"@context\":\"https:\/\/schema.org\",\"@graph\":[{\"@type\":\"WebPage\",\"@id\":\"https:\/\/jbcnews.com.br\/index.php\/2021\/03\/09\/arthur-lira-questiona-decisao-de-fachin-e-afirma-lula-pode-ate-merecer-moro-jamais\/\",\"url\":\"https:\/\/jbcnews.com.br\/index.php\/2021\/03\/09\/arthur-lira-questiona-decisao-de-fachin-e-afirma-lula-pode-ate-merecer-moro-jamais\/\",\"name\":\"Arthur Lira questiona decis\u00e3o de Fachin e afirma: 'Lula pode at\u00e9 merecer. Moro, jamais' - JBCNews\",\"isPartOf\":{\"@id\":\"https:\/\/jbcnews.com.br\/#website\"},\"primaryImageOfPage\":{\"@id\":\"https:\/\/jbcnews.com.br\/index.php\/2021\/03\/09\/arthur-lira-questiona-decisao-de-fachin-e-afirma-lula-pode-ate-merecer-moro-jamais\/#primaryimage\"},\"image\":{\"@id\":\"https:\/\/jbcnews.com.br\/index.php\/2021\/03\/09\/arthur-lira-questiona-decisao-de-fachin-e-afirma-lula-pode-ate-merecer-moro-jamais\/#primaryimage\"},\"thumbnailUrl\":\"https:\/\/jbcnews.com.br\/wp-content\/uploads\/2021\/03\/imagem-73.png\",\"datePublished\":\"2021-03-09T17:17:22+00:00\",\"dateModified\":\"2021-05-07T16:35:02+00:00\",\"author\":{\"@id\":\"https:\/\/jbcnews.com.br\/#\/schema\/person\/3b597ec20ccf92d0adc436057caf9bbe\"},\"breadcrumb\":{\"@id\":\"https:\/\/jbcnews.com.br\/index.php\/2021\/03\/09\/arthur-lira-questiona-decisao-de-fachin-e-afirma-lula-pode-ate-merecer-moro-jamais\/#breadcrumb\"},\"inLanguage\":\"pt-BR\",\"potentialAction\":[{\"@type\":\"ReadAction\",\"target\":[\"https:\/\/jbcnews.com.br\/index.php\/2021\/03\/09\/arthur-lira-questiona-decisao-de-fachin-e-afirma-lula-pode-ate-merecer-moro-jamais\/\"]}]},{\"@type\":\"ImageObject\",\"inLanguage\":\"pt-BR\",\"@id\":\"https:\/\/jbcnews.com.br\/index.php\/2021\/03\/09\/arthur-lira-questiona-decisao-de-fachin-e-afirma-lula-pode-ate-merecer-moro-jamais\/#primaryimage\",\"url\":\"https:\/\/jbcnews.com.br\/wp-content\/uploads\/2021\/03\/imagem-73.png\",\"contentUrl\":\"https:\/\/jbcnews.com.br\/wp-content\/uploads\/2021\/03\/imagem-73.png\",\"width\":958,\"height\":639},{\"@type\":\"BreadcrumbList\",\"@id\":\"https:\/\/jbcnews.com.br\/index.php\/2021\/03\/09\/arthur-lira-questiona-decisao-de-fachin-e-afirma-lula-pode-ate-merecer-moro-jamais\/#breadcrumb\",\"itemListElement\":[{\"@type\":\"ListItem\",\"position\":1,\"name\":\"In\u00edcio\",\"item\":\"https:\/\/jbcnews.com.br\/\"},{\"@type\":\"ListItem\",\"position\":2,\"name\":\"Arthur Lira questiona decis\u00e3o de Fachin e afirma: &#8216;Lula pode at\u00e9 merecer. Moro, jamais&#8217;\"}]},{\"@type\":\"WebSite\",\"@id\":\"https:\/\/jbcnews.com.br\/#website\",\"url\":\"https:\/\/jbcnews.com.br\/\",\"name\":\"JBCNews\",\"description\":\"Comunica\u00e7\u00e3o e Cultura\",\"potentialAction\":[{\"@type\":\"SearchAction\",\"target\":{\"@type\":\"EntryPoint\",\"urlTemplate\":\"https:\/\/jbcnews.com.br\/?s={search_term_string}\"},\"query-input\":\"required name=search_term_string\"}],\"inLanguage\":\"pt-BR\"},{\"@type\":\"Person\",\"@id\":\"https:\/\/jbcnews.com.br\/#\/schema\/person\/3b597ec20ccf92d0adc436057caf9bbe\",\"name\":\"admin\",\"image\":{\"@type\":\"ImageObject\",\"inLanguage\":\"pt-BR\",\"@id\":\"https:\/\/jbcnews.com.br\/#\/schema\/person\/image\/\",\"url\":\"https:\/\/secure.gravatar.com\/avatar\/fe848d2435b65c3ed1cdd3a8e8f3bb2d?s=96&d=mm&r=g\",\"contentUrl\":\"https:\/\/secure.gravatar.com\/avatar\/fe848d2435b65c3ed1cdd3a8e8f3bb2d?s=96&d=mm&r=g\",\"caption\":\"admin\"},\"sameAs\":[\"https:\/\/jbcnews.com.br\"],\"url\":\"https:\/\/jbcnews.com.br\/index.php\/author\/jbcnews\/\"}]}<\/script>\n<!-- \/ Yoast SEO plugin. -->","yoast_head_json":{"title":"Arthur Lira questiona decis\u00e3o de Fachin e afirma: 'Lula pode at\u00e9 merecer. Moro, jamais' - JBCNews","robots":{"index":"index","follow":"follow","max-snippet":"max-snippet:-1","max-image-preview":"max-image-preview:large","max-video-preview":"max-video-preview:-1"},"canonical":"https:\/\/jbcnews.com.br\/index.php\/2021\/03\/09\/arthur-lira-questiona-decisao-de-fachin-e-afirma-lula-pode-ate-merecer-moro-jamais\/","og_locale":"pt_BR","og_type":"article","og_title":"Arthur Lira questiona decis\u00e3o de Fachin e afirma: 'Lula pode at\u00e9 merecer. Moro, jamais' - JBCNews","og_description":"(JBCNEWS DF 09\/03) &#8211; Presidente da C\u00e2mara dos Deputados, Arthur Lira comentou a\u00a0decis\u00e3o do ministro do Supremo Tribunal Federal, Edson Fachin, de anular todas as condena\u00e7\u00f5es [\u2026]","og_url":"https:\/\/jbcnews.com.br\/index.php\/2021\/03\/09\/arthur-lira-questiona-decisao-de-fachin-e-afirma-lula-pode-ate-merecer-moro-jamais\/","og_site_name":"JBCNews","article_published_time":"2021-03-09T17:17:22+00:00","article_modified_time":"2021-05-07T16:35:02+00:00","og_image":[{"width":958,"height":639,"url":"https:\/\/jbcnews.com.br\/wp-content\/uploads\/2021\/03\/imagem-73.png","type":"image\/png"}],"author":"admin","twitter_card":"summary_large_image","twitter_misc":{"Escrito por":"admin","Est. tempo de leitura":"1 minuto"},"schema":{"@context":"https:\/\/schema.org","@graph":[{"@type":"WebPage","@id":"https:\/\/jbcnews.com.br\/index.php\/2021\/03\/09\/arthur-lira-questiona-decisao-de-fachin-e-afirma-lula-pode-ate-merecer-moro-jamais\/","url":"https:\/\/jbcnews.com.br\/index.php\/2021\/03\/09\/arthur-lira-questiona-decisao-de-fachin-e-afirma-lula-pode-ate-merecer-moro-jamais\/","name":"Arthur Lira questiona decis\u00e3o de Fachin e afirma: 'Lula pode at\u00e9 merecer. Moro, jamais' - JBCNews","isPartOf":{"@id":"https:\/\/jbcnews.com.br\/#website"},"primaryImageOfPage":{"@id":"https:\/\/jbcnews.com.br\/index.php\/2021\/03\/09\/arthur-lira-questiona-decisao-de-fachin-e-afirma-lula-pode-ate-merecer-moro-jamais\/#primaryimage"},"image":{"@id":"https:\/\/jbcnews.com.br\/index.php\/2021\/03\/09\/arthur-lira-questiona-decisao-de-fachin-e-afirma-lula-pode-ate-merecer-moro-jamais\/#primaryimage"},"thumbnailUrl":"https:\/\/jbcnews.com.br\/wp-content\/uploads\/2021\/03\/imagem-73.png","datePublished":"2021-03-09T17:17:22+00:00","dateModified":"2021-05-07T16:35:02+00:00","author":{"@id":"https:\/\/jbcnews.com.br\/#\/schema\/person\/3b597ec20ccf92d0adc436057caf9bbe"},"breadcrumb":{"@id":"https:\/\/jbcnews.com.br\/index.php\/2021\/03\/09\/arthur-lira-questiona-decisao-de-fachin-e-afirma-lula-pode-ate-merecer-moro-jamais\/#breadcrumb"},"inLanguage":"pt-BR","potentialAction":[{"@type":"ReadAction","target":["https:\/\/jbcnews.com.br\/index.php\/2021\/03\/09\/arthur-lira-questiona-decisao-de-fachin-e-afirma-lula-pode-ate-merecer-moro-jamais\/"]}]},{"@type":"ImageObject","inLanguage":"pt-BR","@id":"https:\/\/jbcnews.com.br\/index.php\/2021\/03\/09\/arthur-lira-questiona-decisao-de-fachin-e-afirma-lula-pode-ate-merecer-moro-jamais\/#primaryimage","url":"https:\/\/jbcnews.com.br\/wp-content\/uploads\/2021\/03\/imagem-73.png","contentUrl":"https:\/\/jbcnews.com.br\/wp-content\/uploads\/2021\/03\/imagem-73.png","width":958,"height":639},{"@type":"BreadcrumbList","@id":"https:\/\/jbcnews.com.br\/index.php\/2021\/03\/09\/arthur-lira-questiona-decisao-de-fachin-e-afirma-lula-pode-ate-merecer-moro-jamais\/#breadcrumb","itemListElement":[{"@type":"ListItem","position":1,"name":"In\u00edcio","item":"https:\/\/jbcnews.com.br\/"},{"@type":"ListItem","position":2,"name":"Arthur Lira questiona decis\u00e3o de Fachin e afirma: &#8216;Lula pode at\u00e9 merecer. Moro, jamais&#8217;"}]},{"@type":"WebSite","@id":"https:\/\/jbcnews.com.br\/#website","url":"https:\/\/jbcnews.com.br\/","name":"JBCNews","description":"Comunica\u00e7\u00e3o e Cultura","potentialAction":[{"@type":"SearchAction","target":{"@type":"EntryPoint","urlTemplate":"https:\/\/jbcnews.com.br\/?s={search_term_string}"},"query-input":"required name=search_term_string"}],"inLanguage":"pt-BR"},{"@type":"Person","@id":"https:\/\/jbcnews.com.br\/#\/schema\/person\/3b597ec20ccf92d0adc436057caf9bbe","name":"admin","image":{"@type":"ImageObject","inLanguage":"pt-BR","@id":"https:\/\/jbcnews.com.br\/#\/schema\/person\/image\/","url":"https:\/\/secure.gravatar.com\/avatar\/fe848d2435b65c3ed1cdd3a8e8f3bb2d?s=96&d=mm&r=g","contentUrl":"https:\/\/secure.gravatar.com\/avatar\/fe848d2435b65c3ed1cdd3a8e8f3bb2d?s=96&d=mm&r=g","caption":"admin"},"sameAs":["https:\/\/jbcnews.com.br"],"url":"https:\/\/jbcnews.com.br\/index.php\/author\/jbcnews\/"}]}},"_links":{"self":[{"href":"https:\/\/jbcnews.com.br\/index.php\/wp-json\/wp\/v2\/posts\/2733"}],"collection":[{"href":"https:\/\/jbcnews.com.br\/index.php\/wp-json\/wp\/v2\/posts"}],"about":[{"href":"https:\/\/jbcnews.com.br\/index.php\/wp-json\/wp\/v2\/types\/post"}],"author":[{"embeddable":true,"href":"https:\/\/jbcnews.com.br\/index.php\/wp-json\/wp\/v2\/users\/1"}],"replies":[{"embeddable":true,"href":"https:\/\/jbcnews.com.br\/index.php\/wp-json\/wp\/v2\/comments?post=2733"}],"version-history":[{"count":1,"href":"https:\/\/jbcnews.com.br\/index.php\/wp-json\/wp\/v2\/posts\/2733\/revisions"}],"predecessor-version":[{"id":2735,"href":"https:\/\/jbcnews.com.br\/index.php\/wp-json\/wp\/v2\/posts\/2733\/revisions\/2735"}],"wp:featuredmedia":[{"embeddable":true,"href":"https:\/\/jbcnews.com.br\/index.php\/wp-json\/wp\/v2\/media\/2734"}],"wp:attachment":[{"href":"https:\/\/jbcnews.com.br\/index.php\/wp-json\/wp\/v2\/media?parent=2733"}],"wp:term":[{"taxonomy":"category","embeddable":true,"href":"https:\/\/jbcnews.com.br\/index.php\/wp-json\/wp\/v2\/categories?post=2733"},{"taxonomy":"post_tag","embeddable":true,"href":"https:\/\/jbcnews.com.br\/index.php\/wp-json\/wp\/v2\/tags?post=2733"}],"curies":[{"name":"wp","href":"https:\/\/api.w.org\/{rel}","templated":true}]}}