{"id":2724,"date":"2021-03-08T16:52:39","date_gmt":"2021-03-08T16:52:39","guid":{"rendered":"https:\/\/jbcnews.com.br\/?p=2724"},"modified":"2021-03-09T17:19:22","modified_gmt":"2021-03-09T17:19:22","slug":"doria-registra-queixa-na-policia-de-sp-apos-receber-serie-de-ameacas-de-morte","status":"publish","type":"post","link":"https:\/\/jbcnews.com.br\/index.php\/2021\/03\/08\/doria-registra-queixa-na-policia-de-sp-apos-receber-serie-de-ameacas-de-morte\/","title":{"rendered":"Doria registra queixa na pol\u00edcia de SP ap\u00f3s receber s\u00e9rie de amea\u00e7as de morte"},"content":{"rendered":"\n<div id=\"fb-root\"><\/div>\n<script async=\"\" defer=\"\" crossorigin=\"anonymous\" src=\"https:\/\/connect.facebook.net\/pt_BR\/sdk.js#xfbml=1&amp;version=v8.0\" nonce=\"umdzmuzQ\">\n<\/script>\n\n\n<script>\n\nvar conteudo_fb = encodeURIComponent(document.title + \" \" + window.location.href); \nvar conteudo_tw = encodeURIComponent(document.title + \" \" + window.location.href); \n\ndocument.getElementById('btfb').dataHref=conteudo_fb; \ndocument.getElementById('btfb').href='https:\/\/www.facebook.com\/sharer\/sharer.php?u='+conteudo_fb+'&src=sdkpreparse'; \n\ndocument.getElementById('atw').dataText=conteudo_tw; \n\n\tfunction share_whatsapp() {\n\t\tvar conteudo_wp = encodeURIComponent(document.title + \" \" + window.location.href); \n\t\tvar linkwp = \"https:\/\/api.whatsapp.com\/send?text=\" + conteudo_wp; \n\t\twindow.open(linkwp); \n\t}\n\n<\/script>\n\n<div style=\"width: 500px; height: 40px; \">\n\t<div style=\"display: nonex; width: auto; vertical-align: top; \">\n\t\t<div id=\"btfb\" class=\"fb-share-button\" data-href=\"\" data-layout=\"button\" data-size=\"small\" style=\"float: left; \">\n\t\t\t<a id=\"abtfb\" target=\"_blank\" href=\"\" class=\"fb-xfbml-parse-ignore\" style=\" \" rel=\"noopener noreferrer\">Compartilhar<\/a>\n\t\t<\/div>\n\t\t<div style=\"float: left; height: 40px; margin-left: 10px; margin-top: 7px; \">\n\t\t\t<img decoding=\"async\" src=\"https:\/\/getsupbrazil.com.br\/brasilnordeste\/images\/share-whatsapp.png\" style=\"height: 18px; cursor: pointer;  \" onclick=\"share_whatsapp(); \">\n\t\t<\/div>\n\t\t<div style=\"float: left; height: 40px; margin-left: 10px; margin-top: 7px; \">\n\t\t\t<a href=\"https:\/\/twitter.com\/share?ref_src=twsrc%5Etfw\" class=\"twitter-share-button\" data-text=\"\" data-via=\"BrasilNordeste2\" data-lang=\"pt\" data-show-count=\"false\">Tweet<\/a><script async src=\"https:\/\/platform.twitter.com\/widgets.js\" charset=\"utf-8\"><\/script>\n\t\t<\/div>\n\t\t<div style=\"clear: both; \"><\/div>\n\t<\/div>\n\n\t<!-- <img decoding=\"async\" src=\"https:\/\/getsupbrazil.com.br\/brasilnordeste\/images\/share-facebook.png\" style=\"height: 18px; cursor: pointer; \" onclick=\"share_facebook(); \" > -->\n\n<\/div>\n<br>\n\n\n\n\n<p>(JBCNEWS &#8211; DF 08\/03) &#8211; O governador de S\u00e3o Paulo, Jo\u00e3o D\u00f3ria (PSDB), informou neste domingo (7) ter recebido uma s\u00e9rie de amea\u00e7as de morte e ter registrado, por meio de seus advogados, uma queixa formal na Pol\u00edcia Civil para que os respons\u00e1veis sejam investigados.<\/p>\n\n\n\n<p>Em nota, D\u00f3ria disse lamentar o epis\u00f3dio. &#8220;A t\u00e1tica de tentar intimidar a mim e aos meus familiares n\u00e3o vai fazer com que eu desanimei de continuar lutando, defendendo a ci\u00eancia, salvando e vidas e trabalhando pela vacina\u00e7\u00e3o de todos os brasileiros&#8221;, diz nota.<\/p>\n\n\n\n<p>Segundo a reportagem apurou, as amea\u00e7as foram feitas em liga\u00e7\u00e3o e mensagens enviadas para o celular particular do tucano, com n\u00fameros de telefones nacionais e internacionais. Uma das mensagens o interlocutor afirmava que daria um &#8220;tiro na cabe\u00e7a&#8221; do governador.<\/p>\n\n\n\n<p>Ao menos quatro n\u00fameros de telefones diferentes foram identificados.<\/p>\n\n\n\n<p>Segundo pessoas que tiveram acesso \u00e0s mensagens, as amea\u00e7as \u00e0 fam\u00edlia de Doria n\u00e3o se referiam a suposta festa realizada pelo filho dele -fato que o tucano nega. As amea\u00e7as envolveriam toda a fam\u00edlia dele, inclusive com a amea\u00e7as de sequestro.<\/p>\n\n\n\n<p>A assessoria do governador afirma ainda que o filho do governador nem sequer mora no local e n\u00e3o estava em S\u00e3o Paulo na data da grava\u00e7\u00e3o. Por determina\u00e7\u00e3o de D\u00f3ria, o estado de S\u00e3o Paulo est\u00e1 na fase vermelha, a mais restritiva de todas, desde s\u00e1bado (6).<\/p>\n\n\n\n<p>O tucano tamb\u00e9m registrou queixa na pol\u00edcia contra uma vizinha que fez um v\u00eddeo, em que afirmava ocorrer uma festa ali com o filho do tucano.<\/p>\n\n\n\n<p>Neste domingo, uma pequena manifesta\u00e7\u00e3o ocorreu na porta da casa de D\u00f3ria. O evento foi organizado pela internet, mas reuniu poucas pessoas. Segundo a pol\u00edcia, o ato foi pac\u00edfico e n\u00e3o teve nenhuma necessidade de interven\u00e7\u00e3o.<\/p>\n\n\n\n<p>Sobre a manifesta\u00e7\u00e3o, o governo paulista emitiu nota lamentando que os negacionistas fazem uma aglomera\u00e7\u00e3o em momento &#8220;em que hospitais de S\u00e3o Paulo t\u00eam 100% de ocupa\u00e7\u00e3o e o estado ultrapassa 8.000 pessoas entre a vida e a morte em leitos de UTI&#8221;.<\/p>\n\n\n\n<p>&#8220;\u00c9 mais um ato pol\u00edtico promovido pelo gabinete do \u00f3dio, ligado ao presidente Jair Bolsonaro, em que os seus seguidores demonstram ter desprezo pela vida e adora\u00e7\u00e3o pela morte. O governador Jo\u00e3o Doria e sua fam\u00edlia s\u00e3o v\u00edtimas da viol\u00eancia desta ideologia homicida promovida por man\u00edacos, que faz o Brasil ser fonte de preocupa\u00e7\u00e3o em todo mundo pela cat\u00e1strofe humanit\u00e1ria que acontece neste momento no pa\u00eds. O governador Jo\u00e3o Doria n\u00e3o tem medo, n\u00e3o se intimida e vai continuar a proteger a popula\u00e7\u00e3o contra a a\u00e7\u00e3o de fan\u00e1ticos adoradores da morte&#8221;, finaliza a nota.<\/p>\n","protected":false},"excerpt":{"rendered":"<p>Compartilhar Tweet (JBCNEWS &#8211; DF 08\/03) &#8211; O governador de S\u00e3o Paulo, Jo\u00e3o D\u00f3ria (PSDB), informou neste domingo (7) ter recebido uma s\u00e9rie de amea\u00e7as de<span class=\"excerpt-hellip\"> [\u2026]<\/span><\/p>\n","protected":false},"author":1,"featured_media":2725,"comment_status":"open","ping_status":"open","sticky":false,"template":"","format":"standard","meta":{"footnotes":""},"categories":[20],"tags":[],"yoast_head":"<!-- This site is optimized with the Yoast SEO plugin v22.6 - https:\/\/yoast.com\/wordpress\/plugins\/seo\/ -->\n<title>Doria registra queixa na pol\u00edcia de SP ap\u00f3s receber s\u00e9rie de amea\u00e7as de morte - JBCNews<\/title>\n<meta name=\"robots\" content=\"index, follow, max-snippet:-1, max-image-preview:large, max-video-preview:-1\" \/>\n<link rel=\"canonical\" href=\"https:\/\/jbcnews.com.br\/index.php\/2021\/03\/08\/doria-registra-queixa-na-policia-de-sp-apos-receber-serie-de-ameacas-de-morte\/\" \/>\n<meta property=\"og:locale\" content=\"pt_BR\" \/>\n<meta property=\"og:type\" content=\"article\" \/>\n<meta property=\"og:title\" content=\"Doria registra queixa na pol\u00edcia de SP ap\u00f3s receber s\u00e9rie de amea\u00e7as de morte - JBCNews\" \/>\n<meta property=\"og:description\" content=\"Compartilhar Tweet (JBCNEWS &#8211; DF 08\/03) &#8211; O governador de S\u00e3o Paulo, Jo\u00e3o D\u00f3ria (PSDB), informou neste domingo (7) ter recebido uma s\u00e9rie de amea\u00e7as de [\u2026]\" \/>\n<meta property=\"og:url\" content=\"https:\/\/jbcnews.com.br\/index.php\/2021\/03\/08\/doria-registra-queixa-na-policia-de-sp-apos-receber-serie-de-ameacas-de-morte\/\" \/>\n<meta property=\"og:site_name\" content=\"JBCNews\" \/>\n<meta property=\"article:published_time\" content=\"2021-03-08T16:52:39+00:00\" \/>\n<meta property=\"article:modified_time\" content=\"2021-03-09T17:19:22+00:00\" \/>\n<meta property=\"og:image\" content=\"https:\/\/jbcnews.com.br\/wp-content\/uploads\/2021\/03\/imagem-50.png\" \/>\n\t<meta property=\"og:image:width\" content=\"960\" \/>\n\t<meta property=\"og:image:height\" content=\"640\" \/>\n\t<meta property=\"og:image:type\" content=\"image\/png\" \/>\n<meta name=\"author\" content=\"admin\" \/>\n<meta name=\"twitter:card\" content=\"summary_large_image\" \/>\n<meta name=\"twitter:label1\" content=\"Escrito por\" \/>\n\t<meta name=\"twitter:data1\" content=\"admin\" \/>\n\t<meta name=\"twitter:label2\" content=\"Est. tempo de leitura\" \/>\n\t<meta name=\"twitter:data2\" content=\"2 minutos\" \/>\n<script type=\"application\/ld+json\" class=\"yoast-schema-graph\">{\"@context\":\"https:\/\/schema.org\",\"@graph\":[{\"@type\":\"WebPage\",\"@id\":\"https:\/\/jbcnews.com.br\/index.php\/2021\/03\/08\/doria-registra-queixa-na-policia-de-sp-apos-receber-serie-de-ameacas-de-morte\/\",\"url\":\"https:\/\/jbcnews.com.br\/index.php\/2021\/03\/08\/doria-registra-queixa-na-policia-de-sp-apos-receber-serie-de-ameacas-de-morte\/\",\"name\":\"Doria registra queixa na pol\u00edcia de SP ap\u00f3s receber s\u00e9rie de amea\u00e7as de morte - JBCNews\",\"isPartOf\":{\"@id\":\"https:\/\/jbcnews.com.br\/#website\"},\"primaryImageOfPage\":{\"@id\":\"https:\/\/jbcnews.com.br\/index.php\/2021\/03\/08\/doria-registra-queixa-na-policia-de-sp-apos-receber-serie-de-ameacas-de-morte\/#primaryimage\"},\"image\":{\"@id\":\"https:\/\/jbcnews.com.br\/index.php\/2021\/03\/08\/doria-registra-queixa-na-policia-de-sp-apos-receber-serie-de-ameacas-de-morte\/#primaryimage\"},\"thumbnailUrl\":\"https:\/\/jbcnews.com.br\/wp-content\/uploads\/2021\/03\/imagem-50.png\",\"datePublished\":\"2021-03-08T16:52:39+00:00\",\"dateModified\":\"2021-03-09T17:19:22+00:00\",\"author\":{\"@id\":\"https:\/\/jbcnews.com.br\/#\/schema\/person\/3b597ec20ccf92d0adc436057caf9bbe\"},\"breadcrumb\":{\"@id\":\"https:\/\/jbcnews.com.br\/index.php\/2021\/03\/08\/doria-registra-queixa-na-policia-de-sp-apos-receber-serie-de-ameacas-de-morte\/#breadcrumb\"},\"inLanguage\":\"pt-BR\",\"potentialAction\":[{\"@type\":\"ReadAction\",\"target\":[\"https:\/\/jbcnews.com.br\/index.php\/2021\/03\/08\/doria-registra-queixa-na-policia-de-sp-apos-receber-serie-de-ameacas-de-morte\/\"]}]},{\"@type\":\"ImageObject\",\"inLanguage\":\"pt-BR\",\"@id\":\"https:\/\/jbcnews.com.br\/index.php\/2021\/03\/08\/doria-registra-queixa-na-policia-de-sp-apos-receber-serie-de-ameacas-de-morte\/#primaryimage\",\"url\":\"https:\/\/jbcnews.com.br\/wp-content\/uploads\/2021\/03\/imagem-50.png\",\"contentUrl\":\"https:\/\/jbcnews.com.br\/wp-content\/uploads\/2021\/03\/imagem-50.png\",\"width\":960,\"height\":640},{\"@type\":\"BreadcrumbList\",\"@id\":\"https:\/\/jbcnews.com.br\/index.php\/2021\/03\/08\/doria-registra-queixa-na-policia-de-sp-apos-receber-serie-de-ameacas-de-morte\/#breadcrumb\",\"itemListElement\":[{\"@type\":\"ListItem\",\"position\":1,\"name\":\"In\u00edcio\",\"item\":\"https:\/\/jbcnews.com.br\/\"},{\"@type\":\"ListItem\",\"position\":2,\"name\":\"Doria registra queixa na pol\u00edcia de SP ap\u00f3s receber s\u00e9rie de amea\u00e7as de morte\"}]},{\"@type\":\"WebSite\",\"@id\":\"https:\/\/jbcnews.com.br\/#website\",\"url\":\"https:\/\/jbcnews.com.br\/\",\"name\":\"JBCNews\",\"description\":\"Comunica\u00e7\u00e3o e Cultura\",\"potentialAction\":[{\"@type\":\"SearchAction\",\"target\":{\"@type\":\"EntryPoint\",\"urlTemplate\":\"https:\/\/jbcnews.com.br\/?s={search_term_string}\"},\"query-input\":\"required name=search_term_string\"}],\"inLanguage\":\"pt-BR\"},{\"@type\":\"Person\",\"@id\":\"https:\/\/jbcnews.com.br\/#\/schema\/person\/3b597ec20ccf92d0adc436057caf9bbe\",\"name\":\"admin\",\"image\":{\"@type\":\"ImageObject\",\"inLanguage\":\"pt-BR\",\"@id\":\"https:\/\/jbcnews.com.br\/#\/schema\/person\/image\/\",\"url\":\"https:\/\/secure.gravatar.com\/avatar\/fe848d2435b65c3ed1cdd3a8e8f3bb2d?s=96&d=mm&r=g\",\"contentUrl\":\"https:\/\/secure.gravatar.com\/avatar\/fe848d2435b65c3ed1cdd3a8e8f3bb2d?s=96&d=mm&r=g\",\"caption\":\"admin\"},\"sameAs\":[\"https:\/\/jbcnews.com.br\"],\"url\":\"https:\/\/jbcnews.com.br\/index.php\/author\/jbcnews\/\"}]}<\/script>\n<!-- \/ Yoast SEO plugin. -->","yoast_head_json":{"title":"Doria registra queixa na pol\u00edcia de SP ap\u00f3s receber s\u00e9rie de amea\u00e7as de morte - JBCNews","robots":{"index":"index","follow":"follow","max-snippet":"max-snippet:-1","max-image-preview":"max-image-preview:large","max-video-preview":"max-video-preview:-1"},"canonical":"https:\/\/jbcnews.com.br\/index.php\/2021\/03\/08\/doria-registra-queixa-na-policia-de-sp-apos-receber-serie-de-ameacas-de-morte\/","og_locale":"pt_BR","og_type":"article","og_title":"Doria registra queixa na pol\u00edcia de SP ap\u00f3s receber s\u00e9rie de amea\u00e7as de morte - JBCNews","og_description":"Compartilhar Tweet (JBCNEWS &#8211; DF 08\/03) &#8211; O governador de S\u00e3o Paulo, Jo\u00e3o D\u00f3ria (PSDB), informou neste domingo (7) ter recebido uma s\u00e9rie de amea\u00e7as de [\u2026]","og_url":"https:\/\/jbcnews.com.br\/index.php\/2021\/03\/08\/doria-registra-queixa-na-policia-de-sp-apos-receber-serie-de-ameacas-de-morte\/","og_site_name":"JBCNews","article_published_time":"2021-03-08T16:52:39+00:00","article_modified_time":"2021-03-09T17:19:22+00:00","og_image":[{"width":960,"height":640,"url":"https:\/\/jbcnews.com.br\/wp-content\/uploads\/2021\/03\/imagem-50.png","type":"image\/png"}],"author":"admin","twitter_card":"summary_large_image","twitter_misc":{"Escrito por":"admin","Est. tempo de leitura":"2 minutos"},"schema":{"@context":"https:\/\/schema.org","@graph":[{"@type":"WebPage","@id":"https:\/\/jbcnews.com.br\/index.php\/2021\/03\/08\/doria-registra-queixa-na-policia-de-sp-apos-receber-serie-de-ameacas-de-morte\/","url":"https:\/\/jbcnews.com.br\/index.php\/2021\/03\/08\/doria-registra-queixa-na-policia-de-sp-apos-receber-serie-de-ameacas-de-morte\/","name":"Doria registra queixa na pol\u00edcia de SP ap\u00f3s receber s\u00e9rie de amea\u00e7as de morte - JBCNews","isPartOf":{"@id":"https:\/\/jbcnews.com.br\/#website"},"primaryImageOfPage":{"@id":"https:\/\/jbcnews.com.br\/index.php\/2021\/03\/08\/doria-registra-queixa-na-policia-de-sp-apos-receber-serie-de-ameacas-de-morte\/#primaryimage"},"image":{"@id":"https:\/\/jbcnews.com.br\/index.php\/2021\/03\/08\/doria-registra-queixa-na-policia-de-sp-apos-receber-serie-de-ameacas-de-morte\/#primaryimage"},"thumbnailUrl":"https:\/\/jbcnews.com.br\/wp-content\/uploads\/2021\/03\/imagem-50.png","datePublished":"2021-03-08T16:52:39+00:00","dateModified":"2021-03-09T17:19:22+00:00","author":{"@id":"https:\/\/jbcnews.com.br\/#\/schema\/person\/3b597ec20ccf92d0adc436057caf9bbe"},"breadcrumb":{"@id":"https:\/\/jbcnews.com.br\/index.php\/2021\/03\/08\/doria-registra-queixa-na-policia-de-sp-apos-receber-serie-de-ameacas-de-morte\/#breadcrumb"},"inLanguage":"pt-BR","potentialAction":[{"@type":"ReadAction","target":["https:\/\/jbcnews.com.br\/index.php\/2021\/03\/08\/doria-registra-queixa-na-policia-de-sp-apos-receber-serie-de-ameacas-de-morte\/"]}]},{"@type":"ImageObject","inLanguage":"pt-BR","@id":"https:\/\/jbcnews.com.br\/index.php\/2021\/03\/08\/doria-registra-queixa-na-policia-de-sp-apos-receber-serie-de-ameacas-de-morte\/#primaryimage","url":"https:\/\/jbcnews.com.br\/wp-content\/uploads\/2021\/03\/imagem-50.png","contentUrl":"https:\/\/jbcnews.com.br\/wp-content\/uploads\/2021\/03\/imagem-50.png","width":960,"height":640},{"@type":"BreadcrumbList","@id":"https:\/\/jbcnews.com.br\/index.php\/2021\/03\/08\/doria-registra-queixa-na-policia-de-sp-apos-receber-serie-de-ameacas-de-morte\/#breadcrumb","itemListElement":[{"@type":"ListItem","position":1,"name":"In\u00edcio","item":"https:\/\/jbcnews.com.br\/"},{"@type":"ListItem","position":2,"name":"Doria registra queixa na pol\u00edcia de SP ap\u00f3s receber s\u00e9rie de amea\u00e7as de morte"}]},{"@type":"WebSite","@id":"https:\/\/jbcnews.com.br\/#website","url":"https:\/\/jbcnews.com.br\/","name":"JBCNews","description":"Comunica\u00e7\u00e3o e Cultura","potentialAction":[{"@type":"SearchAction","target":{"@type":"EntryPoint","urlTemplate":"https:\/\/jbcnews.com.br\/?s={search_term_string}"},"query-input":"required name=search_term_string"}],"inLanguage":"pt-BR"},{"@type":"Person","@id":"https:\/\/jbcnews.com.br\/#\/schema\/person\/3b597ec20ccf92d0adc436057caf9bbe","name":"admin","image":{"@type":"ImageObject","inLanguage":"pt-BR","@id":"https:\/\/jbcnews.com.br\/#\/schema\/person\/image\/","url":"https:\/\/secure.gravatar.com\/avatar\/fe848d2435b65c3ed1cdd3a8e8f3bb2d?s=96&d=mm&r=g","contentUrl":"https:\/\/secure.gravatar.com\/avatar\/fe848d2435b65c3ed1cdd3a8e8f3bb2d?s=96&d=mm&r=g","caption":"admin"},"sameAs":["https:\/\/jbcnews.com.br"],"url":"https:\/\/jbcnews.com.br\/index.php\/author\/jbcnews\/"}]}},"_links":{"self":[{"href":"https:\/\/jbcnews.com.br\/index.php\/wp-json\/wp\/v2\/posts\/2724"}],"collection":[{"href":"https:\/\/jbcnews.com.br\/index.php\/wp-json\/wp\/v2\/posts"}],"about":[{"href":"https:\/\/jbcnews.com.br\/index.php\/wp-json\/wp\/v2\/types\/post"}],"author":[{"embeddable":true,"href":"https:\/\/jbcnews.com.br\/index.php\/wp-json\/wp\/v2\/users\/1"}],"replies":[{"embeddable":true,"href":"https:\/\/jbcnews.com.br\/index.php\/wp-json\/wp\/v2\/comments?post=2724"}],"version-history":[{"count":1,"href":"https:\/\/jbcnews.com.br\/index.php\/wp-json\/wp\/v2\/posts\/2724\/revisions"}],"predecessor-version":[{"id":2726,"href":"https:\/\/jbcnews.com.br\/index.php\/wp-json\/wp\/v2\/posts\/2724\/revisions\/2726"}],"wp:featuredmedia":[{"embeddable":true,"href":"https:\/\/jbcnews.com.br\/index.php\/wp-json\/wp\/v2\/media\/2725"}],"wp:attachment":[{"href":"https:\/\/jbcnews.com.br\/index.php\/wp-json\/wp\/v2\/media?parent=2724"}],"wp:term":[{"taxonomy":"category","embeddable":true,"href":"https:\/\/jbcnews.com.br\/index.php\/wp-json\/wp\/v2\/categories?post=2724"},{"taxonomy":"post_tag","embeddable":true,"href":"https:\/\/jbcnews.com.br\/index.php\/wp-json\/wp\/v2\/tags?post=2724"}],"curies":[{"name":"wp","href":"https:\/\/api.w.org\/{rel}","templated":true}]}}