{"id":2721,"date":"2021-03-08T16:50:01","date_gmt":"2021-03-08T16:50:01","guid":{"rendered":"https:\/\/jbcnews.com.br\/?p=2721"},"modified":"2021-05-07T16:35:09","modified_gmt":"2021-05-07T16:35:09","slug":"luiza-helena-trajano-conseguiu-para-tentar-vacinar-o-pais-todo-ate-setembro","status":"publish","type":"post","link":"https:\/\/jbcnews.com.br\/index.php\/2021\/03\/08\/luiza-helena-trajano-conseguiu-para-tentar-vacinar-o-pais-todo-ate-setembro\/","title":{"rendered":"Luiza Helena Trajano conseguiu para tentar vacinar o pa\u00eds todo at\u00e9 setembro."},"content":{"rendered":"\n<div id=\"fb-root\"><\/div>\n<script async=\"\" defer=\"\" crossorigin=\"anonymous\" src=\"https:\/\/connect.facebook.net\/pt_BR\/sdk.js#xfbml=1&amp;version=v8.0\" nonce=\"umdzmuzQ\">\n<\/script>\n\n\n<script>\n\nvar conteudo_fb = encodeURIComponent(document.title + \" \" + window.location.href); \nvar conteudo_tw = encodeURIComponent(document.title + \" \" + window.location.href); \n\ndocument.getElementById('btfb').dataHref=conteudo_fb; \ndocument.getElementById('btfb').href='https:\/\/www.facebook.com\/sharer\/sharer.php?u='+conteudo_fb+'&src=sdkpreparse'; \n\ndocument.getElementById('atw').dataText=conteudo_tw; \n\n\tfunction share_whatsapp() {\n\t\tvar conteudo_wp = encodeURIComponent(document.title + \" \" + window.location.href); \n\t\tvar linkwp = \"https:\/\/api.whatsapp.com\/send?text=\" + conteudo_wp; \n\t\twindow.open(linkwp); \n\t}\n\n<\/script>\n\n<div style=\"width: 500px; height: 40px; \">\n\t<div style=\"display: nonex; width: auto; vertical-align: top; \">\n\t\t<div id=\"btfb\" class=\"fb-share-button\" data-href=\"\" data-layout=\"button\" data-size=\"small\" style=\"float: left; \">\n\t\t\t<a id=\"abtfb\" target=\"_blank\" href=\"\" class=\"fb-xfbml-parse-ignore\" style=\" \" rel=\"noopener noreferrer\">Compartilhar<\/a>\n\t\t<\/div>\n\t\t<div style=\"float: left; height: 40px; margin-left: 10px; margin-top: 7px; \">\n\t\t\t<img decoding=\"async\" src=\"https:\/\/getsupbrazil.com.br\/brasilnordeste\/images\/share-whatsapp.png\" style=\"height: 18px; cursor: pointer;  \" onclick=\"share_whatsapp(); \">\n\t\t<\/div>\n\t\t<div style=\"float: left; height: 40px; margin-left: 10px; margin-top: 7px; \">\n\t\t\t<a href=\"https:\/\/twitter.com\/share?ref_src=twsrc%5Etfw\" class=\"twitter-share-button\" data-text=\"\" data-via=\"BrasilNordeste2\" data-lang=\"pt\" data-show-count=\"false\">Tweet<\/a><script async src=\"https:\/\/platform.twitter.com\/widgets.js\" charset=\"utf-8\"><\/script>\n\t\t<\/div>\n\t\t<div style=\"clear: both; \"><\/div>\n\t<\/div>\n\n\t<!-- <img decoding=\"async\" src=\"https:\/\/getsupbrazil.com.br\/brasilnordeste\/images\/share-facebook.png\" style=\"height: 18px; cursor: pointer; \" onclick=\"share_facebook(); \" > -->\n\n<\/div>\n<br>\n\n\n\n\n<p>(JBCNEWS &#8211; DF 08\/03) &#8211; Reconhecida pela intensidade com que executa suas tarefas e projetos, Luiza Helena Trajano, maior acionista e presidente do conselho da Magalu, entendeu logo que a vacina\u00e7\u00e3o \u00e9 a \u00fanica solu\u00e7\u00e3o para dar in\u00edcio a um processo de recupera\u00e7\u00e3o da economia no Brasil. &#8220;Temos que trabalhar muito forte para isso&#8221;, disse, numa reuni\u00e3o virtual com dezenas de empres\u00e1rios, no dia 1\u00ba de fevereiro.<\/p>\n\n\n\n<p>O convite aos l\u00edderes de 73 empresas do Instituto de Desenvolvimento do Varejo (que re\u00fane gigantes como Avon, Botic\u00e1rio, Renner e seu Magalu) foi feito \u2014 e foi prontamente aceito. O mesmo aconteceu no grupo Mulheres do Brasil, que re\u00fane 75 mil mulheres sob a batuta de Luiza. Com a alian\u00e7a selada, ela decidiu entrar em contato com o governo federal.<\/p>\n\n\n\n<p>O passo seguinte foi marcar uma reuni\u00e3o com o ministro da Casa Civil, Walter Braga Netto, e presidentes de grandes empresas brasileiras, como Paulo Kakinoff, da Gol, e Walter Schalka, da Suzano. &#8220;Nossa ideia era somar. Fomos oferecer ajuda&#8221;, ressalta a empres\u00e1ria \u00e0 ELA, em uma conversa por chamada de v\u00eddeo, no fim de fevereiro. Nascia assim o Unidos Pela Vacina, movimento que se prop\u00f5e a ajudar a vacinar o Brasil todo at\u00e9 setembro.<\/p>\n\n\n\n<p>Um m\u00eas depois do primeiro encontro, o Unidos Pela Vacina j\u00e1 contava com os avi\u00f5es para o transporte das vacinas, frigor\u00edficos para armazen\u00e1-las, caminh\u00f5es refrigerados e laborat\u00f3rios farmac\u00eauticos interessados em produzi-las. &#8220;Uma ind\u00fastria que tem cem f\u00e1bricas no pa\u00eds oferece seus funcion\u00e1rios da sa\u00fade e os p\u00e1tios para vacinar&#8221;, conta S\u00f4nia Hess, amiga de Luiza Helena, vice-presidente do Mulheres do Brasil e uma das envolvidas no movimento, que inclui tamb\u00e9m apoio aos governos estaduais e a prefeituras. &#8220;O prefeito de Serrana (munic\u00edpio onde o governo paulista tem o projeto piloto de imunizar toda a popula\u00e7\u00e3o) me ligou pedindo ar-condicionado para vacinar as pessoas nas escolas&#8221;, relata Luiza. Tr\u00eas dias depois, 12 aparelhos foram enviados para a cidade.<\/p>\n\n\n\n<p>Tamb\u00e9m h\u00e1 esfor\u00e7os dirigidos \u00e0 falta de doses. &#8220;No fim de fevereiro, uma equipe especializada em com\u00e9rcio internacional foi a Bras\u00edlia para dar consultoria \u00e0s autoridades respons\u00e1veis&#8221;, diz Marcelo Silva, presidente do Instituto de Desenvolvimento do Varejo, que faz o contato com o governo federal. Al\u00e9m disso, o grupo est\u00e1 mapeando a estrutura dos 5.568 munic\u00edpios brasileiros. &#8220;Cada prefeito est\u00e1 respondendo se tem a geladeira necess\u00e1ria, as seringas&#8221;, conta Luiza Helena. &#8220;Teremos o mapeamento completo.&#8221;<\/p>\n","protected":false},"excerpt":{"rendered":"<p>Compartilhar Tweet (JBCNEWS &#8211; DF 08\/03) &#8211; Reconhecida pela intensidade com que executa suas tarefas e projetos, Luiza Helena Trajano, maior acionista e presidente do conselho<span class=\"excerpt-hellip\"> [\u2026]<\/span><\/p>\n","protected":false},"author":1,"featured_media":2722,"comment_status":"open","ping_status":"open","sticky":false,"template":"","format":"standard","meta":{"footnotes":""},"categories":[20],"tags":[],"yoast_head":"<!-- This site is optimized with the Yoast SEO plugin v22.6 - https:\/\/yoast.com\/wordpress\/plugins\/seo\/ -->\n<title>Luiza Helena Trajano conseguiu para tentar vacinar o pa\u00eds todo at\u00e9 setembro. - JBCNews<\/title>\n<meta name=\"robots\" content=\"index, follow, max-snippet:-1, max-image-preview:large, max-video-preview:-1\" \/>\n<link rel=\"canonical\" href=\"https:\/\/jbcnews.com.br\/index.php\/2021\/03\/08\/luiza-helena-trajano-conseguiu-para-tentar-vacinar-o-pais-todo-ate-setembro\/\" \/>\n<meta property=\"og:locale\" content=\"pt_BR\" \/>\n<meta property=\"og:type\" content=\"article\" \/>\n<meta property=\"og:title\" content=\"Luiza Helena Trajano conseguiu para tentar vacinar o pa\u00eds todo at\u00e9 setembro. - JBCNews\" \/>\n<meta property=\"og:description\" content=\"Compartilhar Tweet (JBCNEWS &#8211; DF 08\/03) &#8211; Reconhecida pela intensidade com que executa suas tarefas e projetos, Luiza Helena Trajano, maior acionista e presidente do conselho [\u2026]\" \/>\n<meta property=\"og:url\" content=\"https:\/\/jbcnews.com.br\/index.php\/2021\/03\/08\/luiza-helena-trajano-conseguiu-para-tentar-vacinar-o-pais-todo-ate-setembro\/\" \/>\n<meta property=\"og:site_name\" content=\"JBCNews\" \/>\n<meta property=\"article:published_time\" content=\"2021-03-08T16:50:01+00:00\" \/>\n<meta property=\"article:modified_time\" content=\"2021-05-07T16:35:09+00:00\" \/>\n<meta property=\"og:image\" content=\"https:\/\/jbcnews.com.br\/wp-content\/uploads\/2021\/03\/imagem-49.png\" \/>\n\t<meta property=\"og:image:width\" content=\"959\" \/>\n\t<meta property=\"og:image:height\" content=\"417\" \/>\n\t<meta property=\"og:image:type\" content=\"image\/png\" \/>\n<meta name=\"author\" content=\"admin\" \/>\n<meta name=\"twitter:card\" content=\"summary_large_image\" \/>\n<meta name=\"twitter:label1\" content=\"Escrito por\" \/>\n\t<meta name=\"twitter:data1\" content=\"admin\" \/>\n\t<meta name=\"twitter:label2\" content=\"Est. tempo de leitura\" \/>\n\t<meta name=\"twitter:data2\" content=\"2 minutos\" \/>\n<script type=\"application\/ld+json\" class=\"yoast-schema-graph\">{\"@context\":\"https:\/\/schema.org\",\"@graph\":[{\"@type\":\"WebPage\",\"@id\":\"https:\/\/jbcnews.com.br\/index.php\/2021\/03\/08\/luiza-helena-trajano-conseguiu-para-tentar-vacinar-o-pais-todo-ate-setembro\/\",\"url\":\"https:\/\/jbcnews.com.br\/index.php\/2021\/03\/08\/luiza-helena-trajano-conseguiu-para-tentar-vacinar-o-pais-todo-ate-setembro\/\",\"name\":\"Luiza Helena Trajano conseguiu para tentar vacinar o pa\u00eds todo at\u00e9 setembro. - JBCNews\",\"isPartOf\":{\"@id\":\"https:\/\/jbcnews.com.br\/#website\"},\"primaryImageOfPage\":{\"@id\":\"https:\/\/jbcnews.com.br\/index.php\/2021\/03\/08\/luiza-helena-trajano-conseguiu-para-tentar-vacinar-o-pais-todo-ate-setembro\/#primaryimage\"},\"image\":{\"@id\":\"https:\/\/jbcnews.com.br\/index.php\/2021\/03\/08\/luiza-helena-trajano-conseguiu-para-tentar-vacinar-o-pais-todo-ate-setembro\/#primaryimage\"},\"thumbnailUrl\":\"https:\/\/jbcnews.com.br\/wp-content\/uploads\/2021\/03\/imagem-49.png\",\"datePublished\":\"2021-03-08T16:50:01+00:00\",\"dateModified\":\"2021-05-07T16:35:09+00:00\",\"author\":{\"@id\":\"https:\/\/jbcnews.com.br\/#\/schema\/person\/3b597ec20ccf92d0adc436057caf9bbe\"},\"breadcrumb\":{\"@id\":\"https:\/\/jbcnews.com.br\/index.php\/2021\/03\/08\/luiza-helena-trajano-conseguiu-para-tentar-vacinar-o-pais-todo-ate-setembro\/#breadcrumb\"},\"inLanguage\":\"pt-BR\",\"potentialAction\":[{\"@type\":\"ReadAction\",\"target\":[\"https:\/\/jbcnews.com.br\/index.php\/2021\/03\/08\/luiza-helena-trajano-conseguiu-para-tentar-vacinar-o-pais-todo-ate-setembro\/\"]}]},{\"@type\":\"ImageObject\",\"inLanguage\":\"pt-BR\",\"@id\":\"https:\/\/jbcnews.com.br\/index.php\/2021\/03\/08\/luiza-helena-trajano-conseguiu-para-tentar-vacinar-o-pais-todo-ate-setembro\/#primaryimage\",\"url\":\"https:\/\/jbcnews.com.br\/wp-content\/uploads\/2021\/03\/imagem-49.png\",\"contentUrl\":\"https:\/\/jbcnews.com.br\/wp-content\/uploads\/2021\/03\/imagem-49.png\",\"width\":959,\"height\":417},{\"@type\":\"BreadcrumbList\",\"@id\":\"https:\/\/jbcnews.com.br\/index.php\/2021\/03\/08\/luiza-helena-trajano-conseguiu-para-tentar-vacinar-o-pais-todo-ate-setembro\/#breadcrumb\",\"itemListElement\":[{\"@type\":\"ListItem\",\"position\":1,\"name\":\"In\u00edcio\",\"item\":\"https:\/\/jbcnews.com.br\/\"},{\"@type\":\"ListItem\",\"position\":2,\"name\":\"Luiza Helena Trajano conseguiu para tentar vacinar o pa\u00eds todo at\u00e9 setembro.\"}]},{\"@type\":\"WebSite\",\"@id\":\"https:\/\/jbcnews.com.br\/#website\",\"url\":\"https:\/\/jbcnews.com.br\/\",\"name\":\"JBCNews\",\"description\":\"Comunica\u00e7\u00e3o e Cultura\",\"potentialAction\":[{\"@type\":\"SearchAction\",\"target\":{\"@type\":\"EntryPoint\",\"urlTemplate\":\"https:\/\/jbcnews.com.br\/?s={search_term_string}\"},\"query-input\":\"required name=search_term_string\"}],\"inLanguage\":\"pt-BR\"},{\"@type\":\"Person\",\"@id\":\"https:\/\/jbcnews.com.br\/#\/schema\/person\/3b597ec20ccf92d0adc436057caf9bbe\",\"name\":\"admin\",\"image\":{\"@type\":\"ImageObject\",\"inLanguage\":\"pt-BR\",\"@id\":\"https:\/\/jbcnews.com.br\/#\/schema\/person\/image\/\",\"url\":\"https:\/\/secure.gravatar.com\/avatar\/fe848d2435b65c3ed1cdd3a8e8f3bb2d?s=96&d=mm&r=g\",\"contentUrl\":\"https:\/\/secure.gravatar.com\/avatar\/fe848d2435b65c3ed1cdd3a8e8f3bb2d?s=96&d=mm&r=g\",\"caption\":\"admin\"},\"sameAs\":[\"https:\/\/jbcnews.com.br\"],\"url\":\"https:\/\/jbcnews.com.br\/index.php\/author\/jbcnews\/\"}]}<\/script>\n<!-- \/ Yoast SEO plugin. -->","yoast_head_json":{"title":"Luiza Helena Trajano conseguiu para tentar vacinar o pa\u00eds todo at\u00e9 setembro. - JBCNews","robots":{"index":"index","follow":"follow","max-snippet":"max-snippet:-1","max-image-preview":"max-image-preview:large","max-video-preview":"max-video-preview:-1"},"canonical":"https:\/\/jbcnews.com.br\/index.php\/2021\/03\/08\/luiza-helena-trajano-conseguiu-para-tentar-vacinar-o-pais-todo-ate-setembro\/","og_locale":"pt_BR","og_type":"article","og_title":"Luiza Helena Trajano conseguiu para tentar vacinar o pa\u00eds todo at\u00e9 setembro. - JBCNews","og_description":"Compartilhar Tweet (JBCNEWS &#8211; DF 08\/03) &#8211; Reconhecida pela intensidade com que executa suas tarefas e projetos, Luiza Helena Trajano, maior acionista e presidente do conselho [\u2026]","og_url":"https:\/\/jbcnews.com.br\/index.php\/2021\/03\/08\/luiza-helena-trajano-conseguiu-para-tentar-vacinar-o-pais-todo-ate-setembro\/","og_site_name":"JBCNews","article_published_time":"2021-03-08T16:50:01+00:00","article_modified_time":"2021-05-07T16:35:09+00:00","og_image":[{"width":959,"height":417,"url":"https:\/\/jbcnews.com.br\/wp-content\/uploads\/2021\/03\/imagem-49.png","type":"image\/png"}],"author":"admin","twitter_card":"summary_large_image","twitter_misc":{"Escrito por":"admin","Est. tempo de leitura":"2 minutos"},"schema":{"@context":"https:\/\/schema.org","@graph":[{"@type":"WebPage","@id":"https:\/\/jbcnews.com.br\/index.php\/2021\/03\/08\/luiza-helena-trajano-conseguiu-para-tentar-vacinar-o-pais-todo-ate-setembro\/","url":"https:\/\/jbcnews.com.br\/index.php\/2021\/03\/08\/luiza-helena-trajano-conseguiu-para-tentar-vacinar-o-pais-todo-ate-setembro\/","name":"Luiza Helena Trajano conseguiu para tentar vacinar o pa\u00eds todo at\u00e9 setembro. - JBCNews","isPartOf":{"@id":"https:\/\/jbcnews.com.br\/#website"},"primaryImageOfPage":{"@id":"https:\/\/jbcnews.com.br\/index.php\/2021\/03\/08\/luiza-helena-trajano-conseguiu-para-tentar-vacinar-o-pais-todo-ate-setembro\/#primaryimage"},"image":{"@id":"https:\/\/jbcnews.com.br\/index.php\/2021\/03\/08\/luiza-helena-trajano-conseguiu-para-tentar-vacinar-o-pais-todo-ate-setembro\/#primaryimage"},"thumbnailUrl":"https:\/\/jbcnews.com.br\/wp-content\/uploads\/2021\/03\/imagem-49.png","datePublished":"2021-03-08T16:50:01+00:00","dateModified":"2021-05-07T16:35:09+00:00","author":{"@id":"https:\/\/jbcnews.com.br\/#\/schema\/person\/3b597ec20ccf92d0adc436057caf9bbe"},"breadcrumb":{"@id":"https:\/\/jbcnews.com.br\/index.php\/2021\/03\/08\/luiza-helena-trajano-conseguiu-para-tentar-vacinar-o-pais-todo-ate-setembro\/#breadcrumb"},"inLanguage":"pt-BR","potentialAction":[{"@type":"ReadAction","target":["https:\/\/jbcnews.com.br\/index.php\/2021\/03\/08\/luiza-helena-trajano-conseguiu-para-tentar-vacinar-o-pais-todo-ate-setembro\/"]}]},{"@type":"ImageObject","inLanguage":"pt-BR","@id":"https:\/\/jbcnews.com.br\/index.php\/2021\/03\/08\/luiza-helena-trajano-conseguiu-para-tentar-vacinar-o-pais-todo-ate-setembro\/#primaryimage","url":"https:\/\/jbcnews.com.br\/wp-content\/uploads\/2021\/03\/imagem-49.png","contentUrl":"https:\/\/jbcnews.com.br\/wp-content\/uploads\/2021\/03\/imagem-49.png","width":959,"height":417},{"@type":"BreadcrumbList","@id":"https:\/\/jbcnews.com.br\/index.php\/2021\/03\/08\/luiza-helena-trajano-conseguiu-para-tentar-vacinar-o-pais-todo-ate-setembro\/#breadcrumb","itemListElement":[{"@type":"ListItem","position":1,"name":"In\u00edcio","item":"https:\/\/jbcnews.com.br\/"},{"@type":"ListItem","position":2,"name":"Luiza Helena Trajano conseguiu para tentar vacinar o pa\u00eds todo at\u00e9 setembro."}]},{"@type":"WebSite","@id":"https:\/\/jbcnews.com.br\/#website","url":"https:\/\/jbcnews.com.br\/","name":"JBCNews","description":"Comunica\u00e7\u00e3o e Cultura","potentialAction":[{"@type":"SearchAction","target":{"@type":"EntryPoint","urlTemplate":"https:\/\/jbcnews.com.br\/?s={search_term_string}"},"query-input":"required name=search_term_string"}],"inLanguage":"pt-BR"},{"@type":"Person","@id":"https:\/\/jbcnews.com.br\/#\/schema\/person\/3b597ec20ccf92d0adc436057caf9bbe","name":"admin","image":{"@type":"ImageObject","inLanguage":"pt-BR","@id":"https:\/\/jbcnews.com.br\/#\/schema\/person\/image\/","url":"https:\/\/secure.gravatar.com\/avatar\/fe848d2435b65c3ed1cdd3a8e8f3bb2d?s=96&d=mm&r=g","contentUrl":"https:\/\/secure.gravatar.com\/avatar\/fe848d2435b65c3ed1cdd3a8e8f3bb2d?s=96&d=mm&r=g","caption":"admin"},"sameAs":["https:\/\/jbcnews.com.br"],"url":"https:\/\/jbcnews.com.br\/index.php\/author\/jbcnews\/"}]}},"_links":{"self":[{"href":"https:\/\/jbcnews.com.br\/index.php\/wp-json\/wp\/v2\/posts\/2721"}],"collection":[{"href":"https:\/\/jbcnews.com.br\/index.php\/wp-json\/wp\/v2\/posts"}],"about":[{"href":"https:\/\/jbcnews.com.br\/index.php\/wp-json\/wp\/v2\/types\/post"}],"author":[{"embeddable":true,"href":"https:\/\/jbcnews.com.br\/index.php\/wp-json\/wp\/v2\/users\/1"}],"replies":[{"embeddable":true,"href":"https:\/\/jbcnews.com.br\/index.php\/wp-json\/wp\/v2\/comments?post=2721"}],"version-history":[{"count":1,"href":"https:\/\/jbcnews.com.br\/index.php\/wp-json\/wp\/v2\/posts\/2721\/revisions"}],"predecessor-version":[{"id":2723,"href":"https:\/\/jbcnews.com.br\/index.php\/wp-json\/wp\/v2\/posts\/2721\/revisions\/2723"}],"wp:featuredmedia":[{"embeddable":true,"href":"https:\/\/jbcnews.com.br\/index.php\/wp-json\/wp\/v2\/media\/2722"}],"wp:attachment":[{"href":"https:\/\/jbcnews.com.br\/index.php\/wp-json\/wp\/v2\/media?parent=2721"}],"wp:term":[{"taxonomy":"category","embeddable":true,"href":"https:\/\/jbcnews.com.br\/index.php\/wp-json\/wp\/v2\/categories?post=2721"},{"taxonomy":"post_tag","embeddable":true,"href":"https:\/\/jbcnews.com.br\/index.php\/wp-json\/wp\/v2\/tags?post=2721"}],"curies":[{"name":"wp","href":"https:\/\/api.w.org\/{rel}","templated":true}]}}