{"id":2718,"date":"2021-03-08T16:47:16","date_gmt":"2021-03-08T16:47:16","guid":{"rendered":"https:\/\/jbcnews.com.br\/?p=2718"},"modified":"2021-05-07T16:35:15","modified_gmt":"2021-05-07T16:35:15","slug":"aliados-de-bolsonaro-preparam-emenda-para-tirar-policiais-da-pec-que-preve-congelamento-de-salarios-de-servidores","status":"publish","type":"post","link":"https:\/\/jbcnews.com.br\/index.php\/2021\/03\/08\/aliados-de-bolsonaro-preparam-emenda-para-tirar-policiais-da-pec-que-preve-congelamento-de-salarios-de-servidores\/","title":{"rendered":"Aliados de Bolsonaro preparam emenda para tirar policiais da PEC que prev\u00ea congelamento de sal\u00e1rios de servidores."},"content":{"rendered":"\n<div id=\"fb-root\"><\/div>\n<script async=\"\" defer=\"\" crossorigin=\"anonymous\" src=\"https:\/\/connect.facebook.net\/pt_BR\/sdk.js#xfbml=1&amp;version=v8.0\" nonce=\"umdzmuzQ\">\n<\/script>\n\n\n<script>\n\nvar conteudo_fb = encodeURIComponent(document.title + \" \" + window.location.href); \nvar conteudo_tw = encodeURIComponent(document.title + \" \" + window.location.href); \n\ndocument.getElementById('btfb').dataHref=conteudo_fb; \ndocument.getElementById('btfb').href='https:\/\/www.facebook.com\/sharer\/sharer.php?u='+conteudo_fb+'&src=sdkpreparse'; \n\ndocument.getElementById('atw').dataText=conteudo_tw; \n\n\tfunction share_whatsapp() {\n\t\tvar conteudo_wp = encodeURIComponent(document.title + \" \" + window.location.href); \n\t\tvar linkwp = \"https:\/\/api.whatsapp.com\/send?text=\" + conteudo_wp; \n\t\twindow.open(linkwp); \n\t}\n\n<\/script>\n\n<div style=\"width: 500px; height: 40px; \">\n\t<div style=\"display: nonex; width: auto; vertical-align: top; \">\n\t\t<div id=\"btfb\" class=\"fb-share-button\" data-href=\"\" data-layout=\"button\" data-size=\"small\" style=\"float: left; \">\n\t\t\t<a id=\"abtfb\" target=\"_blank\" href=\"\" class=\"fb-xfbml-parse-ignore\" style=\" \" rel=\"noopener noreferrer\">Compartilhar<\/a>\n\t\t<\/div>\n\t\t<div style=\"float: left; height: 40px; margin-left: 10px; margin-top: 7px; \">\n\t\t\t<img decoding=\"async\" src=\"https:\/\/getsupbrazil.com.br\/brasilnordeste\/images\/share-whatsapp.png\" style=\"height: 18px; cursor: pointer;  \" onclick=\"share_whatsapp(); \">\n\t\t<\/div>\n\t\t<div style=\"float: left; height: 40px; margin-left: 10px; margin-top: 7px; \">\n\t\t\t<a href=\"https:\/\/twitter.com\/share?ref_src=twsrc%5Etfw\" class=\"twitter-share-button\" data-text=\"\" data-via=\"BrasilNordeste2\" data-lang=\"pt\" data-show-count=\"false\">Tweet<\/a><script async src=\"https:\/\/platform.twitter.com\/widgets.js\" charset=\"utf-8\"><\/script>\n\t\t<\/div>\n\t\t<div style=\"clear: both; \"><\/div>\n\t<\/div>\n\n\t<!-- <img decoding=\"async\" src=\"https:\/\/getsupbrazil.com.br\/brasilnordeste\/images\/share-facebook.png\" style=\"height: 18px; cursor: pointer; \" onclick=\"share_facebook(); \" > -->\n\n<\/div>\n<br>\n\n\n\n\n<p>(JBCNEWS &#8211; DF 08\/03) \u2014 Deputados aliados do Planalto trabalham na C\u00e2mara dos Deputados para relaxar efeitos fiscais da Proposta de Emenda \u00e0 Constitui\u00e7\u00e3o (PEC) Emergencial aprovada pelo Senado na semana passada. O objetivo \u00e9 preservar for\u00e7as de seguran\u00e7a \u2014 entre elas policiais \u2014 de mudan\u00e7as como a proibi\u00e7\u00e3o do reajuste salarial. Se der certo, a iniciativa pode atrasar a tramita\u00e7\u00e3o do projeto que viabiliza a nova rodada do aux\u00edlio emergencial.<\/p>\n\n\n\n<p>A vota\u00e7\u00e3o da proposta na C\u00e2mara est\u00e1 prevista para esta quarta-feira. Para ir direto \u00e0 promulga\u00e7\u00e3o, o texto precisa ser aprovado sem a inclus\u00e3o de emendas. Do contr\u00e1rio, retorna para an\u00e1lise da outra Casa Legislativa.<\/p>\n\n\n\n<p>O presidente da C\u00e2mara, Arthur Lira (PP-AL), sinalizou a aliados que pode at\u00e9 aceitar um acordo pela altera\u00e7\u00e3o, desde que n\u00e3o haja uma desfigura\u00e7\u00e3o completa da proposta original.<\/p>\n\n\n\n<p>Em conversas reservadas, ele chegou a dizer a parlamentares que a proposta n\u00e3o ser\u00e1 pautada em plen\u00e1rio se houver muitas modifica\u00e7\u00f5es. Ainda assim, ele aguarda as sugest\u00f5es para se posicionar.<\/p>\n\n\n\n<p>O apoio nos bastidores do l\u00edder do PSL, Major Vitor Hugo (GO), aliado fiel de Bolsonaro, ligou o alerta na Casa de que a mudan\u00e7a pode prosperar. O presidente da bancada da bala, Capit\u00e3o Augusto (PL-SP), que tamb\u00e9m participa da articula\u00e7\u00e3o, avalia que a altera\u00e7\u00e3o faria o texto voltar ao Senado, o que torna as tratativas mais dif\u00edceis.<\/p>\n\n\n\n<p>\u2014 Vamos tentar tirar os profissionais da seguran\u00e7a. Nossa assessoria est\u00e1 verificando essas possibilidades. Vamos construir esse texto&#8230; \u00c9 melhor um acordo \u2014 disse Capit\u00e3o Augusto ao EXTRA.<\/p>\n\n\n\n<p>Ap\u00f3s a vota\u00e7\u00e3o da PEC no Senado, a Uni\u00e3o dos Policiais do Brasil (UPB) lamentou, em nota, o &#8220;descaso&#8221; do governo federal com os policiais brasileiros, acusando o Planalto de n\u00e3o cumprir as promessas de valoriza\u00e7\u00e3o da categoria.<\/p>\n\n\n\n<p>Um dia depois, a Federa\u00e7\u00e3o Nacional dos Policiais Rodovi\u00e1rios Federais (FenaPRF) divulgou a apresenta\u00e7\u00e3o de uma emenda por deputados aliados.<\/p>\n\n\n\n<p>&#8220;Essa conta recair sobre os policiais, al\u00e9m de injusto, representa um grande risco para a pr\u00f3pria presta\u00e7\u00e3o dos servi\u00e7os de seguran\u00e7a p\u00fablica, que podem ser afetados diretamente, com a n\u00e3o realiza\u00e7\u00e3o de concursos e contrata\u00e7\u00f5es&#8221;, diz trecho da emenda.<\/p>\n\n\n\n<p>O texto tem como um dos autores o vice-l\u00edder do governo na C\u00e2mara, deputado Jos\u00e9 Medeiros (Pode-MT).<\/p>\n\n\n\n<p>\u2014 Como estava se propondo (excluir) sa\u00fade e educa\u00e7\u00e3o, nada mais normal do que deixar de ter as for\u00e7as de seguran\u00e7a, porque esse trip\u00e9 tem tudo a ver \u2014 disse Medeiros.<\/p>\n\n\n\n<p>O l\u00edder do DEM na C\u00e2mara, Efraim Filho (PB), afirmou que o texto aprovado no Senado deve ser mantido para evitar que se prolongue a aprova\u00e7\u00e3o do aux\u00edlio emergencial. Mas ressaltou que, se o governo concordar em relaxar a proposta, &#8220;n\u00e3o tem quem segure&#8221;.<\/p>\n\n\n\n<p>\u2014 Ningu\u00e9m ser\u00e1 mais realista que o rei \u2014 avaliou Efraim.<\/p>\n\n\n\n<p>Alinhado ao governo, o relator da proposta, Daniel Freitas (PSL-SC), indicou a deputados que deve rejeitar as emendas parlamentares.<\/p>\n\n\n\n<p>Em discurso semelhante ao da equipe econ\u00f4mica, com quem se reuniu na semana passada, ele sinalizou que n\u00e3o tem de onde tirar o dinheiro para bancar o aux\u00edlio. Ele tem reuni\u00e3o com Bolsonaro hoje.<\/p>\n\n\n\n<p>A PEC emergencial s\u00f3 avan\u00e7ou ap\u00f3s um acordo de us\u00e1-la para abrir margem para um novo aux\u00edlio emergencial. H\u00e1 um limite de R$44 bilh\u00f5es que poderiam ser usados para a medida sem serem contabilizados no teto de gastos. Caso o custo do benef\u00edcio supere este valor, teria de haver corte de outras despesas.<\/p>\n\n\n\n<p>Dever\u00e3o ser liberadas mais quatro parcelas, com valor entre R$150 e R$375. O governo usar\u00e1 o cadastro j\u00e1 existente, n\u00e3o abrindo a possibilidade de novos benefici\u00e1rios.<\/p>\n","protected":false},"excerpt":{"rendered":"<p>Compartilhar Tweet (JBCNEWS &#8211; DF 08\/03) \u2014 Deputados aliados do Planalto trabalham na C\u00e2mara dos Deputados para relaxar efeitos fiscais da Proposta de Emenda \u00e0 Constitui\u00e7\u00e3o<span class=\"excerpt-hellip\"> [\u2026]<\/span><\/p>\n","protected":false},"author":1,"featured_media":2719,"comment_status":"open","ping_status":"open","sticky":false,"template":"","format":"standard","meta":{"footnotes":""},"categories":[20],"tags":[],"yoast_head":"<!-- This site is optimized with the Yoast SEO plugin v22.6 - https:\/\/yoast.com\/wordpress\/plugins\/seo\/ -->\n<title>Aliados de Bolsonaro preparam emenda para tirar policiais da PEC que prev\u00ea congelamento de sal\u00e1rios de servidores. - JBCNews<\/title>\n<meta name=\"robots\" content=\"index, follow, max-snippet:-1, max-image-preview:large, max-video-preview:-1\" \/>\n<link rel=\"canonical\" href=\"https:\/\/jbcnews.com.br\/index.php\/2021\/03\/08\/aliados-de-bolsonaro-preparam-emenda-para-tirar-policiais-da-pec-que-preve-congelamento-de-salarios-de-servidores\/\" \/>\n<meta property=\"og:locale\" content=\"pt_BR\" \/>\n<meta property=\"og:type\" content=\"article\" \/>\n<meta property=\"og:title\" content=\"Aliados de Bolsonaro preparam emenda para tirar policiais da PEC que prev\u00ea congelamento de sal\u00e1rios de servidores. - JBCNews\" \/>\n<meta property=\"og:description\" content=\"Compartilhar Tweet (JBCNEWS &#8211; DF 08\/03) \u2014 Deputados aliados do Planalto trabalham na C\u00e2mara dos Deputados para relaxar efeitos fiscais da Proposta de Emenda \u00e0 Constitui\u00e7\u00e3o [\u2026]\" \/>\n<meta property=\"og:url\" content=\"https:\/\/jbcnews.com.br\/index.php\/2021\/03\/08\/aliados-de-bolsonaro-preparam-emenda-para-tirar-policiais-da-pec-que-preve-congelamento-de-salarios-de-servidores\/\" \/>\n<meta property=\"og:site_name\" content=\"JBCNews\" \/>\n<meta property=\"article:published_time\" content=\"2021-03-08T16:47:16+00:00\" \/>\n<meta property=\"article:modified_time\" content=\"2021-05-07T16:35:15+00:00\" \/>\n<meta property=\"og:image\" content=\"https:\/\/jbcnews.com.br\/wp-content\/uploads\/2021\/03\/imagem-1.png\" \/>\n\t<meta property=\"og:image:width\" content=\"448\" \/>\n\t<meta property=\"og:image:height\" content=\"269\" \/>\n\t<meta property=\"og:image:type\" content=\"image\/png\" \/>\n<meta name=\"author\" content=\"admin\" \/>\n<meta name=\"twitter:card\" content=\"summary_large_image\" \/>\n<meta name=\"twitter:label1\" content=\"Escrito por\" \/>\n\t<meta name=\"twitter:data1\" content=\"admin\" \/>\n\t<meta name=\"twitter:label2\" content=\"Est. tempo de leitura\" \/>\n\t<meta name=\"twitter:data2\" content=\"3 minutos\" \/>\n<script type=\"application\/ld+json\" class=\"yoast-schema-graph\">{\"@context\":\"https:\/\/schema.org\",\"@graph\":[{\"@type\":\"WebPage\",\"@id\":\"https:\/\/jbcnews.com.br\/index.php\/2021\/03\/08\/aliados-de-bolsonaro-preparam-emenda-para-tirar-policiais-da-pec-que-preve-congelamento-de-salarios-de-servidores\/\",\"url\":\"https:\/\/jbcnews.com.br\/index.php\/2021\/03\/08\/aliados-de-bolsonaro-preparam-emenda-para-tirar-policiais-da-pec-que-preve-congelamento-de-salarios-de-servidores\/\",\"name\":\"Aliados de Bolsonaro preparam emenda para tirar policiais da PEC que prev\u00ea congelamento de sal\u00e1rios de servidores. - JBCNews\",\"isPartOf\":{\"@id\":\"https:\/\/jbcnews.com.br\/#website\"},\"primaryImageOfPage\":{\"@id\":\"https:\/\/jbcnews.com.br\/index.php\/2021\/03\/08\/aliados-de-bolsonaro-preparam-emenda-para-tirar-policiais-da-pec-que-preve-congelamento-de-salarios-de-servidores\/#primaryimage\"},\"image\":{\"@id\":\"https:\/\/jbcnews.com.br\/index.php\/2021\/03\/08\/aliados-de-bolsonaro-preparam-emenda-para-tirar-policiais-da-pec-que-preve-congelamento-de-salarios-de-servidores\/#primaryimage\"},\"thumbnailUrl\":\"https:\/\/jbcnews.com.br\/wp-content\/uploads\/2021\/03\/imagem-1.png\",\"datePublished\":\"2021-03-08T16:47:16+00:00\",\"dateModified\":\"2021-05-07T16:35:15+00:00\",\"author\":{\"@id\":\"https:\/\/jbcnews.com.br\/#\/schema\/person\/3b597ec20ccf92d0adc436057caf9bbe\"},\"breadcrumb\":{\"@id\":\"https:\/\/jbcnews.com.br\/index.php\/2021\/03\/08\/aliados-de-bolsonaro-preparam-emenda-para-tirar-policiais-da-pec-que-preve-congelamento-de-salarios-de-servidores\/#breadcrumb\"},\"inLanguage\":\"pt-BR\",\"potentialAction\":[{\"@type\":\"ReadAction\",\"target\":[\"https:\/\/jbcnews.com.br\/index.php\/2021\/03\/08\/aliados-de-bolsonaro-preparam-emenda-para-tirar-policiais-da-pec-que-preve-congelamento-de-salarios-de-servidores\/\"]}]},{\"@type\":\"ImageObject\",\"inLanguage\":\"pt-BR\",\"@id\":\"https:\/\/jbcnews.com.br\/index.php\/2021\/03\/08\/aliados-de-bolsonaro-preparam-emenda-para-tirar-policiais-da-pec-que-preve-congelamento-de-salarios-de-servidores\/#primaryimage\",\"url\":\"https:\/\/jbcnews.com.br\/wp-content\/uploads\/2021\/03\/imagem-1.png\",\"contentUrl\":\"https:\/\/jbcnews.com.br\/wp-content\/uploads\/2021\/03\/imagem-1.png\",\"width\":448,\"height\":269},{\"@type\":\"BreadcrumbList\",\"@id\":\"https:\/\/jbcnews.com.br\/index.php\/2021\/03\/08\/aliados-de-bolsonaro-preparam-emenda-para-tirar-policiais-da-pec-que-preve-congelamento-de-salarios-de-servidores\/#breadcrumb\",\"itemListElement\":[{\"@type\":\"ListItem\",\"position\":1,\"name\":\"In\u00edcio\",\"item\":\"https:\/\/jbcnews.com.br\/\"},{\"@type\":\"ListItem\",\"position\":2,\"name\":\"Aliados de Bolsonaro preparam emenda para tirar policiais da PEC que prev\u00ea congelamento de sal\u00e1rios de servidores.\"}]},{\"@type\":\"WebSite\",\"@id\":\"https:\/\/jbcnews.com.br\/#website\",\"url\":\"https:\/\/jbcnews.com.br\/\",\"name\":\"JBCNews\",\"description\":\"Comunica\u00e7\u00e3o e Cultura\",\"potentialAction\":[{\"@type\":\"SearchAction\",\"target\":{\"@type\":\"EntryPoint\",\"urlTemplate\":\"https:\/\/jbcnews.com.br\/?s={search_term_string}\"},\"query-input\":\"required name=search_term_string\"}],\"inLanguage\":\"pt-BR\"},{\"@type\":\"Person\",\"@id\":\"https:\/\/jbcnews.com.br\/#\/schema\/person\/3b597ec20ccf92d0adc436057caf9bbe\",\"name\":\"admin\",\"image\":{\"@type\":\"ImageObject\",\"inLanguage\":\"pt-BR\",\"@id\":\"https:\/\/jbcnews.com.br\/#\/schema\/person\/image\/\",\"url\":\"https:\/\/secure.gravatar.com\/avatar\/fe848d2435b65c3ed1cdd3a8e8f3bb2d?s=96&d=mm&r=g\",\"contentUrl\":\"https:\/\/secure.gravatar.com\/avatar\/fe848d2435b65c3ed1cdd3a8e8f3bb2d?s=96&d=mm&r=g\",\"caption\":\"admin\"},\"sameAs\":[\"https:\/\/jbcnews.com.br\"],\"url\":\"https:\/\/jbcnews.com.br\/index.php\/author\/jbcnews\/\"}]}<\/script>\n<!-- \/ Yoast SEO plugin. -->","yoast_head_json":{"title":"Aliados de Bolsonaro preparam emenda para tirar policiais da PEC que prev\u00ea congelamento de sal\u00e1rios de servidores. - JBCNews","robots":{"index":"index","follow":"follow","max-snippet":"max-snippet:-1","max-image-preview":"max-image-preview:large","max-video-preview":"max-video-preview:-1"},"canonical":"https:\/\/jbcnews.com.br\/index.php\/2021\/03\/08\/aliados-de-bolsonaro-preparam-emenda-para-tirar-policiais-da-pec-que-preve-congelamento-de-salarios-de-servidores\/","og_locale":"pt_BR","og_type":"article","og_title":"Aliados de Bolsonaro preparam emenda para tirar policiais da PEC que prev\u00ea congelamento de sal\u00e1rios de servidores. - JBCNews","og_description":"Compartilhar Tweet (JBCNEWS &#8211; DF 08\/03) \u2014 Deputados aliados do Planalto trabalham na C\u00e2mara dos Deputados para relaxar efeitos fiscais da Proposta de Emenda \u00e0 Constitui\u00e7\u00e3o [\u2026]","og_url":"https:\/\/jbcnews.com.br\/index.php\/2021\/03\/08\/aliados-de-bolsonaro-preparam-emenda-para-tirar-policiais-da-pec-que-preve-congelamento-de-salarios-de-servidores\/","og_site_name":"JBCNews","article_published_time":"2021-03-08T16:47:16+00:00","article_modified_time":"2021-05-07T16:35:15+00:00","og_image":[{"width":448,"height":269,"url":"https:\/\/jbcnews.com.br\/wp-content\/uploads\/2021\/03\/imagem-1.png","type":"image\/png"}],"author":"admin","twitter_card":"summary_large_image","twitter_misc":{"Escrito por":"admin","Est. tempo de leitura":"3 minutos"},"schema":{"@context":"https:\/\/schema.org","@graph":[{"@type":"WebPage","@id":"https:\/\/jbcnews.com.br\/index.php\/2021\/03\/08\/aliados-de-bolsonaro-preparam-emenda-para-tirar-policiais-da-pec-que-preve-congelamento-de-salarios-de-servidores\/","url":"https:\/\/jbcnews.com.br\/index.php\/2021\/03\/08\/aliados-de-bolsonaro-preparam-emenda-para-tirar-policiais-da-pec-que-preve-congelamento-de-salarios-de-servidores\/","name":"Aliados de Bolsonaro preparam emenda para tirar policiais da PEC que prev\u00ea congelamento de sal\u00e1rios de servidores. - JBCNews","isPartOf":{"@id":"https:\/\/jbcnews.com.br\/#website"},"primaryImageOfPage":{"@id":"https:\/\/jbcnews.com.br\/index.php\/2021\/03\/08\/aliados-de-bolsonaro-preparam-emenda-para-tirar-policiais-da-pec-que-preve-congelamento-de-salarios-de-servidores\/#primaryimage"},"image":{"@id":"https:\/\/jbcnews.com.br\/index.php\/2021\/03\/08\/aliados-de-bolsonaro-preparam-emenda-para-tirar-policiais-da-pec-que-preve-congelamento-de-salarios-de-servidores\/#primaryimage"},"thumbnailUrl":"https:\/\/jbcnews.com.br\/wp-content\/uploads\/2021\/03\/imagem-1.png","datePublished":"2021-03-08T16:47:16+00:00","dateModified":"2021-05-07T16:35:15+00:00","author":{"@id":"https:\/\/jbcnews.com.br\/#\/schema\/person\/3b597ec20ccf92d0adc436057caf9bbe"},"breadcrumb":{"@id":"https:\/\/jbcnews.com.br\/index.php\/2021\/03\/08\/aliados-de-bolsonaro-preparam-emenda-para-tirar-policiais-da-pec-que-preve-congelamento-de-salarios-de-servidores\/#breadcrumb"},"inLanguage":"pt-BR","potentialAction":[{"@type":"ReadAction","target":["https:\/\/jbcnews.com.br\/index.php\/2021\/03\/08\/aliados-de-bolsonaro-preparam-emenda-para-tirar-policiais-da-pec-que-preve-congelamento-de-salarios-de-servidores\/"]}]},{"@type":"ImageObject","inLanguage":"pt-BR","@id":"https:\/\/jbcnews.com.br\/index.php\/2021\/03\/08\/aliados-de-bolsonaro-preparam-emenda-para-tirar-policiais-da-pec-que-preve-congelamento-de-salarios-de-servidores\/#primaryimage","url":"https:\/\/jbcnews.com.br\/wp-content\/uploads\/2021\/03\/imagem-1.png","contentUrl":"https:\/\/jbcnews.com.br\/wp-content\/uploads\/2021\/03\/imagem-1.png","width":448,"height":269},{"@type":"BreadcrumbList","@id":"https:\/\/jbcnews.com.br\/index.php\/2021\/03\/08\/aliados-de-bolsonaro-preparam-emenda-para-tirar-policiais-da-pec-que-preve-congelamento-de-salarios-de-servidores\/#breadcrumb","itemListElement":[{"@type":"ListItem","position":1,"name":"In\u00edcio","item":"https:\/\/jbcnews.com.br\/"},{"@type":"ListItem","position":2,"name":"Aliados de Bolsonaro preparam emenda para tirar policiais da PEC que prev\u00ea congelamento de sal\u00e1rios de servidores."}]},{"@type":"WebSite","@id":"https:\/\/jbcnews.com.br\/#website","url":"https:\/\/jbcnews.com.br\/","name":"JBCNews","description":"Comunica\u00e7\u00e3o e Cultura","potentialAction":[{"@type":"SearchAction","target":{"@type":"EntryPoint","urlTemplate":"https:\/\/jbcnews.com.br\/?s={search_term_string}"},"query-input":"required name=search_term_string"}],"inLanguage":"pt-BR"},{"@type":"Person","@id":"https:\/\/jbcnews.com.br\/#\/schema\/person\/3b597ec20ccf92d0adc436057caf9bbe","name":"admin","image":{"@type":"ImageObject","inLanguage":"pt-BR","@id":"https:\/\/jbcnews.com.br\/#\/schema\/person\/image\/","url":"https:\/\/secure.gravatar.com\/avatar\/fe848d2435b65c3ed1cdd3a8e8f3bb2d?s=96&d=mm&r=g","contentUrl":"https:\/\/secure.gravatar.com\/avatar\/fe848d2435b65c3ed1cdd3a8e8f3bb2d?s=96&d=mm&r=g","caption":"admin"},"sameAs":["https:\/\/jbcnews.com.br"],"url":"https:\/\/jbcnews.com.br\/index.php\/author\/jbcnews\/"}]}},"_links":{"self":[{"href":"https:\/\/jbcnews.com.br\/index.php\/wp-json\/wp\/v2\/posts\/2718"}],"collection":[{"href":"https:\/\/jbcnews.com.br\/index.php\/wp-json\/wp\/v2\/posts"}],"about":[{"href":"https:\/\/jbcnews.com.br\/index.php\/wp-json\/wp\/v2\/types\/post"}],"author":[{"embeddable":true,"href":"https:\/\/jbcnews.com.br\/index.php\/wp-json\/wp\/v2\/users\/1"}],"replies":[{"embeddable":true,"href":"https:\/\/jbcnews.com.br\/index.php\/wp-json\/wp\/v2\/comments?post=2718"}],"version-history":[{"count":1,"href":"https:\/\/jbcnews.com.br\/index.php\/wp-json\/wp\/v2\/posts\/2718\/revisions"}],"predecessor-version":[{"id":2720,"href":"https:\/\/jbcnews.com.br\/index.php\/wp-json\/wp\/v2\/posts\/2718\/revisions\/2720"}],"wp:featuredmedia":[{"embeddable":true,"href":"https:\/\/jbcnews.com.br\/index.php\/wp-json\/wp\/v2\/media\/2719"}],"wp:attachment":[{"href":"https:\/\/jbcnews.com.br\/index.php\/wp-json\/wp\/v2\/media?parent=2718"}],"wp:term":[{"taxonomy":"category","embeddable":true,"href":"https:\/\/jbcnews.com.br\/index.php\/wp-json\/wp\/v2\/categories?post=2718"},{"taxonomy":"post_tag","embeddable":true,"href":"https:\/\/jbcnews.com.br\/index.php\/wp-json\/wp\/v2\/tags?post=2718"}],"curies":[{"name":"wp","href":"https:\/\/api.w.org\/{rel}","templated":true}]}}