{"id":2715,"date":"2021-03-08T16:45:04","date_gmt":"2021-03-08T16:45:04","guid":{"rendered":"https:\/\/jbcnews.com.br\/?p=2715"},"modified":"2021-05-07T16:35:19","modified_gmt":"2021-05-07T16:35:19","slug":"em-entrevista-a-oprah-meghan-critica-a-familia-real-e-afirma-que-a-cor-da-pele-do-seu-filho-gerou-preocupacoes","status":"publish","type":"post","link":"https:\/\/jbcnews.com.br\/index.php\/2021\/03\/08\/em-entrevista-a-oprah-meghan-critica-a-familia-real-e-afirma-que-a-cor-da-pele-do-seu-filho-gerou-preocupacoes\/","title":{"rendered":"Em entrevista a Oprah, Meghan critica a fam\u00edlia real e afirma que a cor da pele do seu filho gerou &#8216;preocupa\u00e7\u00f5es&#8217;"},"content":{"rendered":"\n<div id=\"fb-root\"><\/div>\n<script async=\"\" defer=\"\" crossorigin=\"anonymous\" src=\"https:\/\/connect.facebook.net\/pt_BR\/sdk.js#xfbml=1&amp;version=v8.0\" nonce=\"umdzmuzQ\">\n<\/script>\n\n\n<script>\n\nvar conteudo_fb = encodeURIComponent(document.title + \" \" + window.location.href); \nvar conteudo_tw = encodeURIComponent(document.title + \" \" + window.location.href); \n\ndocument.getElementById('btfb').dataHref=conteudo_fb; \ndocument.getElementById('btfb').href='https:\/\/www.facebook.com\/sharer\/sharer.php?u='+conteudo_fb+'&src=sdkpreparse'; \n\ndocument.getElementById('atw').dataText=conteudo_tw; \n\n\tfunction share_whatsapp() {\n\t\tvar conteudo_wp = encodeURIComponent(document.title + \" \" + window.location.href); \n\t\tvar linkwp = \"https:\/\/api.whatsapp.com\/send?text=\" + conteudo_wp; \n\t\twindow.open(linkwp); \n\t}\n\n<\/script>\n\n<div style=\"width: 500px; height: 40px; \">\n\t<div style=\"display: nonex; width: auto; vertical-align: top; \">\n\t\t<div id=\"btfb\" class=\"fb-share-button\" data-href=\"\" data-layout=\"button\" data-size=\"small\" style=\"float: left; \">\n\t\t\t<a id=\"abtfb\" target=\"_blank\" href=\"\" class=\"fb-xfbml-parse-ignore\" style=\" \" rel=\"noopener noreferrer\">Compartilhar<\/a>\n\t\t<\/div>\n\t\t<div style=\"float: left; height: 40px; margin-left: 10px; margin-top: 7px; \">\n\t\t\t<img decoding=\"async\" src=\"https:\/\/getsupbrazil.com.br\/brasilnordeste\/images\/share-whatsapp.png\" style=\"height: 18px; cursor: pointer;  \" onclick=\"share_whatsapp(); \">\n\t\t<\/div>\n\t\t<div style=\"float: left; height: 40px; margin-left: 10px; margin-top: 7px; \">\n\t\t\t<a href=\"https:\/\/twitter.com\/share?ref_src=twsrc%5Etfw\" class=\"twitter-share-button\" data-text=\"\" data-via=\"BrasilNordeste2\" data-lang=\"pt\" data-show-count=\"false\">Tweet<\/a><script async src=\"https:\/\/platform.twitter.com\/widgets.js\" charset=\"utf-8\"><\/script>\n\t\t<\/div>\n\t\t<div style=\"clear: both; \"><\/div>\n\t<\/div>\n\n\t<!-- <img decoding=\"async\" src=\"https:\/\/getsupbrazil.com.br\/brasilnordeste\/images\/share-facebook.png\" style=\"height: 18px; cursor: pointer; \" onclick=\"share_facebook(); \" > -->\n\n<\/div>\n<br>\n\n\n\n\n<p>(JBCNEWS &#8211; DF 08\/03) &#8211; Na aguardada entrevista para a apresentadora americana Oprah Winfrey, Harry e Meghan n\u00e3o pouparam cr\u00edticas \u00e0 fam\u00edlia real, revelando detalhes da conviv\u00eancia nos \u00faltimos anos. Essa foi a primeira conversa do casal em hor\u00e1rio nobre desde o seu afastamento dos cargos da realeza. Eles aproveitaram para anunciar que Meghan, que est\u00e1 gr\u00e1vida, espera uma garota.<\/p>\n\n\n\n<p>Um tema que apareceu no in\u00edcio da entrevista, somente com a presen\u00e7a da duquesa, foi se Meghan propositalmente n\u00e3o pesquisou o funcionamento interno da fam\u00edlia antes de se juntar. Ela disse que Harry perguntou se ela sabia fazer uma rever\u00eancia cinco minutos antes de conhecer a rainha.<\/p>\n\n\n\n<p>\u2014 Direi que fui ingenuamente, porque n\u00e3o cresci sabendo muito sobre a fam\u00edlia real \u2014 confessou<\/p>\n\n\n\n<p>A duquesa revelou que houve um casamento secreto &#8211; na verdade, os dois se casaram tr\u00eas dias antes das n\u00fapcias, transmitidas pela televis\u00e3o para todo o mundo, em uma cerim\u00f4nia que dizem ter sido oficiada pelo arcebispo de Canterbury em seu quintal.<\/p>\n\n\n\n<p>Durante a entrevista, Meghan usava um bracelete de diamantes da marca de luxo Cartier que foi da Princesa Diana. Na conversa, ela afirmou que n\u00e3o procurou mais informa\u00e7\u00f5es sobre os conflitos envolvendo Diana e o pr\u00edncipe Charles.<\/p>\n\n\n\n<p>Sobre a cunhada, a princesa Kate Middleton, Meghan desmentiu o boato de que teria feito Kate chorar durante os preparativos para seu casamento.Segundo ela, teria acontecido o &#8220;inverso&#8221;.<\/p>\n\n\n\n<p>\u2014 Poucos dias antes do casamento ela (Kate) estava chateada com alguma coisa, sim, a quest\u00e3o estava correta sobre as flores do vestido, e isso me fez chorar. E realmente feriu meus sentimentos\u2014 disse a duquesa de Sussex.<\/p>\n\n\n\n<p>Meghan se referia a uma discuss\u00e3o entre ela e a cunhada durante as provas do vestido da princesa Charlotte, filha de Kate, que foi dama de honra no casamento entre ela e Harry. Na \u00e9poca, o fato foi noticiado pela imprensa brit\u00e2nica e gerou rumores sobre uma suposta rixa entre as duas.<\/p>\n\n\n\n<p>A duquesa afirmou que a fam\u00edlia real brit\u00e2nica tentou silenci\u00e1-la e as pessoas dentro da institui\u00e7\u00e3o n\u00e3o apenas falharam em proteg\u00ea-la contra alega\u00e7\u00f5es maliciosas, mas mentiram para proteger outras pessoas.<\/p>\n\n\n\n<p>\u2014 Foi s\u00f3 quando nos casamos e tudo come\u00e7ou a piorar de verdade que entendi que n\u00e3o s\u00f3 n\u00e3o estava sendo protegido, mas que eles estavam dispostos a mentir para proteger outros membros da fam\u00edlia.<\/p>\n\n\n\n<p>No entanto, Meghan procurou diferenciar a fam\u00edlia da institui\u00e7\u00e3o:<\/p>\n\n\n\n<p>\u2014 Tem a fam\u00edlia, e depois tem as pessoas que dirigem a institui\u00e7\u00e3o, s\u00e3o duas coisas distintas e \u00e9 importante poder compartilhar isso porque a rainha, por exemplo, sempre foi maravilhosa comigo.<\/p>\n\n\n\n<p>Ao falar sobre o filho, Meghan disse que os funcion\u00e1rios do pal\u00e1cio a informaram que seu filho n\u00e3o teria um t\u00edtulo e levantaram &#8220;preocupa\u00e7\u00f5es e conversas sobre como sua pele pode ficar escura quando ele nascer&#8221;. Ela n\u00e3o quis nomear a pessoa que levantou a quest\u00e3o da cor da pele de seu beb\u00ea para Harry; pois seria muito prejudicial.<\/p>\n\n\n\n<p>\u2014 Eles n\u00e3o queriam que ele fosse um pr\u00edncipe ou princesa, sem saber qual seria o g\u00eanero, o que seria diferente do protocolo, e que ele n\u00e3o receberia seguran\u00e7a. Naqueles meses em que eu estava gr\u00e1vida, quase na mesma \u00e9poca, ent\u00e3o temos em paralelo a conversa de, voc\u00ea n\u00e3o ter\u00e1 seguran\u00e7a, n\u00e3o receber\u00e1 um t\u00edtulo e tamb\u00e9m preocupa\u00e7\u00f5es e conversas sobre como sua pele pode ser escura quando ele nasce.<\/p>\n\n\n\n<p>Meghan ainda demonstrou que era t\u00e3o infeliz com a fam\u00edlia real brit\u00e2nica que considerou suic\u00eddio ou automutila\u00e7\u00e3o depois de pedir ajuda, mas n\u00e3o obteve nenhuma.<\/p>\n\n\n\n<p>\u2014 Eu simplesmente n\u00e3o queria mais estar viva. E esse era um pensamento constante, muito claro, real e assustador. E eu me lembro de como ele (Harry) apenas me embalou \u2014 disse Meghan.<\/p>\n\n\n\n<p>Questionada se pensava em se machucar ou ter pensamentos suicidas, ela disse:<\/p>\n\n\n\n<p>\u2014 Sim. Isso foi muito, muito claro &#8230; e muito assustador.<\/p>\n\n\n\n<p>Meghan ainda afirmou que mais tarde perguntou a um membro da realeza sobre a possibilidade de procurar atendimento hospitalar, e lhe disse que isso n\u00e3o seria poss\u00edvel porque &#8220;n\u00e3o seria bom para a institui\u00e7\u00e3o&#8221;.<\/p>\n\n\n\n<p>J\u00e1 com Harry participando da conversa, os dois rejeitaram a ideia de que haviam &#8220;pego de surpresa&#8221; a fam\u00edlia real com sua decis\u00e3o de recuar como membros, anunciada em janeiro de 2020. Meghan se referiu a &#8220;dois anos&#8221; de conversas &#8220;antes de finalmente anunciarmos&#8221;, o que implicaria que pelo menos estavam discutindo isso antes do casamento.<\/p>\n\n\n\n<p>O pr\u00edncipe afirmou que seu pai parou de atender suas liga\u00e7\u00f5es devido ao plano de se afastar da vida real. Ele negou ter enganado sua av\u00f3, a rainha Elizabeth, dizendo que tinha muito respeito por ela.<\/p>\n\n\n\n<p>\u2014 Tive tr\u00eas conversas com minha av\u00f3 e duas conversas com meu pai antes de ele parar de atender minhas liga\u00e7\u00f5es. E ent\u00e3o ele disse, &#8220;voc\u00ea pode colocar tudo isso por escrito?&#8221;.<\/p>\n\n\n\n<p>Perguntado por que Charles havia parado de atender suas liga\u00e7\u00f5es, Harry disse:<\/p>\n\n\n\n<p>\u2014 Naquela altura, resolvi resolver o problema sozinho, era tipo, eu precisava fazer isso pela minha fam\u00edlia. Isso n\u00e3o \u00e9 uma surpresa para ningu\u00e9m. \u00c9 muito triste que tenha chegado a este ponto, mas eu tenho que fazer algo para minha pr\u00f3pria sa\u00fade mental, para a de minha esposa e tamb\u00e9m para a de Archie.<\/p>\n\n\n\n<p>Segundo Harry, a falta de compreens\u00e3o por parte da fam\u00edlia e a preocupa\u00e7\u00e3o de que a hist\u00f3ria se repetisse &#8211; uma refer\u00eancia \u00e0 morte de sua m\u00e3e Diana, em 1997 &#8211; estavam entre os motivos que levaram \u00e0 sa\u00edda do casal de suas posi\u00e7\u00f5es.<\/p>\n\n\n\n<p>Ainda ao comentar sobre o pai, Harry se disse &#8220;decepcionado&#8221; e que Diana ficaria zangada e chateada com a forma como a fam\u00edlia real brit\u00e2nica tratou sua mulher. Ele tamb\u00e9m criticou o fato da fam\u00edlia ter cortado seus recursos financeiros, fazendo-o recorrer a heran\u00e7a da m\u00e3e.<\/p>\n\n\n\n<p>\u2014 Fico triste com o que aconteceu, mas me sinto confort\u00e1vel sabendo que fizemos tudo o que pod\u00edamos para que funcionasse \u2014 disse ele. Quase ao t\u00e9rmino da entrevista, o casal demonstrou apoio m\u00fatuo, afirmando que se salvaram da situa\u00e7\u00e3o em que estavam.<\/p>\n\n\n\n<p>A entrevista foi transmitida pelo canal americano CBS e transmitida pela ITV no Reino Unido, nesta segunda-feira.<\/p>\n\n\n\n<p>No m\u00eas passado, o casal deixou em definitivo as fun\u00e7\u00f5es reais, incluindo suas atividades como patronos de institui\u00e7\u00f5es culturais e filantr\u00f3picas. Harry tamb\u00e9m abriu m\u00e3o de seus t\u00edtulos militares honor\u00e1rios.<\/p>\n\n\n\n<p>Horas antes da entrevista, a Rainha Elizabeth II discursou durante o Commonwealth Day, celebra\u00e7\u00e3o anual da Comunidade das Na\u00e7\u00f5es. Na mensagem pr\u00e9-gravada na Abadia de Westminster, onde, no ano passado, em um evento semelhante, Meghan e Harry fizeram sua \u00faltima apari\u00e7\u00e3o antes de renunciar \u00e0s suas obriga\u00e7\u00f5es mon\u00e1rquicas, a rainha destacou a import\u00e2ncia da &#8220;dedica\u00e7\u00e3o ao dever&#8221;.<\/p>\n\n\n\n<p>Os \u00faltimos dias j\u00e1 haviam sido conturbados para os membros da realeza brit\u00e2nica. Meghan enfrenta uma investiga\u00e7\u00e3o interna do pal\u00e1cio de Buckingham sobre uma queixa de bullying feita por um de seus conselheiros mais pr\u00f3ximos durante seu tempo como membro da fam\u00edlia real no pal\u00e1cio de Kensington.<\/p>\n\n\n\n<p>De acordo com o jornal &#8220;The Times&#8221;, Jason Knauf, que atuou at\u00e9 2018 como secret\u00e1rio de comunica\u00e7\u00e3o do pal\u00e1cio, onde a duquesa morava com Harry antes de deixar os postos reais, acusou Meghan de &#8220;comportamentos inaceit\u00e1veis&#8221; com outros funcion\u00e1rios, destacando que dois assistentes de comunica\u00e7\u00e3o j\u00e1 haviam sido demitidos por causa dela.<\/p>\n\n\n\n<p>Ap\u00f3s a revela\u00e7\u00e3o, o pal\u00e1cio de Buckingham afirmou que examinar\u00e1as circunst\u00e2ncias das acusa\u00e7\u00f5es descritas no artigo&#8221; do Times. &#8220;A fam\u00edlia real tem uma pol\u00edtica de dignidade no trabalho h\u00e1 anos. N\u00e3o toleramos, e n\u00e3o vamos tolerar, bullying e ass\u00e9dio no ambiente de trabalho&#8221;, diz o comunicado ap\u00f3s a repercuss\u00e3o do caso.<\/p>\n\n\n\n<p>O porta-voz do casal desmentiu os fatos, afirmando que se tratava de uma &#8220;campanha de difama\u00e7\u00e3o calculada com base em informa\u00e7\u00f5es enganosas e prejudiciais&#8221;, poucos dias antes da entrevista com Oprah acontecer.<\/p>\n\n\n\n<p>Ap\u00f3s sa\u00edrem do Reino Unido, Harry e Meghan se mudaram para o Canad\u00e1 e depois para a Calif\u00f3rnia. Viveram primeiro em Los Angeles e, desde julho, est\u00e3o em Montecito, uma pequena e pr\u00f3spera cidade costeira.<\/p>\n","protected":false},"excerpt":{"rendered":"<p>Compartilhar Tweet (JBCNEWS &#8211; DF 08\/03) &#8211; Na aguardada entrevista para a apresentadora americana Oprah Winfrey, Harry e Meghan n\u00e3o pouparam cr\u00edticas \u00e0 fam\u00edlia real, revelando<span class=\"excerpt-hellip\"> [\u2026]<\/span><\/p>\n","protected":false},"author":1,"featured_media":2716,"comment_status":"open","ping_status":"open","sticky":false,"template":"","format":"standard","meta":{"footnotes":""},"categories":[21],"tags":[],"yoast_head":"<!-- This site is optimized with the Yoast SEO plugin v22.6 - https:\/\/yoast.com\/wordpress\/plugins\/seo\/ -->\n<title>Em entrevista a Oprah, Meghan critica a fam\u00edlia real e afirma que a cor da pele do seu filho gerou &#039;preocupa\u00e7\u00f5es&#039; - JBCNews<\/title>\n<meta name=\"robots\" content=\"index, follow, max-snippet:-1, max-image-preview:large, max-video-preview:-1\" \/>\n<link rel=\"canonical\" href=\"https:\/\/jbcnews.com.br\/index.php\/2021\/03\/08\/em-entrevista-a-oprah-meghan-critica-a-familia-real-e-afirma-que-a-cor-da-pele-do-seu-filho-gerou-preocupacoes\/\" \/>\n<meta property=\"og:locale\" content=\"pt_BR\" \/>\n<meta property=\"og:type\" content=\"article\" \/>\n<meta property=\"og:title\" content=\"Em entrevista a Oprah, Meghan critica a fam\u00edlia real e afirma que a cor da pele do seu filho gerou &#039;preocupa\u00e7\u00f5es&#039; - JBCNews\" \/>\n<meta property=\"og:description\" content=\"Compartilhar Tweet (JBCNEWS &#8211; DF 08\/03) &#8211; Na aguardada entrevista para a apresentadora americana Oprah Winfrey, Harry e Meghan n\u00e3o pouparam cr\u00edticas \u00e0 fam\u00edlia real, revelando [\u2026]\" \/>\n<meta property=\"og:url\" content=\"https:\/\/jbcnews.com.br\/index.php\/2021\/03\/08\/em-entrevista-a-oprah-meghan-critica-a-familia-real-e-afirma-que-a-cor-da-pele-do-seu-filho-gerou-preocupacoes\/\" \/>\n<meta property=\"og:site_name\" content=\"JBCNews\" \/>\n<meta property=\"article:published_time\" content=\"2021-03-08T16:45:04+00:00\" \/>\n<meta property=\"article:modified_time\" content=\"2021-05-07T16:35:19+00:00\" \/>\n<meta property=\"og:image\" content=\"https:\/\/jbcnews.com.br\/wp-content\/uploads\/2021\/03\/imagem.png\" \/>\n\t<meta property=\"og:image:width\" content=\"448\" \/>\n\t<meta property=\"og:image:height\" content=\"269\" \/>\n\t<meta property=\"og:image:type\" content=\"image\/png\" \/>\n<meta name=\"author\" content=\"admin\" \/>\n<meta name=\"twitter:card\" content=\"summary_large_image\" \/>\n<meta name=\"twitter:label1\" content=\"Escrito por\" \/>\n\t<meta name=\"twitter:data1\" content=\"admin\" \/>\n\t<meta name=\"twitter:label2\" content=\"Est. tempo de leitura\" \/>\n\t<meta name=\"twitter:data2\" content=\"7 minutos\" \/>\n<script type=\"application\/ld+json\" class=\"yoast-schema-graph\">{\"@context\":\"https:\/\/schema.org\",\"@graph\":[{\"@type\":\"WebPage\",\"@id\":\"https:\/\/jbcnews.com.br\/index.php\/2021\/03\/08\/em-entrevista-a-oprah-meghan-critica-a-familia-real-e-afirma-que-a-cor-da-pele-do-seu-filho-gerou-preocupacoes\/\",\"url\":\"https:\/\/jbcnews.com.br\/index.php\/2021\/03\/08\/em-entrevista-a-oprah-meghan-critica-a-familia-real-e-afirma-que-a-cor-da-pele-do-seu-filho-gerou-preocupacoes\/\",\"name\":\"Em entrevista a Oprah, Meghan critica a fam\u00edlia real e afirma que a cor da pele do seu filho gerou 'preocupa\u00e7\u00f5es' - JBCNews\",\"isPartOf\":{\"@id\":\"https:\/\/jbcnews.com.br\/#website\"},\"primaryImageOfPage\":{\"@id\":\"https:\/\/jbcnews.com.br\/index.php\/2021\/03\/08\/em-entrevista-a-oprah-meghan-critica-a-familia-real-e-afirma-que-a-cor-da-pele-do-seu-filho-gerou-preocupacoes\/#primaryimage\"},\"image\":{\"@id\":\"https:\/\/jbcnews.com.br\/index.php\/2021\/03\/08\/em-entrevista-a-oprah-meghan-critica-a-familia-real-e-afirma-que-a-cor-da-pele-do-seu-filho-gerou-preocupacoes\/#primaryimage\"},\"thumbnailUrl\":\"https:\/\/jbcnews.com.br\/wp-content\/uploads\/2021\/03\/imagem.png\",\"datePublished\":\"2021-03-08T16:45:04+00:00\",\"dateModified\":\"2021-05-07T16:35:19+00:00\",\"author\":{\"@id\":\"https:\/\/jbcnews.com.br\/#\/schema\/person\/3b597ec20ccf92d0adc436057caf9bbe\"},\"breadcrumb\":{\"@id\":\"https:\/\/jbcnews.com.br\/index.php\/2021\/03\/08\/em-entrevista-a-oprah-meghan-critica-a-familia-real-e-afirma-que-a-cor-da-pele-do-seu-filho-gerou-preocupacoes\/#breadcrumb\"},\"inLanguage\":\"pt-BR\",\"potentialAction\":[{\"@type\":\"ReadAction\",\"target\":[\"https:\/\/jbcnews.com.br\/index.php\/2021\/03\/08\/em-entrevista-a-oprah-meghan-critica-a-familia-real-e-afirma-que-a-cor-da-pele-do-seu-filho-gerou-preocupacoes\/\"]}]},{\"@type\":\"ImageObject\",\"inLanguage\":\"pt-BR\",\"@id\":\"https:\/\/jbcnews.com.br\/index.php\/2021\/03\/08\/em-entrevista-a-oprah-meghan-critica-a-familia-real-e-afirma-que-a-cor-da-pele-do-seu-filho-gerou-preocupacoes\/#primaryimage\",\"url\":\"https:\/\/jbcnews.com.br\/wp-content\/uploads\/2021\/03\/imagem.png\",\"contentUrl\":\"https:\/\/jbcnews.com.br\/wp-content\/uploads\/2021\/03\/imagem.png\",\"width\":448,\"height\":269},{\"@type\":\"BreadcrumbList\",\"@id\":\"https:\/\/jbcnews.com.br\/index.php\/2021\/03\/08\/em-entrevista-a-oprah-meghan-critica-a-familia-real-e-afirma-que-a-cor-da-pele-do-seu-filho-gerou-preocupacoes\/#breadcrumb\",\"itemListElement\":[{\"@type\":\"ListItem\",\"position\":1,\"name\":\"In\u00edcio\",\"item\":\"https:\/\/jbcnews.com.br\/\"},{\"@type\":\"ListItem\",\"position\":2,\"name\":\"Em entrevista a Oprah, Meghan critica a fam\u00edlia real e afirma que a cor da pele do seu filho gerou &#8216;preocupa\u00e7\u00f5es&#8217;\"}]},{\"@type\":\"WebSite\",\"@id\":\"https:\/\/jbcnews.com.br\/#website\",\"url\":\"https:\/\/jbcnews.com.br\/\",\"name\":\"JBCNews\",\"description\":\"Comunica\u00e7\u00e3o e Cultura\",\"potentialAction\":[{\"@type\":\"SearchAction\",\"target\":{\"@type\":\"EntryPoint\",\"urlTemplate\":\"https:\/\/jbcnews.com.br\/?s={search_term_string}\"},\"query-input\":\"required name=search_term_string\"}],\"inLanguage\":\"pt-BR\"},{\"@type\":\"Person\",\"@id\":\"https:\/\/jbcnews.com.br\/#\/schema\/person\/3b597ec20ccf92d0adc436057caf9bbe\",\"name\":\"admin\",\"image\":{\"@type\":\"ImageObject\",\"inLanguage\":\"pt-BR\",\"@id\":\"https:\/\/jbcnews.com.br\/#\/schema\/person\/image\/\",\"url\":\"https:\/\/secure.gravatar.com\/avatar\/fe848d2435b65c3ed1cdd3a8e8f3bb2d?s=96&d=mm&r=g\",\"contentUrl\":\"https:\/\/secure.gravatar.com\/avatar\/fe848d2435b65c3ed1cdd3a8e8f3bb2d?s=96&d=mm&r=g\",\"caption\":\"admin\"},\"sameAs\":[\"https:\/\/jbcnews.com.br\"],\"url\":\"https:\/\/jbcnews.com.br\/index.php\/author\/jbcnews\/\"}]}<\/script>\n<!-- \/ Yoast SEO plugin. -->","yoast_head_json":{"title":"Em entrevista a Oprah, Meghan critica a fam\u00edlia real e afirma que a cor da pele do seu filho gerou 'preocupa\u00e7\u00f5es' - JBCNews","robots":{"index":"index","follow":"follow","max-snippet":"max-snippet:-1","max-image-preview":"max-image-preview:large","max-video-preview":"max-video-preview:-1"},"canonical":"https:\/\/jbcnews.com.br\/index.php\/2021\/03\/08\/em-entrevista-a-oprah-meghan-critica-a-familia-real-e-afirma-que-a-cor-da-pele-do-seu-filho-gerou-preocupacoes\/","og_locale":"pt_BR","og_type":"article","og_title":"Em entrevista a Oprah, Meghan critica a fam\u00edlia real e afirma que a cor da pele do seu filho gerou 'preocupa\u00e7\u00f5es' - JBCNews","og_description":"Compartilhar Tweet (JBCNEWS &#8211; DF 08\/03) &#8211; Na aguardada entrevista para a apresentadora americana Oprah Winfrey, Harry e Meghan n\u00e3o pouparam cr\u00edticas \u00e0 fam\u00edlia real, revelando [\u2026]","og_url":"https:\/\/jbcnews.com.br\/index.php\/2021\/03\/08\/em-entrevista-a-oprah-meghan-critica-a-familia-real-e-afirma-que-a-cor-da-pele-do-seu-filho-gerou-preocupacoes\/","og_site_name":"JBCNews","article_published_time":"2021-03-08T16:45:04+00:00","article_modified_time":"2021-05-07T16:35:19+00:00","og_image":[{"width":448,"height":269,"url":"https:\/\/jbcnews.com.br\/wp-content\/uploads\/2021\/03\/imagem.png","type":"image\/png"}],"author":"admin","twitter_card":"summary_large_image","twitter_misc":{"Escrito por":"admin","Est. tempo de leitura":"7 minutos"},"schema":{"@context":"https:\/\/schema.org","@graph":[{"@type":"WebPage","@id":"https:\/\/jbcnews.com.br\/index.php\/2021\/03\/08\/em-entrevista-a-oprah-meghan-critica-a-familia-real-e-afirma-que-a-cor-da-pele-do-seu-filho-gerou-preocupacoes\/","url":"https:\/\/jbcnews.com.br\/index.php\/2021\/03\/08\/em-entrevista-a-oprah-meghan-critica-a-familia-real-e-afirma-que-a-cor-da-pele-do-seu-filho-gerou-preocupacoes\/","name":"Em entrevista a Oprah, Meghan critica a fam\u00edlia real e afirma que a cor da pele do seu filho gerou 'preocupa\u00e7\u00f5es' - JBCNews","isPartOf":{"@id":"https:\/\/jbcnews.com.br\/#website"},"primaryImageOfPage":{"@id":"https:\/\/jbcnews.com.br\/index.php\/2021\/03\/08\/em-entrevista-a-oprah-meghan-critica-a-familia-real-e-afirma-que-a-cor-da-pele-do-seu-filho-gerou-preocupacoes\/#primaryimage"},"image":{"@id":"https:\/\/jbcnews.com.br\/index.php\/2021\/03\/08\/em-entrevista-a-oprah-meghan-critica-a-familia-real-e-afirma-que-a-cor-da-pele-do-seu-filho-gerou-preocupacoes\/#primaryimage"},"thumbnailUrl":"https:\/\/jbcnews.com.br\/wp-content\/uploads\/2021\/03\/imagem.png","datePublished":"2021-03-08T16:45:04+00:00","dateModified":"2021-05-07T16:35:19+00:00","author":{"@id":"https:\/\/jbcnews.com.br\/#\/schema\/person\/3b597ec20ccf92d0adc436057caf9bbe"},"breadcrumb":{"@id":"https:\/\/jbcnews.com.br\/index.php\/2021\/03\/08\/em-entrevista-a-oprah-meghan-critica-a-familia-real-e-afirma-que-a-cor-da-pele-do-seu-filho-gerou-preocupacoes\/#breadcrumb"},"inLanguage":"pt-BR","potentialAction":[{"@type":"ReadAction","target":["https:\/\/jbcnews.com.br\/index.php\/2021\/03\/08\/em-entrevista-a-oprah-meghan-critica-a-familia-real-e-afirma-que-a-cor-da-pele-do-seu-filho-gerou-preocupacoes\/"]}]},{"@type":"ImageObject","inLanguage":"pt-BR","@id":"https:\/\/jbcnews.com.br\/index.php\/2021\/03\/08\/em-entrevista-a-oprah-meghan-critica-a-familia-real-e-afirma-que-a-cor-da-pele-do-seu-filho-gerou-preocupacoes\/#primaryimage","url":"https:\/\/jbcnews.com.br\/wp-content\/uploads\/2021\/03\/imagem.png","contentUrl":"https:\/\/jbcnews.com.br\/wp-content\/uploads\/2021\/03\/imagem.png","width":448,"height":269},{"@type":"BreadcrumbList","@id":"https:\/\/jbcnews.com.br\/index.php\/2021\/03\/08\/em-entrevista-a-oprah-meghan-critica-a-familia-real-e-afirma-que-a-cor-da-pele-do-seu-filho-gerou-preocupacoes\/#breadcrumb","itemListElement":[{"@type":"ListItem","position":1,"name":"In\u00edcio","item":"https:\/\/jbcnews.com.br\/"},{"@type":"ListItem","position":2,"name":"Em entrevista a Oprah, Meghan critica a fam\u00edlia real e afirma que a cor da pele do seu filho gerou &#8216;preocupa\u00e7\u00f5es&#8217;"}]},{"@type":"WebSite","@id":"https:\/\/jbcnews.com.br\/#website","url":"https:\/\/jbcnews.com.br\/","name":"JBCNews","description":"Comunica\u00e7\u00e3o e Cultura","potentialAction":[{"@type":"SearchAction","target":{"@type":"EntryPoint","urlTemplate":"https:\/\/jbcnews.com.br\/?s={search_term_string}"},"query-input":"required name=search_term_string"}],"inLanguage":"pt-BR"},{"@type":"Person","@id":"https:\/\/jbcnews.com.br\/#\/schema\/person\/3b597ec20ccf92d0adc436057caf9bbe","name":"admin","image":{"@type":"ImageObject","inLanguage":"pt-BR","@id":"https:\/\/jbcnews.com.br\/#\/schema\/person\/image\/","url":"https:\/\/secure.gravatar.com\/avatar\/fe848d2435b65c3ed1cdd3a8e8f3bb2d?s=96&d=mm&r=g","contentUrl":"https:\/\/secure.gravatar.com\/avatar\/fe848d2435b65c3ed1cdd3a8e8f3bb2d?s=96&d=mm&r=g","caption":"admin"},"sameAs":["https:\/\/jbcnews.com.br"],"url":"https:\/\/jbcnews.com.br\/index.php\/author\/jbcnews\/"}]}},"_links":{"self":[{"href":"https:\/\/jbcnews.com.br\/index.php\/wp-json\/wp\/v2\/posts\/2715"}],"collection":[{"href":"https:\/\/jbcnews.com.br\/index.php\/wp-json\/wp\/v2\/posts"}],"about":[{"href":"https:\/\/jbcnews.com.br\/index.php\/wp-json\/wp\/v2\/types\/post"}],"author":[{"embeddable":true,"href":"https:\/\/jbcnews.com.br\/index.php\/wp-json\/wp\/v2\/users\/1"}],"replies":[{"embeddable":true,"href":"https:\/\/jbcnews.com.br\/index.php\/wp-json\/wp\/v2\/comments?post=2715"}],"version-history":[{"count":1,"href":"https:\/\/jbcnews.com.br\/index.php\/wp-json\/wp\/v2\/posts\/2715\/revisions"}],"predecessor-version":[{"id":2717,"href":"https:\/\/jbcnews.com.br\/index.php\/wp-json\/wp\/v2\/posts\/2715\/revisions\/2717"}],"wp:featuredmedia":[{"embeddable":true,"href":"https:\/\/jbcnews.com.br\/index.php\/wp-json\/wp\/v2\/media\/2716"}],"wp:attachment":[{"href":"https:\/\/jbcnews.com.br\/index.php\/wp-json\/wp\/v2\/media?parent=2715"}],"wp:term":[{"taxonomy":"category","embeddable":true,"href":"https:\/\/jbcnews.com.br\/index.php\/wp-json\/wp\/v2\/categories?post=2715"},{"taxonomy":"post_tag","embeddable":true,"href":"https:\/\/jbcnews.com.br\/index.php\/wp-json\/wp\/v2\/tags?post=2715"}],"curies":[{"name":"wp","href":"https:\/\/api.w.org\/{rel}","templated":true}]}}