{"id":2712,"date":"2021-03-04T20:14:56","date_gmt":"2021-03-04T20:14:56","guid":{"rendered":"https:\/\/jbcnews.com.br\/?p=2712"},"modified":"2021-03-04T20:15:21","modified_gmt":"2021-03-04T20:15:21","slug":"bia-kicis-deve-ser-confirmada-na-ccj-da-camara-nesta-quinta-feira","status":"publish","type":"post","link":"https:\/\/jbcnews.com.br\/index.php\/2021\/03\/04\/bia-kicis-deve-ser-confirmada-na-ccj-da-camara-nesta-quinta-feira\/","title":{"rendered":"Bia Kicis deve ser confirmada na CCJ da C\u00e2mara nesta quinta-feira."},"content":{"rendered":"\n<p>(JBCNEWS &#8211; DF 04\/03 &#8211; Ap\u00f3s um m\u00eas de trabalho nos bastidores, a deputada bolsonarista Bia Kicis (PSL-DF) conseguiu diminuir resist\u00eancias e est\u00e1 pr\u00f3xima de ser confirmada como presidente da Comiss\u00e3o de Constitui\u00e7\u00e3o e Justi\u00e7a (CCJ), colegiado mais importante da C\u00e2mara.<\/p>\n\n\n\n<p>A instala\u00e7\u00e3o das comiss\u00f5es est\u00e1 prevista para ocorrer ainda nesta quinta-feira, mas pode ser adiada devido \u00e0 interrup\u00e7\u00e3o dos trabalhos presenciais da C\u00e2mara dos Deputados.<\/p>\n\n\n\n<p>Por l\u00e1, passar\u00e3o os principais projetos da Casa. O colegiado tem a prerrogativa de analisar a constitucionalidade de cada texto. Para assumir o cargo, Kicis j\u00e1 conseguiu o apoio de partidos do centr\u00e3o, como PP, PL, PSD e Republicanos. A expectativa entre os deputados \u00e9 que apenas a oposi\u00e7\u00e3o protesta contra o nome dela.<\/p>\n\n\n\n<p>Presente nos atos antidemocr\u00e1ticos incentivados pelo presidente Jair Bolsonaro, Kicis tenta construir pontes at\u00e9 com partidos de esquerda. Para convenc\u00ea-los, segundo um deputado desse grupo, ela argumenta que ser\u00e1 &#8220;democr\u00e1tica e respeitar\u00e1 as diferen\u00e7as&#8221;. Garante ainda que dar\u00e1 a palavra a todos quando estiver no comando da comiss\u00e3o.<\/p>\n\n\n\n<p>No DEM, j\u00e1 h\u00e1 um movimento, inclusive, para que os integrantes indicados \u00e0 comiss\u00e3o se comprometam a votar na bolsonarista. O deputado Kim Kataguiri (DEM-SP), por exemplo, come\u00e7ar\u00e1 como suplente e s\u00f3 depois dever\u00e1 ser titular. A ideia \u00e9 eleger um indicado escolhido pelo PSL para n\u00e3o provocar um efeito cascata e atrapalhar as negocia\u00e7\u00f5es para o comando de outras comiss\u00f5es.<\/p>\n\n\n\n<p>Proporcionalmente, caber\u00e1 ao PSL indicar um nome \u00e0 presid\u00eancia da CCJ. Embora o partido seja dividido entre bolsonaristas e apoiadores do presidente da sigla, Luciano Bivar (PSL-PE), h\u00e1 um acordo firmado pelos dois lados no momento da elei\u00e7\u00e3o para a presid\u00eancia da C\u00e2mara. Bivar ficaria com indica\u00e7\u00e3o da primeira secretaria da Casa, enquanto Kicis, apoiada pelos bolsonaristas, seria indicada \u00e0 CCJ.<\/p>\n\n\n\n<p>&#8220;N\u00e3o interessa a ningu\u00e9m bagun\u00e7ar a regra da proporcionalidade&#8221;, diz um aliado de Lira e importante l\u00edder do Centr\u00e3o.<\/p>\n\n\n\n<p>A instala\u00e7\u00e3o das comiss\u00f5es permanentes da C\u00e2mara estava prevista para esta quinta-feira. Ao GLOBO, no entanto, o presidente da Casa, Arthur Lira (PP-AL), disse que ainda avalia se haver\u00e1 tempo para a instala\u00e7\u00e3o. Ou seja, a escolha pode ficar para a pr\u00f3xima semana.<\/p>\n\n\n\n<p>S\u00f3 deputados do bloco vencedor na elei\u00e7\u00e3o da Mesa Diretora, ou seja, aliados de Lira, podem se candidatar \u00e0 presid\u00eancia da comiss\u00e3o. Por isso, l\u00edderes n\u00e3o v\u00e3o permitir que candidatos avulsos disputem. S\u00f3 um deputado do PSL poderia concorrer, mas os membros foram selecionados pelo l\u00edder Vitor Hugo (PSL-GO) para evitar que isso acontecesse.<\/p>\n\n\n\n<p>Para burlar esse impedimento, o deputado Delegado Waldir (PSL-GO) planeja conseguir um assento na comiss\u00e3o atrav\u00e9s de um l\u00edder de oposi\u00e7\u00e3o para disputar contra Bia Kicis. Ao GLOBO, ele diz que j\u00e1 comunicou ao partido sua inten\u00e7\u00e3o de concorrer \u00e0 presid\u00eancia da CCJ.<\/p>\n\n\n\n<p>\u2014 Estou avaliando ainda se terei votos, porque n\u00e3o vou concorrer s\u00f3 por concorrer. Preciso ter a garantia de que minha candidatura \u00e9 vi\u00e1vel.<\/p>\n\n\n\n<p>Um fator que contribuiu para diminuir a resist\u00eancia em torno do nome de Bia Kicis foi sua atitude ap\u00f3s a pris\u00e3o do bolsonarista Daniel Silveira (PSL-RJ), investigado, como ela, por dissemina\u00e7\u00e3o de not\u00edcias falsas. Kicis n\u00e3o se pronunciou em solidariedade ao aliado, o que foi visto como sinaliza\u00e7\u00e3o de que ela pode ter comedimento \u00e0 frente da comiss\u00e3o.<\/p>\n\n\n\n<p>L\u00edderes apontam tamb\u00e9m que a C\u00e2mara j\u00e1 fez um gesto ao Supremo Tribunal Federal ao votar para manter a pris\u00e3o de Silveira. Por isso, diminuiu a press\u00e3o para barrar o nome de Kicis em prol de manter uma boa rela\u00e7\u00e3o com os ministros do Supremo. A repercuss\u00e3o negativa em torno do nome dela tamb\u00e9m teria diminu\u00eddo, na avalia\u00e7\u00e3o das lideran\u00e7as.<\/p>\n\n\n\n<p>J\u00e1 h\u00e1 uma expectativa para aloca\u00e7\u00e3o de partidos em cada comiss\u00e3o. Por\u00e9m, ainda pode haver mudan\u00e7as e acordos para trocas. Al\u00e9m de o PSL ficar com a CCJ, o PSD deve ficar com Comiss\u00e3o de Finan\u00e7as e Tributa\u00e7\u00e3o; PL, Minas e Energia; DEM Educa\u00e7\u00e3o; PSL, Agricultura, Solidariedade, Fiscaliza\u00e7\u00e3o Financeira e Controle.<\/p>\n\n\n\n<p>Em arranjo inicial, as seguintes legendas devem ocupar os colegiados: PSD, Desenvolvimento Econ\u00f4mico; PSL, Seguran\u00e7a P\u00fablica; PP, Seguridade Social e Fam\u00edlia; Republicanos, Defesa do Consumidor; MDB, Desenvolvimento Urbano; PDT, Trabalho, Administra\u00e7\u00e3o e Servi\u00e7o P\u00fablico; PT, Direitos Humanos; Podemos, Turismo; PSDB ou PSL, Rela\u00e7\u00f5es Exteriores.<\/p>\n","protected":false},"excerpt":{"rendered":"<p>(JBCNEWS &#8211; DF 04\/03 &#8211; Ap\u00f3s um m\u00eas de trabalho nos bastidores, a deputada bolsonarista Bia Kicis (PSL-DF) conseguiu diminuir resist\u00eancias e est\u00e1 pr\u00f3xima de ser<span class=\"excerpt-hellip\"> [\u2026]<\/span><\/p>\n","protected":false},"author":1,"featured_media":2713,"comment_status":"open","ping_status":"open","sticky":false,"template":"","format":"standard","meta":{"footnotes":""},"categories":[20],"tags":[],"yoast_head":"<!-- This site is optimized with the Yoast SEO plugin v22.6 - https:\/\/yoast.com\/wordpress\/plugins\/seo\/ -->\n<title>Bia Kicis deve ser confirmada na CCJ da C\u00e2mara nesta quinta-feira. - JBCNews<\/title>\n<meta name=\"robots\" content=\"index, follow, max-snippet:-1, max-image-preview:large, max-video-preview:-1\" \/>\n<link rel=\"canonical\" href=\"https:\/\/jbcnews.com.br\/index.php\/2021\/03\/04\/bia-kicis-deve-ser-confirmada-na-ccj-da-camara-nesta-quinta-feira\/\" \/>\n<meta property=\"og:locale\" content=\"pt_BR\" \/>\n<meta property=\"og:type\" content=\"article\" \/>\n<meta property=\"og:title\" content=\"Bia Kicis deve ser confirmada na CCJ da C\u00e2mara nesta quinta-feira. - JBCNews\" \/>\n<meta property=\"og:description\" content=\"(JBCNEWS &#8211; DF 04\/03 &#8211; Ap\u00f3s um m\u00eas de trabalho nos bastidores, a deputada bolsonarista Bia Kicis (PSL-DF) conseguiu diminuir resist\u00eancias e est\u00e1 pr\u00f3xima de ser [\u2026]\" \/>\n<meta property=\"og:url\" content=\"https:\/\/jbcnews.com.br\/index.php\/2021\/03\/04\/bia-kicis-deve-ser-confirmada-na-ccj-da-camara-nesta-quinta-feira\/\" \/>\n<meta property=\"og:site_name\" content=\"JBCNews\" \/>\n<meta property=\"article:published_time\" content=\"2021-03-04T20:14:56+00:00\" \/>\n<meta property=\"article:modified_time\" content=\"2021-03-04T20:15:21+00:00\" \/>\n<meta property=\"og:image\" content=\"https:\/\/jbcnews.com.br\/wp-content\/uploads\/2021\/03\/imagem-70.png\" \/>\n\t<meta property=\"og:image:width\" content=\"959\" \/>\n\t<meta property=\"og:image:height\" content=\"417\" \/>\n\t<meta property=\"og:image:type\" content=\"image\/png\" \/>\n<meta name=\"author\" content=\"admin\" \/>\n<meta name=\"twitter:card\" content=\"summary_large_image\" \/>\n<meta name=\"twitter:label1\" content=\"Escrito por\" \/>\n\t<meta name=\"twitter:data1\" content=\"admin\" \/>\n\t<meta name=\"twitter:label2\" content=\"Est. tempo de leitura\" \/>\n\t<meta name=\"twitter:data2\" content=\"4 minutos\" \/>\n<script type=\"application\/ld+json\" class=\"yoast-schema-graph\">{\"@context\":\"https:\/\/schema.org\",\"@graph\":[{\"@type\":\"WebPage\",\"@id\":\"https:\/\/jbcnews.com.br\/index.php\/2021\/03\/04\/bia-kicis-deve-ser-confirmada-na-ccj-da-camara-nesta-quinta-feira\/\",\"url\":\"https:\/\/jbcnews.com.br\/index.php\/2021\/03\/04\/bia-kicis-deve-ser-confirmada-na-ccj-da-camara-nesta-quinta-feira\/\",\"name\":\"Bia Kicis deve ser confirmada na CCJ da C\u00e2mara nesta quinta-feira. - JBCNews\",\"isPartOf\":{\"@id\":\"https:\/\/jbcnews.com.br\/#website\"},\"primaryImageOfPage\":{\"@id\":\"https:\/\/jbcnews.com.br\/index.php\/2021\/03\/04\/bia-kicis-deve-ser-confirmada-na-ccj-da-camara-nesta-quinta-feira\/#primaryimage\"},\"image\":{\"@id\":\"https:\/\/jbcnews.com.br\/index.php\/2021\/03\/04\/bia-kicis-deve-ser-confirmada-na-ccj-da-camara-nesta-quinta-feira\/#primaryimage\"},\"thumbnailUrl\":\"https:\/\/jbcnews.com.br\/wp-content\/uploads\/2021\/03\/imagem-70.png\",\"datePublished\":\"2021-03-04T20:14:56+00:00\",\"dateModified\":\"2021-03-04T20:15:21+00:00\",\"author\":{\"@id\":\"https:\/\/jbcnews.com.br\/#\/schema\/person\/3b597ec20ccf92d0adc436057caf9bbe\"},\"breadcrumb\":{\"@id\":\"https:\/\/jbcnews.com.br\/index.php\/2021\/03\/04\/bia-kicis-deve-ser-confirmada-na-ccj-da-camara-nesta-quinta-feira\/#breadcrumb\"},\"inLanguage\":\"pt-BR\",\"potentialAction\":[{\"@type\":\"ReadAction\",\"target\":[\"https:\/\/jbcnews.com.br\/index.php\/2021\/03\/04\/bia-kicis-deve-ser-confirmada-na-ccj-da-camara-nesta-quinta-feira\/\"]}]},{\"@type\":\"ImageObject\",\"inLanguage\":\"pt-BR\",\"@id\":\"https:\/\/jbcnews.com.br\/index.php\/2021\/03\/04\/bia-kicis-deve-ser-confirmada-na-ccj-da-camara-nesta-quinta-feira\/#primaryimage\",\"url\":\"https:\/\/jbcnews.com.br\/wp-content\/uploads\/2021\/03\/imagem-70.png\",\"contentUrl\":\"https:\/\/jbcnews.com.br\/wp-content\/uploads\/2021\/03\/imagem-70.png\",\"width\":959,\"height\":417},{\"@type\":\"BreadcrumbList\",\"@id\":\"https:\/\/jbcnews.com.br\/index.php\/2021\/03\/04\/bia-kicis-deve-ser-confirmada-na-ccj-da-camara-nesta-quinta-feira\/#breadcrumb\",\"itemListElement\":[{\"@type\":\"ListItem\",\"position\":1,\"name\":\"In\u00edcio\",\"item\":\"https:\/\/jbcnews.com.br\/\"},{\"@type\":\"ListItem\",\"position\":2,\"name\":\"Bia Kicis deve ser confirmada na CCJ da C\u00e2mara nesta quinta-feira.\"}]},{\"@type\":\"WebSite\",\"@id\":\"https:\/\/jbcnews.com.br\/#website\",\"url\":\"https:\/\/jbcnews.com.br\/\",\"name\":\"JBCNews\",\"description\":\"Comunica\u00e7\u00e3o e Cultura\",\"potentialAction\":[{\"@type\":\"SearchAction\",\"target\":{\"@type\":\"EntryPoint\",\"urlTemplate\":\"https:\/\/jbcnews.com.br\/?s={search_term_string}\"},\"query-input\":\"required name=search_term_string\"}],\"inLanguage\":\"pt-BR\"},{\"@type\":\"Person\",\"@id\":\"https:\/\/jbcnews.com.br\/#\/schema\/person\/3b597ec20ccf92d0adc436057caf9bbe\",\"name\":\"admin\",\"image\":{\"@type\":\"ImageObject\",\"inLanguage\":\"pt-BR\",\"@id\":\"https:\/\/jbcnews.com.br\/#\/schema\/person\/image\/\",\"url\":\"https:\/\/secure.gravatar.com\/avatar\/fe848d2435b65c3ed1cdd3a8e8f3bb2d?s=96&d=mm&r=g\",\"contentUrl\":\"https:\/\/secure.gravatar.com\/avatar\/fe848d2435b65c3ed1cdd3a8e8f3bb2d?s=96&d=mm&r=g\",\"caption\":\"admin\"},\"sameAs\":[\"https:\/\/jbcnews.com.br\"],\"url\":\"https:\/\/jbcnews.com.br\/index.php\/author\/jbcnews\/\"}]}<\/script>\n<!-- \/ Yoast SEO plugin. -->","yoast_head_json":{"title":"Bia Kicis deve ser confirmada na CCJ da C\u00e2mara nesta quinta-feira. - JBCNews","robots":{"index":"index","follow":"follow","max-snippet":"max-snippet:-1","max-image-preview":"max-image-preview:large","max-video-preview":"max-video-preview:-1"},"canonical":"https:\/\/jbcnews.com.br\/index.php\/2021\/03\/04\/bia-kicis-deve-ser-confirmada-na-ccj-da-camara-nesta-quinta-feira\/","og_locale":"pt_BR","og_type":"article","og_title":"Bia Kicis deve ser confirmada na CCJ da C\u00e2mara nesta quinta-feira. - JBCNews","og_description":"(JBCNEWS &#8211; DF 04\/03 &#8211; Ap\u00f3s um m\u00eas de trabalho nos bastidores, a deputada bolsonarista Bia Kicis (PSL-DF) conseguiu diminuir resist\u00eancias e est\u00e1 pr\u00f3xima de ser [\u2026]","og_url":"https:\/\/jbcnews.com.br\/index.php\/2021\/03\/04\/bia-kicis-deve-ser-confirmada-na-ccj-da-camara-nesta-quinta-feira\/","og_site_name":"JBCNews","article_published_time":"2021-03-04T20:14:56+00:00","article_modified_time":"2021-03-04T20:15:21+00:00","og_image":[{"width":959,"height":417,"url":"https:\/\/jbcnews.com.br\/wp-content\/uploads\/2021\/03\/imagem-70.png","type":"image\/png"}],"author":"admin","twitter_card":"summary_large_image","twitter_misc":{"Escrito por":"admin","Est. tempo de leitura":"4 minutos"},"schema":{"@context":"https:\/\/schema.org","@graph":[{"@type":"WebPage","@id":"https:\/\/jbcnews.com.br\/index.php\/2021\/03\/04\/bia-kicis-deve-ser-confirmada-na-ccj-da-camara-nesta-quinta-feira\/","url":"https:\/\/jbcnews.com.br\/index.php\/2021\/03\/04\/bia-kicis-deve-ser-confirmada-na-ccj-da-camara-nesta-quinta-feira\/","name":"Bia Kicis deve ser confirmada na CCJ da C\u00e2mara nesta quinta-feira. - JBCNews","isPartOf":{"@id":"https:\/\/jbcnews.com.br\/#website"},"primaryImageOfPage":{"@id":"https:\/\/jbcnews.com.br\/index.php\/2021\/03\/04\/bia-kicis-deve-ser-confirmada-na-ccj-da-camara-nesta-quinta-feira\/#primaryimage"},"image":{"@id":"https:\/\/jbcnews.com.br\/index.php\/2021\/03\/04\/bia-kicis-deve-ser-confirmada-na-ccj-da-camara-nesta-quinta-feira\/#primaryimage"},"thumbnailUrl":"https:\/\/jbcnews.com.br\/wp-content\/uploads\/2021\/03\/imagem-70.png","datePublished":"2021-03-04T20:14:56+00:00","dateModified":"2021-03-04T20:15:21+00:00","author":{"@id":"https:\/\/jbcnews.com.br\/#\/schema\/person\/3b597ec20ccf92d0adc436057caf9bbe"},"breadcrumb":{"@id":"https:\/\/jbcnews.com.br\/index.php\/2021\/03\/04\/bia-kicis-deve-ser-confirmada-na-ccj-da-camara-nesta-quinta-feira\/#breadcrumb"},"inLanguage":"pt-BR","potentialAction":[{"@type":"ReadAction","target":["https:\/\/jbcnews.com.br\/index.php\/2021\/03\/04\/bia-kicis-deve-ser-confirmada-na-ccj-da-camara-nesta-quinta-feira\/"]}]},{"@type":"ImageObject","inLanguage":"pt-BR","@id":"https:\/\/jbcnews.com.br\/index.php\/2021\/03\/04\/bia-kicis-deve-ser-confirmada-na-ccj-da-camara-nesta-quinta-feira\/#primaryimage","url":"https:\/\/jbcnews.com.br\/wp-content\/uploads\/2021\/03\/imagem-70.png","contentUrl":"https:\/\/jbcnews.com.br\/wp-content\/uploads\/2021\/03\/imagem-70.png","width":959,"height":417},{"@type":"BreadcrumbList","@id":"https:\/\/jbcnews.com.br\/index.php\/2021\/03\/04\/bia-kicis-deve-ser-confirmada-na-ccj-da-camara-nesta-quinta-feira\/#breadcrumb","itemListElement":[{"@type":"ListItem","position":1,"name":"In\u00edcio","item":"https:\/\/jbcnews.com.br\/"},{"@type":"ListItem","position":2,"name":"Bia Kicis deve ser confirmada na CCJ da C\u00e2mara nesta quinta-feira."}]},{"@type":"WebSite","@id":"https:\/\/jbcnews.com.br\/#website","url":"https:\/\/jbcnews.com.br\/","name":"JBCNews","description":"Comunica\u00e7\u00e3o e Cultura","potentialAction":[{"@type":"SearchAction","target":{"@type":"EntryPoint","urlTemplate":"https:\/\/jbcnews.com.br\/?s={search_term_string}"},"query-input":"required name=search_term_string"}],"inLanguage":"pt-BR"},{"@type":"Person","@id":"https:\/\/jbcnews.com.br\/#\/schema\/person\/3b597ec20ccf92d0adc436057caf9bbe","name":"admin","image":{"@type":"ImageObject","inLanguage":"pt-BR","@id":"https:\/\/jbcnews.com.br\/#\/schema\/person\/image\/","url":"https:\/\/secure.gravatar.com\/avatar\/fe848d2435b65c3ed1cdd3a8e8f3bb2d?s=96&d=mm&r=g","contentUrl":"https:\/\/secure.gravatar.com\/avatar\/fe848d2435b65c3ed1cdd3a8e8f3bb2d?s=96&d=mm&r=g","caption":"admin"},"sameAs":["https:\/\/jbcnews.com.br"],"url":"https:\/\/jbcnews.com.br\/index.php\/author\/jbcnews\/"}]}},"_links":{"self":[{"href":"https:\/\/jbcnews.com.br\/index.php\/wp-json\/wp\/v2\/posts\/2712"}],"collection":[{"href":"https:\/\/jbcnews.com.br\/index.php\/wp-json\/wp\/v2\/posts"}],"about":[{"href":"https:\/\/jbcnews.com.br\/index.php\/wp-json\/wp\/v2\/types\/post"}],"author":[{"embeddable":true,"href":"https:\/\/jbcnews.com.br\/index.php\/wp-json\/wp\/v2\/users\/1"}],"replies":[{"embeddable":true,"href":"https:\/\/jbcnews.com.br\/index.php\/wp-json\/wp\/v2\/comments?post=2712"}],"version-history":[{"count":1,"href":"https:\/\/jbcnews.com.br\/index.php\/wp-json\/wp\/v2\/posts\/2712\/revisions"}],"predecessor-version":[{"id":2714,"href":"https:\/\/jbcnews.com.br\/index.php\/wp-json\/wp\/v2\/posts\/2712\/revisions\/2714"}],"wp:featuredmedia":[{"embeddable":true,"href":"https:\/\/jbcnews.com.br\/index.php\/wp-json\/wp\/v2\/media\/2713"}],"wp:attachment":[{"href":"https:\/\/jbcnews.com.br\/index.php\/wp-json\/wp\/v2\/media?parent=2712"}],"wp:term":[{"taxonomy":"category","embeddable":true,"href":"https:\/\/jbcnews.com.br\/index.php\/wp-json\/wp\/v2\/categories?post=2712"},{"taxonomy":"post_tag","embeddable":true,"href":"https:\/\/jbcnews.com.br\/index.php\/wp-json\/wp\/v2\/tags?post=2712"}],"curies":[{"name":"wp","href":"https:\/\/api.w.org\/{rel}","templated":true}]}}