{"id":2709,"date":"2021-03-04T20:13:09","date_gmt":"2021-03-04T20:13:09","guid":{"rendered":"https:\/\/jbcnews.com.br\/?p=2709"},"modified":"2021-05-07T16:35:29","modified_gmt":"2021-05-07T16:35:29","slug":"palacio-de-buckingham-esta-muito-preocupado-com-acusacoes-de-bullying-envolvendo-meghan-markle","status":"publish","type":"post","link":"https:\/\/jbcnews.com.br\/index.php\/2021\/03\/04\/palacio-de-buckingham-esta-muito-preocupado-com-acusacoes-de-bullying-envolvendo-meghan-markle\/","title":{"rendered":"Pal\u00e1cio de Buckingham est\u00e1 &#8220;muito preocupado&#8221; com acusa\u00e7\u00f5es de bullying envolvendo Meghan Markle."},"content":{"rendered":"\n<p>(JBCNEWS &#8211; DF 04\/03 &#8211; As acusa\u00e7\u00f5es de suposta pr\u00e1tica de bullying por parte da duquesa de Sussex, Meghan Markle, contra membros de sua ex-equipe no Pal\u00e1cio de Buckingham t\u00eam deixado a realeza consternada.<\/p>\n\n\n\n<p>Segundo reportagem do jornal The Times, Meghan teria intimidado funcion\u00e1rios e conselheiros pr\u00f3ximos no Pal\u00e1cio de Kensington, onde ela morava com o pr\u00edncipe Harry ap\u00f3s o casamento, em maio de 2018.<\/p>\n\n\n\n<p>Em um comunicado oficial divulgado nesta quarta-feira, o Pal\u00e1cio de Buckingham disse estar &#8220;muito preocupado&#8221; com tais acusa\u00e7\u00f5es, afirmando que deve &#8220;analisar as circunst\u00e2ncias descritas no artigo&#8221; publicado pelo jornal.<\/p>\n\n\n\n<p>&#8220;Os funcion\u00e1rios envolvidos, incluindo aqueles que deixaram o pal\u00e1cio, ser\u00e3o convidados a participar [dessa an\u00e1lise] para ver que li\u00e7\u00f5es podem ser aprendidas&#8221;, continuou a nota da Casa Real brit\u00e2nica, acrescentando que &#8220;n\u00e3o tolera intimida\u00e7\u00e3o ou ass\u00e9dio no local de trabalho&#8221;.<\/p>\n\n\n\n<p>Segundo a reportagem, Meghan teria humilhado um de seus conselheiros, al\u00e9m de ter expulsado dois assistentes pessoais e de ter minado a autoconfian\u00e7a de um terceiro membro de sua equipe. Os funcion\u00e1rios afirmaram que ela frequentemente os levava \u00e0s l\u00e1grimas por intimida\u00e7\u00f5es, e que um assessor alegou que chegava a tremer na expectativa de ter de lidar com um confronto com a duquesa.<\/p>\n\n\n\n<p>Na \u00e9poca dos supostos casos de mau tratamento, o Pal\u00e1cio de Buckingham parecia tentar esconder a situa\u00e7\u00e3o em vez de resolv\u00ea-la, diz a reportagem.<\/p>\n\n\n\n<p>Diante das acusa\u00e7\u00f5es, a equipe atual de Meghan e do Pr\u00edncipe Harry afirmou que os dois t\u00eam sido &#8220;v\u00edtimas de uma campanha de difama\u00e7\u00e3o calculada&#8221;, e divulgou uma nota dizendo que Meghan se sente &#8220;triste com esse \u00faltimo ataque a ela&#8221;, sobretudo por tamb\u00e9m ter sido &#8220;alvo de bullying&#8221;. A nota tamb\u00e9m ressalta o desejo de Meghan em &#8220;se esfor\u00e7ar para fazer o que \u00e9 certo e o que \u00e9 bom&#8221; em seus trabalhos em todo o mundo.<\/p>\n","protected":false},"excerpt":{"rendered":"<p>(JBCNEWS &#8211; DF 04\/03 &#8211; As acusa\u00e7\u00f5es de suposta pr\u00e1tica de bullying por parte da duquesa de Sussex, Meghan Markle, contra membros de sua ex-equipe no<span class=\"excerpt-hellip\"> [\u2026]<\/span><\/p>\n","protected":false},"author":1,"featured_media":2710,"comment_status":"open","ping_status":"open","sticky":false,"template":"","format":"standard","meta":{"footnotes":""},"categories":[34],"tags":[],"yoast_head":"<!-- This site is optimized with the Yoast SEO plugin v22.6 - https:\/\/yoast.com\/wordpress\/plugins\/seo\/ -->\n<title>Pal\u00e1cio de Buckingham est\u00e1 &quot;muito preocupado&quot; com acusa\u00e7\u00f5es de bullying envolvendo Meghan Markle. - JBCNews<\/title>\n<meta name=\"robots\" content=\"index, follow, max-snippet:-1, max-image-preview:large, max-video-preview:-1\" \/>\n<link rel=\"canonical\" href=\"https:\/\/jbcnews.com.br\/index.php\/2021\/03\/04\/palacio-de-buckingham-esta-muito-preocupado-com-acusacoes-de-bullying-envolvendo-meghan-markle\/\" \/>\n<meta property=\"og:locale\" content=\"pt_BR\" \/>\n<meta property=\"og:type\" content=\"article\" \/>\n<meta property=\"og:title\" content=\"Pal\u00e1cio de Buckingham est\u00e1 &quot;muito preocupado&quot; com acusa\u00e7\u00f5es de bullying envolvendo Meghan Markle. - JBCNews\" \/>\n<meta property=\"og:description\" content=\"(JBCNEWS &#8211; DF 04\/03 &#8211; As acusa\u00e7\u00f5es de suposta pr\u00e1tica de bullying por parte da duquesa de Sussex, Meghan Markle, contra membros de sua ex-equipe no [\u2026]\" \/>\n<meta property=\"og:url\" content=\"https:\/\/jbcnews.com.br\/index.php\/2021\/03\/04\/palacio-de-buckingham-esta-muito-preocupado-com-acusacoes-de-bullying-envolvendo-meghan-markle\/\" \/>\n<meta property=\"og:site_name\" content=\"JBCNews\" \/>\n<meta property=\"article:published_time\" content=\"2021-03-04T20:13:09+00:00\" \/>\n<meta property=\"article:modified_time\" content=\"2021-05-07T16:35:29+00:00\" \/>\n<meta property=\"og:image\" content=\"https:\/\/jbcnews.com.br\/wp-content\/uploads\/2021\/03\/imagem-69.png\" \/>\n\t<meta property=\"og:image:width\" content=\"448\" \/>\n\t<meta property=\"og:image:height\" content=\"309\" \/>\n\t<meta property=\"og:image:type\" content=\"image\/png\" \/>\n<meta name=\"author\" content=\"admin\" \/>\n<meta name=\"twitter:card\" content=\"summary_large_image\" \/>\n<meta name=\"twitter:label1\" content=\"Escrito por\" \/>\n\t<meta name=\"twitter:data1\" content=\"admin\" \/>\n\t<meta name=\"twitter:label2\" content=\"Est. tempo de leitura\" \/>\n\t<meta name=\"twitter:data2\" content=\"2 minutos\" \/>\n<script type=\"application\/ld+json\" class=\"yoast-schema-graph\">{\"@context\":\"https:\/\/schema.org\",\"@graph\":[{\"@type\":\"WebPage\",\"@id\":\"https:\/\/jbcnews.com.br\/index.php\/2021\/03\/04\/palacio-de-buckingham-esta-muito-preocupado-com-acusacoes-de-bullying-envolvendo-meghan-markle\/\",\"url\":\"https:\/\/jbcnews.com.br\/index.php\/2021\/03\/04\/palacio-de-buckingham-esta-muito-preocupado-com-acusacoes-de-bullying-envolvendo-meghan-markle\/\",\"name\":\"Pal\u00e1cio de Buckingham est\u00e1 \\\"muito preocupado\\\" com acusa\u00e7\u00f5es de bullying envolvendo Meghan Markle. - JBCNews\",\"isPartOf\":{\"@id\":\"https:\/\/jbcnews.com.br\/#website\"},\"primaryImageOfPage\":{\"@id\":\"https:\/\/jbcnews.com.br\/index.php\/2021\/03\/04\/palacio-de-buckingham-esta-muito-preocupado-com-acusacoes-de-bullying-envolvendo-meghan-markle\/#primaryimage\"},\"image\":{\"@id\":\"https:\/\/jbcnews.com.br\/index.php\/2021\/03\/04\/palacio-de-buckingham-esta-muito-preocupado-com-acusacoes-de-bullying-envolvendo-meghan-markle\/#primaryimage\"},\"thumbnailUrl\":\"https:\/\/jbcnews.com.br\/wp-content\/uploads\/2021\/03\/imagem-69.png\",\"datePublished\":\"2021-03-04T20:13:09+00:00\",\"dateModified\":\"2021-05-07T16:35:29+00:00\",\"author\":{\"@id\":\"https:\/\/jbcnews.com.br\/#\/schema\/person\/3b597ec20ccf92d0adc436057caf9bbe\"},\"breadcrumb\":{\"@id\":\"https:\/\/jbcnews.com.br\/index.php\/2021\/03\/04\/palacio-de-buckingham-esta-muito-preocupado-com-acusacoes-de-bullying-envolvendo-meghan-markle\/#breadcrumb\"},\"inLanguage\":\"pt-BR\",\"potentialAction\":[{\"@type\":\"ReadAction\",\"target\":[\"https:\/\/jbcnews.com.br\/index.php\/2021\/03\/04\/palacio-de-buckingham-esta-muito-preocupado-com-acusacoes-de-bullying-envolvendo-meghan-markle\/\"]}]},{\"@type\":\"ImageObject\",\"inLanguage\":\"pt-BR\",\"@id\":\"https:\/\/jbcnews.com.br\/index.php\/2021\/03\/04\/palacio-de-buckingham-esta-muito-preocupado-com-acusacoes-de-bullying-envolvendo-meghan-markle\/#primaryimage\",\"url\":\"https:\/\/jbcnews.com.br\/wp-content\/uploads\/2021\/03\/imagem-69.png\",\"contentUrl\":\"https:\/\/jbcnews.com.br\/wp-content\/uploads\/2021\/03\/imagem-69.png\",\"width\":448,\"height\":309},{\"@type\":\"BreadcrumbList\",\"@id\":\"https:\/\/jbcnews.com.br\/index.php\/2021\/03\/04\/palacio-de-buckingham-esta-muito-preocupado-com-acusacoes-de-bullying-envolvendo-meghan-markle\/#breadcrumb\",\"itemListElement\":[{\"@type\":\"ListItem\",\"position\":1,\"name\":\"In\u00edcio\",\"item\":\"https:\/\/jbcnews.com.br\/\"},{\"@type\":\"ListItem\",\"position\":2,\"name\":\"Pal\u00e1cio de Buckingham est\u00e1 &#8220;muito preocupado&#8221; com acusa\u00e7\u00f5es de bullying envolvendo Meghan Markle.\"}]},{\"@type\":\"WebSite\",\"@id\":\"https:\/\/jbcnews.com.br\/#website\",\"url\":\"https:\/\/jbcnews.com.br\/\",\"name\":\"JBCNews\",\"description\":\"Comunica\u00e7\u00e3o e Cultura\",\"potentialAction\":[{\"@type\":\"SearchAction\",\"target\":{\"@type\":\"EntryPoint\",\"urlTemplate\":\"https:\/\/jbcnews.com.br\/?s={search_term_string}\"},\"query-input\":\"required name=search_term_string\"}],\"inLanguage\":\"pt-BR\"},{\"@type\":\"Person\",\"@id\":\"https:\/\/jbcnews.com.br\/#\/schema\/person\/3b597ec20ccf92d0adc436057caf9bbe\",\"name\":\"admin\",\"image\":{\"@type\":\"ImageObject\",\"inLanguage\":\"pt-BR\",\"@id\":\"https:\/\/jbcnews.com.br\/#\/schema\/person\/image\/\",\"url\":\"https:\/\/secure.gravatar.com\/avatar\/fe848d2435b65c3ed1cdd3a8e8f3bb2d?s=96&d=mm&r=g\",\"contentUrl\":\"https:\/\/secure.gravatar.com\/avatar\/fe848d2435b65c3ed1cdd3a8e8f3bb2d?s=96&d=mm&r=g\",\"caption\":\"admin\"},\"sameAs\":[\"https:\/\/jbcnews.com.br\"],\"url\":\"https:\/\/jbcnews.com.br\/index.php\/author\/jbcnews\/\"}]}<\/script>\n<!-- \/ Yoast SEO plugin. -->","yoast_head_json":{"title":"Pal\u00e1cio de Buckingham est\u00e1 \"muito preocupado\" com acusa\u00e7\u00f5es de bullying envolvendo Meghan Markle. - JBCNews","robots":{"index":"index","follow":"follow","max-snippet":"max-snippet:-1","max-image-preview":"max-image-preview:large","max-video-preview":"max-video-preview:-1"},"canonical":"https:\/\/jbcnews.com.br\/index.php\/2021\/03\/04\/palacio-de-buckingham-esta-muito-preocupado-com-acusacoes-de-bullying-envolvendo-meghan-markle\/","og_locale":"pt_BR","og_type":"article","og_title":"Pal\u00e1cio de Buckingham est\u00e1 \"muito preocupado\" com acusa\u00e7\u00f5es de bullying envolvendo Meghan Markle. - JBCNews","og_description":"(JBCNEWS &#8211; DF 04\/03 &#8211; As acusa\u00e7\u00f5es de suposta pr\u00e1tica de bullying por parte da duquesa de Sussex, Meghan Markle, contra membros de sua ex-equipe no [\u2026]","og_url":"https:\/\/jbcnews.com.br\/index.php\/2021\/03\/04\/palacio-de-buckingham-esta-muito-preocupado-com-acusacoes-de-bullying-envolvendo-meghan-markle\/","og_site_name":"JBCNews","article_published_time":"2021-03-04T20:13:09+00:00","article_modified_time":"2021-05-07T16:35:29+00:00","og_image":[{"width":448,"height":309,"url":"https:\/\/jbcnews.com.br\/wp-content\/uploads\/2021\/03\/imagem-69.png","type":"image\/png"}],"author":"admin","twitter_card":"summary_large_image","twitter_misc":{"Escrito por":"admin","Est. tempo de leitura":"2 minutos"},"schema":{"@context":"https:\/\/schema.org","@graph":[{"@type":"WebPage","@id":"https:\/\/jbcnews.com.br\/index.php\/2021\/03\/04\/palacio-de-buckingham-esta-muito-preocupado-com-acusacoes-de-bullying-envolvendo-meghan-markle\/","url":"https:\/\/jbcnews.com.br\/index.php\/2021\/03\/04\/palacio-de-buckingham-esta-muito-preocupado-com-acusacoes-de-bullying-envolvendo-meghan-markle\/","name":"Pal\u00e1cio de Buckingham est\u00e1 \"muito preocupado\" com acusa\u00e7\u00f5es de bullying envolvendo Meghan Markle. - JBCNews","isPartOf":{"@id":"https:\/\/jbcnews.com.br\/#website"},"primaryImageOfPage":{"@id":"https:\/\/jbcnews.com.br\/index.php\/2021\/03\/04\/palacio-de-buckingham-esta-muito-preocupado-com-acusacoes-de-bullying-envolvendo-meghan-markle\/#primaryimage"},"image":{"@id":"https:\/\/jbcnews.com.br\/index.php\/2021\/03\/04\/palacio-de-buckingham-esta-muito-preocupado-com-acusacoes-de-bullying-envolvendo-meghan-markle\/#primaryimage"},"thumbnailUrl":"https:\/\/jbcnews.com.br\/wp-content\/uploads\/2021\/03\/imagem-69.png","datePublished":"2021-03-04T20:13:09+00:00","dateModified":"2021-05-07T16:35:29+00:00","author":{"@id":"https:\/\/jbcnews.com.br\/#\/schema\/person\/3b597ec20ccf92d0adc436057caf9bbe"},"breadcrumb":{"@id":"https:\/\/jbcnews.com.br\/index.php\/2021\/03\/04\/palacio-de-buckingham-esta-muito-preocupado-com-acusacoes-de-bullying-envolvendo-meghan-markle\/#breadcrumb"},"inLanguage":"pt-BR","potentialAction":[{"@type":"ReadAction","target":["https:\/\/jbcnews.com.br\/index.php\/2021\/03\/04\/palacio-de-buckingham-esta-muito-preocupado-com-acusacoes-de-bullying-envolvendo-meghan-markle\/"]}]},{"@type":"ImageObject","inLanguage":"pt-BR","@id":"https:\/\/jbcnews.com.br\/index.php\/2021\/03\/04\/palacio-de-buckingham-esta-muito-preocupado-com-acusacoes-de-bullying-envolvendo-meghan-markle\/#primaryimage","url":"https:\/\/jbcnews.com.br\/wp-content\/uploads\/2021\/03\/imagem-69.png","contentUrl":"https:\/\/jbcnews.com.br\/wp-content\/uploads\/2021\/03\/imagem-69.png","width":448,"height":309},{"@type":"BreadcrumbList","@id":"https:\/\/jbcnews.com.br\/index.php\/2021\/03\/04\/palacio-de-buckingham-esta-muito-preocupado-com-acusacoes-de-bullying-envolvendo-meghan-markle\/#breadcrumb","itemListElement":[{"@type":"ListItem","position":1,"name":"In\u00edcio","item":"https:\/\/jbcnews.com.br\/"},{"@type":"ListItem","position":2,"name":"Pal\u00e1cio de Buckingham est\u00e1 &#8220;muito preocupado&#8221; com acusa\u00e7\u00f5es de bullying envolvendo Meghan Markle."}]},{"@type":"WebSite","@id":"https:\/\/jbcnews.com.br\/#website","url":"https:\/\/jbcnews.com.br\/","name":"JBCNews","description":"Comunica\u00e7\u00e3o e Cultura","potentialAction":[{"@type":"SearchAction","target":{"@type":"EntryPoint","urlTemplate":"https:\/\/jbcnews.com.br\/?s={search_term_string}"},"query-input":"required name=search_term_string"}],"inLanguage":"pt-BR"},{"@type":"Person","@id":"https:\/\/jbcnews.com.br\/#\/schema\/person\/3b597ec20ccf92d0adc436057caf9bbe","name":"admin","image":{"@type":"ImageObject","inLanguage":"pt-BR","@id":"https:\/\/jbcnews.com.br\/#\/schema\/person\/image\/","url":"https:\/\/secure.gravatar.com\/avatar\/fe848d2435b65c3ed1cdd3a8e8f3bb2d?s=96&d=mm&r=g","contentUrl":"https:\/\/secure.gravatar.com\/avatar\/fe848d2435b65c3ed1cdd3a8e8f3bb2d?s=96&d=mm&r=g","caption":"admin"},"sameAs":["https:\/\/jbcnews.com.br"],"url":"https:\/\/jbcnews.com.br\/index.php\/author\/jbcnews\/"}]}},"_links":{"self":[{"href":"https:\/\/jbcnews.com.br\/index.php\/wp-json\/wp\/v2\/posts\/2709"}],"collection":[{"href":"https:\/\/jbcnews.com.br\/index.php\/wp-json\/wp\/v2\/posts"}],"about":[{"href":"https:\/\/jbcnews.com.br\/index.php\/wp-json\/wp\/v2\/types\/post"}],"author":[{"embeddable":true,"href":"https:\/\/jbcnews.com.br\/index.php\/wp-json\/wp\/v2\/users\/1"}],"replies":[{"embeddable":true,"href":"https:\/\/jbcnews.com.br\/index.php\/wp-json\/wp\/v2\/comments?post=2709"}],"version-history":[{"count":1,"href":"https:\/\/jbcnews.com.br\/index.php\/wp-json\/wp\/v2\/posts\/2709\/revisions"}],"predecessor-version":[{"id":2711,"href":"https:\/\/jbcnews.com.br\/index.php\/wp-json\/wp\/v2\/posts\/2709\/revisions\/2711"}],"wp:featuredmedia":[{"embeddable":true,"href":"https:\/\/jbcnews.com.br\/index.php\/wp-json\/wp\/v2\/media\/2710"}],"wp:attachment":[{"href":"https:\/\/jbcnews.com.br\/index.php\/wp-json\/wp\/v2\/media?parent=2709"}],"wp:term":[{"taxonomy":"category","embeddable":true,"href":"https:\/\/jbcnews.com.br\/index.php\/wp-json\/wp\/v2\/categories?post=2709"},{"taxonomy":"post_tag","embeddable":true,"href":"https:\/\/jbcnews.com.br\/index.php\/wp-json\/wp\/v2\/tags?post=2709"}],"curies":[{"name":"wp","href":"https:\/\/api.w.org\/{rel}","templated":true}]}}