{"id":2705,"date":"2021-03-03T16:49:33","date_gmt":"2021-03-03T16:49:33","guid":{"rendered":"https:\/\/jbcnews.com.br\/?p=2705"},"modified":"2021-03-03T16:49:34","modified_gmt":"2021-03-03T16:49:34","slug":"pec-emergencial-vai-direto-ao-plenario-da-camara-anuncia-lira","status":"publish","type":"post","link":"https:\/\/jbcnews.com.br\/index.php\/2021\/03\/03\/pec-emergencial-vai-direto-ao-plenario-da-camara-anuncia-lira\/","title":{"rendered":"PEC Emergencial vai direto ao plen\u00e1rio da C\u00e2mara, anuncia Lira"},"content":{"rendered":"\n<p>(JBCNEWS &#8211; DF 03\/03) &#8211; O presidente da C\u00e2mara dos Deputados, Arthur Lira (PP-AL), anunciou nesta ter\u00e7a-feira que a PEC Emergencial, quando aprovada pelo Senado, ir\u00e1 direto ao plen\u00e1rio da C\u00e2mara, sem a necessidade de passar por comiss\u00f5es da Casa.<\/p>\n\n\n\n<p>Segundo o deputado, a defini\u00e7\u00e3o foi acertada em reuni\u00e3o de l\u00edderes, de forma a garantir uma r\u00e1pida vota\u00e7\u00e3o da Proposta de Emenda \u00e0 Constitui\u00e7\u00e3o (PEC) e possibilitar o pagamento do aux\u00edlio emergencial ainda neste m\u00eas.<\/p>\n\n\n\n<p>O governo aguarda vota\u00e7\u00e3o da PEC, que abre o caminho para a concess\u00e3o da renda assistencial, para editar medida detalhando o valor da ajuda e o n\u00famero de parcelas, mas j\u00e1 \u00e9 p\u00fablica a inten\u00e7\u00e3o de oferecer 250 reais por quatro meses.<\/p>\n\n\n\n<p>&#8220;A maioria dos l\u00edderes da C\u00e2mara dos Deputados manifestou apoio \u00e0 tramita\u00e7\u00e3o especial &#8211; direto em plen\u00e1rio &#8211; da PEC Emergencial, como forma de garantir o pagamento do aux\u00edlio emergencial j\u00e1 em mar\u00e7o&#8221;, publicou Lira no Twitter.<\/p>\n\n\n\n<p>Caso n\u00e3o houvesse esse acerto entre l\u00edderes e Lira, a PEC teria, assim que fosse votada pelo Senado, de tramitar pela Comiss\u00e3o de Constitui\u00e7\u00e3o e Justi\u00e7a (CCJ) da C\u00e2mara e ainda por uma comiss\u00e3o especial antes de seguir ao plen\u00e1rio.<\/p>\n\n\n\n<p>A vota\u00e7\u00e3o da PEC no Senado estava prevista para a \u00faltima quinta-feira, mas sem acordo, foi adiada para a quarta-feira desta semana. H\u00e1 expectativa de apresenta\u00e7\u00e3o de um novo parecer a cargo do relator, Marcio Bittar (MDB-AC), e de leitura desse texto em plen\u00e1rio ainda nesta ter\u00e7a.<\/p>\n\n\n\n<p>Pelo Twitter, o l\u00edder do governo, Fernando Bezerra Coelho (MDB-PE), informou que o novo parecer de Bittar foi apresentado na manh\u00e3 desta ter\u00e7a a l\u00edderes em reuni\u00e3o com o ministro da Secretaria de Governo, o general Luiz Eduardo Ramos.<\/p>\n\n\n\n<p>&#8220;Lembro da import\u00e2ncia da PEC para viabilizar uma nova rodada do aux\u00edlio emergencial e as contrapartidas que fortalecem o nosso compromisso com o equil\u00edbrio das contas p\u00fablicas&#8221;, disse o l\u00edder na rede social.<\/p>\n\n\n\n<p>O texto, no entanto, ainda n\u00e3o est\u00e1 dispon\u00edvel publicamente.<\/p>\n\n\n\n<p>Parecer apresentado anteriormente pelo relator permite a concess\u00e3o de um aux\u00edlio residual neste ano aos mais vulner\u00e1veis diante da crise do coronav\u00edrus, sem prever valores para a prorroga\u00e7\u00e3o.<\/p>\n\n\n\n<p>O texto, no entanto, tem enfrentado resist\u00eancias, e n\u00e3o apenas por parlamentares da oposi\u00e7\u00e3o. Senadores criticam a desvincula\u00e7\u00e3o de recursos para pisos em \u00e1reas como a sa\u00fade e a educa\u00e7\u00e3o. Tamb\u00e9m s\u00e3o alvos de controv\u00e9rsia medidas de ajuste fiscal como os gatilhos para evitar o aumento de despesas e assim respeitar o teto de gastos.<\/p>\n\n\n\n<p>Parlamentares acusam o governo de se utilizar da urg\u00eancia do aux\u00edlio emergencial para passar duras medidas estruturais de ajuste fiscal.<\/p>\n\n\n\n<p>Em entrevista \u00e0 CNN na segunda-feira, o relator afirmou que a PEC precisa incluir ao menos dois eixos: o do aux\u00edlio, e o dos gatilhos caso a rela\u00e7\u00e3o entre despesas e receitas correntes ultrapasse o limite de 95% em um per\u00edodo de 12 meses.<\/p>\n\n\n\n<p>Para o senador, o texto permitir\u00e1 que o Executivo se endivide para pagar o aux\u00edlio ao mesmo tempo em que trar\u00e1 instrumentos para redu\u00e7\u00e3o de despesas.<\/p>\n","protected":false},"excerpt":{"rendered":"<p>(JBCNEWS &#8211; DF 03\/03) &#8211; O presidente da C\u00e2mara dos Deputados, Arthur Lira (PP-AL), anunciou nesta ter\u00e7a-feira que a PEC Emergencial, quando aprovada pelo Senado, ir\u00e1<span class=\"excerpt-hellip\"> [\u2026]<\/span><\/p>\n","protected":false},"author":1,"featured_media":2706,"comment_status":"open","ping_status":"open","sticky":false,"template":"","format":"standard","meta":{"footnotes":""},"categories":[22],"tags":[],"yoast_head":"<!-- This site is optimized with the Yoast SEO plugin v22.6 - https:\/\/yoast.com\/wordpress\/plugins\/seo\/ -->\n<title>PEC Emergencial vai direto ao plen\u00e1rio da C\u00e2mara, anuncia Lira - JBCNews<\/title>\n<meta name=\"robots\" content=\"index, follow, max-snippet:-1, max-image-preview:large, max-video-preview:-1\" \/>\n<link rel=\"canonical\" href=\"https:\/\/jbcnews.com.br\/index.php\/2021\/03\/03\/pec-emergencial-vai-direto-ao-plenario-da-camara-anuncia-lira\/\" \/>\n<meta property=\"og:locale\" content=\"pt_BR\" \/>\n<meta property=\"og:type\" content=\"article\" \/>\n<meta property=\"og:title\" content=\"PEC Emergencial vai direto ao plen\u00e1rio da C\u00e2mara, anuncia Lira - JBCNews\" \/>\n<meta property=\"og:description\" content=\"(JBCNEWS &#8211; DF 03\/03) &#8211; O presidente da C\u00e2mara dos Deputados, Arthur Lira (PP-AL), anunciou nesta ter\u00e7a-feira que a PEC Emergencial, quando aprovada pelo Senado, ir\u00e1 [\u2026]\" \/>\n<meta property=\"og:url\" content=\"https:\/\/jbcnews.com.br\/index.php\/2021\/03\/03\/pec-emergencial-vai-direto-ao-plenario-da-camara-anuncia-lira\/\" \/>\n<meta property=\"og:site_name\" content=\"JBCNews\" \/>\n<meta property=\"article:published_time\" content=\"2021-03-03T16:49:33+00:00\" \/>\n<meta property=\"article:modified_time\" content=\"2021-03-03T16:49:34+00:00\" \/>\n<meta property=\"og:image\" content=\"https:\/\/jbcnews.com.br\/wp-content\/uploads\/2021\/03\/imagem-68.png\" \/>\n\t<meta property=\"og:image:width\" content=\"800\" \/>\n\t<meta property=\"og:image:height\" content=\"533\" \/>\n\t<meta property=\"og:image:type\" content=\"image\/png\" \/>\n<meta name=\"author\" content=\"admin\" \/>\n<meta name=\"twitter:card\" content=\"summary_large_image\" \/>\n<meta name=\"twitter:label1\" content=\"Escrito por\" \/>\n\t<meta name=\"twitter:data1\" content=\"admin\" \/>\n\t<meta name=\"twitter:label2\" content=\"Est. tempo de leitura\" \/>\n\t<meta name=\"twitter:data2\" content=\"3 minutos\" \/>\n<script type=\"application\/ld+json\" class=\"yoast-schema-graph\">{\"@context\":\"https:\/\/schema.org\",\"@graph\":[{\"@type\":\"WebPage\",\"@id\":\"https:\/\/jbcnews.com.br\/index.php\/2021\/03\/03\/pec-emergencial-vai-direto-ao-plenario-da-camara-anuncia-lira\/\",\"url\":\"https:\/\/jbcnews.com.br\/index.php\/2021\/03\/03\/pec-emergencial-vai-direto-ao-plenario-da-camara-anuncia-lira\/\",\"name\":\"PEC Emergencial vai direto ao plen\u00e1rio da C\u00e2mara, anuncia Lira - JBCNews\",\"isPartOf\":{\"@id\":\"https:\/\/jbcnews.com.br\/#website\"},\"primaryImageOfPage\":{\"@id\":\"https:\/\/jbcnews.com.br\/index.php\/2021\/03\/03\/pec-emergencial-vai-direto-ao-plenario-da-camara-anuncia-lira\/#primaryimage\"},\"image\":{\"@id\":\"https:\/\/jbcnews.com.br\/index.php\/2021\/03\/03\/pec-emergencial-vai-direto-ao-plenario-da-camara-anuncia-lira\/#primaryimage\"},\"thumbnailUrl\":\"https:\/\/jbcnews.com.br\/wp-content\/uploads\/2021\/03\/imagem-68.png\",\"datePublished\":\"2021-03-03T16:49:33+00:00\",\"dateModified\":\"2021-03-03T16:49:34+00:00\",\"author\":{\"@id\":\"https:\/\/jbcnews.com.br\/#\/schema\/person\/3b597ec20ccf92d0adc436057caf9bbe\"},\"breadcrumb\":{\"@id\":\"https:\/\/jbcnews.com.br\/index.php\/2021\/03\/03\/pec-emergencial-vai-direto-ao-plenario-da-camara-anuncia-lira\/#breadcrumb\"},\"inLanguage\":\"pt-BR\",\"potentialAction\":[{\"@type\":\"ReadAction\",\"target\":[\"https:\/\/jbcnews.com.br\/index.php\/2021\/03\/03\/pec-emergencial-vai-direto-ao-plenario-da-camara-anuncia-lira\/\"]}]},{\"@type\":\"ImageObject\",\"inLanguage\":\"pt-BR\",\"@id\":\"https:\/\/jbcnews.com.br\/index.php\/2021\/03\/03\/pec-emergencial-vai-direto-ao-plenario-da-camara-anuncia-lira\/#primaryimage\",\"url\":\"https:\/\/jbcnews.com.br\/wp-content\/uploads\/2021\/03\/imagem-68.png\",\"contentUrl\":\"https:\/\/jbcnews.com.br\/wp-content\/uploads\/2021\/03\/imagem-68.png\",\"width\":800,\"height\":533},{\"@type\":\"BreadcrumbList\",\"@id\":\"https:\/\/jbcnews.com.br\/index.php\/2021\/03\/03\/pec-emergencial-vai-direto-ao-plenario-da-camara-anuncia-lira\/#breadcrumb\",\"itemListElement\":[{\"@type\":\"ListItem\",\"position\":1,\"name\":\"In\u00edcio\",\"item\":\"https:\/\/jbcnews.com.br\/\"},{\"@type\":\"ListItem\",\"position\":2,\"name\":\"PEC Emergencial vai direto ao plen\u00e1rio da C\u00e2mara, anuncia Lira\"}]},{\"@type\":\"WebSite\",\"@id\":\"https:\/\/jbcnews.com.br\/#website\",\"url\":\"https:\/\/jbcnews.com.br\/\",\"name\":\"JBCNews\",\"description\":\"Comunica\u00e7\u00e3o e Cultura\",\"potentialAction\":[{\"@type\":\"SearchAction\",\"target\":{\"@type\":\"EntryPoint\",\"urlTemplate\":\"https:\/\/jbcnews.com.br\/?s={search_term_string}\"},\"query-input\":\"required name=search_term_string\"}],\"inLanguage\":\"pt-BR\"},{\"@type\":\"Person\",\"@id\":\"https:\/\/jbcnews.com.br\/#\/schema\/person\/3b597ec20ccf92d0adc436057caf9bbe\",\"name\":\"admin\",\"image\":{\"@type\":\"ImageObject\",\"inLanguage\":\"pt-BR\",\"@id\":\"https:\/\/jbcnews.com.br\/#\/schema\/person\/image\/\",\"url\":\"https:\/\/secure.gravatar.com\/avatar\/fe848d2435b65c3ed1cdd3a8e8f3bb2d?s=96&d=mm&r=g\",\"contentUrl\":\"https:\/\/secure.gravatar.com\/avatar\/fe848d2435b65c3ed1cdd3a8e8f3bb2d?s=96&d=mm&r=g\",\"caption\":\"admin\"},\"sameAs\":[\"https:\/\/jbcnews.com.br\"],\"url\":\"https:\/\/jbcnews.com.br\/index.php\/author\/jbcnews\/\"}]}<\/script>\n<!-- \/ Yoast SEO plugin. -->","yoast_head_json":{"title":"PEC Emergencial vai direto ao plen\u00e1rio da C\u00e2mara, anuncia Lira - JBCNews","robots":{"index":"index","follow":"follow","max-snippet":"max-snippet:-1","max-image-preview":"max-image-preview:large","max-video-preview":"max-video-preview:-1"},"canonical":"https:\/\/jbcnews.com.br\/index.php\/2021\/03\/03\/pec-emergencial-vai-direto-ao-plenario-da-camara-anuncia-lira\/","og_locale":"pt_BR","og_type":"article","og_title":"PEC Emergencial vai direto ao plen\u00e1rio da C\u00e2mara, anuncia Lira - JBCNews","og_description":"(JBCNEWS &#8211; DF 03\/03) &#8211; O presidente da C\u00e2mara dos Deputados, Arthur Lira (PP-AL), anunciou nesta ter\u00e7a-feira que a PEC Emergencial, quando aprovada pelo Senado, ir\u00e1 [\u2026]","og_url":"https:\/\/jbcnews.com.br\/index.php\/2021\/03\/03\/pec-emergencial-vai-direto-ao-plenario-da-camara-anuncia-lira\/","og_site_name":"JBCNews","article_published_time":"2021-03-03T16:49:33+00:00","article_modified_time":"2021-03-03T16:49:34+00:00","og_image":[{"width":800,"height":533,"url":"https:\/\/jbcnews.com.br\/wp-content\/uploads\/2021\/03\/imagem-68.png","type":"image\/png"}],"author":"admin","twitter_card":"summary_large_image","twitter_misc":{"Escrito por":"admin","Est. tempo de leitura":"3 minutos"},"schema":{"@context":"https:\/\/schema.org","@graph":[{"@type":"WebPage","@id":"https:\/\/jbcnews.com.br\/index.php\/2021\/03\/03\/pec-emergencial-vai-direto-ao-plenario-da-camara-anuncia-lira\/","url":"https:\/\/jbcnews.com.br\/index.php\/2021\/03\/03\/pec-emergencial-vai-direto-ao-plenario-da-camara-anuncia-lira\/","name":"PEC Emergencial vai direto ao plen\u00e1rio da C\u00e2mara, anuncia Lira - JBCNews","isPartOf":{"@id":"https:\/\/jbcnews.com.br\/#website"},"primaryImageOfPage":{"@id":"https:\/\/jbcnews.com.br\/index.php\/2021\/03\/03\/pec-emergencial-vai-direto-ao-plenario-da-camara-anuncia-lira\/#primaryimage"},"image":{"@id":"https:\/\/jbcnews.com.br\/index.php\/2021\/03\/03\/pec-emergencial-vai-direto-ao-plenario-da-camara-anuncia-lira\/#primaryimage"},"thumbnailUrl":"https:\/\/jbcnews.com.br\/wp-content\/uploads\/2021\/03\/imagem-68.png","datePublished":"2021-03-03T16:49:33+00:00","dateModified":"2021-03-03T16:49:34+00:00","author":{"@id":"https:\/\/jbcnews.com.br\/#\/schema\/person\/3b597ec20ccf92d0adc436057caf9bbe"},"breadcrumb":{"@id":"https:\/\/jbcnews.com.br\/index.php\/2021\/03\/03\/pec-emergencial-vai-direto-ao-plenario-da-camara-anuncia-lira\/#breadcrumb"},"inLanguage":"pt-BR","potentialAction":[{"@type":"ReadAction","target":["https:\/\/jbcnews.com.br\/index.php\/2021\/03\/03\/pec-emergencial-vai-direto-ao-plenario-da-camara-anuncia-lira\/"]}]},{"@type":"ImageObject","inLanguage":"pt-BR","@id":"https:\/\/jbcnews.com.br\/index.php\/2021\/03\/03\/pec-emergencial-vai-direto-ao-plenario-da-camara-anuncia-lira\/#primaryimage","url":"https:\/\/jbcnews.com.br\/wp-content\/uploads\/2021\/03\/imagem-68.png","contentUrl":"https:\/\/jbcnews.com.br\/wp-content\/uploads\/2021\/03\/imagem-68.png","width":800,"height":533},{"@type":"BreadcrumbList","@id":"https:\/\/jbcnews.com.br\/index.php\/2021\/03\/03\/pec-emergencial-vai-direto-ao-plenario-da-camara-anuncia-lira\/#breadcrumb","itemListElement":[{"@type":"ListItem","position":1,"name":"In\u00edcio","item":"https:\/\/jbcnews.com.br\/"},{"@type":"ListItem","position":2,"name":"PEC Emergencial vai direto ao plen\u00e1rio da C\u00e2mara, anuncia Lira"}]},{"@type":"WebSite","@id":"https:\/\/jbcnews.com.br\/#website","url":"https:\/\/jbcnews.com.br\/","name":"JBCNews","description":"Comunica\u00e7\u00e3o e Cultura","potentialAction":[{"@type":"SearchAction","target":{"@type":"EntryPoint","urlTemplate":"https:\/\/jbcnews.com.br\/?s={search_term_string}"},"query-input":"required name=search_term_string"}],"inLanguage":"pt-BR"},{"@type":"Person","@id":"https:\/\/jbcnews.com.br\/#\/schema\/person\/3b597ec20ccf92d0adc436057caf9bbe","name":"admin","image":{"@type":"ImageObject","inLanguage":"pt-BR","@id":"https:\/\/jbcnews.com.br\/#\/schema\/person\/image\/","url":"https:\/\/secure.gravatar.com\/avatar\/fe848d2435b65c3ed1cdd3a8e8f3bb2d?s=96&d=mm&r=g","contentUrl":"https:\/\/secure.gravatar.com\/avatar\/fe848d2435b65c3ed1cdd3a8e8f3bb2d?s=96&d=mm&r=g","caption":"admin"},"sameAs":["https:\/\/jbcnews.com.br"],"url":"https:\/\/jbcnews.com.br\/index.php\/author\/jbcnews\/"}]}},"_links":{"self":[{"href":"https:\/\/jbcnews.com.br\/index.php\/wp-json\/wp\/v2\/posts\/2705"}],"collection":[{"href":"https:\/\/jbcnews.com.br\/index.php\/wp-json\/wp\/v2\/posts"}],"about":[{"href":"https:\/\/jbcnews.com.br\/index.php\/wp-json\/wp\/v2\/types\/post"}],"author":[{"embeddable":true,"href":"https:\/\/jbcnews.com.br\/index.php\/wp-json\/wp\/v2\/users\/1"}],"replies":[{"embeddable":true,"href":"https:\/\/jbcnews.com.br\/index.php\/wp-json\/wp\/v2\/comments?post=2705"}],"version-history":[{"count":1,"href":"https:\/\/jbcnews.com.br\/index.php\/wp-json\/wp\/v2\/posts\/2705\/revisions"}],"predecessor-version":[{"id":2707,"href":"https:\/\/jbcnews.com.br\/index.php\/wp-json\/wp\/v2\/posts\/2705\/revisions\/2707"}],"wp:featuredmedia":[{"embeddable":true,"href":"https:\/\/jbcnews.com.br\/index.php\/wp-json\/wp\/v2\/media\/2706"}],"wp:attachment":[{"href":"https:\/\/jbcnews.com.br\/index.php\/wp-json\/wp\/v2\/media?parent=2705"}],"wp:term":[{"taxonomy":"category","embeddable":true,"href":"https:\/\/jbcnews.com.br\/index.php\/wp-json\/wp\/v2\/categories?post=2705"},{"taxonomy":"post_tag","embeddable":true,"href":"https:\/\/jbcnews.com.br\/index.php\/wp-json\/wp\/v2\/tags?post=2705"}],"curies":[{"name":"wp","href":"https:\/\/api.w.org\/{rel}","templated":true}]}}