{"id":2699,"date":"2021-03-03T16:43:14","date_gmt":"2021-03-03T16:43:14","guid":{"rendered":"https:\/\/jbcnews.com.br\/?p=2699"},"modified":"2021-03-03T16:43:17","modified_gmt":"2021-03-03T16:43:17","slug":"camara-pede-ao-stf-prisao-de-danilo-gentili-apos-humorista-falar-no-twitter-em-socar-deputados","status":"publish","type":"post","link":"https:\/\/jbcnews.com.br\/index.php\/2021\/03\/03\/camara-pede-ao-stf-prisao-de-danilo-gentili-apos-humorista-falar-no-twitter-em-socar-deputados\/","title":{"rendered":"C\u00e2mara pede ao STF pris\u00e3o de Danilo Gentili ap\u00f3s humorista falar no Twitter em socar deputados"},"content":{"rendered":"\n<p>(JBCNEWS &#8211; DF 03\/03 &#8211; A C\u00e2mara dos Deputados, a partir da procuradoria parlamentar, entrou com uma a\u00e7\u00e3o no Supremo Tribunal Federal (STF) em que pede a pris\u00e3o do apresentador Danilo Gentili por postagens nas redes sociais. No fim de fevereiro, em uma publica\u00e7\u00e3o no Twitter, ele sugeriu que a popula\u00e7\u00e3o &#8220;entrasse&#8221; no Congresso &#8220;e socasse todo deputado&#8221; por causa da PEC da imunidade parlamentar.<\/p>\n\n\n\n<p>A a\u00e7\u00e3o foi coordenada pelo deputado Luis Tib\u00e9 (Avante-MG), respons\u00e1vel pela procuradoria da C\u00e2mara, a partir de um pedido do deputado federal Celso Sabino (PSDB-PA). Ambos s\u00e3o aliados do atual presidente da Casa, Arthur Lira. A tentativa \u00e9 de equiparar a postagem de Gentili com a do deputado federal Daniel Silveira (PSL-RJ), preso ap\u00f3s amea\u00e7ar ministros do STF.<\/p>\n\n\n\n<p>Na \u00faltima semana, Gentili criticou o Congresso em virtude da celeridade dada a tramita\u00e7\u00e3o da PEC da Imunidade, que tenta proteger parlamentares perante o Judici\u00e1rio. A mensagem depois foi apagada.<\/p>\n\n\n\n<p>&#8220;Eu s\u00f3 acreditaria que esse Pa\u00eds tem jeito se a popula\u00e7\u00e3o entrasse agora na c\u00e2mara e socasse todo deputado que est\u00e1 neste momento discutindo PEC de imunidade parlamentar&#8221;, escreveu o humorista.<\/p>\n\n\n\n<p>Segundo Tib\u00e9, a a\u00e7\u00e3o movida em rela\u00e7\u00e3o a Danilo Gentili n\u00e3o \u00e9 contra a pessoa dele, mas a favor dos &#8220;mesmissimos princ\u00edpios de defesa da Democracia e da Constitui\u00e7\u00e3o Federal consagrados pela unanimidade do Plen\u00e1rio do Supremo Tribunal Federal, no caso do deputado Daniel Silveira&#8221;<\/p>\n\n\n\n<p>&#8220;N\u00e3o podemos ter uma sociedade e uma Democracia com pesos e duas medidas. Se o Supremo Tribunal Federal, sabiamente, estabeleceu um limite para a livre manifesta\u00e7\u00e3o do pensamento que \u00e9 o respeito \u00e0 integridade das institui\u00e7\u00f5es democr\u00e1ticas &#8211; princ\u00edpio que a C\u00e2mara dos Deputados acolheu com margem de 364 votos &#8211; a Justi\u00e7a brasileira n\u00e3o pode permitir que ningu\u00e9m fa\u00e7a a incita\u00e7\u00e3o de &#8216;socar&#8217; deputados&#8221;, disse o deputado, por meio de sua assessoria de imprensa.<\/p>\n\n\n\n<p>Na segunda, sem mencionar se j\u00e1 foi notificado sobre a peti\u00e7\u00e3o no STF, Gentili comentou que foi alvo de reclama\u00e7\u00f5es &#8220;justas&#8221; de alguns deputados.<\/p>\n\n\n\n<p>&#8220;Eu fiz um tu\u00edte que foi alvo de justas cr\u00edticas por alguns deputados. Quem me segue sabe que sempre defendi as institui\u00e7\u00f5es. Ali\u00e1s, minha briga com bolsonaristas foi justamente pelo fato de eu ser contr\u00e1rio aos pedidos criminosos de fechamento do STF e do Congresso&#8221;, afirmou.<\/p>\n\n\n\n<p>O GLOBO entrou em contato com a assessoria de imprensa do SBT para obter um posicionamento do apresentador e do canal, mas n\u00e3o obteve respostas at\u00e9 o momento.<\/p>\n","protected":false},"excerpt":{"rendered":"<p>(JBCNEWS &#8211; DF 03\/03 &#8211; A C\u00e2mara dos Deputados, a partir da procuradoria parlamentar, entrou com uma a\u00e7\u00e3o no Supremo Tribunal Federal (STF) em que pede<span class=\"excerpt-hellip\"> [\u2026]<\/span><\/p>\n","protected":false},"author":1,"featured_media":2700,"comment_status":"open","ping_status":"open","sticky":false,"template":"","format":"standard","meta":{"footnotes":""},"categories":[33,21],"tags":[],"yoast_head":"<!-- This site is optimized with the Yoast SEO plugin v22.6 - https:\/\/yoast.com\/wordpress\/plugins\/seo\/ -->\n<title>C\u00e2mara pede ao STF pris\u00e3o de Danilo Gentili ap\u00f3s humorista falar no Twitter em socar deputados - JBCNews<\/title>\n<meta name=\"robots\" content=\"index, follow, max-snippet:-1, max-image-preview:large, max-video-preview:-1\" \/>\n<link rel=\"canonical\" href=\"https:\/\/jbcnews.com.br\/index.php\/2021\/03\/03\/camara-pede-ao-stf-prisao-de-danilo-gentili-apos-humorista-falar-no-twitter-em-socar-deputados\/\" \/>\n<meta property=\"og:locale\" content=\"pt_BR\" \/>\n<meta property=\"og:type\" content=\"article\" \/>\n<meta property=\"og:title\" content=\"C\u00e2mara pede ao STF pris\u00e3o de Danilo Gentili ap\u00f3s humorista falar no Twitter em socar deputados - JBCNews\" \/>\n<meta property=\"og:description\" content=\"(JBCNEWS &#8211; DF 03\/03 &#8211; A C\u00e2mara dos Deputados, a partir da procuradoria parlamentar, entrou com uma a\u00e7\u00e3o no Supremo Tribunal Federal (STF) em que pede [\u2026]\" \/>\n<meta property=\"og:url\" content=\"https:\/\/jbcnews.com.br\/index.php\/2021\/03\/03\/camara-pede-ao-stf-prisao-de-danilo-gentili-apos-humorista-falar-no-twitter-em-socar-deputados\/\" \/>\n<meta property=\"og:site_name\" content=\"JBCNews\" \/>\n<meta property=\"article:published_time\" content=\"2021-03-03T16:43:14+00:00\" \/>\n<meta property=\"article:modified_time\" content=\"2021-03-03T16:43:17+00:00\" \/>\n<meta property=\"og:image\" content=\"https:\/\/jbcnews.com.br\/wp-content\/uploads\/2021\/03\/imagem-66.png\" \/>\n\t<meta property=\"og:image:width\" content=\"448\" \/>\n\t<meta property=\"og:image:height\" content=\"269\" \/>\n\t<meta property=\"og:image:type\" content=\"image\/png\" \/>\n<meta name=\"author\" content=\"admin\" \/>\n<meta name=\"twitter:card\" content=\"summary_large_image\" \/>\n<meta name=\"twitter:label1\" content=\"Escrito por\" \/>\n\t<meta name=\"twitter:data1\" content=\"admin\" \/>\n\t<meta name=\"twitter:label2\" content=\"Est. tempo de leitura\" \/>\n\t<meta name=\"twitter:data2\" content=\"2 minutos\" \/>\n<script type=\"application\/ld+json\" class=\"yoast-schema-graph\">{\"@context\":\"https:\/\/schema.org\",\"@graph\":[{\"@type\":\"WebPage\",\"@id\":\"https:\/\/jbcnews.com.br\/index.php\/2021\/03\/03\/camara-pede-ao-stf-prisao-de-danilo-gentili-apos-humorista-falar-no-twitter-em-socar-deputados\/\",\"url\":\"https:\/\/jbcnews.com.br\/index.php\/2021\/03\/03\/camara-pede-ao-stf-prisao-de-danilo-gentili-apos-humorista-falar-no-twitter-em-socar-deputados\/\",\"name\":\"C\u00e2mara pede ao STF pris\u00e3o de Danilo Gentili ap\u00f3s humorista falar no Twitter em socar deputados - JBCNews\",\"isPartOf\":{\"@id\":\"https:\/\/jbcnews.com.br\/#website\"},\"primaryImageOfPage\":{\"@id\":\"https:\/\/jbcnews.com.br\/index.php\/2021\/03\/03\/camara-pede-ao-stf-prisao-de-danilo-gentili-apos-humorista-falar-no-twitter-em-socar-deputados\/#primaryimage\"},\"image\":{\"@id\":\"https:\/\/jbcnews.com.br\/index.php\/2021\/03\/03\/camara-pede-ao-stf-prisao-de-danilo-gentili-apos-humorista-falar-no-twitter-em-socar-deputados\/#primaryimage\"},\"thumbnailUrl\":\"https:\/\/jbcnews.com.br\/wp-content\/uploads\/2021\/03\/imagem-66.png\",\"datePublished\":\"2021-03-03T16:43:14+00:00\",\"dateModified\":\"2021-03-03T16:43:17+00:00\",\"author\":{\"@id\":\"https:\/\/jbcnews.com.br\/#\/schema\/person\/3b597ec20ccf92d0adc436057caf9bbe\"},\"breadcrumb\":{\"@id\":\"https:\/\/jbcnews.com.br\/index.php\/2021\/03\/03\/camara-pede-ao-stf-prisao-de-danilo-gentili-apos-humorista-falar-no-twitter-em-socar-deputados\/#breadcrumb\"},\"inLanguage\":\"pt-BR\",\"potentialAction\":[{\"@type\":\"ReadAction\",\"target\":[\"https:\/\/jbcnews.com.br\/index.php\/2021\/03\/03\/camara-pede-ao-stf-prisao-de-danilo-gentili-apos-humorista-falar-no-twitter-em-socar-deputados\/\"]}]},{\"@type\":\"ImageObject\",\"inLanguage\":\"pt-BR\",\"@id\":\"https:\/\/jbcnews.com.br\/index.php\/2021\/03\/03\/camara-pede-ao-stf-prisao-de-danilo-gentili-apos-humorista-falar-no-twitter-em-socar-deputados\/#primaryimage\",\"url\":\"https:\/\/jbcnews.com.br\/wp-content\/uploads\/2021\/03\/imagem-66.png\",\"contentUrl\":\"https:\/\/jbcnews.com.br\/wp-content\/uploads\/2021\/03\/imagem-66.png\",\"width\":448,\"height\":269},{\"@type\":\"BreadcrumbList\",\"@id\":\"https:\/\/jbcnews.com.br\/index.php\/2021\/03\/03\/camara-pede-ao-stf-prisao-de-danilo-gentili-apos-humorista-falar-no-twitter-em-socar-deputados\/#breadcrumb\",\"itemListElement\":[{\"@type\":\"ListItem\",\"position\":1,\"name\":\"In\u00edcio\",\"item\":\"https:\/\/jbcnews.com.br\/\"},{\"@type\":\"ListItem\",\"position\":2,\"name\":\"C\u00e2mara pede ao STF pris\u00e3o de Danilo Gentili ap\u00f3s humorista falar no Twitter em socar deputados\"}]},{\"@type\":\"WebSite\",\"@id\":\"https:\/\/jbcnews.com.br\/#website\",\"url\":\"https:\/\/jbcnews.com.br\/\",\"name\":\"JBCNews\",\"description\":\"Comunica\u00e7\u00e3o e Cultura\",\"potentialAction\":[{\"@type\":\"SearchAction\",\"target\":{\"@type\":\"EntryPoint\",\"urlTemplate\":\"https:\/\/jbcnews.com.br\/?s={search_term_string}\"},\"query-input\":\"required name=search_term_string\"}],\"inLanguage\":\"pt-BR\"},{\"@type\":\"Person\",\"@id\":\"https:\/\/jbcnews.com.br\/#\/schema\/person\/3b597ec20ccf92d0adc436057caf9bbe\",\"name\":\"admin\",\"image\":{\"@type\":\"ImageObject\",\"inLanguage\":\"pt-BR\",\"@id\":\"https:\/\/jbcnews.com.br\/#\/schema\/person\/image\/\",\"url\":\"https:\/\/secure.gravatar.com\/avatar\/fe848d2435b65c3ed1cdd3a8e8f3bb2d?s=96&d=mm&r=g\",\"contentUrl\":\"https:\/\/secure.gravatar.com\/avatar\/fe848d2435b65c3ed1cdd3a8e8f3bb2d?s=96&d=mm&r=g\",\"caption\":\"admin\"},\"sameAs\":[\"https:\/\/jbcnews.com.br\"],\"url\":\"https:\/\/jbcnews.com.br\/index.php\/author\/jbcnews\/\"}]}<\/script>\n<!-- \/ Yoast SEO plugin. -->","yoast_head_json":{"title":"C\u00e2mara pede ao STF pris\u00e3o de Danilo Gentili ap\u00f3s humorista falar no Twitter em socar deputados - JBCNews","robots":{"index":"index","follow":"follow","max-snippet":"max-snippet:-1","max-image-preview":"max-image-preview:large","max-video-preview":"max-video-preview:-1"},"canonical":"https:\/\/jbcnews.com.br\/index.php\/2021\/03\/03\/camara-pede-ao-stf-prisao-de-danilo-gentili-apos-humorista-falar-no-twitter-em-socar-deputados\/","og_locale":"pt_BR","og_type":"article","og_title":"C\u00e2mara pede ao STF pris\u00e3o de Danilo Gentili ap\u00f3s humorista falar no Twitter em socar deputados - JBCNews","og_description":"(JBCNEWS &#8211; DF 03\/03 &#8211; A C\u00e2mara dos Deputados, a partir da procuradoria parlamentar, entrou com uma a\u00e7\u00e3o no Supremo Tribunal Federal (STF) em que pede [\u2026]","og_url":"https:\/\/jbcnews.com.br\/index.php\/2021\/03\/03\/camara-pede-ao-stf-prisao-de-danilo-gentili-apos-humorista-falar-no-twitter-em-socar-deputados\/","og_site_name":"JBCNews","article_published_time":"2021-03-03T16:43:14+00:00","article_modified_time":"2021-03-03T16:43:17+00:00","og_image":[{"width":448,"height":269,"url":"https:\/\/jbcnews.com.br\/wp-content\/uploads\/2021\/03\/imagem-66.png","type":"image\/png"}],"author":"admin","twitter_card":"summary_large_image","twitter_misc":{"Escrito por":"admin","Est. tempo de leitura":"2 minutos"},"schema":{"@context":"https:\/\/schema.org","@graph":[{"@type":"WebPage","@id":"https:\/\/jbcnews.com.br\/index.php\/2021\/03\/03\/camara-pede-ao-stf-prisao-de-danilo-gentili-apos-humorista-falar-no-twitter-em-socar-deputados\/","url":"https:\/\/jbcnews.com.br\/index.php\/2021\/03\/03\/camara-pede-ao-stf-prisao-de-danilo-gentili-apos-humorista-falar-no-twitter-em-socar-deputados\/","name":"C\u00e2mara pede ao STF pris\u00e3o de Danilo Gentili ap\u00f3s humorista falar no Twitter em socar deputados - JBCNews","isPartOf":{"@id":"https:\/\/jbcnews.com.br\/#website"},"primaryImageOfPage":{"@id":"https:\/\/jbcnews.com.br\/index.php\/2021\/03\/03\/camara-pede-ao-stf-prisao-de-danilo-gentili-apos-humorista-falar-no-twitter-em-socar-deputados\/#primaryimage"},"image":{"@id":"https:\/\/jbcnews.com.br\/index.php\/2021\/03\/03\/camara-pede-ao-stf-prisao-de-danilo-gentili-apos-humorista-falar-no-twitter-em-socar-deputados\/#primaryimage"},"thumbnailUrl":"https:\/\/jbcnews.com.br\/wp-content\/uploads\/2021\/03\/imagem-66.png","datePublished":"2021-03-03T16:43:14+00:00","dateModified":"2021-03-03T16:43:17+00:00","author":{"@id":"https:\/\/jbcnews.com.br\/#\/schema\/person\/3b597ec20ccf92d0adc436057caf9bbe"},"breadcrumb":{"@id":"https:\/\/jbcnews.com.br\/index.php\/2021\/03\/03\/camara-pede-ao-stf-prisao-de-danilo-gentili-apos-humorista-falar-no-twitter-em-socar-deputados\/#breadcrumb"},"inLanguage":"pt-BR","potentialAction":[{"@type":"ReadAction","target":["https:\/\/jbcnews.com.br\/index.php\/2021\/03\/03\/camara-pede-ao-stf-prisao-de-danilo-gentili-apos-humorista-falar-no-twitter-em-socar-deputados\/"]}]},{"@type":"ImageObject","inLanguage":"pt-BR","@id":"https:\/\/jbcnews.com.br\/index.php\/2021\/03\/03\/camara-pede-ao-stf-prisao-de-danilo-gentili-apos-humorista-falar-no-twitter-em-socar-deputados\/#primaryimage","url":"https:\/\/jbcnews.com.br\/wp-content\/uploads\/2021\/03\/imagem-66.png","contentUrl":"https:\/\/jbcnews.com.br\/wp-content\/uploads\/2021\/03\/imagem-66.png","width":448,"height":269},{"@type":"BreadcrumbList","@id":"https:\/\/jbcnews.com.br\/index.php\/2021\/03\/03\/camara-pede-ao-stf-prisao-de-danilo-gentili-apos-humorista-falar-no-twitter-em-socar-deputados\/#breadcrumb","itemListElement":[{"@type":"ListItem","position":1,"name":"In\u00edcio","item":"https:\/\/jbcnews.com.br\/"},{"@type":"ListItem","position":2,"name":"C\u00e2mara pede ao STF pris\u00e3o de Danilo Gentili ap\u00f3s humorista falar no Twitter em socar deputados"}]},{"@type":"WebSite","@id":"https:\/\/jbcnews.com.br\/#website","url":"https:\/\/jbcnews.com.br\/","name":"JBCNews","description":"Comunica\u00e7\u00e3o e Cultura","potentialAction":[{"@type":"SearchAction","target":{"@type":"EntryPoint","urlTemplate":"https:\/\/jbcnews.com.br\/?s={search_term_string}"},"query-input":"required name=search_term_string"}],"inLanguage":"pt-BR"},{"@type":"Person","@id":"https:\/\/jbcnews.com.br\/#\/schema\/person\/3b597ec20ccf92d0adc436057caf9bbe","name":"admin","image":{"@type":"ImageObject","inLanguage":"pt-BR","@id":"https:\/\/jbcnews.com.br\/#\/schema\/person\/image\/","url":"https:\/\/secure.gravatar.com\/avatar\/fe848d2435b65c3ed1cdd3a8e8f3bb2d?s=96&d=mm&r=g","contentUrl":"https:\/\/secure.gravatar.com\/avatar\/fe848d2435b65c3ed1cdd3a8e8f3bb2d?s=96&d=mm&r=g","caption":"admin"},"sameAs":["https:\/\/jbcnews.com.br"],"url":"https:\/\/jbcnews.com.br\/index.php\/author\/jbcnews\/"}]}},"_links":{"self":[{"href":"https:\/\/jbcnews.com.br\/index.php\/wp-json\/wp\/v2\/posts\/2699"}],"collection":[{"href":"https:\/\/jbcnews.com.br\/index.php\/wp-json\/wp\/v2\/posts"}],"about":[{"href":"https:\/\/jbcnews.com.br\/index.php\/wp-json\/wp\/v2\/types\/post"}],"author":[{"embeddable":true,"href":"https:\/\/jbcnews.com.br\/index.php\/wp-json\/wp\/v2\/users\/1"}],"replies":[{"embeddable":true,"href":"https:\/\/jbcnews.com.br\/index.php\/wp-json\/wp\/v2\/comments?post=2699"}],"version-history":[{"count":1,"href":"https:\/\/jbcnews.com.br\/index.php\/wp-json\/wp\/v2\/posts\/2699\/revisions"}],"predecessor-version":[{"id":2701,"href":"https:\/\/jbcnews.com.br\/index.php\/wp-json\/wp\/v2\/posts\/2699\/revisions\/2701"}],"wp:featuredmedia":[{"embeddable":true,"href":"https:\/\/jbcnews.com.br\/index.php\/wp-json\/wp\/v2\/media\/2700"}],"wp:attachment":[{"href":"https:\/\/jbcnews.com.br\/index.php\/wp-json\/wp\/v2\/media?parent=2699"}],"wp:term":[{"taxonomy":"category","embeddable":true,"href":"https:\/\/jbcnews.com.br\/index.php\/wp-json\/wp\/v2\/categories?post=2699"},{"taxonomy":"post_tag","embeddable":true,"href":"https:\/\/jbcnews.com.br\/index.php\/wp-json\/wp\/v2\/tags?post=2699"}],"curies":[{"name":"wp","href":"https:\/\/api.w.org\/{rel}","templated":true}]}}