{"id":2692,"date":"2021-03-01T17:46:17","date_gmt":"2021-03-01T17:46:17","guid":{"rendered":"https:\/\/jbcnews.com.br\/?p=2692"},"modified":"2021-03-01T17:46:20","modified_gmt":"2021-03-01T17:46:20","slug":"solange-almeida-celebra-corpo-real-celulites-e-estrias-sim-sou-mulher","status":"publish","type":"post","link":"https:\/\/jbcnews.com.br\/index.php\/2021\/03\/01\/solange-almeida-celebra-corpo-real-celulites-e-estrias-sim-sou-mulher\/","title":{"rendered":"Solange Almeida celebra corpo real: &#8220;Celulites e estrias? Sim, sou mulher&#8221;"},"content":{"rendered":"\n<p>Solange Almeida aproveitou o domingo (28) de folga para curtir uma piscina bem acompanhada, do noivo, o empres\u00e1rio Milton Moura. Nas redes sociais, a cantora de 46 anos publicou uma s\u00e9rie de fotos clicadas pelo amado e mandou uma mensagem para seus seguidores sobre a aceita\u00e7\u00e3o do pr\u00f3prio corpo.&nbsp;<\/p>\n\n\n\n<p>&#8220;Celulite? Sim, eu tenho! Estrias? Sim, eu tenho! Gordurinhas a mais? Sim, Eu tenho! F\u00e1cil? Sou tamb\u00e9m! Sou mulher!&#8221;, escreveu a artista, que dispensou os retoques ao compartilhar as imagens no Instagram.<\/p>\n\n\n\n<p>Na se\u00e7\u00e3o de coment\u00e1rios, n\u00e3o faltaram f\u00e3s para exaltar Solange com mensagens como: &#8220;Gente como a gente&#8221;, &#8220;Perfeita&#8221; e &#8220;Linda&#8221;.<\/p>\n\n\n\n<p>Os amigos famosos tamb\u00e9m entraram na corrente dos elogios. Foi o caso da apresentadora Eliana, que afirmou: &#8220;Beleza? Sim, eu tenho&#8221;.<\/p>\n\n\n\n<p>&#8220;Voc\u00ea \u00e9 maravilhosa&#8221;, refor\u00e7ou a cantora Daya Luz. &#8220;Goxtosa&#8221;, completou a Rainha do Bumbum, Gretchen.<\/p>\n\n\n\n<p>O fot\u00f3grafo tamb\u00e9m fez quest\u00e3o de prestigiar o ensaio e se declarar para Solange: &#8220;E eu amo&#8221;.<\/p>\n","protected":false},"excerpt":{"rendered":"<p>Solange Almeida aproveitou o domingo (28) de folga para curtir uma piscina bem acompanhada, do noivo, o empres\u00e1rio Milton Moura. Nas redes sociais, a cantora de<span class=\"excerpt-hellip\"> [\u2026]<\/span><\/p>\n","protected":false},"author":1,"featured_media":2693,"comment_status":"open","ping_status":"open","sticky":false,"template":"","format":"standard","meta":{"footnotes":""},"categories":[21],"tags":[],"yoast_head":"<!-- This site is optimized with the Yoast SEO plugin v22.6 - https:\/\/yoast.com\/wordpress\/plugins\/seo\/ -->\n<title>Solange Almeida celebra corpo real: &quot;Celulites e estrias? Sim, sou mulher&quot; - JBCNews<\/title>\n<meta name=\"robots\" content=\"index, follow, max-snippet:-1, max-image-preview:large, max-video-preview:-1\" \/>\n<link rel=\"canonical\" href=\"https:\/\/jbcnews.com.br\/index.php\/2021\/03\/01\/solange-almeida-celebra-corpo-real-celulites-e-estrias-sim-sou-mulher\/\" \/>\n<meta property=\"og:locale\" content=\"pt_BR\" \/>\n<meta property=\"og:type\" content=\"article\" \/>\n<meta property=\"og:title\" content=\"Solange Almeida celebra corpo real: &quot;Celulites e estrias? Sim, sou mulher&quot; - JBCNews\" \/>\n<meta property=\"og:description\" content=\"Solange Almeida aproveitou o domingo (28) de folga para curtir uma piscina bem acompanhada, do noivo, o empres\u00e1rio Milton Moura. Nas redes sociais, a cantora de [\u2026]\" \/>\n<meta property=\"og:url\" content=\"https:\/\/jbcnews.com.br\/index.php\/2021\/03\/01\/solange-almeida-celebra-corpo-real-celulites-e-estrias-sim-sou-mulher\/\" \/>\n<meta property=\"og:site_name\" content=\"JBCNews\" \/>\n<meta property=\"article:published_time\" content=\"2021-03-01T17:46:17+00:00\" \/>\n<meta property=\"article:modified_time\" content=\"2021-03-01T17:46:20+00:00\" \/>\n<meta property=\"og:image\" content=\"https:\/\/jbcnews.com.br\/wp-content\/uploads\/2021\/03\/imagem-64.png\" \/>\n\t<meta property=\"og:image:width\" content=\"959\" \/>\n\t<meta property=\"og:image:height\" content=\"540\" \/>\n\t<meta property=\"og:image:type\" content=\"image\/png\" \/>\n<meta name=\"author\" content=\"admin\" \/>\n<meta name=\"twitter:card\" content=\"summary_large_image\" \/>\n<meta name=\"twitter:label1\" content=\"Escrito por\" \/>\n\t<meta name=\"twitter:data1\" content=\"admin\" \/>\n\t<meta name=\"twitter:label2\" content=\"Est. tempo de leitura\" \/>\n\t<meta name=\"twitter:data2\" content=\"1 minuto\" \/>\n<script type=\"application\/ld+json\" class=\"yoast-schema-graph\">{\"@context\":\"https:\/\/schema.org\",\"@graph\":[{\"@type\":\"WebPage\",\"@id\":\"https:\/\/jbcnews.com.br\/index.php\/2021\/03\/01\/solange-almeida-celebra-corpo-real-celulites-e-estrias-sim-sou-mulher\/\",\"url\":\"https:\/\/jbcnews.com.br\/index.php\/2021\/03\/01\/solange-almeida-celebra-corpo-real-celulites-e-estrias-sim-sou-mulher\/\",\"name\":\"Solange Almeida celebra corpo real: \\\"Celulites e estrias? Sim, sou mulher\\\" - JBCNews\",\"isPartOf\":{\"@id\":\"https:\/\/jbcnews.com.br\/#website\"},\"primaryImageOfPage\":{\"@id\":\"https:\/\/jbcnews.com.br\/index.php\/2021\/03\/01\/solange-almeida-celebra-corpo-real-celulites-e-estrias-sim-sou-mulher\/#primaryimage\"},\"image\":{\"@id\":\"https:\/\/jbcnews.com.br\/index.php\/2021\/03\/01\/solange-almeida-celebra-corpo-real-celulites-e-estrias-sim-sou-mulher\/#primaryimage\"},\"thumbnailUrl\":\"https:\/\/jbcnews.com.br\/wp-content\/uploads\/2021\/03\/imagem-64.png\",\"datePublished\":\"2021-03-01T17:46:17+00:00\",\"dateModified\":\"2021-03-01T17:46:20+00:00\",\"author\":{\"@id\":\"https:\/\/jbcnews.com.br\/#\/schema\/person\/3b597ec20ccf92d0adc436057caf9bbe\"},\"breadcrumb\":{\"@id\":\"https:\/\/jbcnews.com.br\/index.php\/2021\/03\/01\/solange-almeida-celebra-corpo-real-celulites-e-estrias-sim-sou-mulher\/#breadcrumb\"},\"inLanguage\":\"pt-BR\",\"potentialAction\":[{\"@type\":\"ReadAction\",\"target\":[\"https:\/\/jbcnews.com.br\/index.php\/2021\/03\/01\/solange-almeida-celebra-corpo-real-celulites-e-estrias-sim-sou-mulher\/\"]}]},{\"@type\":\"ImageObject\",\"inLanguage\":\"pt-BR\",\"@id\":\"https:\/\/jbcnews.com.br\/index.php\/2021\/03\/01\/solange-almeida-celebra-corpo-real-celulites-e-estrias-sim-sou-mulher\/#primaryimage\",\"url\":\"https:\/\/jbcnews.com.br\/wp-content\/uploads\/2021\/03\/imagem-64.png\",\"contentUrl\":\"https:\/\/jbcnews.com.br\/wp-content\/uploads\/2021\/03\/imagem-64.png\",\"width\":959,\"height\":540},{\"@type\":\"BreadcrumbList\",\"@id\":\"https:\/\/jbcnews.com.br\/index.php\/2021\/03\/01\/solange-almeida-celebra-corpo-real-celulites-e-estrias-sim-sou-mulher\/#breadcrumb\",\"itemListElement\":[{\"@type\":\"ListItem\",\"position\":1,\"name\":\"In\u00edcio\",\"item\":\"https:\/\/jbcnews.com.br\/\"},{\"@type\":\"ListItem\",\"position\":2,\"name\":\"Solange Almeida celebra corpo real: &#8220;Celulites e estrias? Sim, sou mulher&#8221;\"}]},{\"@type\":\"WebSite\",\"@id\":\"https:\/\/jbcnews.com.br\/#website\",\"url\":\"https:\/\/jbcnews.com.br\/\",\"name\":\"JBCNews\",\"description\":\"Comunica\u00e7\u00e3o e Cultura\",\"potentialAction\":[{\"@type\":\"SearchAction\",\"target\":{\"@type\":\"EntryPoint\",\"urlTemplate\":\"https:\/\/jbcnews.com.br\/?s={search_term_string}\"},\"query-input\":\"required name=search_term_string\"}],\"inLanguage\":\"pt-BR\"},{\"@type\":\"Person\",\"@id\":\"https:\/\/jbcnews.com.br\/#\/schema\/person\/3b597ec20ccf92d0adc436057caf9bbe\",\"name\":\"admin\",\"image\":{\"@type\":\"ImageObject\",\"inLanguage\":\"pt-BR\",\"@id\":\"https:\/\/jbcnews.com.br\/#\/schema\/person\/image\/\",\"url\":\"https:\/\/secure.gravatar.com\/avatar\/fe848d2435b65c3ed1cdd3a8e8f3bb2d?s=96&d=mm&r=g\",\"contentUrl\":\"https:\/\/secure.gravatar.com\/avatar\/fe848d2435b65c3ed1cdd3a8e8f3bb2d?s=96&d=mm&r=g\",\"caption\":\"admin\"},\"sameAs\":[\"https:\/\/jbcnews.com.br\"],\"url\":\"https:\/\/jbcnews.com.br\/index.php\/author\/jbcnews\/\"}]}<\/script>\n<!-- \/ Yoast SEO plugin. -->","yoast_head_json":{"title":"Solange Almeida celebra corpo real: \"Celulites e estrias? Sim, sou mulher\" - JBCNews","robots":{"index":"index","follow":"follow","max-snippet":"max-snippet:-1","max-image-preview":"max-image-preview:large","max-video-preview":"max-video-preview:-1"},"canonical":"https:\/\/jbcnews.com.br\/index.php\/2021\/03\/01\/solange-almeida-celebra-corpo-real-celulites-e-estrias-sim-sou-mulher\/","og_locale":"pt_BR","og_type":"article","og_title":"Solange Almeida celebra corpo real: \"Celulites e estrias? Sim, sou mulher\" - JBCNews","og_description":"Solange Almeida aproveitou o domingo (28) de folga para curtir uma piscina bem acompanhada, do noivo, o empres\u00e1rio Milton Moura. Nas redes sociais, a cantora de [\u2026]","og_url":"https:\/\/jbcnews.com.br\/index.php\/2021\/03\/01\/solange-almeida-celebra-corpo-real-celulites-e-estrias-sim-sou-mulher\/","og_site_name":"JBCNews","article_published_time":"2021-03-01T17:46:17+00:00","article_modified_time":"2021-03-01T17:46:20+00:00","og_image":[{"width":959,"height":540,"url":"https:\/\/jbcnews.com.br\/wp-content\/uploads\/2021\/03\/imagem-64.png","type":"image\/png"}],"author":"admin","twitter_card":"summary_large_image","twitter_misc":{"Escrito por":"admin","Est. tempo de leitura":"1 minuto"},"schema":{"@context":"https:\/\/schema.org","@graph":[{"@type":"WebPage","@id":"https:\/\/jbcnews.com.br\/index.php\/2021\/03\/01\/solange-almeida-celebra-corpo-real-celulites-e-estrias-sim-sou-mulher\/","url":"https:\/\/jbcnews.com.br\/index.php\/2021\/03\/01\/solange-almeida-celebra-corpo-real-celulites-e-estrias-sim-sou-mulher\/","name":"Solange Almeida celebra corpo real: \"Celulites e estrias? Sim, sou mulher\" - JBCNews","isPartOf":{"@id":"https:\/\/jbcnews.com.br\/#website"},"primaryImageOfPage":{"@id":"https:\/\/jbcnews.com.br\/index.php\/2021\/03\/01\/solange-almeida-celebra-corpo-real-celulites-e-estrias-sim-sou-mulher\/#primaryimage"},"image":{"@id":"https:\/\/jbcnews.com.br\/index.php\/2021\/03\/01\/solange-almeida-celebra-corpo-real-celulites-e-estrias-sim-sou-mulher\/#primaryimage"},"thumbnailUrl":"https:\/\/jbcnews.com.br\/wp-content\/uploads\/2021\/03\/imagem-64.png","datePublished":"2021-03-01T17:46:17+00:00","dateModified":"2021-03-01T17:46:20+00:00","author":{"@id":"https:\/\/jbcnews.com.br\/#\/schema\/person\/3b597ec20ccf92d0adc436057caf9bbe"},"breadcrumb":{"@id":"https:\/\/jbcnews.com.br\/index.php\/2021\/03\/01\/solange-almeida-celebra-corpo-real-celulites-e-estrias-sim-sou-mulher\/#breadcrumb"},"inLanguage":"pt-BR","potentialAction":[{"@type":"ReadAction","target":["https:\/\/jbcnews.com.br\/index.php\/2021\/03\/01\/solange-almeida-celebra-corpo-real-celulites-e-estrias-sim-sou-mulher\/"]}]},{"@type":"ImageObject","inLanguage":"pt-BR","@id":"https:\/\/jbcnews.com.br\/index.php\/2021\/03\/01\/solange-almeida-celebra-corpo-real-celulites-e-estrias-sim-sou-mulher\/#primaryimage","url":"https:\/\/jbcnews.com.br\/wp-content\/uploads\/2021\/03\/imagem-64.png","contentUrl":"https:\/\/jbcnews.com.br\/wp-content\/uploads\/2021\/03\/imagem-64.png","width":959,"height":540},{"@type":"BreadcrumbList","@id":"https:\/\/jbcnews.com.br\/index.php\/2021\/03\/01\/solange-almeida-celebra-corpo-real-celulites-e-estrias-sim-sou-mulher\/#breadcrumb","itemListElement":[{"@type":"ListItem","position":1,"name":"In\u00edcio","item":"https:\/\/jbcnews.com.br\/"},{"@type":"ListItem","position":2,"name":"Solange Almeida celebra corpo real: &#8220;Celulites e estrias? Sim, sou mulher&#8221;"}]},{"@type":"WebSite","@id":"https:\/\/jbcnews.com.br\/#website","url":"https:\/\/jbcnews.com.br\/","name":"JBCNews","description":"Comunica\u00e7\u00e3o e Cultura","potentialAction":[{"@type":"SearchAction","target":{"@type":"EntryPoint","urlTemplate":"https:\/\/jbcnews.com.br\/?s={search_term_string}"},"query-input":"required name=search_term_string"}],"inLanguage":"pt-BR"},{"@type":"Person","@id":"https:\/\/jbcnews.com.br\/#\/schema\/person\/3b597ec20ccf92d0adc436057caf9bbe","name":"admin","image":{"@type":"ImageObject","inLanguage":"pt-BR","@id":"https:\/\/jbcnews.com.br\/#\/schema\/person\/image\/","url":"https:\/\/secure.gravatar.com\/avatar\/fe848d2435b65c3ed1cdd3a8e8f3bb2d?s=96&d=mm&r=g","contentUrl":"https:\/\/secure.gravatar.com\/avatar\/fe848d2435b65c3ed1cdd3a8e8f3bb2d?s=96&d=mm&r=g","caption":"admin"},"sameAs":["https:\/\/jbcnews.com.br"],"url":"https:\/\/jbcnews.com.br\/index.php\/author\/jbcnews\/"}]}},"_links":{"self":[{"href":"https:\/\/jbcnews.com.br\/index.php\/wp-json\/wp\/v2\/posts\/2692"}],"collection":[{"href":"https:\/\/jbcnews.com.br\/index.php\/wp-json\/wp\/v2\/posts"}],"about":[{"href":"https:\/\/jbcnews.com.br\/index.php\/wp-json\/wp\/v2\/types\/post"}],"author":[{"embeddable":true,"href":"https:\/\/jbcnews.com.br\/index.php\/wp-json\/wp\/v2\/users\/1"}],"replies":[{"embeddable":true,"href":"https:\/\/jbcnews.com.br\/index.php\/wp-json\/wp\/v2\/comments?post=2692"}],"version-history":[{"count":1,"href":"https:\/\/jbcnews.com.br\/index.php\/wp-json\/wp\/v2\/posts\/2692\/revisions"}],"predecessor-version":[{"id":2694,"href":"https:\/\/jbcnews.com.br\/index.php\/wp-json\/wp\/v2\/posts\/2692\/revisions\/2694"}],"wp:featuredmedia":[{"embeddable":true,"href":"https:\/\/jbcnews.com.br\/index.php\/wp-json\/wp\/v2\/media\/2693"}],"wp:attachment":[{"href":"https:\/\/jbcnews.com.br\/index.php\/wp-json\/wp\/v2\/media?parent=2692"}],"wp:term":[{"taxonomy":"category","embeddable":true,"href":"https:\/\/jbcnews.com.br\/index.php\/wp-json\/wp\/v2\/categories?post=2692"},{"taxonomy":"post_tag","embeddable":true,"href":"https:\/\/jbcnews.com.br\/index.php\/wp-json\/wp\/v2\/tags?post=2692"}],"curies":[{"name":"wp","href":"https:\/\/api.w.org\/{rel}","templated":true}]}}