{"id":2689,"date":"2021-03-01T17:43:37","date_gmt":"2021-03-01T17:43:37","guid":{"rendered":"https:\/\/jbcnews.com.br\/?p=2689"},"modified":"2021-03-01T17:43:39","modified_gmt":"2021-03-01T17:43:39","slug":"um-mes-de-lira-na-presidencia-da-camara-mostra-que-centrao-pode-muito-mas-nao-pode-tudo","status":"publish","type":"post","link":"https:\/\/jbcnews.com.br\/index.php\/2021\/03\/01\/um-mes-de-lira-na-presidencia-da-camara-mostra-que-centrao-pode-muito-mas-nao-pode-tudo\/","title":{"rendered":"Um m\u00eas de Lira na presid\u00eancia da C\u00e2mara mostra que Centr\u00e3o pode muito, mas n\u00e3o pode tudo"},"content":{"rendered":"\n<p>(JBCNEWS &#8211; DF 01\/03 &#8211; Arthur Lira (PP-AL) completa hoje um m\u00eas no comando da C\u00e2mara dos Deputados, e o dia a dia vem lhe ensinando que o seu grupo pode muito, mas n\u00e3o pode tudo em Bras\u00edlia. A realidade \u2014 alvissareira para quem temia um rolo compressor ap\u00f3s o rev\u00e9s de Rodrigo Maia \u2014 \u00e9 que mesmo o todo poderoso Centr\u00e3o encontra obst\u00e1culos no projeto de se impor hegem\u00f4nico na era Bolsonaro.<\/p>\n\n\n\n<p>O saldo \u00e9 de um epis\u00f3dio por semana ap\u00f3s a vit\u00f3ria contra Baleia Rossi (PMDB-SP). Logo no primeiro discurso como presidente, Lira subiu o tom e disse que a oposi\u00e7\u00e3o n\u00e3o teria espa\u00e7o na Mesa Diretora, desobedecendo a tradi\u00e7\u00e3o da proporcionalidade no Congresso. Bastaram 24 horas de gritaria de deputados para o presidente da C\u00e2mara recuar e dar cargos na c\u00fapula da Casa para partidos como o PT.<\/p>\n\n\n\n<p>O caso Daniel Silveira carrega mais dois exemplos de mudan\u00e7as de tom conforme a m\u00fasica toca. Na manh\u00e3 seguinte \u00e0 pris\u00e3o determinada pelo ministro Alexandre de Moraes, Lira disse a interlocutores que a a\u00e7\u00e3o por of\u00edcio do Supremo Tribunal Federal (STF) tinha problemas. O deputado chegou a telefonar para alguns colegas de Moraes na Corte, mas, com o tempo, passou a entender nas conversas que era irrevers\u00edvel a situa\u00e7\u00e3o de Silveira. O 11 a 0 no plen\u00e1rio pela manuten\u00e7\u00e3o da deten\u00e7\u00e3o o fez desistir de vez e parar de atuar pela soltura do deputado bolsonarista.<\/p>\n\n\n\n<p>Em seguida, veio a oportunidade de atuar mais uma vez como porta-voz do Centr\u00e3o com um projeto que blindaria ainda mais a classe pol\u00edtica nas a\u00e7\u00f5es judiciais. Parecia que a &#8220;PEC da Imunidade&#8221; \u2014 batizada sarcasticamente por cr\u00edticos como da &#8220;Impunidade&#8221; \u2014 ia passar de maneira rel\u00e2mpago na C\u00e2mara. N\u00e3o foi o que aconteceu. Primeiro, Lira e a sua turma reconheceram a necessidade de voltar atr\u00e1s no texto e deixar de mexer em artigos da Lei da Ficha Limpa. Depois, admitiram que passar a proposta sem sequer tramitar em uma comiss\u00e3o especial escancarada demais o car\u00e1ter oportunista da medida (al\u00e9m de abrir brecha para um questionamento no Judici\u00e1rio). Por fim, houve receio de derrota no plen\u00e1rio, onde eram necess\u00e1rios 308 votos para a aprova\u00e7\u00e3o.<\/p>\n\n\n\n<p>Mesmo a meta de Lira e companhia de avan\u00e7ar em cima da chave dos cofres da Uni\u00e3o foi travada por ora. Em entrevista ao GLOBO, o deputado defendeu a desvincula\u00e7\u00e3o dos recursos do Or\u00e7amento nas \u00e1reas de Educa\u00e7\u00e3o e Sa\u00fade. Ousou dizer, em plena pandemia, que o minist\u00e9rio tocado pelo general Eduardo Pazuello, tinha recursos demais \u00e0 disposi\u00e7\u00e3o. Dias depois, diante da press\u00e3o gigantesca de bancadas tem\u00e1ticas do Congresso e da sociedade civil contra a desvincula\u00e7\u00e3o, o relator da PEC Emergencial, senador M\u00e1rcio Bittar (MDB-AC), acabou retirando a ideia de Lira do texto.<\/p>\n\n\n\n<p>Apesar das quatro derrotas de Lira, nas pr\u00f3ximas semanas seguir\u00e3o em curso as agendas do Centr\u00e3o para reduzir a voz da esquerda, endossar o bolsonarismo, atacar o legado da Lava-Jato e aumentar a influ\u00eancia no Or\u00e7amento. O bloco quer reduzir os instrumentos que a oposi\u00e7\u00e3o tem para obstruir a pauta; deseja entregar ao Planalto a elei\u00e7\u00e3o de Bia Kicis (PSL-DF) para a Comiss\u00e3o de Constitui\u00e7\u00e3o e Justi\u00e7a; articula mudan\u00e7as nas leis de improbidade administrativa e lavagem de dinheiro, al\u00e9m de querer proteger escrit\u00f3rios de advocacia de opera\u00e7\u00f5es policiais; e demanda uma reforma ministerial mais robusta que a feita at\u00e9 agora (entregar apenas o Minist\u00e9rio da Cidadania para o deputado Jo\u00e3o Roma, do Republicanos, est\u00e1 longe de ser considerado suficiente).<\/p>\n","protected":false},"excerpt":{"rendered":"<p>(JBCNEWS &#8211; DF 01\/03 &#8211; Arthur Lira (PP-AL) completa hoje um m\u00eas no comando da C\u00e2mara dos Deputados, e o dia a dia vem lhe ensinando<span class=\"excerpt-hellip\"> [\u2026]<\/span><\/p>\n","protected":false},"author":1,"featured_media":2690,"comment_status":"open","ping_status":"open","sticky":false,"template":"","format":"standard","meta":{"footnotes":""},"categories":[20],"tags":[],"yoast_head":"<!-- This site is optimized with the Yoast SEO plugin v22.6 - https:\/\/yoast.com\/wordpress\/plugins\/seo\/ -->\n<title>Um m\u00eas de Lira na presid\u00eancia da C\u00e2mara mostra que Centr\u00e3o pode muito, mas n\u00e3o pode tudo - JBCNews<\/title>\n<meta name=\"robots\" content=\"index, follow, max-snippet:-1, max-image-preview:large, max-video-preview:-1\" \/>\n<link rel=\"canonical\" href=\"https:\/\/jbcnews.com.br\/index.php\/2021\/03\/01\/um-mes-de-lira-na-presidencia-da-camara-mostra-que-centrao-pode-muito-mas-nao-pode-tudo\/\" \/>\n<meta property=\"og:locale\" content=\"pt_BR\" \/>\n<meta property=\"og:type\" content=\"article\" \/>\n<meta property=\"og:title\" content=\"Um m\u00eas de Lira na presid\u00eancia da C\u00e2mara mostra que Centr\u00e3o pode muito, mas n\u00e3o pode tudo - JBCNews\" \/>\n<meta property=\"og:description\" content=\"(JBCNEWS &#8211; DF 01\/03 &#8211; Arthur Lira (PP-AL) completa hoje um m\u00eas no comando da C\u00e2mara dos Deputados, e o dia a dia vem lhe ensinando [\u2026]\" \/>\n<meta property=\"og:url\" content=\"https:\/\/jbcnews.com.br\/index.php\/2021\/03\/01\/um-mes-de-lira-na-presidencia-da-camara-mostra-que-centrao-pode-muito-mas-nao-pode-tudo\/\" \/>\n<meta property=\"og:site_name\" content=\"JBCNews\" \/>\n<meta property=\"article:published_time\" content=\"2021-03-01T17:43:37+00:00\" \/>\n<meta property=\"article:modified_time\" content=\"2021-03-01T17:43:39+00:00\" \/>\n<meta property=\"og:image\" content=\"https:\/\/jbcnews.com.br\/wp-content\/uploads\/2021\/03\/imagem-63.png\" \/>\n\t<meta property=\"og:image:width\" content=\"959\" \/>\n\t<meta property=\"og:image:height\" content=\"417\" \/>\n\t<meta property=\"og:image:type\" content=\"image\/png\" \/>\n<meta name=\"author\" content=\"admin\" \/>\n<meta name=\"twitter:card\" content=\"summary_large_image\" \/>\n<meta name=\"twitter:label1\" content=\"Escrito por\" \/>\n\t<meta name=\"twitter:data1\" content=\"admin\" \/>\n\t<meta name=\"twitter:label2\" content=\"Est. tempo de leitura\" \/>\n\t<meta name=\"twitter:data2\" content=\"3 minutos\" \/>\n<script type=\"application\/ld+json\" class=\"yoast-schema-graph\">{\"@context\":\"https:\/\/schema.org\",\"@graph\":[{\"@type\":\"WebPage\",\"@id\":\"https:\/\/jbcnews.com.br\/index.php\/2021\/03\/01\/um-mes-de-lira-na-presidencia-da-camara-mostra-que-centrao-pode-muito-mas-nao-pode-tudo\/\",\"url\":\"https:\/\/jbcnews.com.br\/index.php\/2021\/03\/01\/um-mes-de-lira-na-presidencia-da-camara-mostra-que-centrao-pode-muito-mas-nao-pode-tudo\/\",\"name\":\"Um m\u00eas de Lira na presid\u00eancia da C\u00e2mara mostra que Centr\u00e3o pode muito, mas n\u00e3o pode tudo - JBCNews\",\"isPartOf\":{\"@id\":\"https:\/\/jbcnews.com.br\/#website\"},\"primaryImageOfPage\":{\"@id\":\"https:\/\/jbcnews.com.br\/index.php\/2021\/03\/01\/um-mes-de-lira-na-presidencia-da-camara-mostra-que-centrao-pode-muito-mas-nao-pode-tudo\/#primaryimage\"},\"image\":{\"@id\":\"https:\/\/jbcnews.com.br\/index.php\/2021\/03\/01\/um-mes-de-lira-na-presidencia-da-camara-mostra-que-centrao-pode-muito-mas-nao-pode-tudo\/#primaryimage\"},\"thumbnailUrl\":\"https:\/\/jbcnews.com.br\/wp-content\/uploads\/2021\/03\/imagem-63.png\",\"datePublished\":\"2021-03-01T17:43:37+00:00\",\"dateModified\":\"2021-03-01T17:43:39+00:00\",\"author\":{\"@id\":\"https:\/\/jbcnews.com.br\/#\/schema\/person\/3b597ec20ccf92d0adc436057caf9bbe\"},\"breadcrumb\":{\"@id\":\"https:\/\/jbcnews.com.br\/index.php\/2021\/03\/01\/um-mes-de-lira-na-presidencia-da-camara-mostra-que-centrao-pode-muito-mas-nao-pode-tudo\/#breadcrumb\"},\"inLanguage\":\"pt-BR\",\"potentialAction\":[{\"@type\":\"ReadAction\",\"target\":[\"https:\/\/jbcnews.com.br\/index.php\/2021\/03\/01\/um-mes-de-lira-na-presidencia-da-camara-mostra-que-centrao-pode-muito-mas-nao-pode-tudo\/\"]}]},{\"@type\":\"ImageObject\",\"inLanguage\":\"pt-BR\",\"@id\":\"https:\/\/jbcnews.com.br\/index.php\/2021\/03\/01\/um-mes-de-lira-na-presidencia-da-camara-mostra-que-centrao-pode-muito-mas-nao-pode-tudo\/#primaryimage\",\"url\":\"https:\/\/jbcnews.com.br\/wp-content\/uploads\/2021\/03\/imagem-63.png\",\"contentUrl\":\"https:\/\/jbcnews.com.br\/wp-content\/uploads\/2021\/03\/imagem-63.png\",\"width\":959,\"height\":417},{\"@type\":\"BreadcrumbList\",\"@id\":\"https:\/\/jbcnews.com.br\/index.php\/2021\/03\/01\/um-mes-de-lira-na-presidencia-da-camara-mostra-que-centrao-pode-muito-mas-nao-pode-tudo\/#breadcrumb\",\"itemListElement\":[{\"@type\":\"ListItem\",\"position\":1,\"name\":\"In\u00edcio\",\"item\":\"https:\/\/jbcnews.com.br\/\"},{\"@type\":\"ListItem\",\"position\":2,\"name\":\"Um m\u00eas de Lira na presid\u00eancia da C\u00e2mara mostra que Centr\u00e3o pode muito, mas n\u00e3o pode tudo\"}]},{\"@type\":\"WebSite\",\"@id\":\"https:\/\/jbcnews.com.br\/#website\",\"url\":\"https:\/\/jbcnews.com.br\/\",\"name\":\"JBCNews\",\"description\":\"Comunica\u00e7\u00e3o e Cultura\",\"potentialAction\":[{\"@type\":\"SearchAction\",\"target\":{\"@type\":\"EntryPoint\",\"urlTemplate\":\"https:\/\/jbcnews.com.br\/?s={search_term_string}\"},\"query-input\":\"required name=search_term_string\"}],\"inLanguage\":\"pt-BR\"},{\"@type\":\"Person\",\"@id\":\"https:\/\/jbcnews.com.br\/#\/schema\/person\/3b597ec20ccf92d0adc436057caf9bbe\",\"name\":\"admin\",\"image\":{\"@type\":\"ImageObject\",\"inLanguage\":\"pt-BR\",\"@id\":\"https:\/\/jbcnews.com.br\/#\/schema\/person\/image\/\",\"url\":\"https:\/\/secure.gravatar.com\/avatar\/fe848d2435b65c3ed1cdd3a8e8f3bb2d?s=96&d=mm&r=g\",\"contentUrl\":\"https:\/\/secure.gravatar.com\/avatar\/fe848d2435b65c3ed1cdd3a8e8f3bb2d?s=96&d=mm&r=g\",\"caption\":\"admin\"},\"sameAs\":[\"https:\/\/jbcnews.com.br\"],\"url\":\"https:\/\/jbcnews.com.br\/index.php\/author\/jbcnews\/\"}]}<\/script>\n<!-- \/ Yoast SEO plugin. -->","yoast_head_json":{"title":"Um m\u00eas de Lira na presid\u00eancia da C\u00e2mara mostra que Centr\u00e3o pode muito, mas n\u00e3o pode tudo - JBCNews","robots":{"index":"index","follow":"follow","max-snippet":"max-snippet:-1","max-image-preview":"max-image-preview:large","max-video-preview":"max-video-preview:-1"},"canonical":"https:\/\/jbcnews.com.br\/index.php\/2021\/03\/01\/um-mes-de-lira-na-presidencia-da-camara-mostra-que-centrao-pode-muito-mas-nao-pode-tudo\/","og_locale":"pt_BR","og_type":"article","og_title":"Um m\u00eas de Lira na presid\u00eancia da C\u00e2mara mostra que Centr\u00e3o pode muito, mas n\u00e3o pode tudo - JBCNews","og_description":"(JBCNEWS &#8211; DF 01\/03 &#8211; Arthur Lira (PP-AL) completa hoje um m\u00eas no comando da C\u00e2mara dos Deputados, e o dia a dia vem lhe ensinando [\u2026]","og_url":"https:\/\/jbcnews.com.br\/index.php\/2021\/03\/01\/um-mes-de-lira-na-presidencia-da-camara-mostra-que-centrao-pode-muito-mas-nao-pode-tudo\/","og_site_name":"JBCNews","article_published_time":"2021-03-01T17:43:37+00:00","article_modified_time":"2021-03-01T17:43:39+00:00","og_image":[{"width":959,"height":417,"url":"https:\/\/jbcnews.com.br\/wp-content\/uploads\/2021\/03\/imagem-63.png","type":"image\/png"}],"author":"admin","twitter_card":"summary_large_image","twitter_misc":{"Escrito por":"admin","Est. tempo de leitura":"3 minutos"},"schema":{"@context":"https:\/\/schema.org","@graph":[{"@type":"WebPage","@id":"https:\/\/jbcnews.com.br\/index.php\/2021\/03\/01\/um-mes-de-lira-na-presidencia-da-camara-mostra-que-centrao-pode-muito-mas-nao-pode-tudo\/","url":"https:\/\/jbcnews.com.br\/index.php\/2021\/03\/01\/um-mes-de-lira-na-presidencia-da-camara-mostra-que-centrao-pode-muito-mas-nao-pode-tudo\/","name":"Um m\u00eas de Lira na presid\u00eancia da C\u00e2mara mostra que Centr\u00e3o pode muito, mas n\u00e3o pode tudo - JBCNews","isPartOf":{"@id":"https:\/\/jbcnews.com.br\/#website"},"primaryImageOfPage":{"@id":"https:\/\/jbcnews.com.br\/index.php\/2021\/03\/01\/um-mes-de-lira-na-presidencia-da-camara-mostra-que-centrao-pode-muito-mas-nao-pode-tudo\/#primaryimage"},"image":{"@id":"https:\/\/jbcnews.com.br\/index.php\/2021\/03\/01\/um-mes-de-lira-na-presidencia-da-camara-mostra-que-centrao-pode-muito-mas-nao-pode-tudo\/#primaryimage"},"thumbnailUrl":"https:\/\/jbcnews.com.br\/wp-content\/uploads\/2021\/03\/imagem-63.png","datePublished":"2021-03-01T17:43:37+00:00","dateModified":"2021-03-01T17:43:39+00:00","author":{"@id":"https:\/\/jbcnews.com.br\/#\/schema\/person\/3b597ec20ccf92d0adc436057caf9bbe"},"breadcrumb":{"@id":"https:\/\/jbcnews.com.br\/index.php\/2021\/03\/01\/um-mes-de-lira-na-presidencia-da-camara-mostra-que-centrao-pode-muito-mas-nao-pode-tudo\/#breadcrumb"},"inLanguage":"pt-BR","potentialAction":[{"@type":"ReadAction","target":["https:\/\/jbcnews.com.br\/index.php\/2021\/03\/01\/um-mes-de-lira-na-presidencia-da-camara-mostra-que-centrao-pode-muito-mas-nao-pode-tudo\/"]}]},{"@type":"ImageObject","inLanguage":"pt-BR","@id":"https:\/\/jbcnews.com.br\/index.php\/2021\/03\/01\/um-mes-de-lira-na-presidencia-da-camara-mostra-que-centrao-pode-muito-mas-nao-pode-tudo\/#primaryimage","url":"https:\/\/jbcnews.com.br\/wp-content\/uploads\/2021\/03\/imagem-63.png","contentUrl":"https:\/\/jbcnews.com.br\/wp-content\/uploads\/2021\/03\/imagem-63.png","width":959,"height":417},{"@type":"BreadcrumbList","@id":"https:\/\/jbcnews.com.br\/index.php\/2021\/03\/01\/um-mes-de-lira-na-presidencia-da-camara-mostra-que-centrao-pode-muito-mas-nao-pode-tudo\/#breadcrumb","itemListElement":[{"@type":"ListItem","position":1,"name":"In\u00edcio","item":"https:\/\/jbcnews.com.br\/"},{"@type":"ListItem","position":2,"name":"Um m\u00eas de Lira na presid\u00eancia da C\u00e2mara mostra que Centr\u00e3o pode muito, mas n\u00e3o pode tudo"}]},{"@type":"WebSite","@id":"https:\/\/jbcnews.com.br\/#website","url":"https:\/\/jbcnews.com.br\/","name":"JBCNews","description":"Comunica\u00e7\u00e3o e Cultura","potentialAction":[{"@type":"SearchAction","target":{"@type":"EntryPoint","urlTemplate":"https:\/\/jbcnews.com.br\/?s={search_term_string}"},"query-input":"required name=search_term_string"}],"inLanguage":"pt-BR"},{"@type":"Person","@id":"https:\/\/jbcnews.com.br\/#\/schema\/person\/3b597ec20ccf92d0adc436057caf9bbe","name":"admin","image":{"@type":"ImageObject","inLanguage":"pt-BR","@id":"https:\/\/jbcnews.com.br\/#\/schema\/person\/image\/","url":"https:\/\/secure.gravatar.com\/avatar\/fe848d2435b65c3ed1cdd3a8e8f3bb2d?s=96&d=mm&r=g","contentUrl":"https:\/\/secure.gravatar.com\/avatar\/fe848d2435b65c3ed1cdd3a8e8f3bb2d?s=96&d=mm&r=g","caption":"admin"},"sameAs":["https:\/\/jbcnews.com.br"],"url":"https:\/\/jbcnews.com.br\/index.php\/author\/jbcnews\/"}]}},"_links":{"self":[{"href":"https:\/\/jbcnews.com.br\/index.php\/wp-json\/wp\/v2\/posts\/2689"}],"collection":[{"href":"https:\/\/jbcnews.com.br\/index.php\/wp-json\/wp\/v2\/posts"}],"about":[{"href":"https:\/\/jbcnews.com.br\/index.php\/wp-json\/wp\/v2\/types\/post"}],"author":[{"embeddable":true,"href":"https:\/\/jbcnews.com.br\/index.php\/wp-json\/wp\/v2\/users\/1"}],"replies":[{"embeddable":true,"href":"https:\/\/jbcnews.com.br\/index.php\/wp-json\/wp\/v2\/comments?post=2689"}],"version-history":[{"count":1,"href":"https:\/\/jbcnews.com.br\/index.php\/wp-json\/wp\/v2\/posts\/2689\/revisions"}],"predecessor-version":[{"id":2691,"href":"https:\/\/jbcnews.com.br\/index.php\/wp-json\/wp\/v2\/posts\/2689\/revisions\/2691"}],"wp:featuredmedia":[{"embeddable":true,"href":"https:\/\/jbcnews.com.br\/index.php\/wp-json\/wp\/v2\/media\/2690"}],"wp:attachment":[{"href":"https:\/\/jbcnews.com.br\/index.php\/wp-json\/wp\/v2\/media?parent=2689"}],"wp:term":[{"taxonomy":"category","embeddable":true,"href":"https:\/\/jbcnews.com.br\/index.php\/wp-json\/wp\/v2\/categories?post=2689"},{"taxonomy":"post_tag","embeddable":true,"href":"https:\/\/jbcnews.com.br\/index.php\/wp-json\/wp\/v2\/tags?post=2689"}],"curies":[{"name":"wp","href":"https:\/\/api.w.org\/{rel}","templated":true}]}}