{"id":2686,"date":"2021-03-01T17:41:05","date_gmt":"2021-03-01T17:41:05","guid":{"rendered":"https:\/\/jbcnews.com.br\/?p=2686"},"modified":"2021-03-01T17:41:08","modified_gmt":"2021-03-01T17:41:08","slug":"bolsonaro-convoca-reuniao-para-discutir-pandemia-de-coronavirus-e-medidas-de-auxilio-emergencial","status":"publish","type":"post","link":"https:\/\/jbcnews.com.br\/index.php\/2021\/03\/01\/bolsonaro-convoca-reuniao-para-discutir-pandemia-de-coronavirus-e-medidas-de-auxilio-emergencial\/","title":{"rendered":"Bolsonaro convoca reuni\u00e3o para discutir pandemia de coronav\u00edrus e medidas de aux\u00edlio emergencial"},"content":{"rendered":"\n<p>(JBCNEWS &#8211; DF 01\/03) &#8211; No momento em que o pa\u00eds est\u00e1 em amea\u00e7a de colapso, com UTIs lotadas e governadores adotando medidas restritivas, o presidente Jair Bolsonaro foi \u00e0s redes sociais para dizer que tratou neste domingo, em reuni\u00e3o no Pal\u00e1cio da Alvorada, de vacinas contra a Covid-19, a situa\u00e7\u00e3o da pandemia e a\u00e7\u00f5es para evitar para ajudar a economia, como a prorroga\u00e7\u00e3o do aux\u00edlio emergencial. Participaram do encontro com o presidente os ministros da Sa\u00fade (Eduardo Pazuello), da Economia (Paulo Guedes), da Casa Civil (Braga Netto), da Secretaria de Governo (Luiz Eduardo Ramos), al\u00e9m dos presidentes da C\u00e2mara (Arthur Lira) e do Senado (Rodrigo Pacheco).<\/p>\n\n\n\n<p>Na fotografia publicada por Bolsonaro com os demais participantes da reuni\u00e3o, apenas tr\u00eas pessoas usavam m\u00e1scaras: Paulo Guedes, Arthur Lira e Rodrigo Pacheco. O resultado dos debates n\u00e3o foi divulgado, mas fontes da \u00e1rea econ\u00f4mica disseram que se discutiu o fechamento de medidas, como o cronograma do aux\u00edlio emergencial.<\/p>\n\n\n\n<p>Outro ponto de debate foi como aprovar a Proposta de Emenda \u00e0 Constitui\u00e7\u00e3o que cria mecanismos de ajuste fiscal para Uni\u00e3o, estados e munic\u00edpios, chamada de PEC Emergencial. Ap\u00f3s a reuni\u00e3o, o presidente do Senado reafirmou que o foco, neste momento, \u00e9 atender os doentes e ajudar os mais pobres:<br>&#8220;Em reuni\u00e3o, neste domingo, com o presidente Bolsonaro, com o presidente da C\u00e2mara, Arthur Lira, com os ministros Paulo Guedes, Eduardo Ramos, Pazuello e Braga Neto, afirmou que \u00e9 preciso mantermos o foco no atendimento aos doentes, na vacina e no aux\u00edlio. Nada \u00e9 mais importante&#8221;, disse Pacheco em sua conta no Twitter.<\/p>\n\n\n\n<p>As press\u00f5es sobre Bolsonaro ganharam for\u00e7a logo cedo, com uma decis\u00e3o da ministra Rosa Weber, do Supremo Tribunal Federal, que obriga o governo federal a reativar imediatamente leitos de UTI que foram fechados em S\u00e3o Paulo, na Bahia e no Maranh\u00e3o.<\/p>\n\n\n\n<p>Mas Bolsonaro continuou com uma postura cr\u00edtica ante os governadores que adotaram medidas restritivas, como o do Distrito Federal, Ibaneis Rocha. Mais cedo, o presidente minimizou a falta de leitos, dizendo que &#8220;a sa\u00fade no Brasil sempre teve seus problemas&#8221;. Segundo ele, a situa\u00e7\u00e3o n\u00e3o \u00e9 justificativa para fechar o com\u00e9rcio \u2014 medida adotada para reduzir o cont\u00e1gio do novo coronav\u00edrus.<\/p>\n","protected":false},"excerpt":{"rendered":"<p>(JBCNEWS &#8211; DF 01\/03) &#8211; No momento em que o pa\u00eds est\u00e1 em amea\u00e7a de colapso, com UTIs lotadas e governadores adotando medidas restritivas, o presidente<span class=\"excerpt-hellip\"> [\u2026]<\/span><\/p>\n","protected":false},"author":1,"featured_media":2687,"comment_status":"open","ping_status":"open","sticky":false,"template":"","format":"standard","meta":{"footnotes":""},"categories":[20],"tags":[],"yoast_head":"<!-- This site is optimized with the Yoast SEO plugin v22.6 - https:\/\/yoast.com\/wordpress\/plugins\/seo\/ -->\n<title>Bolsonaro convoca reuni\u00e3o para discutir pandemia de coronav\u00edrus e medidas de aux\u00edlio emergencial - JBCNews<\/title>\n<meta name=\"robots\" content=\"index, follow, max-snippet:-1, max-image-preview:large, max-video-preview:-1\" \/>\n<link rel=\"canonical\" href=\"https:\/\/jbcnews.com.br\/index.php\/2021\/03\/01\/bolsonaro-convoca-reuniao-para-discutir-pandemia-de-coronavirus-e-medidas-de-auxilio-emergencial\/\" \/>\n<meta property=\"og:locale\" content=\"pt_BR\" \/>\n<meta property=\"og:type\" content=\"article\" \/>\n<meta property=\"og:title\" content=\"Bolsonaro convoca reuni\u00e3o para discutir pandemia de coronav\u00edrus e medidas de aux\u00edlio emergencial - JBCNews\" \/>\n<meta property=\"og:description\" content=\"(JBCNEWS &#8211; DF 01\/03) &#8211; No momento em que o pa\u00eds est\u00e1 em amea\u00e7a de colapso, com UTIs lotadas e governadores adotando medidas restritivas, o presidente [\u2026]\" \/>\n<meta property=\"og:url\" content=\"https:\/\/jbcnews.com.br\/index.php\/2021\/03\/01\/bolsonaro-convoca-reuniao-para-discutir-pandemia-de-coronavirus-e-medidas-de-auxilio-emergencial\/\" \/>\n<meta property=\"og:site_name\" content=\"JBCNews\" \/>\n<meta property=\"article:published_time\" content=\"2021-03-01T17:41:05+00:00\" \/>\n<meta property=\"article:modified_time\" content=\"2021-03-01T17:41:08+00:00\" \/>\n<meta property=\"og:image\" content=\"https:\/\/jbcnews.com.br\/wp-content\/uploads\/2021\/03\/imagem-62.png\" \/>\n\t<meta property=\"og:image:width\" content=\"448\" \/>\n\t<meta property=\"og:image:height\" content=\"274\" \/>\n\t<meta property=\"og:image:type\" content=\"image\/png\" \/>\n<meta name=\"author\" content=\"admin\" \/>\n<meta name=\"twitter:card\" content=\"summary_large_image\" \/>\n<meta name=\"twitter:label1\" content=\"Escrito por\" \/>\n\t<meta name=\"twitter:data1\" content=\"admin\" \/>\n\t<meta name=\"twitter:label2\" content=\"Est. tempo de leitura\" \/>\n\t<meta name=\"twitter:data2\" content=\"2 minutos\" \/>\n<script type=\"application\/ld+json\" class=\"yoast-schema-graph\">{\"@context\":\"https:\/\/schema.org\",\"@graph\":[{\"@type\":\"WebPage\",\"@id\":\"https:\/\/jbcnews.com.br\/index.php\/2021\/03\/01\/bolsonaro-convoca-reuniao-para-discutir-pandemia-de-coronavirus-e-medidas-de-auxilio-emergencial\/\",\"url\":\"https:\/\/jbcnews.com.br\/index.php\/2021\/03\/01\/bolsonaro-convoca-reuniao-para-discutir-pandemia-de-coronavirus-e-medidas-de-auxilio-emergencial\/\",\"name\":\"Bolsonaro convoca reuni\u00e3o para discutir pandemia de coronav\u00edrus e medidas de aux\u00edlio emergencial - JBCNews\",\"isPartOf\":{\"@id\":\"https:\/\/jbcnews.com.br\/#website\"},\"primaryImageOfPage\":{\"@id\":\"https:\/\/jbcnews.com.br\/index.php\/2021\/03\/01\/bolsonaro-convoca-reuniao-para-discutir-pandemia-de-coronavirus-e-medidas-de-auxilio-emergencial\/#primaryimage\"},\"image\":{\"@id\":\"https:\/\/jbcnews.com.br\/index.php\/2021\/03\/01\/bolsonaro-convoca-reuniao-para-discutir-pandemia-de-coronavirus-e-medidas-de-auxilio-emergencial\/#primaryimage\"},\"thumbnailUrl\":\"https:\/\/jbcnews.com.br\/wp-content\/uploads\/2021\/03\/imagem-62.png\",\"datePublished\":\"2021-03-01T17:41:05+00:00\",\"dateModified\":\"2021-03-01T17:41:08+00:00\",\"author\":{\"@id\":\"https:\/\/jbcnews.com.br\/#\/schema\/person\/3b597ec20ccf92d0adc436057caf9bbe\"},\"breadcrumb\":{\"@id\":\"https:\/\/jbcnews.com.br\/index.php\/2021\/03\/01\/bolsonaro-convoca-reuniao-para-discutir-pandemia-de-coronavirus-e-medidas-de-auxilio-emergencial\/#breadcrumb\"},\"inLanguage\":\"pt-BR\",\"potentialAction\":[{\"@type\":\"ReadAction\",\"target\":[\"https:\/\/jbcnews.com.br\/index.php\/2021\/03\/01\/bolsonaro-convoca-reuniao-para-discutir-pandemia-de-coronavirus-e-medidas-de-auxilio-emergencial\/\"]}]},{\"@type\":\"ImageObject\",\"inLanguage\":\"pt-BR\",\"@id\":\"https:\/\/jbcnews.com.br\/index.php\/2021\/03\/01\/bolsonaro-convoca-reuniao-para-discutir-pandemia-de-coronavirus-e-medidas-de-auxilio-emergencial\/#primaryimage\",\"url\":\"https:\/\/jbcnews.com.br\/wp-content\/uploads\/2021\/03\/imagem-62.png\",\"contentUrl\":\"https:\/\/jbcnews.com.br\/wp-content\/uploads\/2021\/03\/imagem-62.png\",\"width\":448,\"height\":274},{\"@type\":\"BreadcrumbList\",\"@id\":\"https:\/\/jbcnews.com.br\/index.php\/2021\/03\/01\/bolsonaro-convoca-reuniao-para-discutir-pandemia-de-coronavirus-e-medidas-de-auxilio-emergencial\/#breadcrumb\",\"itemListElement\":[{\"@type\":\"ListItem\",\"position\":1,\"name\":\"In\u00edcio\",\"item\":\"https:\/\/jbcnews.com.br\/\"},{\"@type\":\"ListItem\",\"position\":2,\"name\":\"Bolsonaro convoca reuni\u00e3o para discutir pandemia de coronav\u00edrus e medidas de aux\u00edlio emergencial\"}]},{\"@type\":\"WebSite\",\"@id\":\"https:\/\/jbcnews.com.br\/#website\",\"url\":\"https:\/\/jbcnews.com.br\/\",\"name\":\"JBCNews\",\"description\":\"Comunica\u00e7\u00e3o e Cultura\",\"potentialAction\":[{\"@type\":\"SearchAction\",\"target\":{\"@type\":\"EntryPoint\",\"urlTemplate\":\"https:\/\/jbcnews.com.br\/?s={search_term_string}\"},\"query-input\":\"required name=search_term_string\"}],\"inLanguage\":\"pt-BR\"},{\"@type\":\"Person\",\"@id\":\"https:\/\/jbcnews.com.br\/#\/schema\/person\/3b597ec20ccf92d0adc436057caf9bbe\",\"name\":\"admin\",\"image\":{\"@type\":\"ImageObject\",\"inLanguage\":\"pt-BR\",\"@id\":\"https:\/\/jbcnews.com.br\/#\/schema\/person\/image\/\",\"url\":\"https:\/\/secure.gravatar.com\/avatar\/fe848d2435b65c3ed1cdd3a8e8f3bb2d?s=96&d=mm&r=g\",\"contentUrl\":\"https:\/\/secure.gravatar.com\/avatar\/fe848d2435b65c3ed1cdd3a8e8f3bb2d?s=96&d=mm&r=g\",\"caption\":\"admin\"},\"sameAs\":[\"https:\/\/jbcnews.com.br\"],\"url\":\"https:\/\/jbcnews.com.br\/index.php\/author\/jbcnews\/\"}]}<\/script>\n<!-- \/ Yoast SEO plugin. -->","yoast_head_json":{"title":"Bolsonaro convoca reuni\u00e3o para discutir pandemia de coronav\u00edrus e medidas de aux\u00edlio emergencial - JBCNews","robots":{"index":"index","follow":"follow","max-snippet":"max-snippet:-1","max-image-preview":"max-image-preview:large","max-video-preview":"max-video-preview:-1"},"canonical":"https:\/\/jbcnews.com.br\/index.php\/2021\/03\/01\/bolsonaro-convoca-reuniao-para-discutir-pandemia-de-coronavirus-e-medidas-de-auxilio-emergencial\/","og_locale":"pt_BR","og_type":"article","og_title":"Bolsonaro convoca reuni\u00e3o para discutir pandemia de coronav\u00edrus e medidas de aux\u00edlio emergencial - JBCNews","og_description":"(JBCNEWS &#8211; DF 01\/03) &#8211; No momento em que o pa\u00eds est\u00e1 em amea\u00e7a de colapso, com UTIs lotadas e governadores adotando medidas restritivas, o presidente [\u2026]","og_url":"https:\/\/jbcnews.com.br\/index.php\/2021\/03\/01\/bolsonaro-convoca-reuniao-para-discutir-pandemia-de-coronavirus-e-medidas-de-auxilio-emergencial\/","og_site_name":"JBCNews","article_published_time":"2021-03-01T17:41:05+00:00","article_modified_time":"2021-03-01T17:41:08+00:00","og_image":[{"width":448,"height":274,"url":"https:\/\/jbcnews.com.br\/wp-content\/uploads\/2021\/03\/imagem-62.png","type":"image\/png"}],"author":"admin","twitter_card":"summary_large_image","twitter_misc":{"Escrito por":"admin","Est. tempo de leitura":"2 minutos"},"schema":{"@context":"https:\/\/schema.org","@graph":[{"@type":"WebPage","@id":"https:\/\/jbcnews.com.br\/index.php\/2021\/03\/01\/bolsonaro-convoca-reuniao-para-discutir-pandemia-de-coronavirus-e-medidas-de-auxilio-emergencial\/","url":"https:\/\/jbcnews.com.br\/index.php\/2021\/03\/01\/bolsonaro-convoca-reuniao-para-discutir-pandemia-de-coronavirus-e-medidas-de-auxilio-emergencial\/","name":"Bolsonaro convoca reuni\u00e3o para discutir pandemia de coronav\u00edrus e medidas de aux\u00edlio emergencial - JBCNews","isPartOf":{"@id":"https:\/\/jbcnews.com.br\/#website"},"primaryImageOfPage":{"@id":"https:\/\/jbcnews.com.br\/index.php\/2021\/03\/01\/bolsonaro-convoca-reuniao-para-discutir-pandemia-de-coronavirus-e-medidas-de-auxilio-emergencial\/#primaryimage"},"image":{"@id":"https:\/\/jbcnews.com.br\/index.php\/2021\/03\/01\/bolsonaro-convoca-reuniao-para-discutir-pandemia-de-coronavirus-e-medidas-de-auxilio-emergencial\/#primaryimage"},"thumbnailUrl":"https:\/\/jbcnews.com.br\/wp-content\/uploads\/2021\/03\/imagem-62.png","datePublished":"2021-03-01T17:41:05+00:00","dateModified":"2021-03-01T17:41:08+00:00","author":{"@id":"https:\/\/jbcnews.com.br\/#\/schema\/person\/3b597ec20ccf92d0adc436057caf9bbe"},"breadcrumb":{"@id":"https:\/\/jbcnews.com.br\/index.php\/2021\/03\/01\/bolsonaro-convoca-reuniao-para-discutir-pandemia-de-coronavirus-e-medidas-de-auxilio-emergencial\/#breadcrumb"},"inLanguage":"pt-BR","potentialAction":[{"@type":"ReadAction","target":["https:\/\/jbcnews.com.br\/index.php\/2021\/03\/01\/bolsonaro-convoca-reuniao-para-discutir-pandemia-de-coronavirus-e-medidas-de-auxilio-emergencial\/"]}]},{"@type":"ImageObject","inLanguage":"pt-BR","@id":"https:\/\/jbcnews.com.br\/index.php\/2021\/03\/01\/bolsonaro-convoca-reuniao-para-discutir-pandemia-de-coronavirus-e-medidas-de-auxilio-emergencial\/#primaryimage","url":"https:\/\/jbcnews.com.br\/wp-content\/uploads\/2021\/03\/imagem-62.png","contentUrl":"https:\/\/jbcnews.com.br\/wp-content\/uploads\/2021\/03\/imagem-62.png","width":448,"height":274},{"@type":"BreadcrumbList","@id":"https:\/\/jbcnews.com.br\/index.php\/2021\/03\/01\/bolsonaro-convoca-reuniao-para-discutir-pandemia-de-coronavirus-e-medidas-de-auxilio-emergencial\/#breadcrumb","itemListElement":[{"@type":"ListItem","position":1,"name":"In\u00edcio","item":"https:\/\/jbcnews.com.br\/"},{"@type":"ListItem","position":2,"name":"Bolsonaro convoca reuni\u00e3o para discutir pandemia de coronav\u00edrus e medidas de aux\u00edlio emergencial"}]},{"@type":"WebSite","@id":"https:\/\/jbcnews.com.br\/#website","url":"https:\/\/jbcnews.com.br\/","name":"JBCNews","description":"Comunica\u00e7\u00e3o e Cultura","potentialAction":[{"@type":"SearchAction","target":{"@type":"EntryPoint","urlTemplate":"https:\/\/jbcnews.com.br\/?s={search_term_string}"},"query-input":"required name=search_term_string"}],"inLanguage":"pt-BR"},{"@type":"Person","@id":"https:\/\/jbcnews.com.br\/#\/schema\/person\/3b597ec20ccf92d0adc436057caf9bbe","name":"admin","image":{"@type":"ImageObject","inLanguage":"pt-BR","@id":"https:\/\/jbcnews.com.br\/#\/schema\/person\/image\/","url":"https:\/\/secure.gravatar.com\/avatar\/fe848d2435b65c3ed1cdd3a8e8f3bb2d?s=96&d=mm&r=g","contentUrl":"https:\/\/secure.gravatar.com\/avatar\/fe848d2435b65c3ed1cdd3a8e8f3bb2d?s=96&d=mm&r=g","caption":"admin"},"sameAs":["https:\/\/jbcnews.com.br"],"url":"https:\/\/jbcnews.com.br\/index.php\/author\/jbcnews\/"}]}},"_links":{"self":[{"href":"https:\/\/jbcnews.com.br\/index.php\/wp-json\/wp\/v2\/posts\/2686"}],"collection":[{"href":"https:\/\/jbcnews.com.br\/index.php\/wp-json\/wp\/v2\/posts"}],"about":[{"href":"https:\/\/jbcnews.com.br\/index.php\/wp-json\/wp\/v2\/types\/post"}],"author":[{"embeddable":true,"href":"https:\/\/jbcnews.com.br\/index.php\/wp-json\/wp\/v2\/users\/1"}],"replies":[{"embeddable":true,"href":"https:\/\/jbcnews.com.br\/index.php\/wp-json\/wp\/v2\/comments?post=2686"}],"version-history":[{"count":1,"href":"https:\/\/jbcnews.com.br\/index.php\/wp-json\/wp\/v2\/posts\/2686\/revisions"}],"predecessor-version":[{"id":2688,"href":"https:\/\/jbcnews.com.br\/index.php\/wp-json\/wp\/v2\/posts\/2686\/revisions\/2688"}],"wp:featuredmedia":[{"embeddable":true,"href":"https:\/\/jbcnews.com.br\/index.php\/wp-json\/wp\/v2\/media\/2687"}],"wp:attachment":[{"href":"https:\/\/jbcnews.com.br\/index.php\/wp-json\/wp\/v2\/media?parent=2686"}],"wp:term":[{"taxonomy":"category","embeddable":true,"href":"https:\/\/jbcnews.com.br\/index.php\/wp-json\/wp\/v2\/categories?post=2686"},{"taxonomy":"post_tag","embeddable":true,"href":"https:\/\/jbcnews.com.br\/index.php\/wp-json\/wp\/v2\/tags?post=2686"}],"curies":[{"name":"wp","href":"https:\/\/api.w.org\/{rel}","templated":true}]}}