{"id":2683,"date":"2021-03-01T17:39:13","date_gmt":"2021-03-01T17:39:13","guid":{"rendered":"https:\/\/jbcnews.com.br\/?p=2683"},"modified":"2021-03-01T17:39:16","modified_gmt":"2021-03-01T17:39:16","slug":"o-dia-de-1983-em-que-o-mundo-esteve-a-beira-de-uma-guerra-nuclear-e-como-descobrimos-so-agora","status":"publish","type":"post","link":"https:\/\/jbcnews.com.br\/index.php\/2021\/03\/01\/o-dia-de-1983-em-que-o-mundo-esteve-a-beira-de-uma-guerra-nuclear-e-como-descobrimos-so-agora\/","title":{"rendered":"O dia de 1983 em que o mundo esteve \u00e0 beira de uma guerra nuclear (e como descobrimos s\u00f3 agora)"},"content":{"rendered":"\n<p>JBCNEWS &#8211; DF 01\/03) &#8211; No in\u00edcio de novembro de 1983, o mundo estava \u00e0 beira de um confronto nuclear que, aparentemente, foi evitado por pura sorte.<\/p>\n\n\n\n<p>Documentos recentemente divulgados pelo Escrit\u00f3rio de Hist\u00f3ria do Departamento de Estado dos EUA fornecem novas evid\u00eancias de como este epis\u00f3dio, conhecido como o &#8220;P\u00e2nico de Guerra de 1983&#8221;, chegou muito mais perto de desencadear um conflito at\u00f4mico real do que se sabia at\u00e9 agora.<\/p>\n\n\n\n<p>Al\u00e9m disso, a documenta\u00e7\u00e3o mostra como os militares dos EUA respons\u00e1veis por avaliar e tomar decis\u00f5es agiram com base em informa\u00e7\u00f5es incompletas e apenas anos depois souberam o qu\u00e3o perto estavam de ter acidentalmente provocado um ataque nuclear pela Uni\u00e3o Sovi\u00e9tica (URSS), que teria desencadeado a temida &#8220;destrui\u00e7\u00e3o m\u00fatua assegurada&#8221; de ambas as superpot\u00eancias.<\/p>\n\n\n\n<p>Embora todos os dados sobre o ocorrido permane\u00e7am desconhecidos, muitos especialistas \u2014 incluindo a intelig\u00eancia brit\u00e2nica \u2014 consideram este epis\u00f3dio o momento de maior amea\u00e7a de guerra nuclear desde a crise dos m\u00edsseis cubanos de 1962.<\/p>\n\n\n\n<p><strong>Jogos&nbsp;<\/strong><strong>b\u00e9licos<\/strong><\/p>\n\n\n\n<p>Tudo come\u00e7ou com um jogo de guerra.<\/p>\n\n\n\n<p>No in\u00edcio de novembro de 1983, a Organiza\u00e7\u00e3o do Tratado do Atl\u00e2ntico Norte (Otan) organizou os exerc\u00edcios militares Able Archer, que se baseavam no cen\u00e1rio hipot\u00e9tico de uma invas\u00e3o sovi\u00e9tica da Europa Ocidental que escalaria ao ponto de a Otan realizar um ataque nuclear contra as for\u00e7as da URSS e do Pacto de Vars\u00f3via (bloco comunista).<\/p>\n","protected":false},"excerpt":{"rendered":"<p>JBCNEWS &#8211; DF 01\/03) &#8211; No in\u00edcio de novembro de 1983, o mundo estava \u00e0 beira de um confronto nuclear que, aparentemente, foi evitado por pura<span class=\"excerpt-hellip\"> [\u2026]<\/span><\/p>\n","protected":false},"author":1,"featured_media":2684,"comment_status":"open","ping_status":"open","sticky":false,"template":"","format":"standard","meta":{"footnotes":""},"categories":[34],"tags":[],"yoast_head":"<!-- This site is optimized with the Yoast SEO plugin v22.6 - https:\/\/yoast.com\/wordpress\/plugins\/seo\/ -->\n<title>O dia de 1983 em que o mundo esteve \u00e0 beira de uma guerra nuclear (e como descobrimos s\u00f3 agora) - JBCNews<\/title>\n<meta name=\"robots\" content=\"index, follow, max-snippet:-1, max-image-preview:large, max-video-preview:-1\" \/>\n<link rel=\"canonical\" href=\"https:\/\/jbcnews.com.br\/index.php\/2021\/03\/01\/o-dia-de-1983-em-que-o-mundo-esteve-a-beira-de-uma-guerra-nuclear-e-como-descobrimos-so-agora\/\" \/>\n<meta property=\"og:locale\" content=\"pt_BR\" \/>\n<meta property=\"og:type\" content=\"article\" \/>\n<meta property=\"og:title\" content=\"O dia de 1983 em que o mundo esteve \u00e0 beira de uma guerra nuclear (e como descobrimos s\u00f3 agora) - JBCNews\" \/>\n<meta property=\"og:description\" content=\"JBCNEWS &#8211; DF 01\/03) &#8211; No in\u00edcio de novembro de 1983, o mundo estava \u00e0 beira de um confronto nuclear que, aparentemente, foi evitado por pura [\u2026]\" \/>\n<meta property=\"og:url\" content=\"https:\/\/jbcnews.com.br\/index.php\/2021\/03\/01\/o-dia-de-1983-em-que-o-mundo-esteve-a-beira-de-uma-guerra-nuclear-e-como-descobrimos-so-agora\/\" \/>\n<meta property=\"og:site_name\" content=\"JBCNews\" \/>\n<meta property=\"article:published_time\" content=\"2021-03-01T17:39:13+00:00\" \/>\n<meta property=\"article:modified_time\" content=\"2021-03-01T17:39:16+00:00\" \/>\n<meta property=\"og:image\" content=\"https:\/\/jbcnews.com.br\/wp-content\/uploads\/2021\/03\/imagem-61.png\" \/>\n\t<meta property=\"og:image:width\" content=\"960\" \/>\n\t<meta property=\"og:image:height\" content=\"540\" \/>\n\t<meta property=\"og:image:type\" content=\"image\/png\" \/>\n<meta name=\"author\" content=\"admin\" \/>\n<meta name=\"twitter:card\" content=\"summary_large_image\" \/>\n<meta name=\"twitter:label1\" content=\"Escrito por\" \/>\n\t<meta name=\"twitter:data1\" content=\"admin\" \/>\n\t<meta name=\"twitter:label2\" content=\"Est. tempo de leitura\" \/>\n\t<meta name=\"twitter:data2\" content=\"1 minuto\" \/>\n<script type=\"application\/ld+json\" class=\"yoast-schema-graph\">{\"@context\":\"https:\/\/schema.org\",\"@graph\":[{\"@type\":\"WebPage\",\"@id\":\"https:\/\/jbcnews.com.br\/index.php\/2021\/03\/01\/o-dia-de-1983-em-que-o-mundo-esteve-a-beira-de-uma-guerra-nuclear-e-como-descobrimos-so-agora\/\",\"url\":\"https:\/\/jbcnews.com.br\/index.php\/2021\/03\/01\/o-dia-de-1983-em-que-o-mundo-esteve-a-beira-de-uma-guerra-nuclear-e-como-descobrimos-so-agora\/\",\"name\":\"O dia de 1983 em que o mundo esteve \u00e0 beira de uma guerra nuclear (e como descobrimos s\u00f3 agora) - JBCNews\",\"isPartOf\":{\"@id\":\"https:\/\/jbcnews.com.br\/#website\"},\"primaryImageOfPage\":{\"@id\":\"https:\/\/jbcnews.com.br\/index.php\/2021\/03\/01\/o-dia-de-1983-em-que-o-mundo-esteve-a-beira-de-uma-guerra-nuclear-e-como-descobrimos-so-agora\/#primaryimage\"},\"image\":{\"@id\":\"https:\/\/jbcnews.com.br\/index.php\/2021\/03\/01\/o-dia-de-1983-em-que-o-mundo-esteve-a-beira-de-uma-guerra-nuclear-e-como-descobrimos-so-agora\/#primaryimage\"},\"thumbnailUrl\":\"https:\/\/jbcnews.com.br\/wp-content\/uploads\/2021\/03\/imagem-61.png\",\"datePublished\":\"2021-03-01T17:39:13+00:00\",\"dateModified\":\"2021-03-01T17:39:16+00:00\",\"author\":{\"@id\":\"https:\/\/jbcnews.com.br\/#\/schema\/person\/3b597ec20ccf92d0adc436057caf9bbe\"},\"breadcrumb\":{\"@id\":\"https:\/\/jbcnews.com.br\/index.php\/2021\/03\/01\/o-dia-de-1983-em-que-o-mundo-esteve-a-beira-de-uma-guerra-nuclear-e-como-descobrimos-so-agora\/#breadcrumb\"},\"inLanguage\":\"pt-BR\",\"potentialAction\":[{\"@type\":\"ReadAction\",\"target\":[\"https:\/\/jbcnews.com.br\/index.php\/2021\/03\/01\/o-dia-de-1983-em-que-o-mundo-esteve-a-beira-de-uma-guerra-nuclear-e-como-descobrimos-so-agora\/\"]}]},{\"@type\":\"ImageObject\",\"inLanguage\":\"pt-BR\",\"@id\":\"https:\/\/jbcnews.com.br\/index.php\/2021\/03\/01\/o-dia-de-1983-em-que-o-mundo-esteve-a-beira-de-uma-guerra-nuclear-e-como-descobrimos-so-agora\/#primaryimage\",\"url\":\"https:\/\/jbcnews.com.br\/wp-content\/uploads\/2021\/03\/imagem-61.png\",\"contentUrl\":\"https:\/\/jbcnews.com.br\/wp-content\/uploads\/2021\/03\/imagem-61.png\",\"width\":960,\"height\":540},{\"@type\":\"BreadcrumbList\",\"@id\":\"https:\/\/jbcnews.com.br\/index.php\/2021\/03\/01\/o-dia-de-1983-em-que-o-mundo-esteve-a-beira-de-uma-guerra-nuclear-e-como-descobrimos-so-agora\/#breadcrumb\",\"itemListElement\":[{\"@type\":\"ListItem\",\"position\":1,\"name\":\"In\u00edcio\",\"item\":\"https:\/\/jbcnews.com.br\/\"},{\"@type\":\"ListItem\",\"position\":2,\"name\":\"O dia de 1983 em que o mundo esteve \u00e0 beira de uma guerra nuclear (e como descobrimos s\u00f3 agora)\"}]},{\"@type\":\"WebSite\",\"@id\":\"https:\/\/jbcnews.com.br\/#website\",\"url\":\"https:\/\/jbcnews.com.br\/\",\"name\":\"JBCNews\",\"description\":\"Comunica\u00e7\u00e3o e Cultura\",\"potentialAction\":[{\"@type\":\"SearchAction\",\"target\":{\"@type\":\"EntryPoint\",\"urlTemplate\":\"https:\/\/jbcnews.com.br\/?s={search_term_string}\"},\"query-input\":\"required name=search_term_string\"}],\"inLanguage\":\"pt-BR\"},{\"@type\":\"Person\",\"@id\":\"https:\/\/jbcnews.com.br\/#\/schema\/person\/3b597ec20ccf92d0adc436057caf9bbe\",\"name\":\"admin\",\"image\":{\"@type\":\"ImageObject\",\"inLanguage\":\"pt-BR\",\"@id\":\"https:\/\/jbcnews.com.br\/#\/schema\/person\/image\/\",\"url\":\"https:\/\/secure.gravatar.com\/avatar\/fe848d2435b65c3ed1cdd3a8e8f3bb2d?s=96&d=mm&r=g\",\"contentUrl\":\"https:\/\/secure.gravatar.com\/avatar\/fe848d2435b65c3ed1cdd3a8e8f3bb2d?s=96&d=mm&r=g\",\"caption\":\"admin\"},\"sameAs\":[\"https:\/\/jbcnews.com.br\"],\"url\":\"https:\/\/jbcnews.com.br\/index.php\/author\/jbcnews\/\"}]}<\/script>\n<!-- \/ Yoast SEO plugin. -->","yoast_head_json":{"title":"O dia de 1983 em que o mundo esteve \u00e0 beira de uma guerra nuclear (e como descobrimos s\u00f3 agora) - JBCNews","robots":{"index":"index","follow":"follow","max-snippet":"max-snippet:-1","max-image-preview":"max-image-preview:large","max-video-preview":"max-video-preview:-1"},"canonical":"https:\/\/jbcnews.com.br\/index.php\/2021\/03\/01\/o-dia-de-1983-em-que-o-mundo-esteve-a-beira-de-uma-guerra-nuclear-e-como-descobrimos-so-agora\/","og_locale":"pt_BR","og_type":"article","og_title":"O dia de 1983 em que o mundo esteve \u00e0 beira de uma guerra nuclear (e como descobrimos s\u00f3 agora) - JBCNews","og_description":"JBCNEWS &#8211; DF 01\/03) &#8211; No in\u00edcio de novembro de 1983, o mundo estava \u00e0 beira de um confronto nuclear que, aparentemente, foi evitado por pura [\u2026]","og_url":"https:\/\/jbcnews.com.br\/index.php\/2021\/03\/01\/o-dia-de-1983-em-que-o-mundo-esteve-a-beira-de-uma-guerra-nuclear-e-como-descobrimos-so-agora\/","og_site_name":"JBCNews","article_published_time":"2021-03-01T17:39:13+00:00","article_modified_time":"2021-03-01T17:39:16+00:00","og_image":[{"width":960,"height":540,"url":"https:\/\/jbcnews.com.br\/wp-content\/uploads\/2021\/03\/imagem-61.png","type":"image\/png"}],"author":"admin","twitter_card":"summary_large_image","twitter_misc":{"Escrito por":"admin","Est. tempo de leitura":"1 minuto"},"schema":{"@context":"https:\/\/schema.org","@graph":[{"@type":"WebPage","@id":"https:\/\/jbcnews.com.br\/index.php\/2021\/03\/01\/o-dia-de-1983-em-que-o-mundo-esteve-a-beira-de-uma-guerra-nuclear-e-como-descobrimos-so-agora\/","url":"https:\/\/jbcnews.com.br\/index.php\/2021\/03\/01\/o-dia-de-1983-em-que-o-mundo-esteve-a-beira-de-uma-guerra-nuclear-e-como-descobrimos-so-agora\/","name":"O dia de 1983 em que o mundo esteve \u00e0 beira de uma guerra nuclear (e como descobrimos s\u00f3 agora) - JBCNews","isPartOf":{"@id":"https:\/\/jbcnews.com.br\/#website"},"primaryImageOfPage":{"@id":"https:\/\/jbcnews.com.br\/index.php\/2021\/03\/01\/o-dia-de-1983-em-que-o-mundo-esteve-a-beira-de-uma-guerra-nuclear-e-como-descobrimos-so-agora\/#primaryimage"},"image":{"@id":"https:\/\/jbcnews.com.br\/index.php\/2021\/03\/01\/o-dia-de-1983-em-que-o-mundo-esteve-a-beira-de-uma-guerra-nuclear-e-como-descobrimos-so-agora\/#primaryimage"},"thumbnailUrl":"https:\/\/jbcnews.com.br\/wp-content\/uploads\/2021\/03\/imagem-61.png","datePublished":"2021-03-01T17:39:13+00:00","dateModified":"2021-03-01T17:39:16+00:00","author":{"@id":"https:\/\/jbcnews.com.br\/#\/schema\/person\/3b597ec20ccf92d0adc436057caf9bbe"},"breadcrumb":{"@id":"https:\/\/jbcnews.com.br\/index.php\/2021\/03\/01\/o-dia-de-1983-em-que-o-mundo-esteve-a-beira-de-uma-guerra-nuclear-e-como-descobrimos-so-agora\/#breadcrumb"},"inLanguage":"pt-BR","potentialAction":[{"@type":"ReadAction","target":["https:\/\/jbcnews.com.br\/index.php\/2021\/03\/01\/o-dia-de-1983-em-que-o-mundo-esteve-a-beira-de-uma-guerra-nuclear-e-como-descobrimos-so-agora\/"]}]},{"@type":"ImageObject","inLanguage":"pt-BR","@id":"https:\/\/jbcnews.com.br\/index.php\/2021\/03\/01\/o-dia-de-1983-em-que-o-mundo-esteve-a-beira-de-uma-guerra-nuclear-e-como-descobrimos-so-agora\/#primaryimage","url":"https:\/\/jbcnews.com.br\/wp-content\/uploads\/2021\/03\/imagem-61.png","contentUrl":"https:\/\/jbcnews.com.br\/wp-content\/uploads\/2021\/03\/imagem-61.png","width":960,"height":540},{"@type":"BreadcrumbList","@id":"https:\/\/jbcnews.com.br\/index.php\/2021\/03\/01\/o-dia-de-1983-em-que-o-mundo-esteve-a-beira-de-uma-guerra-nuclear-e-como-descobrimos-so-agora\/#breadcrumb","itemListElement":[{"@type":"ListItem","position":1,"name":"In\u00edcio","item":"https:\/\/jbcnews.com.br\/"},{"@type":"ListItem","position":2,"name":"O dia de 1983 em que o mundo esteve \u00e0 beira de uma guerra nuclear (e como descobrimos s\u00f3 agora)"}]},{"@type":"WebSite","@id":"https:\/\/jbcnews.com.br\/#website","url":"https:\/\/jbcnews.com.br\/","name":"JBCNews","description":"Comunica\u00e7\u00e3o e Cultura","potentialAction":[{"@type":"SearchAction","target":{"@type":"EntryPoint","urlTemplate":"https:\/\/jbcnews.com.br\/?s={search_term_string}"},"query-input":"required name=search_term_string"}],"inLanguage":"pt-BR"},{"@type":"Person","@id":"https:\/\/jbcnews.com.br\/#\/schema\/person\/3b597ec20ccf92d0adc436057caf9bbe","name":"admin","image":{"@type":"ImageObject","inLanguage":"pt-BR","@id":"https:\/\/jbcnews.com.br\/#\/schema\/person\/image\/","url":"https:\/\/secure.gravatar.com\/avatar\/fe848d2435b65c3ed1cdd3a8e8f3bb2d?s=96&d=mm&r=g","contentUrl":"https:\/\/secure.gravatar.com\/avatar\/fe848d2435b65c3ed1cdd3a8e8f3bb2d?s=96&d=mm&r=g","caption":"admin"},"sameAs":["https:\/\/jbcnews.com.br"],"url":"https:\/\/jbcnews.com.br\/index.php\/author\/jbcnews\/"}]}},"_links":{"self":[{"href":"https:\/\/jbcnews.com.br\/index.php\/wp-json\/wp\/v2\/posts\/2683"}],"collection":[{"href":"https:\/\/jbcnews.com.br\/index.php\/wp-json\/wp\/v2\/posts"}],"about":[{"href":"https:\/\/jbcnews.com.br\/index.php\/wp-json\/wp\/v2\/types\/post"}],"author":[{"embeddable":true,"href":"https:\/\/jbcnews.com.br\/index.php\/wp-json\/wp\/v2\/users\/1"}],"replies":[{"embeddable":true,"href":"https:\/\/jbcnews.com.br\/index.php\/wp-json\/wp\/v2\/comments?post=2683"}],"version-history":[{"count":1,"href":"https:\/\/jbcnews.com.br\/index.php\/wp-json\/wp\/v2\/posts\/2683\/revisions"}],"predecessor-version":[{"id":2685,"href":"https:\/\/jbcnews.com.br\/index.php\/wp-json\/wp\/v2\/posts\/2683\/revisions\/2685"}],"wp:featuredmedia":[{"embeddable":true,"href":"https:\/\/jbcnews.com.br\/index.php\/wp-json\/wp\/v2\/media\/2684"}],"wp:attachment":[{"href":"https:\/\/jbcnews.com.br\/index.php\/wp-json\/wp\/v2\/media?parent=2683"}],"wp:term":[{"taxonomy":"category","embeddable":true,"href":"https:\/\/jbcnews.com.br\/index.php\/wp-json\/wp\/v2\/categories?post=2683"},{"taxonomy":"post_tag","embeddable":true,"href":"https:\/\/jbcnews.com.br\/index.php\/wp-json\/wp\/v2\/tags?post=2683"}],"curies":[{"name":"wp","href":"https:\/\/api.w.org\/{rel}","templated":true}]}}