{"id":2680,"date":"2021-02-26T18:47:08","date_gmt":"2021-02-26T18:47:08","guid":{"rendered":"https:\/\/jbcnews.com.br\/?p=2680"},"modified":"2021-02-26T18:47:10","modified_gmt":"2021-02-26T18:47:10","slug":"entenda-a-proposta-para-proteger-parlamentares-da-prisao-que-deve-ser-votada-pela-camara","status":"publish","type":"post","link":"https:\/\/jbcnews.com.br\/index.php\/2021\/02\/26\/entenda-a-proposta-para-proteger-parlamentares-da-prisao-que-deve-ser-votada-pela-camara\/","title":{"rendered":"Entenda a proposta para proteger parlamentares da pris\u00e3o que deve ser votada pela C\u00e2mara"},"content":{"rendered":"\n<p>(JBCNEWS &#8211; DF 25\/02) \u2014 A C\u00e2mara dos Deputados deve votar ainda nesta quarta-feira uma Proposta de Emenda \u00e0 Constitui\u00e7\u00e3o (PEC) para restringir a eventual pris\u00e3o e processos contra parlamentares. Se ela estivesse em vigor, o bolsonarista Daniel Silveira (PSL-RJ) poderia n\u00e3o ter ficado preso.<\/p>\n\n\n\n<p>A proposta foi elaborada por um grupo de trabalho formado pelo presidente da C\u00e2mara, Arthur Lira (PP-AL), e altera diversos pontos da Constitui\u00e7\u00e3o.<\/p>\n\n\n\n<p>1. Pris\u00e3o de parlamentar<\/p>\n\n\n\n<p>A PEC restringe a pris\u00e3o, prevendo que deputados ou senadores sejam enviados para a cust\u00f3dia do Congresso ap\u00f3s o flagrante. A C\u00e2mara ou o Senado poderiam decidir onde manter o parlamentar, incluindo em sua pr\u00f3pria casa, antes de uma audi\u00eancia na Justi\u00e7a para analisar a pris\u00e3o.<\/p>\n\n\n\n<p>Essa audi\u00eancia, inclusive, s\u00f3 poderia ocorrer ap\u00f3s o plen\u00e1rio da C\u00e2mara ou do Senado analisarem a pris\u00e3o. Isso impede o que ocorreu no caso Silveira, em que um juiz auxiliar do Supremo Tribunal Federal (STF) decidiu sobre manter a pris\u00e3o antes de ela ter sido analisada pelos deputados.<\/p>\n\n\n\n<p>2. Busca e apreens\u00e3o limitadas<\/p>\n\n\n\n<p>Outra medida proposta \u00e9 determinar que a busca e apreens\u00e3o contra parlamentares no Congresso ou nas suas resid\u00eancias sempre dever\u00e1 ser referendada, ap\u00f3s sua realiza\u00e7\u00e3o, pelo plen\u00e1rio do STF. Caso contr\u00e1rio, as provas obtidas podem ser invalidadas. A PEC estabelece ainda que a Pol\u00edcia Legislativa supervisionar\u00e1 as buscas e apreens\u00f5es no Congresso.<\/p>\n\n\n\n<p>3. Primeira inst\u00e2ncia perde poder<\/p>\n\n\n\n<p>A restri\u00e7\u00e3o \u00e0s buscas e apreens\u00f5es significa que, mesmo que um juiz de primeira inst\u00e2ncia possa julgar um fato ocorrido antes do mandato, ele n\u00e3o poder\u00e1 pedir buscas nas depend\u00eancias de um parlamentar sem autoriza\u00e7\u00e3o do Supremo. A medida pode atrasar esse tipo de a\u00e7\u00e3o penal.<\/p>\n\n\n\n<p>Isso vale n\u00e3o s\u00f3 para busca e apreens\u00e3o. Qualquer medida cautelar, como sequestro de bens ou uso de tornozeleira eletr\u00f4nica deve ser referendado pelo Supremo Tribunal Federal, sob risco de ser considerada ilegal.<\/p>\n\n\n\n<p>4. Alcance da imunidade parlamentar<\/p>\n\n\n\n<p>As modifica\u00e7\u00f5es previstas est\u00e3o no artigo 53 da Constitui\u00e7\u00e3o Federal, que trata da imunidade parlamentar sobre &#8220;opini\u00f5es, palavras e votos&#8221;. A PEC prop\u00f5e que, sobre o discurso de um parlamentar, cabe &#8220;exclusivamente&#8221; a responsabiliza\u00e7\u00e3o \u00e9tico-disciplinar imposta pelo pr\u00f3prio Congresso. Eventuais a\u00e7\u00f5es c\u00edveis ou penais estariam exclu\u00eddas, portanto.<\/p>\n\n\n\n<p>O presidente Jair Bolsonaro foi condenado a indenizar a deputada Maria do Ros\u00e1rio (PT-RS), por exemplo, em uma a\u00e7\u00e3o de responsabilidade civil. A a\u00e7\u00e3o se refere a um discurso proferido quando ele era deputado.<\/p>\n\n\n\n<p>Daniel Silveira, por outro lado, foi enquadrado pelo ministro do STF Alexandre de Moraes em crimes contra a ordem p\u00fablica especificados na Lei de Seguran\u00e7a Nacional (LSN). A C\u00e2mara estuda tamb\u00e9m altera\u00e7\u00f5es nessa lei para que ela se torne menos ampla e n\u00e3o possa ser usada para coibir a livre manifesta\u00e7\u00e3o, o que deve ficar para um segundo momento.<\/p>\n\n\n\n<p>5. Foro privilegiado<\/p>\n\n\n\n<p>Outra mudan\u00e7a relevante prevista na PEC \u00e9 estabelecer o foro privilegiado apenas &#8220;para crimes cometidos no exerc\u00edcio do cargo e relacionados ao mandato&#8221;, incluindo na Constitui\u00e7\u00e3o o entendimento atual do Supremo Tribunal Federal (STF). A altera\u00e7\u00e3o mant\u00e9m, portanto, a\u00e7\u00f5es sobre fatos anteriores ao cargo dos deputados e senadores nas inst\u00e2ncias inferiores.<\/p>\n\n\n\n<p>Al\u00e9m disso, a PEC cria uma modalidade de recurso no STF para quem tem foro privilegiado. Um pol\u00edtico condenado no Supremo teria direito, portanto, a recorrer na pr\u00f3pria Corte contra o m\u00e9rito da decis\u00e3o. Os condenados do Mensal\u00e3o, por exemplo, poderiam ter ganhado tempo com esse recurso.<\/p>\n\n\n\n<p>6. Afastamento tempor\u00e1rio vedados<\/p>\n\n\n\n<p>O texto tamb\u00e9m prev\u00ea que ficaria vedado o afastamento tempor\u00e1rio de membros do Congresso, somente podendo ser decretada a perda do mandato nos termos do artigo 55 da Constitui\u00e7\u00e3o. Algumas hip\u00f3teses para isso ocorrer envolvem quest\u00f5es eleitorais, criminais ou quebra de decoro.<\/p>\n\n\n\n<p>O afastamento da deputada Flordelis (PSD-RJ) da C\u00e2mara, determinado pela Justi\u00e7a do Rio ontem, n\u00e3o poderia mais ocorrer pelas novas regras.<\/p>\n\n\n\n<p>7. Deputados estaduais<\/p>\n\n\n\n<p>O projeto tamb\u00e9m d\u00e1 aos deputados estaduais as mesmas prerrogativas dos deputados federais e senadores. Assim, s\u00f3 poder\u00e3o ser presos por crime em flagrante e inafian\u00e7\u00e1vel.<\/p>\n","protected":false},"excerpt":{"rendered":"<p>(JBCNEWS &#8211; DF 25\/02) \u2014 A C\u00e2mara dos Deputados deve votar ainda nesta quarta-feira uma Proposta de Emenda \u00e0 Constitui\u00e7\u00e3o (PEC) para restringir a eventual pris\u00e3o<span class=\"excerpt-hellip\"> [\u2026]<\/span><\/p>\n","protected":false},"author":1,"featured_media":2681,"comment_status":"open","ping_status":"open","sticky":false,"template":"","format":"standard","meta":{"footnotes":""},"categories":[22,20],"tags":[],"yoast_head":"<!-- This site is optimized with the Yoast SEO plugin v22.6 - https:\/\/yoast.com\/wordpress\/plugins\/seo\/ -->\n<title>Entenda a proposta para proteger parlamentares da pris\u00e3o que deve ser votada pela C\u00e2mara - JBCNews<\/title>\n<meta name=\"robots\" content=\"index, follow, max-snippet:-1, max-image-preview:large, max-video-preview:-1\" \/>\n<link rel=\"canonical\" href=\"https:\/\/jbcnews.com.br\/index.php\/2021\/02\/26\/entenda-a-proposta-para-proteger-parlamentares-da-prisao-que-deve-ser-votada-pela-camara\/\" \/>\n<meta property=\"og:locale\" content=\"pt_BR\" \/>\n<meta property=\"og:type\" content=\"article\" \/>\n<meta property=\"og:title\" content=\"Entenda a proposta para proteger parlamentares da pris\u00e3o que deve ser votada pela C\u00e2mara - JBCNews\" \/>\n<meta property=\"og:description\" content=\"(JBCNEWS &#8211; DF 25\/02) \u2014 A C\u00e2mara dos Deputados deve votar ainda nesta quarta-feira uma Proposta de Emenda \u00e0 Constitui\u00e7\u00e3o (PEC) para restringir a eventual pris\u00e3o [\u2026]\" \/>\n<meta property=\"og:url\" content=\"https:\/\/jbcnews.com.br\/index.php\/2021\/02\/26\/entenda-a-proposta-para-proteger-parlamentares-da-prisao-que-deve-ser-votada-pela-camara\/\" \/>\n<meta property=\"og:site_name\" content=\"JBCNews\" \/>\n<meta property=\"article:published_time\" content=\"2021-02-26T18:47:08+00:00\" \/>\n<meta property=\"article:modified_time\" content=\"2021-02-26T18:47:10+00:00\" \/>\n<meta property=\"og:image\" content=\"https:\/\/jbcnews.com.br\/wp-content\/uploads\/2021\/02\/imagem-48-1.png\" \/>\n\t<meta property=\"og:image:width\" content=\"959\" \/>\n\t<meta property=\"og:image:height\" content=\"417\" \/>\n\t<meta property=\"og:image:type\" content=\"image\/png\" \/>\n<meta name=\"author\" content=\"admin\" \/>\n<meta name=\"twitter:card\" content=\"summary_large_image\" \/>\n<meta name=\"twitter:label1\" content=\"Escrito por\" \/>\n\t<meta name=\"twitter:data1\" content=\"admin\" \/>\n\t<meta name=\"twitter:label2\" content=\"Est. tempo de leitura\" \/>\n\t<meta name=\"twitter:data2\" content=\"4 minutos\" \/>\n<script type=\"application\/ld+json\" class=\"yoast-schema-graph\">{\"@context\":\"https:\/\/schema.org\",\"@graph\":[{\"@type\":\"WebPage\",\"@id\":\"https:\/\/jbcnews.com.br\/index.php\/2021\/02\/26\/entenda-a-proposta-para-proteger-parlamentares-da-prisao-que-deve-ser-votada-pela-camara\/\",\"url\":\"https:\/\/jbcnews.com.br\/index.php\/2021\/02\/26\/entenda-a-proposta-para-proteger-parlamentares-da-prisao-que-deve-ser-votada-pela-camara\/\",\"name\":\"Entenda a proposta para proteger parlamentares da pris\u00e3o que deve ser votada pela C\u00e2mara - JBCNews\",\"isPartOf\":{\"@id\":\"https:\/\/jbcnews.com.br\/#website\"},\"primaryImageOfPage\":{\"@id\":\"https:\/\/jbcnews.com.br\/index.php\/2021\/02\/26\/entenda-a-proposta-para-proteger-parlamentares-da-prisao-que-deve-ser-votada-pela-camara\/#primaryimage\"},\"image\":{\"@id\":\"https:\/\/jbcnews.com.br\/index.php\/2021\/02\/26\/entenda-a-proposta-para-proteger-parlamentares-da-prisao-que-deve-ser-votada-pela-camara\/#primaryimage\"},\"thumbnailUrl\":\"https:\/\/jbcnews.com.br\/wp-content\/uploads\/2021\/02\/imagem-48-1.png\",\"datePublished\":\"2021-02-26T18:47:08+00:00\",\"dateModified\":\"2021-02-26T18:47:10+00:00\",\"author\":{\"@id\":\"https:\/\/jbcnews.com.br\/#\/schema\/person\/3b597ec20ccf92d0adc436057caf9bbe\"},\"breadcrumb\":{\"@id\":\"https:\/\/jbcnews.com.br\/index.php\/2021\/02\/26\/entenda-a-proposta-para-proteger-parlamentares-da-prisao-que-deve-ser-votada-pela-camara\/#breadcrumb\"},\"inLanguage\":\"pt-BR\",\"potentialAction\":[{\"@type\":\"ReadAction\",\"target\":[\"https:\/\/jbcnews.com.br\/index.php\/2021\/02\/26\/entenda-a-proposta-para-proteger-parlamentares-da-prisao-que-deve-ser-votada-pela-camara\/\"]}]},{\"@type\":\"ImageObject\",\"inLanguage\":\"pt-BR\",\"@id\":\"https:\/\/jbcnews.com.br\/index.php\/2021\/02\/26\/entenda-a-proposta-para-proteger-parlamentares-da-prisao-que-deve-ser-votada-pela-camara\/#primaryimage\",\"url\":\"https:\/\/jbcnews.com.br\/wp-content\/uploads\/2021\/02\/imagem-48-1.png\",\"contentUrl\":\"https:\/\/jbcnews.com.br\/wp-content\/uploads\/2021\/02\/imagem-48-1.png\",\"width\":959,\"height\":417},{\"@type\":\"BreadcrumbList\",\"@id\":\"https:\/\/jbcnews.com.br\/index.php\/2021\/02\/26\/entenda-a-proposta-para-proteger-parlamentares-da-prisao-que-deve-ser-votada-pela-camara\/#breadcrumb\",\"itemListElement\":[{\"@type\":\"ListItem\",\"position\":1,\"name\":\"In\u00edcio\",\"item\":\"https:\/\/jbcnews.com.br\/\"},{\"@type\":\"ListItem\",\"position\":2,\"name\":\"Entenda a proposta para proteger parlamentares da pris\u00e3o que deve ser votada pela C\u00e2mara\"}]},{\"@type\":\"WebSite\",\"@id\":\"https:\/\/jbcnews.com.br\/#website\",\"url\":\"https:\/\/jbcnews.com.br\/\",\"name\":\"JBCNews\",\"description\":\"Comunica\u00e7\u00e3o e Cultura\",\"potentialAction\":[{\"@type\":\"SearchAction\",\"target\":{\"@type\":\"EntryPoint\",\"urlTemplate\":\"https:\/\/jbcnews.com.br\/?s={search_term_string}\"},\"query-input\":\"required name=search_term_string\"}],\"inLanguage\":\"pt-BR\"},{\"@type\":\"Person\",\"@id\":\"https:\/\/jbcnews.com.br\/#\/schema\/person\/3b597ec20ccf92d0adc436057caf9bbe\",\"name\":\"admin\",\"image\":{\"@type\":\"ImageObject\",\"inLanguage\":\"pt-BR\",\"@id\":\"https:\/\/jbcnews.com.br\/#\/schema\/person\/image\/\",\"url\":\"https:\/\/secure.gravatar.com\/avatar\/fe848d2435b65c3ed1cdd3a8e8f3bb2d?s=96&d=mm&r=g\",\"contentUrl\":\"https:\/\/secure.gravatar.com\/avatar\/fe848d2435b65c3ed1cdd3a8e8f3bb2d?s=96&d=mm&r=g\",\"caption\":\"admin\"},\"sameAs\":[\"https:\/\/jbcnews.com.br\"],\"url\":\"https:\/\/jbcnews.com.br\/index.php\/author\/jbcnews\/\"}]}<\/script>\n<!-- \/ Yoast SEO plugin. -->","yoast_head_json":{"title":"Entenda a proposta para proteger parlamentares da pris\u00e3o que deve ser votada pela C\u00e2mara - JBCNews","robots":{"index":"index","follow":"follow","max-snippet":"max-snippet:-1","max-image-preview":"max-image-preview:large","max-video-preview":"max-video-preview:-1"},"canonical":"https:\/\/jbcnews.com.br\/index.php\/2021\/02\/26\/entenda-a-proposta-para-proteger-parlamentares-da-prisao-que-deve-ser-votada-pela-camara\/","og_locale":"pt_BR","og_type":"article","og_title":"Entenda a proposta para proteger parlamentares da pris\u00e3o que deve ser votada pela C\u00e2mara - JBCNews","og_description":"(JBCNEWS &#8211; DF 25\/02) \u2014 A C\u00e2mara dos Deputados deve votar ainda nesta quarta-feira uma Proposta de Emenda \u00e0 Constitui\u00e7\u00e3o (PEC) para restringir a eventual pris\u00e3o [\u2026]","og_url":"https:\/\/jbcnews.com.br\/index.php\/2021\/02\/26\/entenda-a-proposta-para-proteger-parlamentares-da-prisao-que-deve-ser-votada-pela-camara\/","og_site_name":"JBCNews","article_published_time":"2021-02-26T18:47:08+00:00","article_modified_time":"2021-02-26T18:47:10+00:00","og_image":[{"width":959,"height":417,"url":"https:\/\/jbcnews.com.br\/wp-content\/uploads\/2021\/02\/imagem-48-1.png","type":"image\/png"}],"author":"admin","twitter_card":"summary_large_image","twitter_misc":{"Escrito por":"admin","Est. tempo de leitura":"4 minutos"},"schema":{"@context":"https:\/\/schema.org","@graph":[{"@type":"WebPage","@id":"https:\/\/jbcnews.com.br\/index.php\/2021\/02\/26\/entenda-a-proposta-para-proteger-parlamentares-da-prisao-que-deve-ser-votada-pela-camara\/","url":"https:\/\/jbcnews.com.br\/index.php\/2021\/02\/26\/entenda-a-proposta-para-proteger-parlamentares-da-prisao-que-deve-ser-votada-pela-camara\/","name":"Entenda a proposta para proteger parlamentares da pris\u00e3o que deve ser votada pela C\u00e2mara - JBCNews","isPartOf":{"@id":"https:\/\/jbcnews.com.br\/#website"},"primaryImageOfPage":{"@id":"https:\/\/jbcnews.com.br\/index.php\/2021\/02\/26\/entenda-a-proposta-para-proteger-parlamentares-da-prisao-que-deve-ser-votada-pela-camara\/#primaryimage"},"image":{"@id":"https:\/\/jbcnews.com.br\/index.php\/2021\/02\/26\/entenda-a-proposta-para-proteger-parlamentares-da-prisao-que-deve-ser-votada-pela-camara\/#primaryimage"},"thumbnailUrl":"https:\/\/jbcnews.com.br\/wp-content\/uploads\/2021\/02\/imagem-48-1.png","datePublished":"2021-02-26T18:47:08+00:00","dateModified":"2021-02-26T18:47:10+00:00","author":{"@id":"https:\/\/jbcnews.com.br\/#\/schema\/person\/3b597ec20ccf92d0adc436057caf9bbe"},"breadcrumb":{"@id":"https:\/\/jbcnews.com.br\/index.php\/2021\/02\/26\/entenda-a-proposta-para-proteger-parlamentares-da-prisao-que-deve-ser-votada-pela-camara\/#breadcrumb"},"inLanguage":"pt-BR","potentialAction":[{"@type":"ReadAction","target":["https:\/\/jbcnews.com.br\/index.php\/2021\/02\/26\/entenda-a-proposta-para-proteger-parlamentares-da-prisao-que-deve-ser-votada-pela-camara\/"]}]},{"@type":"ImageObject","inLanguage":"pt-BR","@id":"https:\/\/jbcnews.com.br\/index.php\/2021\/02\/26\/entenda-a-proposta-para-proteger-parlamentares-da-prisao-que-deve-ser-votada-pela-camara\/#primaryimage","url":"https:\/\/jbcnews.com.br\/wp-content\/uploads\/2021\/02\/imagem-48-1.png","contentUrl":"https:\/\/jbcnews.com.br\/wp-content\/uploads\/2021\/02\/imagem-48-1.png","width":959,"height":417},{"@type":"BreadcrumbList","@id":"https:\/\/jbcnews.com.br\/index.php\/2021\/02\/26\/entenda-a-proposta-para-proteger-parlamentares-da-prisao-que-deve-ser-votada-pela-camara\/#breadcrumb","itemListElement":[{"@type":"ListItem","position":1,"name":"In\u00edcio","item":"https:\/\/jbcnews.com.br\/"},{"@type":"ListItem","position":2,"name":"Entenda a proposta para proteger parlamentares da pris\u00e3o que deve ser votada pela C\u00e2mara"}]},{"@type":"WebSite","@id":"https:\/\/jbcnews.com.br\/#website","url":"https:\/\/jbcnews.com.br\/","name":"JBCNews","description":"Comunica\u00e7\u00e3o e Cultura","potentialAction":[{"@type":"SearchAction","target":{"@type":"EntryPoint","urlTemplate":"https:\/\/jbcnews.com.br\/?s={search_term_string}"},"query-input":"required name=search_term_string"}],"inLanguage":"pt-BR"},{"@type":"Person","@id":"https:\/\/jbcnews.com.br\/#\/schema\/person\/3b597ec20ccf92d0adc436057caf9bbe","name":"admin","image":{"@type":"ImageObject","inLanguage":"pt-BR","@id":"https:\/\/jbcnews.com.br\/#\/schema\/person\/image\/","url":"https:\/\/secure.gravatar.com\/avatar\/fe848d2435b65c3ed1cdd3a8e8f3bb2d?s=96&d=mm&r=g","contentUrl":"https:\/\/secure.gravatar.com\/avatar\/fe848d2435b65c3ed1cdd3a8e8f3bb2d?s=96&d=mm&r=g","caption":"admin"},"sameAs":["https:\/\/jbcnews.com.br"],"url":"https:\/\/jbcnews.com.br\/index.php\/author\/jbcnews\/"}]}},"_links":{"self":[{"href":"https:\/\/jbcnews.com.br\/index.php\/wp-json\/wp\/v2\/posts\/2680"}],"collection":[{"href":"https:\/\/jbcnews.com.br\/index.php\/wp-json\/wp\/v2\/posts"}],"about":[{"href":"https:\/\/jbcnews.com.br\/index.php\/wp-json\/wp\/v2\/types\/post"}],"author":[{"embeddable":true,"href":"https:\/\/jbcnews.com.br\/index.php\/wp-json\/wp\/v2\/users\/1"}],"replies":[{"embeddable":true,"href":"https:\/\/jbcnews.com.br\/index.php\/wp-json\/wp\/v2\/comments?post=2680"}],"version-history":[{"count":1,"href":"https:\/\/jbcnews.com.br\/index.php\/wp-json\/wp\/v2\/posts\/2680\/revisions"}],"predecessor-version":[{"id":2682,"href":"https:\/\/jbcnews.com.br\/index.php\/wp-json\/wp\/v2\/posts\/2680\/revisions\/2682"}],"wp:featuredmedia":[{"embeddable":true,"href":"https:\/\/jbcnews.com.br\/index.php\/wp-json\/wp\/v2\/media\/2681"}],"wp:attachment":[{"href":"https:\/\/jbcnews.com.br\/index.php\/wp-json\/wp\/v2\/media?parent=2680"}],"wp:term":[{"taxonomy":"category","embeddable":true,"href":"https:\/\/jbcnews.com.br\/index.php\/wp-json\/wp\/v2\/categories?post=2680"},{"taxonomy":"post_tag","embeddable":true,"href":"https:\/\/jbcnews.com.br\/index.php\/wp-json\/wp\/v2\/tags?post=2680"}],"curies":[{"name":"wp","href":"https:\/\/api.w.org\/{rel}","templated":true}]}}