{"id":2677,"date":"2021-02-26T18:45:32","date_gmt":"2021-02-26T18:45:32","guid":{"rendered":"https:\/\/jbcnews.com.br\/?p=2677"},"modified":"2021-02-26T18:45:33","modified_gmt":"2021-02-26T18:45:33","slug":"pai-de-alisson-e-muriel-e-encontrado-morto-apos-mergulho-no-rs","status":"publish","type":"post","link":"https:\/\/jbcnews.com.br\/index.php\/2021\/02\/26\/pai-de-alisson-e-muriel-e-encontrado-morto-apos-mergulho-no-rs\/","title":{"rendered":"Pai de Alisson e Muriel \u00e9 encontrado morto ap\u00f3s mergulho no RS"},"content":{"rendered":"\n<p>O pai dos goleiros Alisson, do Liverpool e da Sele\u00e7\u00e3o Brasileira, e Muriel, do Fluminense, foi encontrado sem vida na noite desta quarta (24) ap\u00f3s mergulhar em uma barragem em uma barragem no Rinc\u00e3o do Inferno, pr\u00f3ximo a cidade de Lavras do Sul (RS).<\/p>\n\n\n\n<p>A informa\u00e7\u00e3o foi confirmada pelo Corpo de Bombeiros de Ca\u00e7apava do Sul a jornais da regi\u00e3o Sul.<\/p>\n\n\n\n<p>Jos\u00e9 Agostinho Becker, de 57 anos, mergulhou e submergiu, mas n\u00e3o retornou. O fato aconteceu por volta das 17h desta quarta.<\/p>\n\n\n\n<p>O Corpo de Bombeiros de Ca\u00e7apava do Sul (cerca de 76 km de dist\u00e2ncia do Rinc\u00e3o do Inferno) foi acionado, mas como os mergulhadores n\u00e3o fazem buscas durante a noite, os trabalhos de busca seriam iniciados na manh\u00e3 de quinta.<\/p>\n\n\n\n<p>A informa\u00e7\u00e3o do desaparecimento foi revelada inicialmente pelo Jornal Folha da Cidade, que afirma tamb\u00e9m que a propriedade em que aconteceu o fato \u00e9 da fam\u00edlia Becker.<\/p>\n","protected":false},"excerpt":{"rendered":"<p>O pai dos goleiros Alisson, do Liverpool e da Sele\u00e7\u00e3o Brasileira, e Muriel, do Fluminense, foi encontrado sem vida na noite desta quarta (24) ap\u00f3s mergulhar<span class=\"excerpt-hellip\"> [\u2026]<\/span><\/p>\n","protected":false},"author":1,"featured_media":2678,"comment_status":"open","ping_status":"open","sticky":false,"template":"","format":"standard","meta":{"footnotes":""},"categories":[23],"tags":[],"yoast_head":"<!-- This site is optimized with the Yoast SEO plugin v22.6 - https:\/\/yoast.com\/wordpress\/plugins\/seo\/ -->\n<title>Pai de Alisson e Muriel \u00e9 encontrado morto ap\u00f3s mergulho no RS - JBCNews<\/title>\n<meta name=\"robots\" content=\"index, follow, max-snippet:-1, max-image-preview:large, max-video-preview:-1\" \/>\n<link rel=\"canonical\" href=\"https:\/\/jbcnews.com.br\/index.php\/2021\/02\/26\/pai-de-alisson-e-muriel-e-encontrado-morto-apos-mergulho-no-rs\/\" \/>\n<meta property=\"og:locale\" content=\"pt_BR\" \/>\n<meta property=\"og:type\" content=\"article\" \/>\n<meta property=\"og:title\" content=\"Pai de Alisson e Muriel \u00e9 encontrado morto ap\u00f3s mergulho no RS - JBCNews\" \/>\n<meta property=\"og:description\" content=\"O pai dos goleiros Alisson, do Liverpool e da Sele\u00e7\u00e3o Brasileira, e Muriel, do Fluminense, foi encontrado sem vida na noite desta quarta (24) ap\u00f3s mergulhar [\u2026]\" \/>\n<meta property=\"og:url\" content=\"https:\/\/jbcnews.com.br\/index.php\/2021\/02\/26\/pai-de-alisson-e-muriel-e-encontrado-morto-apos-mergulho-no-rs\/\" \/>\n<meta property=\"og:site_name\" content=\"JBCNews\" \/>\n<meta property=\"article:published_time\" content=\"2021-02-26T18:45:32+00:00\" \/>\n<meta property=\"article:modified_time\" content=\"2021-02-26T18:45:33+00:00\" \/>\n<meta property=\"og:image\" content=\"https:\/\/jbcnews.com.br\/wp-content\/uploads\/2021\/02\/imagem-47-1.png\" \/>\n\t<meta property=\"og:image:width\" content=\"640\" \/>\n\t<meta property=\"og:image:height\" content=\"383\" \/>\n\t<meta property=\"og:image:type\" content=\"image\/png\" \/>\n<meta name=\"author\" content=\"admin\" \/>\n<meta name=\"twitter:card\" content=\"summary_large_image\" \/>\n<meta name=\"twitter:label1\" content=\"Escrito por\" \/>\n\t<meta name=\"twitter:data1\" content=\"admin\" \/>\n\t<meta name=\"twitter:label2\" content=\"Est. tempo de leitura\" \/>\n\t<meta name=\"twitter:data2\" content=\"1 minuto\" \/>\n<script type=\"application\/ld+json\" class=\"yoast-schema-graph\">{\"@context\":\"https:\/\/schema.org\",\"@graph\":[{\"@type\":\"WebPage\",\"@id\":\"https:\/\/jbcnews.com.br\/index.php\/2021\/02\/26\/pai-de-alisson-e-muriel-e-encontrado-morto-apos-mergulho-no-rs\/\",\"url\":\"https:\/\/jbcnews.com.br\/index.php\/2021\/02\/26\/pai-de-alisson-e-muriel-e-encontrado-morto-apos-mergulho-no-rs\/\",\"name\":\"Pai de Alisson e Muriel \u00e9 encontrado morto ap\u00f3s mergulho no RS - JBCNews\",\"isPartOf\":{\"@id\":\"https:\/\/jbcnews.com.br\/#website\"},\"primaryImageOfPage\":{\"@id\":\"https:\/\/jbcnews.com.br\/index.php\/2021\/02\/26\/pai-de-alisson-e-muriel-e-encontrado-morto-apos-mergulho-no-rs\/#primaryimage\"},\"image\":{\"@id\":\"https:\/\/jbcnews.com.br\/index.php\/2021\/02\/26\/pai-de-alisson-e-muriel-e-encontrado-morto-apos-mergulho-no-rs\/#primaryimage\"},\"thumbnailUrl\":\"https:\/\/jbcnews.com.br\/wp-content\/uploads\/2021\/02\/imagem-47-1.png\",\"datePublished\":\"2021-02-26T18:45:32+00:00\",\"dateModified\":\"2021-02-26T18:45:33+00:00\",\"author\":{\"@id\":\"https:\/\/jbcnews.com.br\/#\/schema\/person\/3b597ec20ccf92d0adc436057caf9bbe\"},\"breadcrumb\":{\"@id\":\"https:\/\/jbcnews.com.br\/index.php\/2021\/02\/26\/pai-de-alisson-e-muriel-e-encontrado-morto-apos-mergulho-no-rs\/#breadcrumb\"},\"inLanguage\":\"pt-BR\",\"potentialAction\":[{\"@type\":\"ReadAction\",\"target\":[\"https:\/\/jbcnews.com.br\/index.php\/2021\/02\/26\/pai-de-alisson-e-muriel-e-encontrado-morto-apos-mergulho-no-rs\/\"]}]},{\"@type\":\"ImageObject\",\"inLanguage\":\"pt-BR\",\"@id\":\"https:\/\/jbcnews.com.br\/index.php\/2021\/02\/26\/pai-de-alisson-e-muriel-e-encontrado-morto-apos-mergulho-no-rs\/#primaryimage\",\"url\":\"https:\/\/jbcnews.com.br\/wp-content\/uploads\/2021\/02\/imagem-47-1.png\",\"contentUrl\":\"https:\/\/jbcnews.com.br\/wp-content\/uploads\/2021\/02\/imagem-47-1.png\",\"width\":640,\"height\":383},{\"@type\":\"BreadcrumbList\",\"@id\":\"https:\/\/jbcnews.com.br\/index.php\/2021\/02\/26\/pai-de-alisson-e-muriel-e-encontrado-morto-apos-mergulho-no-rs\/#breadcrumb\",\"itemListElement\":[{\"@type\":\"ListItem\",\"position\":1,\"name\":\"In\u00edcio\",\"item\":\"https:\/\/jbcnews.com.br\/\"},{\"@type\":\"ListItem\",\"position\":2,\"name\":\"Pai de Alisson e Muriel \u00e9 encontrado morto ap\u00f3s mergulho no RS\"}]},{\"@type\":\"WebSite\",\"@id\":\"https:\/\/jbcnews.com.br\/#website\",\"url\":\"https:\/\/jbcnews.com.br\/\",\"name\":\"JBCNews\",\"description\":\"Comunica\u00e7\u00e3o e Cultura\",\"potentialAction\":[{\"@type\":\"SearchAction\",\"target\":{\"@type\":\"EntryPoint\",\"urlTemplate\":\"https:\/\/jbcnews.com.br\/?s={search_term_string}\"},\"query-input\":\"required name=search_term_string\"}],\"inLanguage\":\"pt-BR\"},{\"@type\":\"Person\",\"@id\":\"https:\/\/jbcnews.com.br\/#\/schema\/person\/3b597ec20ccf92d0adc436057caf9bbe\",\"name\":\"admin\",\"image\":{\"@type\":\"ImageObject\",\"inLanguage\":\"pt-BR\",\"@id\":\"https:\/\/jbcnews.com.br\/#\/schema\/person\/image\/\",\"url\":\"https:\/\/secure.gravatar.com\/avatar\/fe848d2435b65c3ed1cdd3a8e8f3bb2d?s=96&d=mm&r=g\",\"contentUrl\":\"https:\/\/secure.gravatar.com\/avatar\/fe848d2435b65c3ed1cdd3a8e8f3bb2d?s=96&d=mm&r=g\",\"caption\":\"admin\"},\"sameAs\":[\"https:\/\/jbcnews.com.br\"],\"url\":\"https:\/\/jbcnews.com.br\/index.php\/author\/jbcnews\/\"}]}<\/script>\n<!-- \/ Yoast SEO plugin. -->","yoast_head_json":{"title":"Pai de Alisson e Muriel \u00e9 encontrado morto ap\u00f3s mergulho no RS - JBCNews","robots":{"index":"index","follow":"follow","max-snippet":"max-snippet:-1","max-image-preview":"max-image-preview:large","max-video-preview":"max-video-preview:-1"},"canonical":"https:\/\/jbcnews.com.br\/index.php\/2021\/02\/26\/pai-de-alisson-e-muriel-e-encontrado-morto-apos-mergulho-no-rs\/","og_locale":"pt_BR","og_type":"article","og_title":"Pai de Alisson e Muriel \u00e9 encontrado morto ap\u00f3s mergulho no RS - JBCNews","og_description":"O pai dos goleiros Alisson, do Liverpool e da Sele\u00e7\u00e3o Brasileira, e Muriel, do Fluminense, foi encontrado sem vida na noite desta quarta (24) ap\u00f3s mergulhar [\u2026]","og_url":"https:\/\/jbcnews.com.br\/index.php\/2021\/02\/26\/pai-de-alisson-e-muriel-e-encontrado-morto-apos-mergulho-no-rs\/","og_site_name":"JBCNews","article_published_time":"2021-02-26T18:45:32+00:00","article_modified_time":"2021-02-26T18:45:33+00:00","og_image":[{"width":640,"height":383,"url":"https:\/\/jbcnews.com.br\/wp-content\/uploads\/2021\/02\/imagem-47-1.png","type":"image\/png"}],"author":"admin","twitter_card":"summary_large_image","twitter_misc":{"Escrito por":"admin","Est. tempo de leitura":"1 minuto"},"schema":{"@context":"https:\/\/schema.org","@graph":[{"@type":"WebPage","@id":"https:\/\/jbcnews.com.br\/index.php\/2021\/02\/26\/pai-de-alisson-e-muriel-e-encontrado-morto-apos-mergulho-no-rs\/","url":"https:\/\/jbcnews.com.br\/index.php\/2021\/02\/26\/pai-de-alisson-e-muriel-e-encontrado-morto-apos-mergulho-no-rs\/","name":"Pai de Alisson e Muriel \u00e9 encontrado morto ap\u00f3s mergulho no RS - JBCNews","isPartOf":{"@id":"https:\/\/jbcnews.com.br\/#website"},"primaryImageOfPage":{"@id":"https:\/\/jbcnews.com.br\/index.php\/2021\/02\/26\/pai-de-alisson-e-muriel-e-encontrado-morto-apos-mergulho-no-rs\/#primaryimage"},"image":{"@id":"https:\/\/jbcnews.com.br\/index.php\/2021\/02\/26\/pai-de-alisson-e-muriel-e-encontrado-morto-apos-mergulho-no-rs\/#primaryimage"},"thumbnailUrl":"https:\/\/jbcnews.com.br\/wp-content\/uploads\/2021\/02\/imagem-47-1.png","datePublished":"2021-02-26T18:45:32+00:00","dateModified":"2021-02-26T18:45:33+00:00","author":{"@id":"https:\/\/jbcnews.com.br\/#\/schema\/person\/3b597ec20ccf92d0adc436057caf9bbe"},"breadcrumb":{"@id":"https:\/\/jbcnews.com.br\/index.php\/2021\/02\/26\/pai-de-alisson-e-muriel-e-encontrado-morto-apos-mergulho-no-rs\/#breadcrumb"},"inLanguage":"pt-BR","potentialAction":[{"@type":"ReadAction","target":["https:\/\/jbcnews.com.br\/index.php\/2021\/02\/26\/pai-de-alisson-e-muriel-e-encontrado-morto-apos-mergulho-no-rs\/"]}]},{"@type":"ImageObject","inLanguage":"pt-BR","@id":"https:\/\/jbcnews.com.br\/index.php\/2021\/02\/26\/pai-de-alisson-e-muriel-e-encontrado-morto-apos-mergulho-no-rs\/#primaryimage","url":"https:\/\/jbcnews.com.br\/wp-content\/uploads\/2021\/02\/imagem-47-1.png","contentUrl":"https:\/\/jbcnews.com.br\/wp-content\/uploads\/2021\/02\/imagem-47-1.png","width":640,"height":383},{"@type":"BreadcrumbList","@id":"https:\/\/jbcnews.com.br\/index.php\/2021\/02\/26\/pai-de-alisson-e-muriel-e-encontrado-morto-apos-mergulho-no-rs\/#breadcrumb","itemListElement":[{"@type":"ListItem","position":1,"name":"In\u00edcio","item":"https:\/\/jbcnews.com.br\/"},{"@type":"ListItem","position":2,"name":"Pai de Alisson e Muriel \u00e9 encontrado morto ap\u00f3s mergulho no RS"}]},{"@type":"WebSite","@id":"https:\/\/jbcnews.com.br\/#website","url":"https:\/\/jbcnews.com.br\/","name":"JBCNews","description":"Comunica\u00e7\u00e3o e Cultura","potentialAction":[{"@type":"SearchAction","target":{"@type":"EntryPoint","urlTemplate":"https:\/\/jbcnews.com.br\/?s={search_term_string}"},"query-input":"required name=search_term_string"}],"inLanguage":"pt-BR"},{"@type":"Person","@id":"https:\/\/jbcnews.com.br\/#\/schema\/person\/3b597ec20ccf92d0adc436057caf9bbe","name":"admin","image":{"@type":"ImageObject","inLanguage":"pt-BR","@id":"https:\/\/jbcnews.com.br\/#\/schema\/person\/image\/","url":"https:\/\/secure.gravatar.com\/avatar\/fe848d2435b65c3ed1cdd3a8e8f3bb2d?s=96&d=mm&r=g","contentUrl":"https:\/\/secure.gravatar.com\/avatar\/fe848d2435b65c3ed1cdd3a8e8f3bb2d?s=96&d=mm&r=g","caption":"admin"},"sameAs":["https:\/\/jbcnews.com.br"],"url":"https:\/\/jbcnews.com.br\/index.php\/author\/jbcnews\/"}]}},"_links":{"self":[{"href":"https:\/\/jbcnews.com.br\/index.php\/wp-json\/wp\/v2\/posts\/2677"}],"collection":[{"href":"https:\/\/jbcnews.com.br\/index.php\/wp-json\/wp\/v2\/posts"}],"about":[{"href":"https:\/\/jbcnews.com.br\/index.php\/wp-json\/wp\/v2\/types\/post"}],"author":[{"embeddable":true,"href":"https:\/\/jbcnews.com.br\/index.php\/wp-json\/wp\/v2\/users\/1"}],"replies":[{"embeddable":true,"href":"https:\/\/jbcnews.com.br\/index.php\/wp-json\/wp\/v2\/comments?post=2677"}],"version-history":[{"count":1,"href":"https:\/\/jbcnews.com.br\/index.php\/wp-json\/wp\/v2\/posts\/2677\/revisions"}],"predecessor-version":[{"id":2679,"href":"https:\/\/jbcnews.com.br\/index.php\/wp-json\/wp\/v2\/posts\/2677\/revisions\/2679"}],"wp:featuredmedia":[{"embeddable":true,"href":"https:\/\/jbcnews.com.br\/index.php\/wp-json\/wp\/v2\/media\/2678"}],"wp:attachment":[{"href":"https:\/\/jbcnews.com.br\/index.php\/wp-json\/wp\/v2\/media?parent=2677"}],"wp:term":[{"taxonomy":"category","embeddable":true,"href":"https:\/\/jbcnews.com.br\/index.php\/wp-json\/wp\/v2\/categories?post=2677"},{"taxonomy":"post_tag","embeddable":true,"href":"https:\/\/jbcnews.com.br\/index.php\/wp-json\/wp\/v2\/tags?post=2677"}],"curies":[{"name":"wp","href":"https:\/\/api.w.org\/{rel}","templated":true}]}}