{"id":2675,"date":"2021-02-26T18:42:33","date_gmt":"2021-02-26T18:42:33","guid":{"rendered":"https:\/\/jbcnews.com.br\/?p=2675"},"modified":"2021-02-26T18:42:35","modified_gmt":"2021-02-26T18:42:35","slug":"camara-aprova-admissibilidade-da-pec-que-dificulta-prisao-de-parlamentares","status":"publish","type":"post","link":"https:\/\/jbcnews.com.br\/index.php\/2021\/02\/26\/camara-aprova-admissibilidade-da-pec-que-dificulta-prisao-de-parlamentares\/","title":{"rendered":"C\u00e2mara aprova admissibilidade da PEC que dificulta pris\u00e3o de parlamentares"},"content":{"rendered":"\n<p>(JBCNEWS &#8211; DF 25\/02 \u2014 Em uma a\u00e7\u00e3o rel\u00e2mpago que durou cerca de 24 horas, a C\u00e2mara dos Deputados deu na noite desta quarta-feira o primeiro passo para aprovar uma Proposta de Emenda \u00e0 Constitui\u00e7\u00e3o (PEC) que aumenta a imunidade dos parlamentares, dificultando pris\u00f5es e relaxando regras da Lei da Ficha Limpa. O teor do texto e a rapidez com que foi elaborado geraram rea\u00e7\u00f5es dentro e fora do parlamento.<\/p>\n\n\n\n<p>Por 304 votos, com 154 contr\u00e1rios, o plen\u00e1rio da C\u00e2mara aprovou a constitucionalidade da proposta assinada majoritariamente por deputados do Centr\u00e3o e aliados do presidente Jair Bolsonaro, sob articula\u00e7\u00e3o do presidente da Casa, Arthur Lira (PP-AL).<\/p>\n\n\n\n<p>Nos corredores do Supremo Tribunal Federal (STF), a PEC da Imunidade, como vem sendo chamada na C\u00e2mara, foi apelidada de PEC da Impunidade, sendo apontada como motivo para um poss\u00edvel estremecimento na rela\u00e7\u00e3o da Corte com o Congresso.<\/p>\n\n\n\n<p>Na pr\u00f3pria C\u00e2mara, parlamentares atacaram a iniciativa, que surgiu na esteira da pris\u00e3o do deputado bolsonarista Daniel Silveira (PSL-RJ), detido desde a semana passada por ordem do STF, ap\u00f3s atacar ministros da Corte e incitar a viol\u00eancia contra eles em v\u00eddeo publicado nas redes sociais.<\/p>\n\n\n\n<p>Se a PEC j\u00e1 estivesse em vigor, Silveira n\u00e3o poderia ter sido preso em flagrante, assim como a deputada Flordelis (PSD-RJ), acusada de mandar matar o marido, n\u00e3o teria sido afastada do mandato por determina\u00e7\u00e3o da Justi\u00e7a do Rio. Outras mudan\u00e7as na proposta determinam que buscas e apreens\u00f5es contra parlamentares em suas resid\u00eancias ou nas depend\u00eancias do Congresso s\u00f3 s\u00e3o v\u00e1lidas se referendadas pelo plen\u00e1rio do Supremo.<\/p>\n\n\n\n<h3 class=\"wp-block-heading\">Lira defende<\/h3>\n\n\n\n<p>O presidente da Casa, deputado Arthur Lira (PP-AL), que deu aval para o grupo que redigiu a PEC, saiu em defesa do texto. Ele disse que &#8220;n\u00e3o \u00e9 a PEC da impunidade&#8221;. Pouco antes de o plen\u00e1rio iniciar sess\u00e3o sobre o assunto, Lira reagiu \u00e0s cr\u00edticas de que o texto seria elaborado para evitar qualquer puni\u00e7\u00e3o a deputados e senadores.<\/p>\n\n\n\n<p>Ele tamb\u00e9m recorreu ao Twitter. &#8220;N\u00e3o sou a favor nem contra qualquer solu\u00e7\u00e3o legislativa espec\u00edfica sobre a prote\u00e7\u00e3o do mandato, que n\u00e3o protege o parlamentar, mas a Democracia. Sou a favor, sim, que o Congresso fa\u00e7a sua autocr\u00edtica e defina um roteiro claro e preciso para o atual v\u00e1cuo legal para lidar com situa\u00e7\u00f5es desse tipo&#8221;, escreveu.<\/p>\n\n\n\n<p>Durante a sess\u00e3o, que come\u00e7ou a analisar a admissibilidade da PEC, ou seja, se ela cumpre os requisitos de constitucionalidade para poder ser apreciada no m\u00e9rito, o l\u00edder do Cidadania, Alex Manente (SP), criticou a forma apressada como o texto estava sendo deliberado:<\/p>\n\n\n\n<p>\u2014 N\u00e3o podemos fazer isso como se fosse um pastel na feira, da maneira como estamos fazendo. Podemos transformar essa limita\u00e7\u00e3o numa impunidade. Esse \u00e9 o risco que pode se correr se n\u00e3o debatermos uma mudan\u00e7a constitucional.<\/p>\n\n\n\n<p>O deputado Gilson Marques (Novo-SC) tamb\u00e9m criticou a reda\u00e7\u00e3o do texto:<\/p>\n\n\n\n<p>\u2014 Uma PEC \u00e0s vezes demora anos para ser votada. Essa PEC serve para blindagem, turbinar o foro privilegiado, auto-benef\u00edcio, n\u00e3o tem nem relat\u00f3rio pronto. Coletou em tempo recorde as assinaturas. E ontem o texto ficou pronto.<\/p>\n\n\n\n<p>Um ministro do Supremo consultado pelo GLOBO avaliou que o Congresso tinha sido respeitoso com o tribunal ao confirmar a pris\u00e3o de Silveira. Mas, ao analisar a PEC, considera que a C\u00e2mara estaria cometendo uma esp\u00e9cie de afronta. Integrantes da Corte veem a proposta como uma resposta casu\u00edstica para o caso Daniel Silveira que pode, inclusive, azedar as rela\u00e7\u00f5es entre Congresso e Supremo.<\/p>\n\n\n\n<p>O presidente da Associa\u00e7\u00e3o dos Ju\u00edzes Federais do Brasil (Ajufe), juiz Eduardo Andr\u00e9 Brand\u00e3o, afirmou que o Congresso tem compet\u00eancia para discutir esse assunto, mas tamb\u00e9m manifestou a opini\u00e3o de que a forma apressada passa a impress\u00e3o de ser uma retalia\u00e7\u00e3o \u00e0 pris\u00e3o de Silveira:<\/p>\n\n\n\n<p>\u2014 Uma PEC dessas, de uma forma t\u00e3o r\u00e1pida, nesse momento acaba parecendo uma retalia\u00e7\u00e3o \u00e0 decis\u00e3o do STF.<\/p>\n\n\n\n<p>O ex-juiz M\u00e1rlon Reis, considerado o idealizador da Lei da Ficha Limpa, apontou preocupa\u00e7\u00e3o com as modifica\u00e7\u00f5es propostas pela PEC. Na pr\u00e1tica, a proposta afrouxa a regra para ser considerado ineleg\u00edvel, ao estabelecer que isso s\u00f3 ocorre ap\u00f3s condena\u00e7\u00e3o &#8220;em duplo grau de jurisdi\u00e7\u00e3o&#8221;, enquanto a lei atual fala em &#8220;colegiado&#8221; apenas.<\/p>\n\n\n\n<p>&#8220;A PEC proposta traz como uma das consequ\u00eancias uma grave adultera\u00e7\u00e3o da Lei da Ficha Limpa. Titulares de mandatos ficar\u00e3o praticamente imunes a essa grande conquista popular&#8221;, afirmou o ex-juiz em nota.<\/p>\n\n\n\n<p>A PEC recebeu a assinatura de 186 deputados. Entre eles h\u00e1 integrantes do Centr\u00e3o, como o l\u00edder do governo, Ricardo Barros (PP-PR). Apoiaram tamb\u00e9m l\u00edderes de partidos: Rodrigo de Castro (PSDB-MG), Efraim Filho (DEM-PB) e Isnaldo Bulh\u00f5es (MDB-AL). Bolsonaristas como Carla Zambelli (PSL-SP), Bia Kicis (PSL-DF) e o pr\u00f3prio Eduardo Bolsonaro (PSC-SP) tamb\u00e9m aderiram. Em menor n\u00famero, parlamentares de PDT e PSB, siglas da oposi\u00e7\u00e3o, tamb\u00e9m assinaram.<\/p>\n","protected":false},"excerpt":{"rendered":"<p>(JBCNEWS &#8211; DF 25\/02 \u2014 Em uma a\u00e7\u00e3o rel\u00e2mpago que durou cerca de 24 horas, a C\u00e2mara dos Deputados deu na noite desta quarta-feira o primeiro<span class=\"excerpt-hellip\"> [\u2026]<\/span><\/p>\n","protected":false},"author":1,"featured_media":2673,"comment_status":"open","ping_status":"open","sticky":false,"template":"","format":"standard","meta":{"footnotes":""},"categories":[22],"tags":[],"yoast_head":"<!-- This site is optimized with the Yoast SEO plugin v22.6 - https:\/\/yoast.com\/wordpress\/plugins\/seo\/ -->\n<title>C\u00e2mara aprova admissibilidade da PEC que dificulta pris\u00e3o de parlamentares - JBCNews<\/title>\n<meta name=\"robots\" content=\"index, follow, max-snippet:-1, max-image-preview:large, max-video-preview:-1\" \/>\n<link rel=\"canonical\" href=\"https:\/\/jbcnews.com.br\/index.php\/2021\/02\/26\/camara-aprova-admissibilidade-da-pec-que-dificulta-prisao-de-parlamentares\/\" \/>\n<meta property=\"og:locale\" content=\"pt_BR\" \/>\n<meta property=\"og:type\" content=\"article\" \/>\n<meta property=\"og:title\" content=\"C\u00e2mara aprova admissibilidade da PEC que dificulta pris\u00e3o de parlamentares - JBCNews\" \/>\n<meta property=\"og:description\" content=\"(JBCNEWS &#8211; DF 25\/02 \u2014 Em uma a\u00e7\u00e3o rel\u00e2mpago que durou cerca de 24 horas, a C\u00e2mara dos Deputados deu na noite desta quarta-feira o primeiro [\u2026]\" \/>\n<meta property=\"og:url\" content=\"https:\/\/jbcnews.com.br\/index.php\/2021\/02\/26\/camara-aprova-admissibilidade-da-pec-que-dificulta-prisao-de-parlamentares\/\" \/>\n<meta property=\"og:site_name\" content=\"JBCNews\" \/>\n<meta property=\"article:published_time\" content=\"2021-02-26T18:42:33+00:00\" \/>\n<meta property=\"article:modified_time\" content=\"2021-02-26T18:42:35+00:00\" \/>\n<meta property=\"og:image\" content=\"https:\/\/jbcnews.com.br\/wp-content\/uploads\/2021\/02\/imagem-60.png\" \/>\n\t<meta property=\"og:image:width\" content=\"960\" \/>\n\t<meta property=\"og:image:height\" content=\"640\" \/>\n\t<meta property=\"og:image:type\" content=\"image\/png\" \/>\n<meta name=\"author\" content=\"admin\" \/>\n<meta name=\"twitter:card\" content=\"summary_large_image\" \/>\n<meta name=\"twitter:label1\" content=\"Escrito por\" \/>\n\t<meta name=\"twitter:data1\" content=\"admin\" \/>\n\t<meta name=\"twitter:label2\" content=\"Est. tempo de leitura\" \/>\n\t<meta name=\"twitter:data2\" content=\"4 minutos\" \/>\n<script type=\"application\/ld+json\" class=\"yoast-schema-graph\">{\"@context\":\"https:\/\/schema.org\",\"@graph\":[{\"@type\":\"WebPage\",\"@id\":\"https:\/\/jbcnews.com.br\/index.php\/2021\/02\/26\/camara-aprova-admissibilidade-da-pec-que-dificulta-prisao-de-parlamentares\/\",\"url\":\"https:\/\/jbcnews.com.br\/index.php\/2021\/02\/26\/camara-aprova-admissibilidade-da-pec-que-dificulta-prisao-de-parlamentares\/\",\"name\":\"C\u00e2mara aprova admissibilidade da PEC que dificulta pris\u00e3o de parlamentares - JBCNews\",\"isPartOf\":{\"@id\":\"https:\/\/jbcnews.com.br\/#website\"},\"primaryImageOfPage\":{\"@id\":\"https:\/\/jbcnews.com.br\/index.php\/2021\/02\/26\/camara-aprova-admissibilidade-da-pec-que-dificulta-prisao-de-parlamentares\/#primaryimage\"},\"image\":{\"@id\":\"https:\/\/jbcnews.com.br\/index.php\/2021\/02\/26\/camara-aprova-admissibilidade-da-pec-que-dificulta-prisao-de-parlamentares\/#primaryimage\"},\"thumbnailUrl\":\"https:\/\/jbcnews.com.br\/wp-content\/uploads\/2021\/02\/imagem-60.png\",\"datePublished\":\"2021-02-26T18:42:33+00:00\",\"dateModified\":\"2021-02-26T18:42:35+00:00\",\"author\":{\"@id\":\"https:\/\/jbcnews.com.br\/#\/schema\/person\/3b597ec20ccf92d0adc436057caf9bbe\"},\"breadcrumb\":{\"@id\":\"https:\/\/jbcnews.com.br\/index.php\/2021\/02\/26\/camara-aprova-admissibilidade-da-pec-que-dificulta-prisao-de-parlamentares\/#breadcrumb\"},\"inLanguage\":\"pt-BR\",\"potentialAction\":[{\"@type\":\"ReadAction\",\"target\":[\"https:\/\/jbcnews.com.br\/index.php\/2021\/02\/26\/camara-aprova-admissibilidade-da-pec-que-dificulta-prisao-de-parlamentares\/\"]}]},{\"@type\":\"ImageObject\",\"inLanguage\":\"pt-BR\",\"@id\":\"https:\/\/jbcnews.com.br\/index.php\/2021\/02\/26\/camara-aprova-admissibilidade-da-pec-que-dificulta-prisao-de-parlamentares\/#primaryimage\",\"url\":\"https:\/\/jbcnews.com.br\/wp-content\/uploads\/2021\/02\/imagem-60.png\",\"contentUrl\":\"https:\/\/jbcnews.com.br\/wp-content\/uploads\/2021\/02\/imagem-60.png\",\"width\":960,\"height\":640},{\"@type\":\"BreadcrumbList\",\"@id\":\"https:\/\/jbcnews.com.br\/index.php\/2021\/02\/26\/camara-aprova-admissibilidade-da-pec-que-dificulta-prisao-de-parlamentares\/#breadcrumb\",\"itemListElement\":[{\"@type\":\"ListItem\",\"position\":1,\"name\":\"In\u00edcio\",\"item\":\"https:\/\/jbcnews.com.br\/\"},{\"@type\":\"ListItem\",\"position\":2,\"name\":\"C\u00e2mara aprova admissibilidade da PEC que dificulta pris\u00e3o de parlamentares\"}]},{\"@type\":\"WebSite\",\"@id\":\"https:\/\/jbcnews.com.br\/#website\",\"url\":\"https:\/\/jbcnews.com.br\/\",\"name\":\"JBCNews\",\"description\":\"Comunica\u00e7\u00e3o e Cultura\",\"potentialAction\":[{\"@type\":\"SearchAction\",\"target\":{\"@type\":\"EntryPoint\",\"urlTemplate\":\"https:\/\/jbcnews.com.br\/?s={search_term_string}\"},\"query-input\":\"required name=search_term_string\"}],\"inLanguage\":\"pt-BR\"},{\"@type\":\"Person\",\"@id\":\"https:\/\/jbcnews.com.br\/#\/schema\/person\/3b597ec20ccf92d0adc436057caf9bbe\",\"name\":\"admin\",\"image\":{\"@type\":\"ImageObject\",\"inLanguage\":\"pt-BR\",\"@id\":\"https:\/\/jbcnews.com.br\/#\/schema\/person\/image\/\",\"url\":\"https:\/\/secure.gravatar.com\/avatar\/fe848d2435b65c3ed1cdd3a8e8f3bb2d?s=96&d=mm&r=g\",\"contentUrl\":\"https:\/\/secure.gravatar.com\/avatar\/fe848d2435b65c3ed1cdd3a8e8f3bb2d?s=96&d=mm&r=g\",\"caption\":\"admin\"},\"sameAs\":[\"https:\/\/jbcnews.com.br\"],\"url\":\"https:\/\/jbcnews.com.br\/index.php\/author\/jbcnews\/\"}]}<\/script>\n<!-- \/ Yoast SEO plugin. -->","yoast_head_json":{"title":"C\u00e2mara aprova admissibilidade da PEC que dificulta pris\u00e3o de parlamentares - JBCNews","robots":{"index":"index","follow":"follow","max-snippet":"max-snippet:-1","max-image-preview":"max-image-preview:large","max-video-preview":"max-video-preview:-1"},"canonical":"https:\/\/jbcnews.com.br\/index.php\/2021\/02\/26\/camara-aprova-admissibilidade-da-pec-que-dificulta-prisao-de-parlamentares\/","og_locale":"pt_BR","og_type":"article","og_title":"C\u00e2mara aprova admissibilidade da PEC que dificulta pris\u00e3o de parlamentares - JBCNews","og_description":"(JBCNEWS &#8211; DF 25\/02 \u2014 Em uma a\u00e7\u00e3o rel\u00e2mpago que durou cerca de 24 horas, a C\u00e2mara dos Deputados deu na noite desta quarta-feira o primeiro [\u2026]","og_url":"https:\/\/jbcnews.com.br\/index.php\/2021\/02\/26\/camara-aprova-admissibilidade-da-pec-que-dificulta-prisao-de-parlamentares\/","og_site_name":"JBCNews","article_published_time":"2021-02-26T18:42:33+00:00","article_modified_time":"2021-02-26T18:42:35+00:00","og_image":[{"width":960,"height":640,"url":"https:\/\/jbcnews.com.br\/wp-content\/uploads\/2021\/02\/imagem-60.png","type":"image\/png"}],"author":"admin","twitter_card":"summary_large_image","twitter_misc":{"Escrito por":"admin","Est. tempo de leitura":"4 minutos"},"schema":{"@context":"https:\/\/schema.org","@graph":[{"@type":"WebPage","@id":"https:\/\/jbcnews.com.br\/index.php\/2021\/02\/26\/camara-aprova-admissibilidade-da-pec-que-dificulta-prisao-de-parlamentares\/","url":"https:\/\/jbcnews.com.br\/index.php\/2021\/02\/26\/camara-aprova-admissibilidade-da-pec-que-dificulta-prisao-de-parlamentares\/","name":"C\u00e2mara aprova admissibilidade da PEC que dificulta pris\u00e3o de parlamentares - JBCNews","isPartOf":{"@id":"https:\/\/jbcnews.com.br\/#website"},"primaryImageOfPage":{"@id":"https:\/\/jbcnews.com.br\/index.php\/2021\/02\/26\/camara-aprova-admissibilidade-da-pec-que-dificulta-prisao-de-parlamentares\/#primaryimage"},"image":{"@id":"https:\/\/jbcnews.com.br\/index.php\/2021\/02\/26\/camara-aprova-admissibilidade-da-pec-que-dificulta-prisao-de-parlamentares\/#primaryimage"},"thumbnailUrl":"https:\/\/jbcnews.com.br\/wp-content\/uploads\/2021\/02\/imagem-60.png","datePublished":"2021-02-26T18:42:33+00:00","dateModified":"2021-02-26T18:42:35+00:00","author":{"@id":"https:\/\/jbcnews.com.br\/#\/schema\/person\/3b597ec20ccf92d0adc436057caf9bbe"},"breadcrumb":{"@id":"https:\/\/jbcnews.com.br\/index.php\/2021\/02\/26\/camara-aprova-admissibilidade-da-pec-que-dificulta-prisao-de-parlamentares\/#breadcrumb"},"inLanguage":"pt-BR","potentialAction":[{"@type":"ReadAction","target":["https:\/\/jbcnews.com.br\/index.php\/2021\/02\/26\/camara-aprova-admissibilidade-da-pec-que-dificulta-prisao-de-parlamentares\/"]}]},{"@type":"ImageObject","inLanguage":"pt-BR","@id":"https:\/\/jbcnews.com.br\/index.php\/2021\/02\/26\/camara-aprova-admissibilidade-da-pec-que-dificulta-prisao-de-parlamentares\/#primaryimage","url":"https:\/\/jbcnews.com.br\/wp-content\/uploads\/2021\/02\/imagem-60.png","contentUrl":"https:\/\/jbcnews.com.br\/wp-content\/uploads\/2021\/02\/imagem-60.png","width":960,"height":640},{"@type":"BreadcrumbList","@id":"https:\/\/jbcnews.com.br\/index.php\/2021\/02\/26\/camara-aprova-admissibilidade-da-pec-que-dificulta-prisao-de-parlamentares\/#breadcrumb","itemListElement":[{"@type":"ListItem","position":1,"name":"In\u00edcio","item":"https:\/\/jbcnews.com.br\/"},{"@type":"ListItem","position":2,"name":"C\u00e2mara aprova admissibilidade da PEC que dificulta pris\u00e3o de parlamentares"}]},{"@type":"WebSite","@id":"https:\/\/jbcnews.com.br\/#website","url":"https:\/\/jbcnews.com.br\/","name":"JBCNews","description":"Comunica\u00e7\u00e3o e Cultura","potentialAction":[{"@type":"SearchAction","target":{"@type":"EntryPoint","urlTemplate":"https:\/\/jbcnews.com.br\/?s={search_term_string}"},"query-input":"required name=search_term_string"}],"inLanguage":"pt-BR"},{"@type":"Person","@id":"https:\/\/jbcnews.com.br\/#\/schema\/person\/3b597ec20ccf92d0adc436057caf9bbe","name":"admin","image":{"@type":"ImageObject","inLanguage":"pt-BR","@id":"https:\/\/jbcnews.com.br\/#\/schema\/person\/image\/","url":"https:\/\/secure.gravatar.com\/avatar\/fe848d2435b65c3ed1cdd3a8e8f3bb2d?s=96&d=mm&r=g","contentUrl":"https:\/\/secure.gravatar.com\/avatar\/fe848d2435b65c3ed1cdd3a8e8f3bb2d?s=96&d=mm&r=g","caption":"admin"},"sameAs":["https:\/\/jbcnews.com.br"],"url":"https:\/\/jbcnews.com.br\/index.php\/author\/jbcnews\/"}]}},"_links":{"self":[{"href":"https:\/\/jbcnews.com.br\/index.php\/wp-json\/wp\/v2\/posts\/2675"}],"collection":[{"href":"https:\/\/jbcnews.com.br\/index.php\/wp-json\/wp\/v2\/posts"}],"about":[{"href":"https:\/\/jbcnews.com.br\/index.php\/wp-json\/wp\/v2\/types\/post"}],"author":[{"embeddable":true,"href":"https:\/\/jbcnews.com.br\/index.php\/wp-json\/wp\/v2\/users\/1"}],"replies":[{"embeddable":true,"href":"https:\/\/jbcnews.com.br\/index.php\/wp-json\/wp\/v2\/comments?post=2675"}],"version-history":[{"count":1,"href":"https:\/\/jbcnews.com.br\/index.php\/wp-json\/wp\/v2\/posts\/2675\/revisions"}],"predecessor-version":[{"id":2676,"href":"https:\/\/jbcnews.com.br\/index.php\/wp-json\/wp\/v2\/posts\/2675\/revisions\/2676"}],"wp:featuredmedia":[{"embeddable":true,"href":"https:\/\/jbcnews.com.br\/index.php\/wp-json\/wp\/v2\/media\/2673"}],"wp:attachment":[{"href":"https:\/\/jbcnews.com.br\/index.php\/wp-json\/wp\/v2\/media?parent=2675"}],"wp:term":[{"taxonomy":"category","embeddable":true,"href":"https:\/\/jbcnews.com.br\/index.php\/wp-json\/wp\/v2\/categories?post=2675"},{"taxonomy":"post_tag","embeddable":true,"href":"https:\/\/jbcnews.com.br\/index.php\/wp-json\/wp\/v2\/tags?post=2675"}],"curies":[{"name":"wp","href":"https:\/\/api.w.org\/{rel}","templated":true}]}}