{"id":2663,"date":"2021-02-24T16:23:28","date_gmt":"2021-02-24T16:23:28","guid":{"rendered":"https:\/\/jbcnews.com.br\/?p=2663"},"modified":"2021-02-24T16:23:30","modified_gmt":"2021-02-24T16:23:30","slug":"principe-britanico-philip-passa-setima-noite-no-hospital","status":"publish","type":"post","link":"https:\/\/jbcnews.com.br\/index.php\/2021\/02\/24\/principe-britanico-philip-passa-setima-noite-no-hospital\/","title":{"rendered":"Pr\u00edncipe brit\u00e2nico Philip passa s\u00e9tima noite no hospital"},"content":{"rendered":"\n<p>(JBCNEWS &#8211; DF 24\/02) &#8211; O pr\u00edncipe Philip, marido de 99 anos da rainha brit\u00e2nica Elizabeth, passou uma s\u00e9tima noite no hospital depois de ser internado por precau\u00e7\u00e3o.<\/p>\n\n\n\n<p>Philip, o duque de Edimburgo, entrou andando no hospital particular Rei Eduardo 7\u00ba na noite de ter\u00e7a-feira passada depois de ser aconselhado por seu m\u00e9dico a se internar por ter tido um mal-estar.<\/p>\n\n\n\n<p>O Pal\u00e1cio de Buckingham disse que ele deve continuar hospitalizado por alguns dias para observa\u00e7\u00e3o, e sua esposa de 94 anos permaneceu no Castelo de Windsor, seu lar no oeste de Londres, onde o casal se hospeda durante o lockdown da Covid-19.<\/p>\n\n\n\n<p>Os dois membros da realeza receberam a primeira dose da vacina contra o coronav\u00edrus, e a doen\u00e7a do duque n\u00e3o tem rela\u00e7\u00e3o com a Covid. Uma fonte da realeza disse que se espera que Philip continue no hospital ao longo desta semana e que ele est\u00e1 de bom humor.<\/p>\n\n\n\n<p>O pr\u00edncipe William, filho do pr\u00edncipe herdeiro Charles, disse na segunda-feira que seu av\u00f4 est\u00e1 &#8220;bem, est\u00e3o de olho nele&#8221;.<\/p>\n\n\n\n<p>A doen\u00e7a de Philip ocorre em um momento delicado para a rainha e a monarquia &#8211;na semana passada, o pr\u00edncipe Harry, irm\u00e3o ca\u00e7ula de William, e sua esposa, a norte-americana Meghan, anunciaram o fim de todos seus la\u00e7os oficiais com a realeza brit\u00e2nica.<\/p>\n\n\n\n<p>Harry, de 36 anos, e Meghan, de 39, abdicaram das tarefas em mar\u00e7o do ano passado, e o rompimento foi formalizado na sexta-feira, quando o casal perdeu o cobi\u00e7ado patronato real.<\/p>\n","protected":false},"excerpt":{"rendered":"<p>(JBCNEWS &#8211; DF 24\/02) &#8211; O pr\u00edncipe Philip, marido de 99 anos da rainha brit\u00e2nica Elizabeth, passou uma s\u00e9tima noite no hospital depois de ser internado<span class=\"excerpt-hellip\"> [\u2026]<\/span><\/p>\n","protected":false},"author":1,"featured_media":2664,"comment_status":"open","ping_status":"open","sticky":false,"template":"","format":"standard","meta":{"footnotes":""},"categories":[21],"tags":[],"yoast_head":"<!-- This site is optimized with the Yoast SEO plugin v22.6 - https:\/\/yoast.com\/wordpress\/plugins\/seo\/ -->\n<title>Pr\u00edncipe brit\u00e2nico Philip passa s\u00e9tima noite no hospital - JBCNews<\/title>\n<meta name=\"robots\" content=\"index, follow, max-snippet:-1, max-image-preview:large, max-video-preview:-1\" \/>\n<link rel=\"canonical\" href=\"https:\/\/jbcnews.com.br\/index.php\/2021\/02\/24\/principe-britanico-philip-passa-setima-noite-no-hospital\/\" \/>\n<meta property=\"og:locale\" content=\"pt_BR\" \/>\n<meta property=\"og:type\" content=\"article\" \/>\n<meta property=\"og:title\" content=\"Pr\u00edncipe brit\u00e2nico Philip passa s\u00e9tima noite no hospital - JBCNews\" \/>\n<meta property=\"og:description\" content=\"(JBCNEWS &#8211; DF 24\/02) &#8211; O pr\u00edncipe Philip, marido de 99 anos da rainha brit\u00e2nica Elizabeth, passou uma s\u00e9tima noite no hospital depois de ser internado [\u2026]\" \/>\n<meta property=\"og:url\" content=\"https:\/\/jbcnews.com.br\/index.php\/2021\/02\/24\/principe-britanico-philip-passa-setima-noite-no-hospital\/\" \/>\n<meta property=\"og:site_name\" content=\"JBCNews\" \/>\n<meta property=\"article:published_time\" content=\"2021-02-24T16:23:28+00:00\" \/>\n<meta property=\"article:modified_time\" content=\"2021-02-24T16:23:30+00:00\" \/>\n<meta property=\"og:image\" content=\"https:\/\/jbcnews.com.br\/wp-content\/uploads\/2021\/02\/imagem-58.png\" \/>\n\t<meta property=\"og:image:width\" content=\"800\" \/>\n\t<meta property=\"og:image:height\" content=\"533\" \/>\n\t<meta property=\"og:image:type\" content=\"image\/png\" \/>\n<meta name=\"author\" content=\"admin\" \/>\n<meta name=\"twitter:card\" content=\"summary_large_image\" \/>\n<meta name=\"twitter:label1\" content=\"Escrito por\" \/>\n\t<meta name=\"twitter:data1\" content=\"admin\" \/>\n\t<meta name=\"twitter:label2\" content=\"Est. tempo de leitura\" \/>\n\t<meta name=\"twitter:data2\" content=\"1 minuto\" \/>\n<script type=\"application\/ld+json\" class=\"yoast-schema-graph\">{\"@context\":\"https:\/\/schema.org\",\"@graph\":[{\"@type\":\"WebPage\",\"@id\":\"https:\/\/jbcnews.com.br\/index.php\/2021\/02\/24\/principe-britanico-philip-passa-setima-noite-no-hospital\/\",\"url\":\"https:\/\/jbcnews.com.br\/index.php\/2021\/02\/24\/principe-britanico-philip-passa-setima-noite-no-hospital\/\",\"name\":\"Pr\u00edncipe brit\u00e2nico Philip passa s\u00e9tima noite no hospital - JBCNews\",\"isPartOf\":{\"@id\":\"https:\/\/jbcnews.com.br\/#website\"},\"primaryImageOfPage\":{\"@id\":\"https:\/\/jbcnews.com.br\/index.php\/2021\/02\/24\/principe-britanico-philip-passa-setima-noite-no-hospital\/#primaryimage\"},\"image\":{\"@id\":\"https:\/\/jbcnews.com.br\/index.php\/2021\/02\/24\/principe-britanico-philip-passa-setima-noite-no-hospital\/#primaryimage\"},\"thumbnailUrl\":\"https:\/\/jbcnews.com.br\/wp-content\/uploads\/2021\/02\/imagem-58.png\",\"datePublished\":\"2021-02-24T16:23:28+00:00\",\"dateModified\":\"2021-02-24T16:23:30+00:00\",\"author\":{\"@id\":\"https:\/\/jbcnews.com.br\/#\/schema\/person\/3b597ec20ccf92d0adc436057caf9bbe\"},\"breadcrumb\":{\"@id\":\"https:\/\/jbcnews.com.br\/index.php\/2021\/02\/24\/principe-britanico-philip-passa-setima-noite-no-hospital\/#breadcrumb\"},\"inLanguage\":\"pt-BR\",\"potentialAction\":[{\"@type\":\"ReadAction\",\"target\":[\"https:\/\/jbcnews.com.br\/index.php\/2021\/02\/24\/principe-britanico-philip-passa-setima-noite-no-hospital\/\"]}]},{\"@type\":\"ImageObject\",\"inLanguage\":\"pt-BR\",\"@id\":\"https:\/\/jbcnews.com.br\/index.php\/2021\/02\/24\/principe-britanico-philip-passa-setima-noite-no-hospital\/#primaryimage\",\"url\":\"https:\/\/jbcnews.com.br\/wp-content\/uploads\/2021\/02\/imagem-58.png\",\"contentUrl\":\"https:\/\/jbcnews.com.br\/wp-content\/uploads\/2021\/02\/imagem-58.png\",\"width\":800,\"height\":533},{\"@type\":\"BreadcrumbList\",\"@id\":\"https:\/\/jbcnews.com.br\/index.php\/2021\/02\/24\/principe-britanico-philip-passa-setima-noite-no-hospital\/#breadcrumb\",\"itemListElement\":[{\"@type\":\"ListItem\",\"position\":1,\"name\":\"In\u00edcio\",\"item\":\"https:\/\/jbcnews.com.br\/\"},{\"@type\":\"ListItem\",\"position\":2,\"name\":\"Pr\u00edncipe brit\u00e2nico Philip passa s\u00e9tima noite no hospital\"}]},{\"@type\":\"WebSite\",\"@id\":\"https:\/\/jbcnews.com.br\/#website\",\"url\":\"https:\/\/jbcnews.com.br\/\",\"name\":\"JBCNews\",\"description\":\"Comunica\u00e7\u00e3o e Cultura\",\"potentialAction\":[{\"@type\":\"SearchAction\",\"target\":{\"@type\":\"EntryPoint\",\"urlTemplate\":\"https:\/\/jbcnews.com.br\/?s={search_term_string}\"},\"query-input\":\"required name=search_term_string\"}],\"inLanguage\":\"pt-BR\"},{\"@type\":\"Person\",\"@id\":\"https:\/\/jbcnews.com.br\/#\/schema\/person\/3b597ec20ccf92d0adc436057caf9bbe\",\"name\":\"admin\",\"image\":{\"@type\":\"ImageObject\",\"inLanguage\":\"pt-BR\",\"@id\":\"https:\/\/jbcnews.com.br\/#\/schema\/person\/image\/\",\"url\":\"https:\/\/secure.gravatar.com\/avatar\/fe848d2435b65c3ed1cdd3a8e8f3bb2d?s=96&d=mm&r=g\",\"contentUrl\":\"https:\/\/secure.gravatar.com\/avatar\/fe848d2435b65c3ed1cdd3a8e8f3bb2d?s=96&d=mm&r=g\",\"caption\":\"admin\"},\"sameAs\":[\"https:\/\/jbcnews.com.br\"],\"url\":\"https:\/\/jbcnews.com.br\/index.php\/author\/jbcnews\/\"}]}<\/script>\n<!-- \/ Yoast SEO plugin. -->","yoast_head_json":{"title":"Pr\u00edncipe brit\u00e2nico Philip passa s\u00e9tima noite no hospital - JBCNews","robots":{"index":"index","follow":"follow","max-snippet":"max-snippet:-1","max-image-preview":"max-image-preview:large","max-video-preview":"max-video-preview:-1"},"canonical":"https:\/\/jbcnews.com.br\/index.php\/2021\/02\/24\/principe-britanico-philip-passa-setima-noite-no-hospital\/","og_locale":"pt_BR","og_type":"article","og_title":"Pr\u00edncipe brit\u00e2nico Philip passa s\u00e9tima noite no hospital - JBCNews","og_description":"(JBCNEWS &#8211; DF 24\/02) &#8211; O pr\u00edncipe Philip, marido de 99 anos da rainha brit\u00e2nica Elizabeth, passou uma s\u00e9tima noite no hospital depois de ser internado [\u2026]","og_url":"https:\/\/jbcnews.com.br\/index.php\/2021\/02\/24\/principe-britanico-philip-passa-setima-noite-no-hospital\/","og_site_name":"JBCNews","article_published_time":"2021-02-24T16:23:28+00:00","article_modified_time":"2021-02-24T16:23:30+00:00","og_image":[{"width":800,"height":533,"url":"https:\/\/jbcnews.com.br\/wp-content\/uploads\/2021\/02\/imagem-58.png","type":"image\/png"}],"author":"admin","twitter_card":"summary_large_image","twitter_misc":{"Escrito por":"admin","Est. tempo de leitura":"1 minuto"},"schema":{"@context":"https:\/\/schema.org","@graph":[{"@type":"WebPage","@id":"https:\/\/jbcnews.com.br\/index.php\/2021\/02\/24\/principe-britanico-philip-passa-setima-noite-no-hospital\/","url":"https:\/\/jbcnews.com.br\/index.php\/2021\/02\/24\/principe-britanico-philip-passa-setima-noite-no-hospital\/","name":"Pr\u00edncipe brit\u00e2nico Philip passa s\u00e9tima noite no hospital - JBCNews","isPartOf":{"@id":"https:\/\/jbcnews.com.br\/#website"},"primaryImageOfPage":{"@id":"https:\/\/jbcnews.com.br\/index.php\/2021\/02\/24\/principe-britanico-philip-passa-setima-noite-no-hospital\/#primaryimage"},"image":{"@id":"https:\/\/jbcnews.com.br\/index.php\/2021\/02\/24\/principe-britanico-philip-passa-setima-noite-no-hospital\/#primaryimage"},"thumbnailUrl":"https:\/\/jbcnews.com.br\/wp-content\/uploads\/2021\/02\/imagem-58.png","datePublished":"2021-02-24T16:23:28+00:00","dateModified":"2021-02-24T16:23:30+00:00","author":{"@id":"https:\/\/jbcnews.com.br\/#\/schema\/person\/3b597ec20ccf92d0adc436057caf9bbe"},"breadcrumb":{"@id":"https:\/\/jbcnews.com.br\/index.php\/2021\/02\/24\/principe-britanico-philip-passa-setima-noite-no-hospital\/#breadcrumb"},"inLanguage":"pt-BR","potentialAction":[{"@type":"ReadAction","target":["https:\/\/jbcnews.com.br\/index.php\/2021\/02\/24\/principe-britanico-philip-passa-setima-noite-no-hospital\/"]}]},{"@type":"ImageObject","inLanguage":"pt-BR","@id":"https:\/\/jbcnews.com.br\/index.php\/2021\/02\/24\/principe-britanico-philip-passa-setima-noite-no-hospital\/#primaryimage","url":"https:\/\/jbcnews.com.br\/wp-content\/uploads\/2021\/02\/imagem-58.png","contentUrl":"https:\/\/jbcnews.com.br\/wp-content\/uploads\/2021\/02\/imagem-58.png","width":800,"height":533},{"@type":"BreadcrumbList","@id":"https:\/\/jbcnews.com.br\/index.php\/2021\/02\/24\/principe-britanico-philip-passa-setima-noite-no-hospital\/#breadcrumb","itemListElement":[{"@type":"ListItem","position":1,"name":"In\u00edcio","item":"https:\/\/jbcnews.com.br\/"},{"@type":"ListItem","position":2,"name":"Pr\u00edncipe brit\u00e2nico Philip passa s\u00e9tima noite no hospital"}]},{"@type":"WebSite","@id":"https:\/\/jbcnews.com.br\/#website","url":"https:\/\/jbcnews.com.br\/","name":"JBCNews","description":"Comunica\u00e7\u00e3o e Cultura","potentialAction":[{"@type":"SearchAction","target":{"@type":"EntryPoint","urlTemplate":"https:\/\/jbcnews.com.br\/?s={search_term_string}"},"query-input":"required name=search_term_string"}],"inLanguage":"pt-BR"},{"@type":"Person","@id":"https:\/\/jbcnews.com.br\/#\/schema\/person\/3b597ec20ccf92d0adc436057caf9bbe","name":"admin","image":{"@type":"ImageObject","inLanguage":"pt-BR","@id":"https:\/\/jbcnews.com.br\/#\/schema\/person\/image\/","url":"https:\/\/secure.gravatar.com\/avatar\/fe848d2435b65c3ed1cdd3a8e8f3bb2d?s=96&d=mm&r=g","contentUrl":"https:\/\/secure.gravatar.com\/avatar\/fe848d2435b65c3ed1cdd3a8e8f3bb2d?s=96&d=mm&r=g","caption":"admin"},"sameAs":["https:\/\/jbcnews.com.br"],"url":"https:\/\/jbcnews.com.br\/index.php\/author\/jbcnews\/"}]}},"_links":{"self":[{"href":"https:\/\/jbcnews.com.br\/index.php\/wp-json\/wp\/v2\/posts\/2663"}],"collection":[{"href":"https:\/\/jbcnews.com.br\/index.php\/wp-json\/wp\/v2\/posts"}],"about":[{"href":"https:\/\/jbcnews.com.br\/index.php\/wp-json\/wp\/v2\/types\/post"}],"author":[{"embeddable":true,"href":"https:\/\/jbcnews.com.br\/index.php\/wp-json\/wp\/v2\/users\/1"}],"replies":[{"embeddable":true,"href":"https:\/\/jbcnews.com.br\/index.php\/wp-json\/wp\/v2\/comments?post=2663"}],"version-history":[{"count":1,"href":"https:\/\/jbcnews.com.br\/index.php\/wp-json\/wp\/v2\/posts\/2663\/revisions"}],"predecessor-version":[{"id":2665,"href":"https:\/\/jbcnews.com.br\/index.php\/wp-json\/wp\/v2\/posts\/2663\/revisions\/2665"}],"wp:featuredmedia":[{"embeddable":true,"href":"https:\/\/jbcnews.com.br\/index.php\/wp-json\/wp\/v2\/media\/2664"}],"wp:attachment":[{"href":"https:\/\/jbcnews.com.br\/index.php\/wp-json\/wp\/v2\/media?parent=2663"}],"wp:term":[{"taxonomy":"category","embeddable":true,"href":"https:\/\/jbcnews.com.br\/index.php\/wp-json\/wp\/v2\/categories?post=2663"},{"taxonomy":"post_tag","embeddable":true,"href":"https:\/\/jbcnews.com.br\/index.php\/wp-json\/wp\/v2\/tags?post=2663"}],"curies":[{"name":"wp","href":"https:\/\/api.w.org\/{rel}","templated":true}]}}