{"id":2657,"date":"2021-02-24T16:17:02","date_gmt":"2021-02-24T16:17:02","guid":{"rendered":"https:\/\/jbcnews.com.br\/?p=2657"},"modified":"2021-05-07T16:36:01","modified_gmt":"2021-05-07T16:36:01","slug":"bolsonaro-entrega-mp-da-eletrobras-ao-congresso-e-lira-diz-que-medida-vai-a-plenario-semana-que-vem","status":"publish","type":"post","link":"https:\/\/jbcnews.com.br\/index.php\/2021\/02\/24\/bolsonaro-entrega-mp-da-eletrobras-ao-congresso-e-lira-diz-que-medida-vai-a-plenario-semana-que-vem\/","title":{"rendered":"Bolsonaro entrega MP da Eletrobras ao Congresso e Lira diz que medida vai a plen\u00e1rio semana que vem"},"content":{"rendered":"\n<p>(JBCNEWS &#8211; DF) &#8211; O presidente da C\u00e2mara, Arthur Lira (PP-AL), afirmou na noite desta ter\u00e7a-feira que a medida provis\u00f3ria que trata da capitaliza\u00e7\u00e3o da Eletrobr\u00e1s constar\u00e1 da pauta do plen\u00e1rio da Casa na pr\u00f3xima semana, ap\u00f3s ele e o presidente do Senado, Rodrigo Pacheco (DEM-MG), terem recebido o texto das m\u00e3os do presidente Jair Bolsonaro.<\/p>\n\n\n\n<p>&#8220;A C\u00e2mara iniciar\u00e1 com muita rapidez a discuss\u00e3o dessa medida provis\u00f3ria, j\u00e1 com pauta para a pr\u00f3xima semana no plen\u00e1rio da C\u00e2mara dos Deputados&#8221;, disse Lira, que foi o \u00faltimo a falar em um r\u00e1pido pronunciamento \u00e0 imprensa ao lado de outras autoridades.<\/p>\n\n\n\n<p>Bolsonaro, que foi andando do Pal\u00e1cio do Planalto ao Congresso ao lado de ministros e auxiliares, destacou a &#8220;satisfa\u00e7\u00e3o&#8221; de retornar ao Legislativo para trazer a MP que visa a capitaliza\u00e7\u00e3o da Eletrobr\u00e1s.<\/p>\n\n\n\n<p>&#8220;Nossa agenda de privatiza\u00e7\u00e3o, essa MP n\u00e3o trata disso hoje em dia, mas a nossa agenda de privatiza\u00e7\u00e3o continua a todo o vapor e n\u00f3s queremos sim enxugar o Estado, diminuir o tamanho do mesmo para que a nossa economia possa dar realmente a satisfa\u00e7\u00e3o, a resposta que a gente precisa&#8221;, afirmou ele, que foi o primeiro a se falar.<\/p>\n\n\n\n<p>Rodrigo Pacheco disse que, assim como todas as MPs, a da Eletrobr\u00e1s ter\u00e1 a devida aten\u00e7\u00e3o e encaminhamento e contar\u00e1 com uma &#8220;avalia\u00e7\u00e3o cr\u00edtica&#8221; da maioria da C\u00e2mara e do Senado.<\/p>\n\n\n\n<p>O mercado tem se mostrado cauteloso sobre o avan\u00e7o na agenda de privatiza\u00e7\u00f5es do governo, ainda mais ap\u00f3s a decis\u00e3o de Bolsonaro de trocar o presidente da Petrobras, Roberto Castello Branco, pelo general Joaquim de Luna e Silva no comando da companhia petrol\u00edfera.<\/p>\n\n\n\n<p>O ministro da Economia, Paulo Guedes, acompanhou Bolsonaro na ida ao Congresso e no pronunciamento. Mas ficou atr\u00e1s na lista de personalidades que participaram do ato.<\/p>\n\n\n\n<p>Fiador do demission\u00e1rio Castello Branco na Petrobras, Guedes recebeu um afago do presidente em solenidade no Pal\u00e1cio do Planalto na tarde desta ter\u00e7a. Entretanto, desde sexta-feira, quando Bolsonaro falou da sa\u00edda do seu amigo da petrol\u00edfera, ele ainda n\u00e3o deu declara\u00e7\u00f5es p\u00fablicas.<\/p>\n\n\n\n<p>DETALHES<\/p>\n\n\n\n<p>Em nota, a Secretaria-Geral da Presid\u00eancia disse que a MP autoriza o &#8220;in\u00edcio do procedimento necess\u00e1rio para viabilizar futura desestatiza\u00e7\u00e3o da Eletrobras e de suas subsidi\u00e1rias, com exce\u00e7\u00e3o da Eletronuclear e de Itaipu Binacional&#8221;.<\/p>\n\n\n\n<p>&#8220;Com a medida, o BNDES poder\u00e1 contratar servi\u00e7os t\u00e9cnicos especializados necess\u00e1rios ao processo de desestatiza\u00e7\u00e3o, que se dar\u00e1 mediante aumento do capital social da Eletrobras por subscri\u00e7\u00e3o p\u00fablica de a\u00e7\u00f5es ordin\u00e1rias sem que a Uni\u00e3o adquira novas a\u00e7\u00f5es, passando assim \u00e0 condi\u00e7\u00e3o de s\u00f3cia minorit\u00e1ria da empresa&#8221;, disse.<\/p>\n\n\n\n<p>&#8220;Essa opera\u00e7\u00e3o garantir\u00e1 a inje\u00e7\u00e3o de recursos privados na companhia para que ela possa realizar investimentos necess\u00e1rios para a sociedade brasileira. Por\u00e9m, a efetiva desestatiza\u00e7\u00e3o da Eletrobras ao final do processo depender\u00e1 do aval do Congresso Nacional, mediante a convers\u00e3o da medida provis\u00f3ria em lei.&#8221;<\/p>\n","protected":false},"excerpt":{"rendered":"<p>(JBCNEWS &#8211; DF) &#8211; O presidente da C\u00e2mara, Arthur Lira (PP-AL), afirmou na noite desta ter\u00e7a-feira que a medida provis\u00f3ria que trata da capitaliza\u00e7\u00e3o da Eletrobr\u00e1s<span class=\"excerpt-hellip\"> [\u2026]<\/span><\/p>\n","protected":false},"author":1,"featured_media":2658,"comment_status":"open","ping_status":"open","sticky":false,"template":"","format":"standard","meta":{"footnotes":""},"categories":[20],"tags":[],"yoast_head":"<!-- This site is optimized with the Yoast SEO plugin v22.6 - https:\/\/yoast.com\/wordpress\/plugins\/seo\/ -->\n<title>Bolsonaro entrega MP da Eletrobras ao Congresso e Lira diz que medida vai a plen\u00e1rio semana que vem - JBCNews<\/title>\n<meta name=\"robots\" content=\"index, follow, max-snippet:-1, max-image-preview:large, max-video-preview:-1\" \/>\n<link rel=\"canonical\" href=\"https:\/\/jbcnews.com.br\/index.php\/2021\/02\/24\/bolsonaro-entrega-mp-da-eletrobras-ao-congresso-e-lira-diz-que-medida-vai-a-plenario-semana-que-vem\/\" \/>\n<meta property=\"og:locale\" content=\"pt_BR\" \/>\n<meta property=\"og:type\" content=\"article\" \/>\n<meta property=\"og:title\" content=\"Bolsonaro entrega MP da Eletrobras ao Congresso e Lira diz que medida vai a plen\u00e1rio semana que vem - JBCNews\" \/>\n<meta property=\"og:description\" content=\"(JBCNEWS &#8211; DF) &#8211; O presidente da C\u00e2mara, Arthur Lira (PP-AL), afirmou na noite desta ter\u00e7a-feira que a medida provis\u00f3ria que trata da capitaliza\u00e7\u00e3o da Eletrobr\u00e1s [\u2026]\" \/>\n<meta property=\"og:url\" content=\"https:\/\/jbcnews.com.br\/index.php\/2021\/02\/24\/bolsonaro-entrega-mp-da-eletrobras-ao-congresso-e-lira-diz-que-medida-vai-a-plenario-semana-que-vem\/\" \/>\n<meta property=\"og:site_name\" content=\"JBCNews\" \/>\n<meta property=\"article:published_time\" content=\"2021-02-24T16:17:02+00:00\" \/>\n<meta property=\"article:modified_time\" content=\"2021-05-07T16:36:01+00:00\" \/>\n<meta property=\"og:image\" content=\"https:\/\/jbcnews.com.br\/wp-content\/uploads\/2021\/02\/imagem-56.png\" \/>\n\t<meta property=\"og:image:width\" content=\"800\" \/>\n\t<meta property=\"og:image:height\" content=\"533\" \/>\n\t<meta property=\"og:image:type\" content=\"image\/png\" \/>\n<meta name=\"author\" content=\"admin\" \/>\n<meta name=\"twitter:card\" content=\"summary_large_image\" \/>\n<meta name=\"twitter:label1\" content=\"Escrito por\" \/>\n\t<meta name=\"twitter:data1\" content=\"admin\" \/>\n\t<meta name=\"twitter:label2\" content=\"Est. tempo de leitura\" \/>\n\t<meta name=\"twitter:data2\" content=\"3 minutos\" \/>\n<script type=\"application\/ld+json\" class=\"yoast-schema-graph\">{\"@context\":\"https:\/\/schema.org\",\"@graph\":[{\"@type\":\"WebPage\",\"@id\":\"https:\/\/jbcnews.com.br\/index.php\/2021\/02\/24\/bolsonaro-entrega-mp-da-eletrobras-ao-congresso-e-lira-diz-que-medida-vai-a-plenario-semana-que-vem\/\",\"url\":\"https:\/\/jbcnews.com.br\/index.php\/2021\/02\/24\/bolsonaro-entrega-mp-da-eletrobras-ao-congresso-e-lira-diz-que-medida-vai-a-plenario-semana-que-vem\/\",\"name\":\"Bolsonaro entrega MP da Eletrobras ao Congresso e Lira diz que medida vai a plen\u00e1rio semana que vem - JBCNews\",\"isPartOf\":{\"@id\":\"https:\/\/jbcnews.com.br\/#website\"},\"primaryImageOfPage\":{\"@id\":\"https:\/\/jbcnews.com.br\/index.php\/2021\/02\/24\/bolsonaro-entrega-mp-da-eletrobras-ao-congresso-e-lira-diz-que-medida-vai-a-plenario-semana-que-vem\/#primaryimage\"},\"image\":{\"@id\":\"https:\/\/jbcnews.com.br\/index.php\/2021\/02\/24\/bolsonaro-entrega-mp-da-eletrobras-ao-congresso-e-lira-diz-que-medida-vai-a-plenario-semana-que-vem\/#primaryimage\"},\"thumbnailUrl\":\"https:\/\/jbcnews.com.br\/wp-content\/uploads\/2021\/02\/imagem-56.png\",\"datePublished\":\"2021-02-24T16:17:02+00:00\",\"dateModified\":\"2021-05-07T16:36:01+00:00\",\"author\":{\"@id\":\"https:\/\/jbcnews.com.br\/#\/schema\/person\/3b597ec20ccf92d0adc436057caf9bbe\"},\"breadcrumb\":{\"@id\":\"https:\/\/jbcnews.com.br\/index.php\/2021\/02\/24\/bolsonaro-entrega-mp-da-eletrobras-ao-congresso-e-lira-diz-que-medida-vai-a-plenario-semana-que-vem\/#breadcrumb\"},\"inLanguage\":\"pt-BR\",\"potentialAction\":[{\"@type\":\"ReadAction\",\"target\":[\"https:\/\/jbcnews.com.br\/index.php\/2021\/02\/24\/bolsonaro-entrega-mp-da-eletrobras-ao-congresso-e-lira-diz-que-medida-vai-a-plenario-semana-que-vem\/\"]}]},{\"@type\":\"ImageObject\",\"inLanguage\":\"pt-BR\",\"@id\":\"https:\/\/jbcnews.com.br\/index.php\/2021\/02\/24\/bolsonaro-entrega-mp-da-eletrobras-ao-congresso-e-lira-diz-que-medida-vai-a-plenario-semana-que-vem\/#primaryimage\",\"url\":\"https:\/\/jbcnews.com.br\/wp-content\/uploads\/2021\/02\/imagem-56.png\",\"contentUrl\":\"https:\/\/jbcnews.com.br\/wp-content\/uploads\/2021\/02\/imagem-56.png\",\"width\":800,\"height\":533},{\"@type\":\"BreadcrumbList\",\"@id\":\"https:\/\/jbcnews.com.br\/index.php\/2021\/02\/24\/bolsonaro-entrega-mp-da-eletrobras-ao-congresso-e-lira-diz-que-medida-vai-a-plenario-semana-que-vem\/#breadcrumb\",\"itemListElement\":[{\"@type\":\"ListItem\",\"position\":1,\"name\":\"In\u00edcio\",\"item\":\"https:\/\/jbcnews.com.br\/\"},{\"@type\":\"ListItem\",\"position\":2,\"name\":\"Bolsonaro entrega MP da Eletrobras ao Congresso e Lira diz que medida vai a plen\u00e1rio semana que vem\"}]},{\"@type\":\"WebSite\",\"@id\":\"https:\/\/jbcnews.com.br\/#website\",\"url\":\"https:\/\/jbcnews.com.br\/\",\"name\":\"JBCNews\",\"description\":\"Comunica\u00e7\u00e3o e Cultura\",\"potentialAction\":[{\"@type\":\"SearchAction\",\"target\":{\"@type\":\"EntryPoint\",\"urlTemplate\":\"https:\/\/jbcnews.com.br\/?s={search_term_string}\"},\"query-input\":\"required name=search_term_string\"}],\"inLanguage\":\"pt-BR\"},{\"@type\":\"Person\",\"@id\":\"https:\/\/jbcnews.com.br\/#\/schema\/person\/3b597ec20ccf92d0adc436057caf9bbe\",\"name\":\"admin\",\"image\":{\"@type\":\"ImageObject\",\"inLanguage\":\"pt-BR\",\"@id\":\"https:\/\/jbcnews.com.br\/#\/schema\/person\/image\/\",\"url\":\"https:\/\/secure.gravatar.com\/avatar\/fe848d2435b65c3ed1cdd3a8e8f3bb2d?s=96&d=mm&r=g\",\"contentUrl\":\"https:\/\/secure.gravatar.com\/avatar\/fe848d2435b65c3ed1cdd3a8e8f3bb2d?s=96&d=mm&r=g\",\"caption\":\"admin\"},\"sameAs\":[\"https:\/\/jbcnews.com.br\"],\"url\":\"https:\/\/jbcnews.com.br\/index.php\/author\/jbcnews\/\"}]}<\/script>\n<!-- \/ Yoast SEO plugin. -->","yoast_head_json":{"title":"Bolsonaro entrega MP da Eletrobras ao Congresso e Lira diz que medida vai a plen\u00e1rio semana que vem - JBCNews","robots":{"index":"index","follow":"follow","max-snippet":"max-snippet:-1","max-image-preview":"max-image-preview:large","max-video-preview":"max-video-preview:-1"},"canonical":"https:\/\/jbcnews.com.br\/index.php\/2021\/02\/24\/bolsonaro-entrega-mp-da-eletrobras-ao-congresso-e-lira-diz-que-medida-vai-a-plenario-semana-que-vem\/","og_locale":"pt_BR","og_type":"article","og_title":"Bolsonaro entrega MP da Eletrobras ao Congresso e Lira diz que medida vai a plen\u00e1rio semana que vem - JBCNews","og_description":"(JBCNEWS &#8211; DF) &#8211; O presidente da C\u00e2mara, Arthur Lira (PP-AL), afirmou na noite desta ter\u00e7a-feira que a medida provis\u00f3ria que trata da capitaliza\u00e7\u00e3o da Eletrobr\u00e1s [\u2026]","og_url":"https:\/\/jbcnews.com.br\/index.php\/2021\/02\/24\/bolsonaro-entrega-mp-da-eletrobras-ao-congresso-e-lira-diz-que-medida-vai-a-plenario-semana-que-vem\/","og_site_name":"JBCNews","article_published_time":"2021-02-24T16:17:02+00:00","article_modified_time":"2021-05-07T16:36:01+00:00","og_image":[{"width":800,"height":533,"url":"https:\/\/jbcnews.com.br\/wp-content\/uploads\/2021\/02\/imagem-56.png","type":"image\/png"}],"author":"admin","twitter_card":"summary_large_image","twitter_misc":{"Escrito por":"admin","Est. tempo de leitura":"3 minutos"},"schema":{"@context":"https:\/\/schema.org","@graph":[{"@type":"WebPage","@id":"https:\/\/jbcnews.com.br\/index.php\/2021\/02\/24\/bolsonaro-entrega-mp-da-eletrobras-ao-congresso-e-lira-diz-que-medida-vai-a-plenario-semana-que-vem\/","url":"https:\/\/jbcnews.com.br\/index.php\/2021\/02\/24\/bolsonaro-entrega-mp-da-eletrobras-ao-congresso-e-lira-diz-que-medida-vai-a-plenario-semana-que-vem\/","name":"Bolsonaro entrega MP da Eletrobras ao Congresso e Lira diz que medida vai a plen\u00e1rio semana que vem - JBCNews","isPartOf":{"@id":"https:\/\/jbcnews.com.br\/#website"},"primaryImageOfPage":{"@id":"https:\/\/jbcnews.com.br\/index.php\/2021\/02\/24\/bolsonaro-entrega-mp-da-eletrobras-ao-congresso-e-lira-diz-que-medida-vai-a-plenario-semana-que-vem\/#primaryimage"},"image":{"@id":"https:\/\/jbcnews.com.br\/index.php\/2021\/02\/24\/bolsonaro-entrega-mp-da-eletrobras-ao-congresso-e-lira-diz-que-medida-vai-a-plenario-semana-que-vem\/#primaryimage"},"thumbnailUrl":"https:\/\/jbcnews.com.br\/wp-content\/uploads\/2021\/02\/imagem-56.png","datePublished":"2021-02-24T16:17:02+00:00","dateModified":"2021-05-07T16:36:01+00:00","author":{"@id":"https:\/\/jbcnews.com.br\/#\/schema\/person\/3b597ec20ccf92d0adc436057caf9bbe"},"breadcrumb":{"@id":"https:\/\/jbcnews.com.br\/index.php\/2021\/02\/24\/bolsonaro-entrega-mp-da-eletrobras-ao-congresso-e-lira-diz-que-medida-vai-a-plenario-semana-que-vem\/#breadcrumb"},"inLanguage":"pt-BR","potentialAction":[{"@type":"ReadAction","target":["https:\/\/jbcnews.com.br\/index.php\/2021\/02\/24\/bolsonaro-entrega-mp-da-eletrobras-ao-congresso-e-lira-diz-que-medida-vai-a-plenario-semana-que-vem\/"]}]},{"@type":"ImageObject","inLanguage":"pt-BR","@id":"https:\/\/jbcnews.com.br\/index.php\/2021\/02\/24\/bolsonaro-entrega-mp-da-eletrobras-ao-congresso-e-lira-diz-que-medida-vai-a-plenario-semana-que-vem\/#primaryimage","url":"https:\/\/jbcnews.com.br\/wp-content\/uploads\/2021\/02\/imagem-56.png","contentUrl":"https:\/\/jbcnews.com.br\/wp-content\/uploads\/2021\/02\/imagem-56.png","width":800,"height":533},{"@type":"BreadcrumbList","@id":"https:\/\/jbcnews.com.br\/index.php\/2021\/02\/24\/bolsonaro-entrega-mp-da-eletrobras-ao-congresso-e-lira-diz-que-medida-vai-a-plenario-semana-que-vem\/#breadcrumb","itemListElement":[{"@type":"ListItem","position":1,"name":"In\u00edcio","item":"https:\/\/jbcnews.com.br\/"},{"@type":"ListItem","position":2,"name":"Bolsonaro entrega MP da Eletrobras ao Congresso e Lira diz que medida vai a plen\u00e1rio semana que vem"}]},{"@type":"WebSite","@id":"https:\/\/jbcnews.com.br\/#website","url":"https:\/\/jbcnews.com.br\/","name":"JBCNews","description":"Comunica\u00e7\u00e3o e Cultura","potentialAction":[{"@type":"SearchAction","target":{"@type":"EntryPoint","urlTemplate":"https:\/\/jbcnews.com.br\/?s={search_term_string}"},"query-input":"required name=search_term_string"}],"inLanguage":"pt-BR"},{"@type":"Person","@id":"https:\/\/jbcnews.com.br\/#\/schema\/person\/3b597ec20ccf92d0adc436057caf9bbe","name":"admin","image":{"@type":"ImageObject","inLanguage":"pt-BR","@id":"https:\/\/jbcnews.com.br\/#\/schema\/person\/image\/","url":"https:\/\/secure.gravatar.com\/avatar\/fe848d2435b65c3ed1cdd3a8e8f3bb2d?s=96&d=mm&r=g","contentUrl":"https:\/\/secure.gravatar.com\/avatar\/fe848d2435b65c3ed1cdd3a8e8f3bb2d?s=96&d=mm&r=g","caption":"admin"},"sameAs":["https:\/\/jbcnews.com.br"],"url":"https:\/\/jbcnews.com.br\/index.php\/author\/jbcnews\/"}]}},"_links":{"self":[{"href":"https:\/\/jbcnews.com.br\/index.php\/wp-json\/wp\/v2\/posts\/2657"}],"collection":[{"href":"https:\/\/jbcnews.com.br\/index.php\/wp-json\/wp\/v2\/posts"}],"about":[{"href":"https:\/\/jbcnews.com.br\/index.php\/wp-json\/wp\/v2\/types\/post"}],"author":[{"embeddable":true,"href":"https:\/\/jbcnews.com.br\/index.php\/wp-json\/wp\/v2\/users\/1"}],"replies":[{"embeddable":true,"href":"https:\/\/jbcnews.com.br\/index.php\/wp-json\/wp\/v2\/comments?post=2657"}],"version-history":[{"count":1,"href":"https:\/\/jbcnews.com.br\/index.php\/wp-json\/wp\/v2\/posts\/2657\/revisions"}],"predecessor-version":[{"id":2659,"href":"https:\/\/jbcnews.com.br\/index.php\/wp-json\/wp\/v2\/posts\/2657\/revisions\/2659"}],"wp:featuredmedia":[{"embeddable":true,"href":"https:\/\/jbcnews.com.br\/index.php\/wp-json\/wp\/v2\/media\/2658"}],"wp:attachment":[{"href":"https:\/\/jbcnews.com.br\/index.php\/wp-json\/wp\/v2\/media?parent=2657"}],"wp:term":[{"taxonomy":"category","embeddable":true,"href":"https:\/\/jbcnews.com.br\/index.php\/wp-json\/wp\/v2\/categories?post=2657"},{"taxonomy":"post_tag","embeddable":true,"href":"https:\/\/jbcnews.com.br\/index.php\/wp-json\/wp\/v2\/tags?post=2657"}],"curies":[{"name":"wp","href":"https:\/\/api.w.org\/{rel}","templated":true}]}}