{"id":2651,"date":"2021-02-24T16:12:14","date_gmt":"2021-02-24T16:12:14","guid":{"rendered":"https:\/\/jbcnews.com.br\/?p=2651"},"modified":"2021-02-24T16:12:16","modified_gmt":"2021-02-24T16:12:16","slug":"ex-ministro-da-seguranca-envia-carta-pedindo-ao-stf-que-barre-flexibilizacao-do-acesso-a-armas","status":"publish","type":"post","link":"https:\/\/jbcnews.com.br\/index.php\/2021\/02\/24\/ex-ministro-da-seguranca-envia-carta-pedindo-ao-stf-que-barre-flexibilizacao-do-acesso-a-armas\/","title":{"rendered":"Ex-ministro da Seguran\u00e7a envia carta pedindo ao STF que barre flexibiliza\u00e7\u00e3o do acesso a armas."},"content":{"rendered":"\n<p>(JBCNEWS &#8211; DF 23\/02) &#8211; O ex-ministro da Defesa e ex-ministro da Seguran\u00e7a P\u00fablica Raul Jungmann enviou uma carta aberta aos ministros do Supremo Tribunal Federal (STF) neste domingo pedindo que a corte intervenha nos decretos do governo de Jair Bolsonaro que flexibilizaram ainda mais o acesso a armas pela popula\u00e7\u00e3o, aumentando de quatro para seis o n\u00famero de armas de fogo que um cidad\u00e3o pode adquirir.<\/p>\n\n\n\n<p>Jungmann comandou as duas pastas durante o governo de Michel Temer (MDB). Em sua carta, Jungmann argumenta que permitir circula\u00e7\u00e3o de mais armas aumenta as estat\u00edsticas de homic\u00eddio e de crimes violentos, impulsionam o crime organizado e atendem aos interesses do tr\u00e1fico de drogas. Al\u00e9m disso, o ex-ministro diz que, do ponto de vista hist\u00f3rico, o armamento da popula\u00e7\u00e3o &#8220;serviu a interesses de ditaduras, golpes de Estado&#8221; e foi um embri\u00e3o para o fascismo e o nazismo.<\/p>\n\n\n\n<p>&#8220;\u00c9 iminente o risco de grav\u00edssima les\u00e3o ao sistema democr\u00e1tico em nosso pa\u00eds com a libera\u00e7\u00e3o, pela Presid\u00eancia da Rep\u00fablica, do acesso massificado dos cidad\u00e3os a armas de fogo, inclusive as de uso restrito, para fins de &#8216;assegurar a defesa da liberdade dos brasileiros&#8217; (sic), sobre a qual inexistem quaisquer amea\u00e7as, reais ou imagin\u00e1rias&#8221;, escreveu na carta.<\/p>\n\n\n\n<p>Prosseguiu o ex-ministro: &#8220;Ao transpor o tema da seguran\u00e7a p\u00fablica para a pol\u00edtica, o Executivo incide em erro amea\u00e7ador, com efeitos sobre a paz e a integridade da Na\u00e7\u00e3o, pelos motivos a seguir. Em primeiro lugar, viola um dos principais fundamentos do Estado, qualquer Estado, que \u00e9 o de deter o monop\u00f3lio da viol\u00eancia legal em todo o territ\u00f3rio sob a sua tutela, alicerce da ordem p\u00fablica e jur\u00eddica e da soberania do pa\u00eds. Em segundo lugar, pelo fato de que as For\u00e7as Armadas s\u00e3o a \u00faltima ratio sobre a qual repousa a integridade do Estado nacional. O armamento da popula\u00e7\u00e3o proposto \u2013 e j\u00e1 em andamento -, atenta frontalmente contra o seu papel constitucional, e \u00e9 incontorn\u00e1vel que fa\u00e7amos a defesa das nossas FFAA. Em terceiro, \u00e9 inafast\u00e1vel a constata\u00e7\u00e3o de que o armamento da cidadania para &#8220;a defesa da liberdade&#8221; evoca o terr\u00edvel flagelo da guerra civil, e do massacre de brasileiros por brasileiros, pois n\u00e3o se vislumbra outra motiva\u00e7\u00e3o ou prop\u00f3sito para t\u00e3o nefasto projeto&#8221;.<\/p>\n\n\n\n<p>Jungmann argumenta que, por todas essas raz\u00f5es, &#8220;Estados democr\u00e1ticos aprovam regulamentos r\u00edgidos para a sua concess\u00e3o aos cidad\u00e3os, seja para a posse e, mais ainda, para o porte. Dramaticamente, Srs. Ministros, estamos indo em sentido contr\u00e1rio \u00e0 vida, bem maior tutelado pela lei e nossa Constitui\u00e7\u00e3o, da qual sois os guardi\u00e3es derradeiros&#8221;.<\/p>\n\n\n\n<p>O ex-ministro cita que, em 2018, as estat\u00edsticas mostraram uma revers\u00e3o das mortes violentas, mas no ano seguinte j\u00e1 voltaram a subir, ao mesmo tempo que o registro de novas armas cresceu 90% em 2020.<\/p>\n\n\n\n<p>Ao final do documento, Jungmann faz um apelo para que o STF intervenha no assunto. &#8220;Est\u00e1, portanto, em vossas m\u00e3os, em grande parte, impedir que o pior nos aconte\u00e7a. Por isso apelamos para a urgente interven\u00e7\u00e3o desta egr\u00e9gia Corte, visando conjurar a amea\u00e7a que paira sobre a Na\u00e7\u00e3o, a Democracia, a paz e a vida. Lembremo-nos dos recentes fatos ocorridos nos EUA, quando a sede do Capit\u00f3lio, o congresso nacional americano, foi violada por v\u00e2ndalos da democracia. Nossas elei\u00e7\u00f5es est\u00e3o a\u00ed, em 2022. E pouco tempo nos resta para conjurar o inomin\u00e1vel press\u00e1gio&#8221;, afirmou o ex-ministro.<\/p>\n","protected":false},"excerpt":{"rendered":"<p>(JBCNEWS &#8211; DF 23\/02) &#8211; O ex-ministro da Defesa e ex-ministro da Seguran\u00e7a P\u00fablica Raul Jungmann enviou uma carta aberta aos ministros do Supremo Tribunal Federal<span class=\"excerpt-hellip\"> [\u2026]<\/span><\/p>\n","protected":false},"author":1,"featured_media":2652,"comment_status":"open","ping_status":"open","sticky":false,"template":"","format":"standard","meta":{"footnotes":""},"categories":[20],"tags":[],"yoast_head":"<!-- This site is optimized with the Yoast SEO plugin v22.6 - https:\/\/yoast.com\/wordpress\/plugins\/seo\/ -->\n<title>Ex-ministro da Seguran\u00e7a envia carta pedindo ao STF que barre flexibiliza\u00e7\u00e3o do acesso a armas. - JBCNews<\/title>\n<meta name=\"robots\" content=\"index, follow, max-snippet:-1, max-image-preview:large, max-video-preview:-1\" \/>\n<link rel=\"canonical\" href=\"https:\/\/jbcnews.com.br\/index.php\/2021\/02\/24\/ex-ministro-da-seguranca-envia-carta-pedindo-ao-stf-que-barre-flexibilizacao-do-acesso-a-armas\/\" \/>\n<meta property=\"og:locale\" content=\"pt_BR\" \/>\n<meta property=\"og:type\" content=\"article\" \/>\n<meta property=\"og:title\" content=\"Ex-ministro da Seguran\u00e7a envia carta pedindo ao STF que barre flexibiliza\u00e7\u00e3o do acesso a armas. - JBCNews\" \/>\n<meta property=\"og:description\" content=\"(JBCNEWS &#8211; DF 23\/02) &#8211; O ex-ministro da Defesa e ex-ministro da Seguran\u00e7a P\u00fablica Raul Jungmann enviou uma carta aberta aos ministros do Supremo Tribunal Federal [\u2026]\" \/>\n<meta property=\"og:url\" content=\"https:\/\/jbcnews.com.br\/index.php\/2021\/02\/24\/ex-ministro-da-seguranca-envia-carta-pedindo-ao-stf-que-barre-flexibilizacao-do-acesso-a-armas\/\" \/>\n<meta property=\"og:site_name\" content=\"JBCNews\" \/>\n<meta property=\"article:published_time\" content=\"2021-02-24T16:12:14+00:00\" \/>\n<meta property=\"article:modified_time\" content=\"2021-02-24T16:12:16+00:00\" \/>\n<meta property=\"og:image\" content=\"https:\/\/jbcnews.com.br\/wp-content\/uploads\/2021\/02\/imagem-54.png\" \/>\n\t<meta property=\"og:image:width\" content=\"959\" \/>\n\t<meta property=\"og:image:height\" content=\"417\" \/>\n\t<meta property=\"og:image:type\" content=\"image\/png\" \/>\n<meta name=\"author\" content=\"admin\" \/>\n<meta name=\"twitter:card\" content=\"summary_large_image\" \/>\n<meta name=\"twitter:label1\" content=\"Escrito por\" \/>\n\t<meta name=\"twitter:data1\" content=\"admin\" \/>\n\t<meta name=\"twitter:label2\" content=\"Est. tempo de leitura\" \/>\n\t<meta name=\"twitter:data2\" content=\"3 minutos\" \/>\n<script type=\"application\/ld+json\" class=\"yoast-schema-graph\">{\"@context\":\"https:\/\/schema.org\",\"@graph\":[{\"@type\":\"WebPage\",\"@id\":\"https:\/\/jbcnews.com.br\/index.php\/2021\/02\/24\/ex-ministro-da-seguranca-envia-carta-pedindo-ao-stf-que-barre-flexibilizacao-do-acesso-a-armas\/\",\"url\":\"https:\/\/jbcnews.com.br\/index.php\/2021\/02\/24\/ex-ministro-da-seguranca-envia-carta-pedindo-ao-stf-que-barre-flexibilizacao-do-acesso-a-armas\/\",\"name\":\"Ex-ministro da Seguran\u00e7a envia carta pedindo ao STF que barre flexibiliza\u00e7\u00e3o do acesso a armas. - JBCNews\",\"isPartOf\":{\"@id\":\"https:\/\/jbcnews.com.br\/#website\"},\"primaryImageOfPage\":{\"@id\":\"https:\/\/jbcnews.com.br\/index.php\/2021\/02\/24\/ex-ministro-da-seguranca-envia-carta-pedindo-ao-stf-que-barre-flexibilizacao-do-acesso-a-armas\/#primaryimage\"},\"image\":{\"@id\":\"https:\/\/jbcnews.com.br\/index.php\/2021\/02\/24\/ex-ministro-da-seguranca-envia-carta-pedindo-ao-stf-que-barre-flexibilizacao-do-acesso-a-armas\/#primaryimage\"},\"thumbnailUrl\":\"https:\/\/jbcnews.com.br\/wp-content\/uploads\/2021\/02\/imagem-54.png\",\"datePublished\":\"2021-02-24T16:12:14+00:00\",\"dateModified\":\"2021-02-24T16:12:16+00:00\",\"author\":{\"@id\":\"https:\/\/jbcnews.com.br\/#\/schema\/person\/3b597ec20ccf92d0adc436057caf9bbe\"},\"breadcrumb\":{\"@id\":\"https:\/\/jbcnews.com.br\/index.php\/2021\/02\/24\/ex-ministro-da-seguranca-envia-carta-pedindo-ao-stf-que-barre-flexibilizacao-do-acesso-a-armas\/#breadcrumb\"},\"inLanguage\":\"pt-BR\",\"potentialAction\":[{\"@type\":\"ReadAction\",\"target\":[\"https:\/\/jbcnews.com.br\/index.php\/2021\/02\/24\/ex-ministro-da-seguranca-envia-carta-pedindo-ao-stf-que-barre-flexibilizacao-do-acesso-a-armas\/\"]}]},{\"@type\":\"ImageObject\",\"inLanguage\":\"pt-BR\",\"@id\":\"https:\/\/jbcnews.com.br\/index.php\/2021\/02\/24\/ex-ministro-da-seguranca-envia-carta-pedindo-ao-stf-que-barre-flexibilizacao-do-acesso-a-armas\/#primaryimage\",\"url\":\"https:\/\/jbcnews.com.br\/wp-content\/uploads\/2021\/02\/imagem-54.png\",\"contentUrl\":\"https:\/\/jbcnews.com.br\/wp-content\/uploads\/2021\/02\/imagem-54.png\",\"width\":959,\"height\":417},{\"@type\":\"BreadcrumbList\",\"@id\":\"https:\/\/jbcnews.com.br\/index.php\/2021\/02\/24\/ex-ministro-da-seguranca-envia-carta-pedindo-ao-stf-que-barre-flexibilizacao-do-acesso-a-armas\/#breadcrumb\",\"itemListElement\":[{\"@type\":\"ListItem\",\"position\":1,\"name\":\"In\u00edcio\",\"item\":\"https:\/\/jbcnews.com.br\/\"},{\"@type\":\"ListItem\",\"position\":2,\"name\":\"Ex-ministro da Seguran\u00e7a envia carta pedindo ao STF que barre flexibiliza\u00e7\u00e3o do acesso a armas.\"}]},{\"@type\":\"WebSite\",\"@id\":\"https:\/\/jbcnews.com.br\/#website\",\"url\":\"https:\/\/jbcnews.com.br\/\",\"name\":\"JBCNews\",\"description\":\"Comunica\u00e7\u00e3o e Cultura\",\"potentialAction\":[{\"@type\":\"SearchAction\",\"target\":{\"@type\":\"EntryPoint\",\"urlTemplate\":\"https:\/\/jbcnews.com.br\/?s={search_term_string}\"},\"query-input\":\"required name=search_term_string\"}],\"inLanguage\":\"pt-BR\"},{\"@type\":\"Person\",\"@id\":\"https:\/\/jbcnews.com.br\/#\/schema\/person\/3b597ec20ccf92d0adc436057caf9bbe\",\"name\":\"admin\",\"image\":{\"@type\":\"ImageObject\",\"inLanguage\":\"pt-BR\",\"@id\":\"https:\/\/jbcnews.com.br\/#\/schema\/person\/image\/\",\"url\":\"https:\/\/secure.gravatar.com\/avatar\/fe848d2435b65c3ed1cdd3a8e8f3bb2d?s=96&d=mm&r=g\",\"contentUrl\":\"https:\/\/secure.gravatar.com\/avatar\/fe848d2435b65c3ed1cdd3a8e8f3bb2d?s=96&d=mm&r=g\",\"caption\":\"admin\"},\"sameAs\":[\"https:\/\/jbcnews.com.br\"],\"url\":\"https:\/\/jbcnews.com.br\/index.php\/author\/jbcnews\/\"}]}<\/script>\n<!-- \/ Yoast SEO plugin. -->","yoast_head_json":{"title":"Ex-ministro da Seguran\u00e7a envia carta pedindo ao STF que barre flexibiliza\u00e7\u00e3o do acesso a armas. - JBCNews","robots":{"index":"index","follow":"follow","max-snippet":"max-snippet:-1","max-image-preview":"max-image-preview:large","max-video-preview":"max-video-preview:-1"},"canonical":"https:\/\/jbcnews.com.br\/index.php\/2021\/02\/24\/ex-ministro-da-seguranca-envia-carta-pedindo-ao-stf-que-barre-flexibilizacao-do-acesso-a-armas\/","og_locale":"pt_BR","og_type":"article","og_title":"Ex-ministro da Seguran\u00e7a envia carta pedindo ao STF que barre flexibiliza\u00e7\u00e3o do acesso a armas. - JBCNews","og_description":"(JBCNEWS &#8211; DF 23\/02) &#8211; O ex-ministro da Defesa e ex-ministro da Seguran\u00e7a P\u00fablica Raul Jungmann enviou uma carta aberta aos ministros do Supremo Tribunal Federal [\u2026]","og_url":"https:\/\/jbcnews.com.br\/index.php\/2021\/02\/24\/ex-ministro-da-seguranca-envia-carta-pedindo-ao-stf-que-barre-flexibilizacao-do-acesso-a-armas\/","og_site_name":"JBCNews","article_published_time":"2021-02-24T16:12:14+00:00","article_modified_time":"2021-02-24T16:12:16+00:00","og_image":[{"width":959,"height":417,"url":"https:\/\/jbcnews.com.br\/wp-content\/uploads\/2021\/02\/imagem-54.png","type":"image\/png"}],"author":"admin","twitter_card":"summary_large_image","twitter_misc":{"Escrito por":"admin","Est. tempo de leitura":"3 minutos"},"schema":{"@context":"https:\/\/schema.org","@graph":[{"@type":"WebPage","@id":"https:\/\/jbcnews.com.br\/index.php\/2021\/02\/24\/ex-ministro-da-seguranca-envia-carta-pedindo-ao-stf-que-barre-flexibilizacao-do-acesso-a-armas\/","url":"https:\/\/jbcnews.com.br\/index.php\/2021\/02\/24\/ex-ministro-da-seguranca-envia-carta-pedindo-ao-stf-que-barre-flexibilizacao-do-acesso-a-armas\/","name":"Ex-ministro da Seguran\u00e7a envia carta pedindo ao STF que barre flexibiliza\u00e7\u00e3o do acesso a armas. - JBCNews","isPartOf":{"@id":"https:\/\/jbcnews.com.br\/#website"},"primaryImageOfPage":{"@id":"https:\/\/jbcnews.com.br\/index.php\/2021\/02\/24\/ex-ministro-da-seguranca-envia-carta-pedindo-ao-stf-que-barre-flexibilizacao-do-acesso-a-armas\/#primaryimage"},"image":{"@id":"https:\/\/jbcnews.com.br\/index.php\/2021\/02\/24\/ex-ministro-da-seguranca-envia-carta-pedindo-ao-stf-que-barre-flexibilizacao-do-acesso-a-armas\/#primaryimage"},"thumbnailUrl":"https:\/\/jbcnews.com.br\/wp-content\/uploads\/2021\/02\/imagem-54.png","datePublished":"2021-02-24T16:12:14+00:00","dateModified":"2021-02-24T16:12:16+00:00","author":{"@id":"https:\/\/jbcnews.com.br\/#\/schema\/person\/3b597ec20ccf92d0adc436057caf9bbe"},"breadcrumb":{"@id":"https:\/\/jbcnews.com.br\/index.php\/2021\/02\/24\/ex-ministro-da-seguranca-envia-carta-pedindo-ao-stf-que-barre-flexibilizacao-do-acesso-a-armas\/#breadcrumb"},"inLanguage":"pt-BR","potentialAction":[{"@type":"ReadAction","target":["https:\/\/jbcnews.com.br\/index.php\/2021\/02\/24\/ex-ministro-da-seguranca-envia-carta-pedindo-ao-stf-que-barre-flexibilizacao-do-acesso-a-armas\/"]}]},{"@type":"ImageObject","inLanguage":"pt-BR","@id":"https:\/\/jbcnews.com.br\/index.php\/2021\/02\/24\/ex-ministro-da-seguranca-envia-carta-pedindo-ao-stf-que-barre-flexibilizacao-do-acesso-a-armas\/#primaryimage","url":"https:\/\/jbcnews.com.br\/wp-content\/uploads\/2021\/02\/imagem-54.png","contentUrl":"https:\/\/jbcnews.com.br\/wp-content\/uploads\/2021\/02\/imagem-54.png","width":959,"height":417},{"@type":"BreadcrumbList","@id":"https:\/\/jbcnews.com.br\/index.php\/2021\/02\/24\/ex-ministro-da-seguranca-envia-carta-pedindo-ao-stf-que-barre-flexibilizacao-do-acesso-a-armas\/#breadcrumb","itemListElement":[{"@type":"ListItem","position":1,"name":"In\u00edcio","item":"https:\/\/jbcnews.com.br\/"},{"@type":"ListItem","position":2,"name":"Ex-ministro da Seguran\u00e7a envia carta pedindo ao STF que barre flexibiliza\u00e7\u00e3o do acesso a armas."}]},{"@type":"WebSite","@id":"https:\/\/jbcnews.com.br\/#website","url":"https:\/\/jbcnews.com.br\/","name":"JBCNews","description":"Comunica\u00e7\u00e3o e Cultura","potentialAction":[{"@type":"SearchAction","target":{"@type":"EntryPoint","urlTemplate":"https:\/\/jbcnews.com.br\/?s={search_term_string}"},"query-input":"required name=search_term_string"}],"inLanguage":"pt-BR"},{"@type":"Person","@id":"https:\/\/jbcnews.com.br\/#\/schema\/person\/3b597ec20ccf92d0adc436057caf9bbe","name":"admin","image":{"@type":"ImageObject","inLanguage":"pt-BR","@id":"https:\/\/jbcnews.com.br\/#\/schema\/person\/image\/","url":"https:\/\/secure.gravatar.com\/avatar\/fe848d2435b65c3ed1cdd3a8e8f3bb2d?s=96&d=mm&r=g","contentUrl":"https:\/\/secure.gravatar.com\/avatar\/fe848d2435b65c3ed1cdd3a8e8f3bb2d?s=96&d=mm&r=g","caption":"admin"},"sameAs":["https:\/\/jbcnews.com.br"],"url":"https:\/\/jbcnews.com.br\/index.php\/author\/jbcnews\/"}]}},"_links":{"self":[{"href":"https:\/\/jbcnews.com.br\/index.php\/wp-json\/wp\/v2\/posts\/2651"}],"collection":[{"href":"https:\/\/jbcnews.com.br\/index.php\/wp-json\/wp\/v2\/posts"}],"about":[{"href":"https:\/\/jbcnews.com.br\/index.php\/wp-json\/wp\/v2\/types\/post"}],"author":[{"embeddable":true,"href":"https:\/\/jbcnews.com.br\/index.php\/wp-json\/wp\/v2\/users\/1"}],"replies":[{"embeddable":true,"href":"https:\/\/jbcnews.com.br\/index.php\/wp-json\/wp\/v2\/comments?post=2651"}],"version-history":[{"count":1,"href":"https:\/\/jbcnews.com.br\/index.php\/wp-json\/wp\/v2\/posts\/2651\/revisions"}],"predecessor-version":[{"id":2653,"href":"https:\/\/jbcnews.com.br\/index.php\/wp-json\/wp\/v2\/posts\/2651\/revisions\/2653"}],"wp:featuredmedia":[{"embeddable":true,"href":"https:\/\/jbcnews.com.br\/index.php\/wp-json\/wp\/v2\/media\/2652"}],"wp:attachment":[{"href":"https:\/\/jbcnews.com.br\/index.php\/wp-json\/wp\/v2\/media?parent=2651"}],"wp:term":[{"taxonomy":"category","embeddable":true,"href":"https:\/\/jbcnews.com.br\/index.php\/wp-json\/wp\/v2\/categories?post=2651"},{"taxonomy":"post_tag","embeddable":true,"href":"https:\/\/jbcnews.com.br\/index.php\/wp-json\/wp\/v2\/tags?post=2651"}],"curies":[{"name":"wp","href":"https:\/\/api.w.org\/{rel}","templated":true}]}}