{"id":2645,"date":"2021-02-24T16:08:38","date_gmt":"2021-02-24T16:08:38","guid":{"rendered":"https:\/\/jbcnews.com.br\/?p=2645"},"modified":"2021-02-24T16:08:41","modified_gmt":"2021-02-24T16:08:41","slug":"pacheco-diz-que-basta-aprovacao-da-pec-emergencial-no-senado-para-destravar-auxilio","status":"publish","type":"post","link":"https:\/\/jbcnews.com.br\/index.php\/2021\/02\/24\/pacheco-diz-que-basta-aprovacao-da-pec-emergencial-no-senado-para-destravar-auxilio\/","title":{"rendered":"Pacheco diz que basta aprova\u00e7\u00e3o da PEC Emergencial no Senado para destravar aux\u00edlio."},"content":{"rendered":"\n<p>(JBCNEWS &#8211; DF 23\/02 &#8211; O presidente do Senado, Rodrigo Pacheco (DEM-MG), afirmou nesta segunda-feira que basta a aprova\u00e7\u00e3o da Proposta de Emenda \u00e0 Constitui\u00e7\u00e3o (PEC) Emergencial no Senado para o governo federal liberar uma nova rodada do aux\u00edlio emergencial pelos pr\u00f3ximos quatro meses, sem necessidade de aguardar a confirma\u00e7\u00e3o na C\u00e2mara dos Deputados. Para Pacheco, j\u00e1 existe &#8220;uma tend\u00eancia muito clara da C\u00e2mara&#8221; de aprovar a mat\u00e9ria, o que avalia ser suficiente.<\/p>\n\n\n\n<p>&#8211; O que n\u00f3s vamos pretender \u00e9 que, uma vez aprovado no Senado Federal, j\u00e1 haja por parte do governo uma efetiva\u00e7\u00e3o do aux\u00edlio emergencial considerando que h\u00e1 uma tend\u00eancia muito clara da C\u00e2mara, diante da import\u00e2ncia disso para o pa\u00eds, tamb\u00e9m aprov\u00e1-la (PEC) no tempo que seja adequado &#8211; declarou Pacheco a jornalistas.<\/p>\n\n\n\n<p>Na mesma conversa, o presidente do Senado afirmou ser &#8220;simp\u00e1tico&#8221; \u00e0 ideia de desvincula\u00e7\u00e3o do Or\u00e7amento. A minuta da PEC Emergencial apresentada hoje pelo relator, M\u00e1rcio Bittar (MDB-AC), a outros parlamentares prev\u00ea acabar com a exig\u00eancia de gastos m\u00ednimos para sa\u00fade e educa\u00e7\u00e3o na Uni\u00e3o, estados e munic\u00edpios.<\/p>\n\n\n\n<p>&#8211; Sou simp\u00e1tico \u00e0 ideia de um or\u00e7amento que possa permitir ao gestor p\u00fablico, dentro de m\u00ednimos unificados de educa\u00e7\u00e3o e sa\u00fade, destinar para educa\u00e7\u00e3o e sa\u00fade a depender da necessidade do ente federado, num caso concreto. Ent\u00e3o, a desvincula\u00e7\u00e3o, a partir desses crit\u00e9rios, preservando os investimentos na educa\u00e7\u00e3o e na sa\u00fade pode ser um caminho de meio termo interessante para o Brasil, permitindo, repito, uma flexibiliza\u00e7\u00e3o dos gastos, de acordo com cada ente federado &#8211; disse o senador mineiro.<\/p>\n\n\n\n<p>Pacheco ponderou que Bittar ainda n\u00e3o protocolou o relat\u00f3rio no sistema do Senado e ainda pode fazer altera\u00e7\u00f5es ao longo do dia.<\/p>\n","protected":false},"excerpt":{"rendered":"<p>(JBCNEWS &#8211; DF 23\/02 &#8211; O presidente do Senado, Rodrigo Pacheco (DEM-MG), afirmou nesta segunda-feira que basta a aprova\u00e7\u00e3o da Proposta de Emenda \u00e0 Constitui\u00e7\u00e3o (PEC)<span class=\"excerpt-hellip\"> [\u2026]<\/span><\/p>\n","protected":false},"author":1,"featured_media":2646,"comment_status":"open","ping_status":"open","sticky":false,"template":"","format":"standard","meta":{"footnotes":""},"categories":[25],"tags":[],"yoast_head":"<!-- This site is optimized with the Yoast SEO plugin v22.6 - https:\/\/yoast.com\/wordpress\/plugins\/seo\/ -->\n<title>Pacheco diz que basta aprova\u00e7\u00e3o da PEC Emergencial no Senado para destravar aux\u00edlio. - JBCNews<\/title>\n<meta name=\"robots\" content=\"index, follow, max-snippet:-1, max-image-preview:large, max-video-preview:-1\" \/>\n<link rel=\"canonical\" href=\"https:\/\/jbcnews.com.br\/index.php\/2021\/02\/24\/pacheco-diz-que-basta-aprovacao-da-pec-emergencial-no-senado-para-destravar-auxilio\/\" \/>\n<meta property=\"og:locale\" content=\"pt_BR\" \/>\n<meta property=\"og:type\" content=\"article\" \/>\n<meta property=\"og:title\" content=\"Pacheco diz que basta aprova\u00e7\u00e3o da PEC Emergencial no Senado para destravar aux\u00edlio. - JBCNews\" \/>\n<meta property=\"og:description\" content=\"(JBCNEWS &#8211; DF 23\/02 &#8211; O presidente do Senado, Rodrigo Pacheco (DEM-MG), afirmou nesta segunda-feira que basta a aprova\u00e7\u00e3o da Proposta de Emenda \u00e0 Constitui\u00e7\u00e3o (PEC) [\u2026]\" \/>\n<meta property=\"og:url\" content=\"https:\/\/jbcnews.com.br\/index.php\/2021\/02\/24\/pacheco-diz-que-basta-aprovacao-da-pec-emergencial-no-senado-para-destravar-auxilio\/\" \/>\n<meta property=\"og:site_name\" content=\"JBCNews\" \/>\n<meta property=\"article:published_time\" content=\"2021-02-24T16:08:38+00:00\" \/>\n<meta property=\"article:modified_time\" content=\"2021-02-24T16:08:41+00:00\" \/>\n<meta property=\"og:image\" content=\"https:\/\/jbcnews.com.br\/wp-content\/uploads\/2021\/02\/imagem-52.png\" \/>\n\t<meta property=\"og:image:width\" content=\"959\" \/>\n\t<meta property=\"og:image:height\" content=\"417\" \/>\n\t<meta property=\"og:image:type\" content=\"image\/png\" \/>\n<meta name=\"author\" content=\"admin\" \/>\n<meta name=\"twitter:card\" content=\"summary_large_image\" \/>\n<meta name=\"twitter:label1\" content=\"Escrito por\" \/>\n\t<meta name=\"twitter:data1\" content=\"admin\" \/>\n\t<meta name=\"twitter:label2\" content=\"Est. tempo de leitura\" \/>\n\t<meta name=\"twitter:data2\" content=\"2 minutos\" \/>\n<script type=\"application\/ld+json\" class=\"yoast-schema-graph\">{\"@context\":\"https:\/\/schema.org\",\"@graph\":[{\"@type\":\"WebPage\",\"@id\":\"https:\/\/jbcnews.com.br\/index.php\/2021\/02\/24\/pacheco-diz-que-basta-aprovacao-da-pec-emergencial-no-senado-para-destravar-auxilio\/\",\"url\":\"https:\/\/jbcnews.com.br\/index.php\/2021\/02\/24\/pacheco-diz-que-basta-aprovacao-da-pec-emergencial-no-senado-para-destravar-auxilio\/\",\"name\":\"Pacheco diz que basta aprova\u00e7\u00e3o da PEC Emergencial no Senado para destravar aux\u00edlio. - JBCNews\",\"isPartOf\":{\"@id\":\"https:\/\/jbcnews.com.br\/#website\"},\"primaryImageOfPage\":{\"@id\":\"https:\/\/jbcnews.com.br\/index.php\/2021\/02\/24\/pacheco-diz-que-basta-aprovacao-da-pec-emergencial-no-senado-para-destravar-auxilio\/#primaryimage\"},\"image\":{\"@id\":\"https:\/\/jbcnews.com.br\/index.php\/2021\/02\/24\/pacheco-diz-que-basta-aprovacao-da-pec-emergencial-no-senado-para-destravar-auxilio\/#primaryimage\"},\"thumbnailUrl\":\"https:\/\/jbcnews.com.br\/wp-content\/uploads\/2021\/02\/imagem-52.png\",\"datePublished\":\"2021-02-24T16:08:38+00:00\",\"dateModified\":\"2021-02-24T16:08:41+00:00\",\"author\":{\"@id\":\"https:\/\/jbcnews.com.br\/#\/schema\/person\/3b597ec20ccf92d0adc436057caf9bbe\"},\"breadcrumb\":{\"@id\":\"https:\/\/jbcnews.com.br\/index.php\/2021\/02\/24\/pacheco-diz-que-basta-aprovacao-da-pec-emergencial-no-senado-para-destravar-auxilio\/#breadcrumb\"},\"inLanguage\":\"pt-BR\",\"potentialAction\":[{\"@type\":\"ReadAction\",\"target\":[\"https:\/\/jbcnews.com.br\/index.php\/2021\/02\/24\/pacheco-diz-que-basta-aprovacao-da-pec-emergencial-no-senado-para-destravar-auxilio\/\"]}]},{\"@type\":\"ImageObject\",\"inLanguage\":\"pt-BR\",\"@id\":\"https:\/\/jbcnews.com.br\/index.php\/2021\/02\/24\/pacheco-diz-que-basta-aprovacao-da-pec-emergencial-no-senado-para-destravar-auxilio\/#primaryimage\",\"url\":\"https:\/\/jbcnews.com.br\/wp-content\/uploads\/2021\/02\/imagem-52.png\",\"contentUrl\":\"https:\/\/jbcnews.com.br\/wp-content\/uploads\/2021\/02\/imagem-52.png\",\"width\":959,\"height\":417},{\"@type\":\"BreadcrumbList\",\"@id\":\"https:\/\/jbcnews.com.br\/index.php\/2021\/02\/24\/pacheco-diz-que-basta-aprovacao-da-pec-emergencial-no-senado-para-destravar-auxilio\/#breadcrumb\",\"itemListElement\":[{\"@type\":\"ListItem\",\"position\":1,\"name\":\"In\u00edcio\",\"item\":\"https:\/\/jbcnews.com.br\/\"},{\"@type\":\"ListItem\",\"position\":2,\"name\":\"Pacheco diz que basta aprova\u00e7\u00e3o da PEC Emergencial no Senado para destravar aux\u00edlio.\"}]},{\"@type\":\"WebSite\",\"@id\":\"https:\/\/jbcnews.com.br\/#website\",\"url\":\"https:\/\/jbcnews.com.br\/\",\"name\":\"JBCNews\",\"description\":\"Comunica\u00e7\u00e3o e Cultura\",\"potentialAction\":[{\"@type\":\"SearchAction\",\"target\":{\"@type\":\"EntryPoint\",\"urlTemplate\":\"https:\/\/jbcnews.com.br\/?s={search_term_string}\"},\"query-input\":\"required name=search_term_string\"}],\"inLanguage\":\"pt-BR\"},{\"@type\":\"Person\",\"@id\":\"https:\/\/jbcnews.com.br\/#\/schema\/person\/3b597ec20ccf92d0adc436057caf9bbe\",\"name\":\"admin\",\"image\":{\"@type\":\"ImageObject\",\"inLanguage\":\"pt-BR\",\"@id\":\"https:\/\/jbcnews.com.br\/#\/schema\/person\/image\/\",\"url\":\"https:\/\/secure.gravatar.com\/avatar\/fe848d2435b65c3ed1cdd3a8e8f3bb2d?s=96&d=mm&r=g\",\"contentUrl\":\"https:\/\/secure.gravatar.com\/avatar\/fe848d2435b65c3ed1cdd3a8e8f3bb2d?s=96&d=mm&r=g\",\"caption\":\"admin\"},\"sameAs\":[\"https:\/\/jbcnews.com.br\"],\"url\":\"https:\/\/jbcnews.com.br\/index.php\/author\/jbcnews\/\"}]}<\/script>\n<!-- \/ Yoast SEO plugin. -->","yoast_head_json":{"title":"Pacheco diz que basta aprova\u00e7\u00e3o da PEC Emergencial no Senado para destravar aux\u00edlio. - JBCNews","robots":{"index":"index","follow":"follow","max-snippet":"max-snippet:-1","max-image-preview":"max-image-preview:large","max-video-preview":"max-video-preview:-1"},"canonical":"https:\/\/jbcnews.com.br\/index.php\/2021\/02\/24\/pacheco-diz-que-basta-aprovacao-da-pec-emergencial-no-senado-para-destravar-auxilio\/","og_locale":"pt_BR","og_type":"article","og_title":"Pacheco diz que basta aprova\u00e7\u00e3o da PEC Emergencial no Senado para destravar aux\u00edlio. - JBCNews","og_description":"(JBCNEWS &#8211; DF 23\/02 &#8211; O presidente do Senado, Rodrigo Pacheco (DEM-MG), afirmou nesta segunda-feira que basta a aprova\u00e7\u00e3o da Proposta de Emenda \u00e0 Constitui\u00e7\u00e3o (PEC) [\u2026]","og_url":"https:\/\/jbcnews.com.br\/index.php\/2021\/02\/24\/pacheco-diz-que-basta-aprovacao-da-pec-emergencial-no-senado-para-destravar-auxilio\/","og_site_name":"JBCNews","article_published_time":"2021-02-24T16:08:38+00:00","article_modified_time":"2021-02-24T16:08:41+00:00","og_image":[{"width":959,"height":417,"url":"https:\/\/jbcnews.com.br\/wp-content\/uploads\/2021\/02\/imagem-52.png","type":"image\/png"}],"author":"admin","twitter_card":"summary_large_image","twitter_misc":{"Escrito por":"admin","Est. tempo de leitura":"2 minutos"},"schema":{"@context":"https:\/\/schema.org","@graph":[{"@type":"WebPage","@id":"https:\/\/jbcnews.com.br\/index.php\/2021\/02\/24\/pacheco-diz-que-basta-aprovacao-da-pec-emergencial-no-senado-para-destravar-auxilio\/","url":"https:\/\/jbcnews.com.br\/index.php\/2021\/02\/24\/pacheco-diz-que-basta-aprovacao-da-pec-emergencial-no-senado-para-destravar-auxilio\/","name":"Pacheco diz que basta aprova\u00e7\u00e3o da PEC Emergencial no Senado para destravar aux\u00edlio. - JBCNews","isPartOf":{"@id":"https:\/\/jbcnews.com.br\/#website"},"primaryImageOfPage":{"@id":"https:\/\/jbcnews.com.br\/index.php\/2021\/02\/24\/pacheco-diz-que-basta-aprovacao-da-pec-emergencial-no-senado-para-destravar-auxilio\/#primaryimage"},"image":{"@id":"https:\/\/jbcnews.com.br\/index.php\/2021\/02\/24\/pacheco-diz-que-basta-aprovacao-da-pec-emergencial-no-senado-para-destravar-auxilio\/#primaryimage"},"thumbnailUrl":"https:\/\/jbcnews.com.br\/wp-content\/uploads\/2021\/02\/imagem-52.png","datePublished":"2021-02-24T16:08:38+00:00","dateModified":"2021-02-24T16:08:41+00:00","author":{"@id":"https:\/\/jbcnews.com.br\/#\/schema\/person\/3b597ec20ccf92d0adc436057caf9bbe"},"breadcrumb":{"@id":"https:\/\/jbcnews.com.br\/index.php\/2021\/02\/24\/pacheco-diz-que-basta-aprovacao-da-pec-emergencial-no-senado-para-destravar-auxilio\/#breadcrumb"},"inLanguage":"pt-BR","potentialAction":[{"@type":"ReadAction","target":["https:\/\/jbcnews.com.br\/index.php\/2021\/02\/24\/pacheco-diz-que-basta-aprovacao-da-pec-emergencial-no-senado-para-destravar-auxilio\/"]}]},{"@type":"ImageObject","inLanguage":"pt-BR","@id":"https:\/\/jbcnews.com.br\/index.php\/2021\/02\/24\/pacheco-diz-que-basta-aprovacao-da-pec-emergencial-no-senado-para-destravar-auxilio\/#primaryimage","url":"https:\/\/jbcnews.com.br\/wp-content\/uploads\/2021\/02\/imagem-52.png","contentUrl":"https:\/\/jbcnews.com.br\/wp-content\/uploads\/2021\/02\/imagem-52.png","width":959,"height":417},{"@type":"BreadcrumbList","@id":"https:\/\/jbcnews.com.br\/index.php\/2021\/02\/24\/pacheco-diz-que-basta-aprovacao-da-pec-emergencial-no-senado-para-destravar-auxilio\/#breadcrumb","itemListElement":[{"@type":"ListItem","position":1,"name":"In\u00edcio","item":"https:\/\/jbcnews.com.br\/"},{"@type":"ListItem","position":2,"name":"Pacheco diz que basta aprova\u00e7\u00e3o da PEC Emergencial no Senado para destravar aux\u00edlio."}]},{"@type":"WebSite","@id":"https:\/\/jbcnews.com.br\/#website","url":"https:\/\/jbcnews.com.br\/","name":"JBCNews","description":"Comunica\u00e7\u00e3o e Cultura","potentialAction":[{"@type":"SearchAction","target":{"@type":"EntryPoint","urlTemplate":"https:\/\/jbcnews.com.br\/?s={search_term_string}"},"query-input":"required name=search_term_string"}],"inLanguage":"pt-BR"},{"@type":"Person","@id":"https:\/\/jbcnews.com.br\/#\/schema\/person\/3b597ec20ccf92d0adc436057caf9bbe","name":"admin","image":{"@type":"ImageObject","inLanguage":"pt-BR","@id":"https:\/\/jbcnews.com.br\/#\/schema\/person\/image\/","url":"https:\/\/secure.gravatar.com\/avatar\/fe848d2435b65c3ed1cdd3a8e8f3bb2d?s=96&d=mm&r=g","contentUrl":"https:\/\/secure.gravatar.com\/avatar\/fe848d2435b65c3ed1cdd3a8e8f3bb2d?s=96&d=mm&r=g","caption":"admin"},"sameAs":["https:\/\/jbcnews.com.br"],"url":"https:\/\/jbcnews.com.br\/index.php\/author\/jbcnews\/"}]}},"_links":{"self":[{"href":"https:\/\/jbcnews.com.br\/index.php\/wp-json\/wp\/v2\/posts\/2645"}],"collection":[{"href":"https:\/\/jbcnews.com.br\/index.php\/wp-json\/wp\/v2\/posts"}],"about":[{"href":"https:\/\/jbcnews.com.br\/index.php\/wp-json\/wp\/v2\/types\/post"}],"author":[{"embeddable":true,"href":"https:\/\/jbcnews.com.br\/index.php\/wp-json\/wp\/v2\/users\/1"}],"replies":[{"embeddable":true,"href":"https:\/\/jbcnews.com.br\/index.php\/wp-json\/wp\/v2\/comments?post=2645"}],"version-history":[{"count":1,"href":"https:\/\/jbcnews.com.br\/index.php\/wp-json\/wp\/v2\/posts\/2645\/revisions"}],"predecessor-version":[{"id":2647,"href":"https:\/\/jbcnews.com.br\/index.php\/wp-json\/wp\/v2\/posts\/2645\/revisions\/2647"}],"wp:featuredmedia":[{"embeddable":true,"href":"https:\/\/jbcnews.com.br\/index.php\/wp-json\/wp\/v2\/media\/2646"}],"wp:attachment":[{"href":"https:\/\/jbcnews.com.br\/index.php\/wp-json\/wp\/v2\/media?parent=2645"}],"wp:term":[{"taxonomy":"category","embeddable":true,"href":"https:\/\/jbcnews.com.br\/index.php\/wp-json\/wp\/v2\/categories?post=2645"},{"taxonomy":"post_tag","embeddable":true,"href":"https:\/\/jbcnews.com.br\/index.php\/wp-json\/wp\/v2\/tags?post=2645"}],"curies":[{"name":"wp","href":"https:\/\/api.w.org\/{rel}","templated":true}]}}