{"id":2636,"date":"2021-02-22T20:01:37","date_gmt":"2021-02-22T20:01:37","guid":{"rendered":"https:\/\/jbcnews.com.br\/?p=2636"},"modified":"2021-02-22T20:01:38","modified_gmt":"2021-02-22T20:01:38","slug":"maia-ironiza-bolsonaro-apos-troca-na-petrobras-vai-demitir-ernesto-e-salles","status":"publish","type":"post","link":"https:\/\/jbcnews.com.br\/index.php\/2021\/02\/22\/maia-ironiza-bolsonaro-apos-troca-na-petrobras-vai-demitir-ernesto-e-salles\/","title":{"rendered":"Maia ironiza Bolsonaro ap\u00f3s troca na Petrobras: &#8220;Vai demitir Ernesto e Salles?&#8221;"},"content":{"rendered":"\n<p>(JBCNEWS &#8211; DF 22\/02) &#8211; O ex-presidente da C\u00e2mara dos Deputados, Rodrigo Maia (DEM-RJ), ironizou o presidente&nbsp;<a href=\"https:\/\/br.yahoo.com\/topics\/ultimas-noticias-presidente-jair-bolsonaro\" target=\"_blank\" rel=\"noreferrer noopener\"><strong>Jair Bolsonaro<\/strong><\/a>&nbsp;(sem partido), que prometeu mais mudan\u00e7as ap\u00f3s a troca do comando da Petrobras. Na \u00faltima sexta-feira (19), o general Joaquim Silva e Luna foi indicado para a chefia da estatal no lugar de Roberto Castello Branco.<\/p>\n\n\n\n<p>&#8220;Se a imprensa est\u00e1 preocupada com a troca de ontem, semana que vem teremos mais. O que n\u00e3o falta para mim \u00e9 coragem para decidir, pensando no bem maior para nossa na\u00e7\u00e3o&#8221;, disse Bolsonaro.<\/p>\n\n\n\n<p>Em resposta ir\u00f4nica, Maia sugeriu que as pr\u00f3ximas mudan\u00e7as do mandat\u00e1rio ser\u00e3o em sua equipe ministerial: Ser\u00e1 que ele vai demitir os ministros Ernesto e Salles?!!! com a sa\u00edda de Ernesto Ara\u00fajo (Rela\u00e7\u00f5es Exteriores) e Ricardo Salles (Meio Ambiente).<\/p>\n\n\n\n<p>A troca do comando da petroleira depender\u00e1 do aval do conselho de administra\u00e7\u00e3o da empresa. Na noite de ontem, o Minist\u00e9rio de Minas e Energia enviou of\u00edcio \u00e0 Petrobras solicitando a convoca\u00e7\u00e3o de uma assembleia geral de acionistas para efetivar a mudan\u00e7a indicada por Bolsonaro.<\/p>\n\n\n\n<p>Ao longo da semana, as falas de Bolsonaro indicando que poderia trocar o comando da Petrobras derrubaram as a\u00e7\u00f5es da empresa no pa\u00eds e em bolsas do exterior.<\/p>\n","protected":false},"excerpt":{"rendered":"<p>(JBCNEWS &#8211; DF 22\/02) &#8211; O ex-presidente da C\u00e2mara dos Deputados, Rodrigo Maia (DEM-RJ), ironizou o presidente&nbsp;Jair Bolsonaro&nbsp;(sem partido), que prometeu mais mudan\u00e7as ap\u00f3s a troca<span class=\"excerpt-hellip\"> [\u2026]<\/span><\/p>\n","protected":false},"author":1,"featured_media":2637,"comment_status":"open","ping_status":"open","sticky":false,"template":"","format":"standard","meta":{"footnotes":""},"categories":[20],"tags":[],"yoast_head":"<!-- This site is optimized with the Yoast SEO plugin v22.6 - https:\/\/yoast.com\/wordpress\/plugins\/seo\/ -->\n<title>Maia ironiza Bolsonaro ap\u00f3s troca na Petrobras: &quot;Vai demitir Ernesto e Salles?&quot; - JBCNews<\/title>\n<meta name=\"robots\" content=\"index, follow, max-snippet:-1, max-image-preview:large, max-video-preview:-1\" \/>\n<link rel=\"canonical\" href=\"https:\/\/jbcnews.com.br\/index.php\/2021\/02\/22\/maia-ironiza-bolsonaro-apos-troca-na-petrobras-vai-demitir-ernesto-e-salles\/\" \/>\n<meta property=\"og:locale\" content=\"pt_BR\" \/>\n<meta property=\"og:type\" content=\"article\" \/>\n<meta property=\"og:title\" content=\"Maia ironiza Bolsonaro ap\u00f3s troca na Petrobras: &quot;Vai demitir Ernesto e Salles?&quot; - JBCNews\" \/>\n<meta property=\"og:description\" content=\"(JBCNEWS &#8211; DF 22\/02) &#8211; O ex-presidente da C\u00e2mara dos Deputados, Rodrigo Maia (DEM-RJ), ironizou o presidente&nbsp;Jair Bolsonaro&nbsp;(sem partido), que prometeu mais mudan\u00e7as ap\u00f3s a troca [\u2026]\" \/>\n<meta property=\"og:url\" content=\"https:\/\/jbcnews.com.br\/index.php\/2021\/02\/22\/maia-ironiza-bolsonaro-apos-troca-na-petrobras-vai-demitir-ernesto-e-salles\/\" \/>\n<meta property=\"og:site_name\" content=\"JBCNews\" \/>\n<meta property=\"article:published_time\" content=\"2021-02-22T20:01:37+00:00\" \/>\n<meta property=\"article:modified_time\" content=\"2021-02-22T20:01:38+00:00\" \/>\n<meta property=\"og:image\" content=\"https:\/\/jbcnews.com.br\/wp-content\/uploads\/2021\/02\/imagem-50.png\" \/>\n\t<meta property=\"og:image:width\" content=\"959\" \/>\n\t<meta property=\"og:image:height\" content=\"639\" \/>\n\t<meta property=\"og:image:type\" content=\"image\/png\" \/>\n<meta name=\"author\" content=\"admin\" \/>\n<meta name=\"twitter:card\" content=\"summary_large_image\" \/>\n<meta name=\"twitter:label1\" content=\"Escrito por\" \/>\n\t<meta name=\"twitter:data1\" content=\"admin\" \/>\n\t<meta name=\"twitter:label2\" content=\"Est. tempo de leitura\" \/>\n\t<meta name=\"twitter:data2\" content=\"1 minuto\" \/>\n<script type=\"application\/ld+json\" class=\"yoast-schema-graph\">{\"@context\":\"https:\/\/schema.org\",\"@graph\":[{\"@type\":\"WebPage\",\"@id\":\"https:\/\/jbcnews.com.br\/index.php\/2021\/02\/22\/maia-ironiza-bolsonaro-apos-troca-na-petrobras-vai-demitir-ernesto-e-salles\/\",\"url\":\"https:\/\/jbcnews.com.br\/index.php\/2021\/02\/22\/maia-ironiza-bolsonaro-apos-troca-na-petrobras-vai-demitir-ernesto-e-salles\/\",\"name\":\"Maia ironiza Bolsonaro ap\u00f3s troca na Petrobras: \\\"Vai demitir Ernesto e Salles?\\\" - JBCNews\",\"isPartOf\":{\"@id\":\"https:\/\/jbcnews.com.br\/#website\"},\"primaryImageOfPage\":{\"@id\":\"https:\/\/jbcnews.com.br\/index.php\/2021\/02\/22\/maia-ironiza-bolsonaro-apos-troca-na-petrobras-vai-demitir-ernesto-e-salles\/#primaryimage\"},\"image\":{\"@id\":\"https:\/\/jbcnews.com.br\/index.php\/2021\/02\/22\/maia-ironiza-bolsonaro-apos-troca-na-petrobras-vai-demitir-ernesto-e-salles\/#primaryimage\"},\"thumbnailUrl\":\"https:\/\/jbcnews.com.br\/wp-content\/uploads\/2021\/02\/imagem-50.png\",\"datePublished\":\"2021-02-22T20:01:37+00:00\",\"dateModified\":\"2021-02-22T20:01:38+00:00\",\"author\":{\"@id\":\"https:\/\/jbcnews.com.br\/#\/schema\/person\/3b597ec20ccf92d0adc436057caf9bbe\"},\"breadcrumb\":{\"@id\":\"https:\/\/jbcnews.com.br\/index.php\/2021\/02\/22\/maia-ironiza-bolsonaro-apos-troca-na-petrobras-vai-demitir-ernesto-e-salles\/#breadcrumb\"},\"inLanguage\":\"pt-BR\",\"potentialAction\":[{\"@type\":\"ReadAction\",\"target\":[\"https:\/\/jbcnews.com.br\/index.php\/2021\/02\/22\/maia-ironiza-bolsonaro-apos-troca-na-petrobras-vai-demitir-ernesto-e-salles\/\"]}]},{\"@type\":\"ImageObject\",\"inLanguage\":\"pt-BR\",\"@id\":\"https:\/\/jbcnews.com.br\/index.php\/2021\/02\/22\/maia-ironiza-bolsonaro-apos-troca-na-petrobras-vai-demitir-ernesto-e-salles\/#primaryimage\",\"url\":\"https:\/\/jbcnews.com.br\/wp-content\/uploads\/2021\/02\/imagem-50.png\",\"contentUrl\":\"https:\/\/jbcnews.com.br\/wp-content\/uploads\/2021\/02\/imagem-50.png\",\"width\":959,\"height\":639},{\"@type\":\"BreadcrumbList\",\"@id\":\"https:\/\/jbcnews.com.br\/index.php\/2021\/02\/22\/maia-ironiza-bolsonaro-apos-troca-na-petrobras-vai-demitir-ernesto-e-salles\/#breadcrumb\",\"itemListElement\":[{\"@type\":\"ListItem\",\"position\":1,\"name\":\"In\u00edcio\",\"item\":\"https:\/\/jbcnews.com.br\/\"},{\"@type\":\"ListItem\",\"position\":2,\"name\":\"Maia ironiza Bolsonaro ap\u00f3s troca na Petrobras: &#8220;Vai demitir Ernesto e Salles?&#8221;\"}]},{\"@type\":\"WebSite\",\"@id\":\"https:\/\/jbcnews.com.br\/#website\",\"url\":\"https:\/\/jbcnews.com.br\/\",\"name\":\"JBCNews\",\"description\":\"Comunica\u00e7\u00e3o e Cultura\",\"potentialAction\":[{\"@type\":\"SearchAction\",\"target\":{\"@type\":\"EntryPoint\",\"urlTemplate\":\"https:\/\/jbcnews.com.br\/?s={search_term_string}\"},\"query-input\":\"required name=search_term_string\"}],\"inLanguage\":\"pt-BR\"},{\"@type\":\"Person\",\"@id\":\"https:\/\/jbcnews.com.br\/#\/schema\/person\/3b597ec20ccf92d0adc436057caf9bbe\",\"name\":\"admin\",\"image\":{\"@type\":\"ImageObject\",\"inLanguage\":\"pt-BR\",\"@id\":\"https:\/\/jbcnews.com.br\/#\/schema\/person\/image\/\",\"url\":\"https:\/\/secure.gravatar.com\/avatar\/fe848d2435b65c3ed1cdd3a8e8f3bb2d?s=96&d=mm&r=g\",\"contentUrl\":\"https:\/\/secure.gravatar.com\/avatar\/fe848d2435b65c3ed1cdd3a8e8f3bb2d?s=96&d=mm&r=g\",\"caption\":\"admin\"},\"sameAs\":[\"https:\/\/jbcnews.com.br\"],\"url\":\"https:\/\/jbcnews.com.br\/index.php\/author\/jbcnews\/\"}]}<\/script>\n<!-- \/ Yoast SEO plugin. -->","yoast_head_json":{"title":"Maia ironiza Bolsonaro ap\u00f3s troca na Petrobras: \"Vai demitir Ernesto e Salles?\" - JBCNews","robots":{"index":"index","follow":"follow","max-snippet":"max-snippet:-1","max-image-preview":"max-image-preview:large","max-video-preview":"max-video-preview:-1"},"canonical":"https:\/\/jbcnews.com.br\/index.php\/2021\/02\/22\/maia-ironiza-bolsonaro-apos-troca-na-petrobras-vai-demitir-ernesto-e-salles\/","og_locale":"pt_BR","og_type":"article","og_title":"Maia ironiza Bolsonaro ap\u00f3s troca na Petrobras: \"Vai demitir Ernesto e Salles?\" - JBCNews","og_description":"(JBCNEWS &#8211; DF 22\/02) &#8211; O ex-presidente da C\u00e2mara dos Deputados, Rodrigo Maia (DEM-RJ), ironizou o presidente&nbsp;Jair Bolsonaro&nbsp;(sem partido), que prometeu mais mudan\u00e7as ap\u00f3s a troca [\u2026]","og_url":"https:\/\/jbcnews.com.br\/index.php\/2021\/02\/22\/maia-ironiza-bolsonaro-apos-troca-na-petrobras-vai-demitir-ernesto-e-salles\/","og_site_name":"JBCNews","article_published_time":"2021-02-22T20:01:37+00:00","article_modified_time":"2021-02-22T20:01:38+00:00","og_image":[{"width":959,"height":639,"url":"https:\/\/jbcnews.com.br\/wp-content\/uploads\/2021\/02\/imagem-50.png","type":"image\/png"}],"author":"admin","twitter_card":"summary_large_image","twitter_misc":{"Escrito por":"admin","Est. tempo de leitura":"1 minuto"},"schema":{"@context":"https:\/\/schema.org","@graph":[{"@type":"WebPage","@id":"https:\/\/jbcnews.com.br\/index.php\/2021\/02\/22\/maia-ironiza-bolsonaro-apos-troca-na-petrobras-vai-demitir-ernesto-e-salles\/","url":"https:\/\/jbcnews.com.br\/index.php\/2021\/02\/22\/maia-ironiza-bolsonaro-apos-troca-na-petrobras-vai-demitir-ernesto-e-salles\/","name":"Maia ironiza Bolsonaro ap\u00f3s troca na Petrobras: \"Vai demitir Ernesto e Salles?\" - JBCNews","isPartOf":{"@id":"https:\/\/jbcnews.com.br\/#website"},"primaryImageOfPage":{"@id":"https:\/\/jbcnews.com.br\/index.php\/2021\/02\/22\/maia-ironiza-bolsonaro-apos-troca-na-petrobras-vai-demitir-ernesto-e-salles\/#primaryimage"},"image":{"@id":"https:\/\/jbcnews.com.br\/index.php\/2021\/02\/22\/maia-ironiza-bolsonaro-apos-troca-na-petrobras-vai-demitir-ernesto-e-salles\/#primaryimage"},"thumbnailUrl":"https:\/\/jbcnews.com.br\/wp-content\/uploads\/2021\/02\/imagem-50.png","datePublished":"2021-02-22T20:01:37+00:00","dateModified":"2021-02-22T20:01:38+00:00","author":{"@id":"https:\/\/jbcnews.com.br\/#\/schema\/person\/3b597ec20ccf92d0adc436057caf9bbe"},"breadcrumb":{"@id":"https:\/\/jbcnews.com.br\/index.php\/2021\/02\/22\/maia-ironiza-bolsonaro-apos-troca-na-petrobras-vai-demitir-ernesto-e-salles\/#breadcrumb"},"inLanguage":"pt-BR","potentialAction":[{"@type":"ReadAction","target":["https:\/\/jbcnews.com.br\/index.php\/2021\/02\/22\/maia-ironiza-bolsonaro-apos-troca-na-petrobras-vai-demitir-ernesto-e-salles\/"]}]},{"@type":"ImageObject","inLanguage":"pt-BR","@id":"https:\/\/jbcnews.com.br\/index.php\/2021\/02\/22\/maia-ironiza-bolsonaro-apos-troca-na-petrobras-vai-demitir-ernesto-e-salles\/#primaryimage","url":"https:\/\/jbcnews.com.br\/wp-content\/uploads\/2021\/02\/imagem-50.png","contentUrl":"https:\/\/jbcnews.com.br\/wp-content\/uploads\/2021\/02\/imagem-50.png","width":959,"height":639},{"@type":"BreadcrumbList","@id":"https:\/\/jbcnews.com.br\/index.php\/2021\/02\/22\/maia-ironiza-bolsonaro-apos-troca-na-petrobras-vai-demitir-ernesto-e-salles\/#breadcrumb","itemListElement":[{"@type":"ListItem","position":1,"name":"In\u00edcio","item":"https:\/\/jbcnews.com.br\/"},{"@type":"ListItem","position":2,"name":"Maia ironiza Bolsonaro ap\u00f3s troca na Petrobras: &#8220;Vai demitir Ernesto e Salles?&#8221;"}]},{"@type":"WebSite","@id":"https:\/\/jbcnews.com.br\/#website","url":"https:\/\/jbcnews.com.br\/","name":"JBCNews","description":"Comunica\u00e7\u00e3o e Cultura","potentialAction":[{"@type":"SearchAction","target":{"@type":"EntryPoint","urlTemplate":"https:\/\/jbcnews.com.br\/?s={search_term_string}"},"query-input":"required name=search_term_string"}],"inLanguage":"pt-BR"},{"@type":"Person","@id":"https:\/\/jbcnews.com.br\/#\/schema\/person\/3b597ec20ccf92d0adc436057caf9bbe","name":"admin","image":{"@type":"ImageObject","inLanguage":"pt-BR","@id":"https:\/\/jbcnews.com.br\/#\/schema\/person\/image\/","url":"https:\/\/secure.gravatar.com\/avatar\/fe848d2435b65c3ed1cdd3a8e8f3bb2d?s=96&d=mm&r=g","contentUrl":"https:\/\/secure.gravatar.com\/avatar\/fe848d2435b65c3ed1cdd3a8e8f3bb2d?s=96&d=mm&r=g","caption":"admin"},"sameAs":["https:\/\/jbcnews.com.br"],"url":"https:\/\/jbcnews.com.br\/index.php\/author\/jbcnews\/"}]}},"_links":{"self":[{"href":"https:\/\/jbcnews.com.br\/index.php\/wp-json\/wp\/v2\/posts\/2636"}],"collection":[{"href":"https:\/\/jbcnews.com.br\/index.php\/wp-json\/wp\/v2\/posts"}],"about":[{"href":"https:\/\/jbcnews.com.br\/index.php\/wp-json\/wp\/v2\/types\/post"}],"author":[{"embeddable":true,"href":"https:\/\/jbcnews.com.br\/index.php\/wp-json\/wp\/v2\/users\/1"}],"replies":[{"embeddable":true,"href":"https:\/\/jbcnews.com.br\/index.php\/wp-json\/wp\/v2\/comments?post=2636"}],"version-history":[{"count":1,"href":"https:\/\/jbcnews.com.br\/index.php\/wp-json\/wp\/v2\/posts\/2636\/revisions"}],"predecessor-version":[{"id":2638,"href":"https:\/\/jbcnews.com.br\/index.php\/wp-json\/wp\/v2\/posts\/2636\/revisions\/2638"}],"wp:featuredmedia":[{"embeddable":true,"href":"https:\/\/jbcnews.com.br\/index.php\/wp-json\/wp\/v2\/media\/2637"}],"wp:attachment":[{"href":"https:\/\/jbcnews.com.br\/index.php\/wp-json\/wp\/v2\/media?parent=2636"}],"wp:term":[{"taxonomy":"category","embeddable":true,"href":"https:\/\/jbcnews.com.br\/index.php\/wp-json\/wp\/v2\/categories?post=2636"},{"taxonomy":"post_tag","embeddable":true,"href":"https:\/\/jbcnews.com.br\/index.php\/wp-json\/wp\/v2\/tags?post=2636"}],"curies":[{"name":"wp","href":"https:\/\/api.w.org\/{rel}","templated":true}]}}